{"id":9275,"date":"2022-04-29T21:03:00","date_gmt":"2022-04-29T21:03:00","guid":{"rendered":"https:\/\/esi.uclm.es\/?p=9275"},"modified":"2022-05-24T14:53:29","modified_gmt":"2022-05-24T14:53:29","slug":"retransmision-final-futbol-sala","status":"publish","type":"post","link":"https:\/\/esi.uclm.es\/index.php\/2022\/04\/29\/retransmision-final-futbol-sala\/","title":{"rendered":"Retransmisi\u00f3n de la final de F\u00fatbol Sala"},"content":{"rendered":"\n<p>El Lunes 4 de marzo de 2022, en el pabell\u00f3n Rey Juan Carlos de Ciudad Real, se celebr\u00f3 la final de la <a href=\"https:\/\/esi.uclm.es\/index.php\/vida-en-la-esi\/deportes-y-ocio\/liga-de-futbol-sala\/clasificacion-futbol-sala\/\" data-type=\"page\" data-id=\"5873\">liga local de f\u00fatbol sala<\/a> de la Escuela Superior de Inform\u00e1tica (<a href=\"http:\/\/www.uclm.es\">UCLM<\/a>) entre el primer clasificado de la fase regular, y el tercero. El resultado final fue favorable para los que mantuvieron la primera posici\u00f3n durante todo el curso: LOSTU LAGRANDE FC 5 &#8211; 2 FC TIRASPOL. Finaliza as\u00ed la una de las competiciones deportivas de la ESI en el curso 2021-2022, en el que participaron m\u00e1s de 50 estudiantes. <\/p>\n\n\n\n<p>El partido fue grabado y emitido desde el canal oficial de <a href=\"https:\/\/www.twitch.tv\/esiuclm\">#Twitch<\/a> de la Escuela y puedes verlo en diferido a trav\u00e9s del siguiente enlace:<\/p>\n\n\n\n<iframe loading=\"lazy\" src=\"https:\/\/player.twitch.tv\/?video=1446406750&amp;parent=esi.uclm.es\" frameborder=\"0\" allowfullscreen=\"true\" scrolling=\"no\" height=\"378\" width=\"100%\"><\/iframe>\n\n\n\n<div class=\"wp-block-columns is-layout-flex wp-container-core-columns-is-layout-9d6595d7 wp-block-columns-is-layout-flex\">\n<div class=\"wp-block-column is-layout-flow wp-block-column-is-layout-flow\">\n<blockquote class=\"twitter-tweet\"><p lang=\"es\" dir=\"ltr\">\u26bd\ufe0f\u00a1FINAL! &#8211; LOSTU LAGRANDE FC 5\u20e3Vs 2\u20e3 FC TIRASPOL <br><br>\ud83d\udcf9 Emisi\u00f3n de la final en diferido esta noche a las 22h en nuestro canal de <a href=\"https:\/\/twitter.com\/hashtag\/Twitch?src=hash&amp;ref_src=twsrc%5Etfw\">#Twitch<\/a> <a href=\"https:\/\/t.co\/cIN5l1s1Vv\">https:\/\/t.co\/cIN5l1s1Vv<\/a><br><br>\ud83d\udd25 ALERTA <a href=\"https:\/\/twitter.com\/hashtag\/SPOILER?src=hash&amp;ref_src=twsrc%5Etfw\">#SPOILER<\/a>: uno de los goles es de escorpi\u00f3n \ud83e\udd82, no te lo puedes perder <br><br>\u00a1El curso que viene M\u00c1S! <a href=\"https:\/\/twitter.com\/uclm_es?ref_src=twsrc%5Etfw\">@uclm_es<\/a> <a href=\"https:\/\/t.co\/zBZ1A4QlN8\">pic.twitter.com\/zBZ1A4QlN8<\/a><\/p>\u2014 ES. Inform\u00e1tica UCLM (@esiuclm) <a href=\"https:\/\/twitter.com\/esiuclm\/status\/1510930526923902979?ref_src=twsrc%5Etfw\">April 4, 2022<\/a><\/blockquote> <script async=\"\" src=\"https:\/\/platform.twitter.com\/widgets.js\" charset=\"utf-8\"><\/script>\n<\/div>\n\n\n\n<div class=\"wp-block-column is-layout-flow wp-block-column-is-layout-flow\">\n<blockquote class=\"twitter-tweet\"><p lang=\"es\" dir=\"ltr\">\u26bd\u00a1Hubo POL\u00c9MICA! \ud83d\udd25<br>por suerte en <a href=\"https:\/\/twitter.com\/esiuclm?ref_src=twsrc%5Etfw\">@esiuclm<\/a> tenemos VAR \ud83d\ude05<br><br>Esto y mucho m\u00e1s en <a href=\"https:\/\/twitter.com\/hashtag\/Twitch?src=hash&amp;ref_src=twsrc%5Etfw\">#Twitch<\/a> a las 22h <a href=\"https:\/\/t.co\/fBURzlT07q\">https:\/\/t.co\/fBURzlT07q<\/a> <a href=\"https:\/\/t.co\/mmux7FMEhp\">pic.twitter.com\/mmux7FMEhp<\/a><\/p>\u2014 ES. Inform\u00e1tica UCLM (@esiuclm) <a href=\"https:\/\/twitter.com\/esiuclm\/status\/1511066744391147521?ref_src=twsrc%5Etfw\">April 4, 2022<\/a><\/blockquote> <script async=\"\" src=\"https:\/\/platform.twitter.com\/widgets.js\" charset=\"utf-8\"><\/script>\n<\/div>\n<\/div>\n","protected":false},"excerpt":{"rendered":"<p>El Lunes 4 de marzo de 2022, en el pabell\u00f3n Rey Juan Carlos de Ciudad Real, se celebr\u00f3 la final de la liga local de f\u00fatbol sala de la Escuela Superior de Inform\u00e1tica (UCLM) entre el primer clasificado de la fase regular, y el tercero. [&hellip;]<\/p>\n","protected":false},"author":1,"featured_media":9282,"comment_status":"open","ping_status":"open","sticky":false,"template":"","format":"standard","meta":{"footnotes":""},"categories":[624],"tags":[639,726,1097],"class_list":["post-9275","post","type-post","status-publish","format-standard","has-post-thumbnail","hentry","category-deportes","tag-deportes","tag-futbol-2","tag-liga"],"yoast_head":"<!-- This site is optimized with the Yoast SEO plugin v27.4 - https:\/\/yoast.com\/product\/yoast-seo-wordpress\/ -->\n<title>Retransmisi\u00f3n de la final de F\u00fatbol Sala - Escuela Superior de Inform\u00e1tica de UCLM<\/title>\n<meta name=\"robots\" content=\"index, follow, max-snippet:-1, max-image-preview:large, max-video-preview:-1\" \/>\n<link rel=\"canonical\" href=\"https:\/\/esi.uclm.es\/index.php\/2022\/04\/29\/retransmision-final-futbol-sala\/\" \/>\n<meta property=\"og:locale\" content=\"es_ES\" \/>\n<meta property=\"og:type\" content=\"article\" \/>\n<meta property=\"og:title\" content=\"Retransmisi\u00f3n de la final de F\u00fatbol Sala - Escuela Superior de Inform\u00e1tica de UCLM\" \/>\n<meta property=\"og:description\" content=\"El Lunes 4 de marzo de 2022, en el pabell\u00f3n Rey Juan Carlos de Ciudad Real, se celebr\u00f3 la final de la liga local de f\u00fatbol sala de la Escuela Superior de Inform\u00e1tica (UCLM) entre el primer clasificado de la fase regular, y el tercero. [&hellip;]\" \/>\n<meta property=\"og:url\" content=\"https:\/\/esi.uclm.es\/index.php\/2022\/04\/29\/retransmision-final-futbol-sala\/\" \/>\n<meta property=\"og:site_name\" content=\"Escuela Superior de Inform\u00e1tica de UCLM\" \/>\n<meta property=\"article:publisher\" content=\"https:\/\/www.facebook.com\/Escuela-Superior-de-Informtica-543261809027158\" \/>\n<meta property=\"article:published_time\" content=\"2022-04-29T21:03:00+00:00\" \/>\n<meta property=\"article:modified_time\" content=\"2022-05-24T14:53:29+00:00\" \/>\n<meta property=\"og:image\" content=\"https:\/\/esi.uclm.es\/assets\/uploads\/2022\/04\/futbol_c.jpeg\" \/>\n\t<meta property=\"og:image:width\" content=\"1024\" \/>\n\t<meta property=\"og:image:height\" content=\"576\" \/>\n\t<meta property=\"og:image:type\" content=\"image\/jpeg\" \/>\n<meta name=\"author\" content=\"esiuclm\" \/>\n<meta name=\"twitter:card\" content=\"summary_large_image\" \/>\n<meta name=\"twitter:creator\" content=\"@esiuclm\" \/>\n<meta name=\"twitter:site\" content=\"@esiuclm\" \/>\n<meta name=\"twitter:label1\" content=\"Escrito por\" \/>\n\t<meta name=\"twitter:data1\" content=\"esiuclm\" \/>\n\t<meta name=\"twitter:label2\" content=\"Tiempo de lectura\" \/>\n\t<meta name=\"twitter:data2\" content=\"1 minuto\" \/>\n<script type=\"application\/ld+json\" class=\"yoast-schema-graph\">{\"@context\":\"https:\\\/\\\/schema.org\",\"@graph\":[{\"@type\":\"Article\",\"@id\":\"https:\\\/\\\/esi.uclm.es\\\/index.php\\\/2022\\\/04\\\/29\\\/retransmision-final-futbol-sala\\\/#article\",\"isPartOf\":{\"@id\":\"https:\\\/\\\/esi.uclm.es\\\/index.php\\\/2022\\\/04\\\/29\\\/retransmision-final-futbol-sala\\\/\"},\"author\":{\"name\":\"esiuclm\",\"@id\":\"https:\\\/\\\/esi.uclm.es\\\/#\\\/schema\\\/person\\\/d9a390095e8beeca5aced92acb17a530\"},\"headline\":\"Retransmisi\u00f3n de la final de F\u00fatbol Sala\",\"datePublished\":\"2022-04-29T21:03:00+00:00\",\"dateModified\":\"2022-05-24T14:53:29+00:00\",\"mainEntityOfPage\":{\"@id\":\"https:\\\/\\\/esi.uclm.es\\\/index.php\\\/2022\\\/04\\\/29\\\/retransmision-final-futbol-sala\\\/\"},\"wordCount\":229,\"commentCount\":0,\"publisher\":{\"@id\":\"https:\\\/\\\/esi.uclm.es\\\/#organization\"},\"image\":{\"@id\":\"https:\\\/\\\/esi.uclm.es\\\/index.php\\\/2022\\\/04\\\/29\\\/retransmision-final-futbol-sala\\\/#primaryimage\"},\"thumbnailUrl\":\"https:\\\/\\\/esi.uclm.es\\\/assets\\\/uploads\\\/2022\\\/04\\\/futbol_c.jpeg\",\"keywords\":[\"deportes\",\"F\u00fatbol\",\"liga\"],\"articleSection\":[\"Deportes\"],\"inLanguage\":\"es\",\"potentialAction\":[{\"@type\":\"CommentAction\",\"name\":\"Comment\",\"target\":[\"https:\\\/\\\/esi.uclm.es\\\/index.php\\\/2022\\\/04\\\/29\\\/retransmision-final-futbol-sala\\\/#respond\"]}]},{\"@type\":\"WebPage\",\"@id\":\"https:\\\/\\\/esi.uclm.es\\\/index.php\\\/2022\\\/04\\\/29\\\/retransmision-final-futbol-sala\\\/\",\"url\":\"https:\\\/\\\/esi.uclm.es\\\/index.php\\\/2022\\\/04\\\/29\\\/retransmision-final-futbol-sala\\\/\",\"name\":\"Retransmisi\u00f3n de la final de F\u00fatbol Sala - Escuela Superior de Inform\u00e1tica de UCLM\",\"isPartOf\":{\"@id\":\"https:\\\/\\\/esi.uclm.es\\\/#website\"},\"primaryImageOfPage\":{\"@id\":\"https:\\\/\\\/esi.uclm.es\\\/index.php\\\/2022\\\/04\\\/29\\\/retransmision-final-futbol-sala\\\/#primaryimage\"},\"image\":{\"@id\":\"https:\\\/\\\/esi.uclm.es\\\/index.php\\\/2022\\\/04\\\/29\\\/retransmision-final-futbol-sala\\\/#primaryimage\"},\"thumbnailUrl\":\"https:\\\/\\\/esi.uclm.es\\\/assets\\\/uploads\\\/2022\\\/04\\\/futbol_c.jpeg\",\"datePublished\":\"2022-04-29T21:03:00+00:00\",\"dateModified\":\"2022-05-24T14:53:29+00:00\",\"breadcrumb\":{\"@id\":\"https:\\\/\\\/esi.uclm.es\\\/index.php\\\/2022\\\/04\\\/29\\\/retransmision-final-futbol-sala\\\/#breadcrumb\"},\"inLanguage\":\"es\",\"potentialAction\":[{\"@type\":\"ReadAction\",\"target\":[\"https:\\\/\\\/esi.uclm.es\\\/index.php\\\/2022\\\/04\\\/29\\\/retransmision-final-futbol-sala\\\/\"]}]},{\"@type\":\"ImageObject\",\"inLanguage\":\"es\",\"@id\":\"https:\\\/\\\/esi.uclm.es\\\/index.php\\\/2022\\\/04\\\/29\\\/retransmision-final-futbol-sala\\\/#primaryimage\",\"url\":\"https:\\\/\\\/esi.uclm.es\\\/assets\\\/uploads\\\/2022\\\/04\\\/futbol_c.jpeg\",\"contentUrl\":\"https:\\\/\\\/esi.uclm.es\\\/assets\\\/uploads\\\/2022\\\/04\\\/futbol_c.jpeg\",\"width\":1024,\"height\":576,\"caption\":\"Final de f\u00fatbol sala esi uclm 2022\"},{\"@type\":\"BreadcrumbList\",\"@id\":\"https:\\\/\\\/esi.uclm.es\\\/index.php\\\/2022\\\/04\\\/29\\\/retransmision-final-futbol-sala\\\/#breadcrumb\",\"itemListElement\":[{\"@type\":\"ListItem\",\"position\":1,\"name\":\"Portada\",\"item\":\"https:\\\/\\\/esi.uclm.es\\\/\"},{\"@type\":\"ListItem\",\"position\":2,\"name\":\"Retransmisi\u00f3n de la final de F\u00fatbol Sala\"}]},{\"@type\":\"WebSite\",\"@id\":\"https:\\\/\\\/esi.uclm.es\\\/#website\",\"url\":\"https:\\\/\\\/esi.uclm.es\\\/\",\"name\":\"Escuela Superior de Inform\u00e1tica de UCLM en Ciudad Real, Castilla-La Mancha\",\"description\":\"La Escuela Superior de Inform\u00e1tica de Ciudad Real (Castilla-La Mancha), Universidad de Castilla-La Mancha es un centro universitario que imparte el ciclo completo de Ingenier\u00eda en Inform\u00e1tica: grado, m\u00e1ster y doctorado.\",\"publisher\":{\"@id\":\"https:\\\/\\\/esi.uclm.es\\\/#organization\"},\"potentialAction\":[{\"@type\":\"SearchAction\",\"target\":{\"@type\":\"EntryPoint\",\"urlTemplate\":\"https:\\\/\\\/esi.uclm.es\\\/?s={search_term_string}\"},\"query-input\":{\"@type\":\"PropertyValueSpecification\",\"valueRequired\":true,\"valueName\":\"search_term_string\"}}],\"inLanguage\":\"es\"},{\"@type\":\"Organization\",\"@id\":\"https:\\\/\\\/esi.uclm.es\\\/#organization\",\"name\":\"Escuela Superior de Inform\u00e1tica de UCLM\",\"url\":\"https:\\\/\\\/esi.uclm.es\\\/\",\"logo\":{\"@type\":\"ImageObject\",\"inLanguage\":\"es\",\"@id\":\"https:\\\/\\\/esi.uclm.es\\\/#\\\/schema\\\/logo\\\/image\\\/\",\"url\":\"https:\\\/\\\/esi.uclm.es\\\/assets\\\/uploads\\\/2022\\\/03\\\/LogoESI_cabecera-1.png\",\"contentUrl\":\"https:\\\/\\\/esi.uclm.es\\\/assets\\\/uploads\\\/2022\\\/03\\\/LogoESI_cabecera-1.png\",\"width\":460,\"height\":184,\"caption\":\"Escuela Superior de Inform\u00e1tica de UCLM\"},\"image\":{\"@id\":\"https:\\\/\\\/esi.uclm.es\\\/#\\\/schema\\\/logo\\\/image\\\/\"},\"sameAs\":[\"https:\\\/\\\/www.facebook.com\\\/Escuela-Superior-de-Informtica-543261809027158\",\"https:\\\/\\\/x.com\\\/esiuclm\",\"https:\\\/\\\/www.instagram.com\\\/esiuclm\\\/\",\"https:\\\/\\\/www.youtube.com\\\/user\\\/esiuclm\",\"https:\\\/\\\/www.twitch.tv\\\/esiuclm\",\"https:\\\/\\\/www.linkedin.com\\\/company\\\/12656631\\\/admin\\\/\"]},{\"@type\":\"Person\",\"@id\":\"https:\\\/\\\/esi.uclm.es\\\/#\\\/schema\\\/person\\\/d9a390095e8beeca5aced92acb17a530\",\"name\":\"esiuclm\",\"image\":{\"@type\":\"ImageObject\",\"inLanguage\":\"es\",\"@id\":\"https:\\\/\\\/secure.gravatar.com\\\/avatar\\\/ff32e6f445454691c713484fe154c7002761ecabfa4cfa2fea57c231744892da?s=96&d=mm&r=g\",\"url\":\"https:\\\/\\\/secure.gravatar.com\\\/avatar\\\/ff32e6f445454691c713484fe154c7002761ecabfa4cfa2fea57c231744892da?s=96&d=mm&r=g\",\"contentUrl\":\"https:\\\/\\\/secure.gravatar.com\\\/avatar\\\/ff32e6f445454691c713484fe154c7002761ecabfa4cfa2fea57c231744892da?s=96&d=mm&r=g\",\"caption\":\"esiuclm\"},\"sameAs\":[\"https:\\\/\\\/esi.uclm.es\"],\"url\":\"https:\\\/\\\/esi.uclm.es\\\/index.php\\\/author\\\/esiadmin\\\/\"}]}<\/script>\n<!-- \/ Yoast SEO plugin. -->","yoast_head_json":{"title":"Retransmisi\u00f3n de la final de F\u00fatbol Sala - Escuela Superior de Inform\u00e1tica de UCLM","robots":{"index":"index","follow":"follow","max-snippet":"max-snippet:-1","max-image-preview":"max-image-preview:large","max-video-preview":"max-video-preview:-1"},"canonical":"https:\/\/esi.uclm.es\/index.php\/2022\/04\/29\/retransmision-final-futbol-sala\/","og_locale":"es_ES","og_type":"article","og_title":"Retransmisi\u00f3n de la final de F\u00fatbol Sala - Escuela Superior de Inform\u00e1tica de UCLM","og_description":"El Lunes 4 de marzo de 2022, en el pabell\u00f3n Rey Juan Carlos de Ciudad Real, se celebr\u00f3 la final de la liga local de f\u00fatbol sala de la Escuela Superior de Inform\u00e1tica (UCLM) entre el primer clasificado de la fase regular, y el tercero. [&hellip;]","og_url":"https:\/\/esi.uclm.es\/index.php\/2022\/04\/29\/retransmision-final-futbol-sala\/","og_site_name":"Escuela Superior de Inform\u00e1tica de UCLM","article_publisher":"https:\/\/www.facebook.com\/Escuela-Superior-de-Informtica-543261809027158","article_published_time":"2022-04-29T21:03:00+00:00","article_modified_time":"2022-05-24T14:53:29+00:00","og_image":[{"width":1024,"height":576,"url":"https:\/\/esi.uclm.es\/assets\/uploads\/2022\/04\/futbol_c.jpeg","type":"image\/jpeg"}],"author":"esiuclm","twitter_card":"summary_large_image","twitter_creator":"@esiuclm","twitter_site":"@esiuclm","twitter_misc":{"Escrito por":"esiuclm","Tiempo de lectura":"1 minuto"},"schema":{"@context":"https:\/\/schema.org","@graph":[{"@type":"Article","@id":"https:\/\/esi.uclm.es\/index.php\/2022\/04\/29\/retransmision-final-futbol-sala\/#article","isPartOf":{"@id":"https:\/\/esi.uclm.es\/index.php\/2022\/04\/29\/retransmision-final-futbol-sala\/"},"author":{"name":"esiuclm","@id":"https:\/\/esi.uclm.es\/#\/schema\/person\/d9a390095e8beeca5aced92acb17a530"},"headline":"Retransmisi\u00f3n de la final de F\u00fatbol Sala","datePublished":"2022-04-29T21:03:00+00:00","dateModified":"2022-05-24T14:53:29+00:00","mainEntityOfPage":{"@id":"https:\/\/esi.uclm.es\/index.php\/2022\/04\/29\/retransmision-final-futbol-sala\/"},"wordCount":229,"commentCount":0,"publisher":{"@id":"https:\/\/esi.uclm.es\/#organization"},"image":{"@id":"https:\/\/esi.uclm.es\/index.php\/2022\/04\/29\/retransmision-final-futbol-sala\/#primaryimage"},"thumbnailUrl":"https:\/\/esi.uclm.es\/assets\/uploads\/2022\/04\/futbol_c.jpeg","keywords":["deportes","F\u00fatbol","liga"],"articleSection":["Deportes"],"inLanguage":"es","potentialAction":[{"@type":"CommentAction","name":"Comment","target":["https:\/\/esi.uclm.es\/index.php\/2022\/04\/29\/retransmision-final-futbol-sala\/#respond"]}]},{"@type":"WebPage","@id":"https:\/\/esi.uclm.es\/index.php\/2022\/04\/29\/retransmision-final-futbol-sala\/","url":"https:\/\/esi.uclm.es\/index.php\/2022\/04\/29\/retransmision-final-futbol-sala\/","name":"Retransmisi\u00f3n de la final de F\u00fatbol Sala - Escuela Superior de Inform\u00e1tica de UCLM","isPartOf":{"@id":"https:\/\/esi.uclm.es\/#website"},"primaryImageOfPage":{"@id":"https:\/\/esi.uclm.es\/index.php\/2022\/04\/29\/retransmision-final-futbol-sala\/#primaryimage"},"image":{"@id":"https:\/\/esi.uclm.es\/index.php\/2022\/04\/29\/retransmision-final-futbol-sala\/#primaryimage"},"thumbnailUrl":"https:\/\/esi.uclm.es\/assets\/uploads\/2022\/04\/futbol_c.jpeg","datePublished":"2022-04-29T21:03:00+00:00","dateModified":"2022-05-24T14:53:29+00:00","breadcrumb":{"@id":"https:\/\/esi.uclm.es\/index.php\/2022\/04\/29\/retransmision-final-futbol-sala\/#breadcrumb"},"inLanguage":"es","potentialAction":[{"@type":"ReadAction","target":["https:\/\/esi.uclm.es\/index.php\/2022\/04\/29\/retransmision-final-futbol-sala\/"]}]},{"@type":"ImageObject","inLanguage":"es","@id":"https:\/\/esi.uclm.es\/index.php\/2022\/04\/29\/retransmision-final-futbol-sala\/#primaryimage","url":"https:\/\/esi.uclm.es\/assets\/uploads\/2022\/04\/futbol_c.jpeg","contentUrl":"https:\/\/esi.uclm.es\/assets\/uploads\/2022\/04\/futbol_c.jpeg","width":1024,"height":576,"caption":"Final de f\u00fatbol sala esi uclm 2022"},{"@type":"BreadcrumbList","@id":"https:\/\/esi.uclm.es\/index.php\/2022\/04\/29\/retransmision-final-futbol-sala\/#breadcrumb","itemListElement":[{"@type":"ListItem","position":1,"name":"Portada","item":"https:\/\/esi.uclm.es\/"},{"@type":"ListItem","position":2,"name":"Retransmisi\u00f3n de la final de F\u00fatbol Sala"}]},{"@type":"WebSite","@id":"https:\/\/esi.uclm.es\/#website","url":"https:\/\/esi.uclm.es\/","name":"Escuela Superior de Inform\u00e1tica de UCLM en Ciudad Real, Castilla-La Mancha","description":"La Escuela Superior de Inform\u00e1tica de Ciudad Real (Castilla-La Mancha), Universidad de Castilla-La Mancha es un centro universitario que imparte el ciclo completo de Ingenier\u00eda en Inform\u00e1tica: grado, m\u00e1ster y doctorado.","publisher":{"@id":"https:\/\/esi.uclm.es\/#organization"},"potentialAction":[{"@type":"SearchAction","target":{"@type":"EntryPoint","urlTemplate":"https:\/\/esi.uclm.es\/?s={search_term_string}"},"query-input":{"@type":"PropertyValueSpecification","valueRequired":true,"valueName":"search_term_string"}}],"inLanguage":"es"},{"@type":"Organization","@id":"https:\/\/esi.uclm.es\/#organization","name":"Escuela Superior de Inform\u00e1tica de UCLM","url":"https:\/\/esi.uclm.es\/","logo":{"@type":"ImageObject","inLanguage":"es","@id":"https:\/\/esi.uclm.es\/#\/schema\/logo\/image\/","url":"https:\/\/esi.uclm.es\/assets\/uploads\/2022\/03\/LogoESI_cabecera-1.png","contentUrl":"https:\/\/esi.uclm.es\/assets\/uploads\/2022\/03\/LogoESI_cabecera-1.png","width":460,"height":184,"caption":"Escuela Superior de Inform\u00e1tica de UCLM"},"image":{"@id":"https:\/\/esi.uclm.es\/#\/schema\/logo\/image\/"},"sameAs":["https:\/\/www.facebook.com\/Escuela-Superior-de-Informtica-543261809027158","https:\/\/x.com\/esiuclm","https:\/\/www.instagram.com\/esiuclm\/","https:\/\/www.youtube.com\/user\/esiuclm","https:\/\/www.twitch.tv\/esiuclm","https:\/\/www.linkedin.com\/company\/12656631\/admin\/"]},{"@type":"Person","@id":"https:\/\/esi.uclm.es\/#\/schema\/person\/d9a390095e8beeca5aced92acb17a530","name":"esiuclm","image":{"@type":"ImageObject","inLanguage":"es","@id":"https:\/\/secure.gravatar.com\/avatar\/ff32e6f445454691c713484fe154c7002761ecabfa4cfa2fea57c231744892da?s=96&d=mm&r=g","url":"https:\/\/secure.gravatar.com\/avatar\/ff32e6f445454691c713484fe154c7002761ecabfa4cfa2fea57c231744892da?s=96&d=mm&r=g","contentUrl":"https:\/\/secure.gravatar.com\/avatar\/ff32e6f445454691c713484fe154c7002761ecabfa4cfa2fea57c231744892da?s=96&d=mm&r=g","caption":"esiuclm"},"sameAs":["https:\/\/esi.uclm.es"],"url":"https:\/\/esi.uclm.es\/index.php\/author\/esiadmin\/"}]}},"_links":{"self":[{"href":"https:\/\/esi.uclm.es\/index.php\/wp-json\/wp\/v2\/posts\/9275","targetHints":{"allow":["GET"]}}],"collection":[{"href":"https:\/\/esi.uclm.es\/index.php\/wp-json\/wp\/v2\/posts"}],"about":[{"href":"https:\/\/esi.uclm.es\/index.php\/wp-json\/wp\/v2\/types\/post"}],"author":[{"embeddable":true,"href":"https:\/\/esi.uclm.es\/index.php\/wp-json\/wp\/v2\/users\/1"}],"replies":[{"embeddable":true,"href":"https:\/\/esi.uclm.es\/index.php\/wp-json\/wp\/v2\/comments?post=9275"}],"version-history":[{"count":9,"href":"https:\/\/esi.uclm.es\/index.php\/wp-json\/wp\/v2\/posts\/9275\/revisions"}],"predecessor-version":[{"id":9288,"href":"https:\/\/esi.uclm.es\/index.php\/wp-json\/wp\/v2\/posts\/9275\/revisions\/9288"}],"wp:featuredmedia":[{"embeddable":true,"href":"https:\/\/esi.uclm.es\/index.php\/wp-json\/wp\/v2\/media\/9282"}],"wp:attachment":[{"href":"https:\/\/esi.uclm.es\/index.php\/wp-json\/wp\/v2\/media?parent=9275"}],"wp:term":[{"taxonomy":"category","embeddable":true,"href":"https:\/\/esi.uclm.es\/index.php\/wp-json\/wp\/v2\/categories?post=9275"},{"taxonomy":"post_tag","embeddable":true,"href":"https:\/\/esi.uclm.es\/index.php\/wp-json\/wp\/v2\/tags?post=9275"}],"curies":[{"name":"wp","href":"https:\/\/api.w.org\/{rel}","templated":true}]}}