{"id":9123,"date":"2016-07-29T10:19:00","date_gmt":"2016-07-29T10:19:00","guid":{"rendered":"https:\/\/esi.uclm.es\/?p=9123"},"modified":"2022-03-30T10:22:24","modified_gmt":"2022-03-30T10:22:24","slug":"el-grado-en-ingenieria-informatica-obtiene-el-sello-euro-inf","status":"publish","type":"post","link":"https:\/\/esi.uclm.es\/index.php\/2016\/07\/29\/el-grado-en-ingenieria-informatica-obtiene-el-sello-euro-inf\/","title":{"rendered":"El grado en Ingenier\u00eda Inform\u00e1tica obtiene el sello EURO-INF"},"content":{"rendered":"\n<h3 class=\"wp-block-heading\">La ESI obtiene, para su grado en Inform\u00e1tica, esta certificaci\u00f3n internacional de excelencia otorgada por EQANIE<\/h3>\n\n\n\n<p>El grado en Ingenier\u00eda Inform\u00e1tica que se imparte tanto en la Escuela Superior de Inform\u00e1tica de Ciudad Real (ESI) como en la Escuela Superior de Ingenier\u00eda Inform\u00e1tica de Albacete, ha obtenido recientemente la aceptaci\u00f3n definitva remitida por la ANECA del&nbsp;sello de excelencia EURO-INF&nbsp;que reconoce que los estudios cumplen ampliamente los est\u00e1ndares de calidad para el desarrollo acad\u00e9mico y profesional en el \u00e1mbito de la Inform\u00e1tica.<\/p>\n\n\n\n<p>Gracias a este sello de calidad, los alumnos que completen sus estudios en la ESI podr\u00e1n garantizar que su formaci\u00f3n cumple altos est\u00e1ndares de calidad y poseen los conocimientos y competencias que rigen las normas internacionales, siendo esto altamente valorado por los empleadores en el \u00e1mbito europeo.<\/p>\n\n\n\n<p>La certificaci\u00f3n EURO-INF es otorgada, tras un completo proceso de evaluaci\u00f3n y control de calidad, por la agencia EQANIE (European Quality Assurance Network for Informatics Education).<a href=\"http:\/\/www.eqanie.eu\/pages\/quality-label.php\" target=\"_blank\" rel=\"noreferrer noopener\">http:\/\/www.eqanie.eu\/pages\/quality-label.php<\/a><\/p>\n","protected":false},"excerpt":{"rendered":"<p>La ESI obtiene, para su grado en Inform\u00e1tica, esta certificaci\u00f3n internacional de excelencia otorgada por EQANIE El grado en Ingenier\u00eda Inform\u00e1tica que se imparte tanto en la Escuela Superior de Inform\u00e1tica de Ciudad Real (ESI) como en la Escuela Superior de Ingenier\u00eda Inform\u00e1tica de Albacete, [&hellip;]<\/p>\n","protected":false},"author":4,"featured_media":9124,"comment_status":"open","ping_status":"open","sticky":false,"template":"","format":"standard","meta":{"footnotes":""},"categories":[619],"tags":[1064,1063],"class_list":["post-9123","post","type-post","status-publish","format-standard","has-post-thumbnail","hentry","category-general","tag-eqanie","tag-euro-inf"],"yoast_head":"<!-- This site is optimized with the Yoast SEO plugin v27.4 - https:\/\/yoast.com\/product\/yoast-seo-wordpress\/ -->\n<title>El grado en Ingenier\u00eda Inform\u00e1tica obtiene el sello EURO-INF - Escuela Superior de Inform\u00e1tica de UCLM<\/title>\n<meta name=\"robots\" content=\"index, follow, max-snippet:-1, max-image-preview:large, max-video-preview:-1\" \/>\n<link rel=\"canonical\" href=\"https:\/\/esi.uclm.es\/index.php\/2016\/07\/29\/el-grado-en-ingenieria-informatica-obtiene-el-sello-euro-inf\/\" \/>\n<meta property=\"og:locale\" content=\"es_ES\" \/>\n<meta property=\"og:type\" content=\"article\" \/>\n<meta property=\"og:title\" content=\"El grado en Ingenier\u00eda Inform\u00e1tica obtiene el sello EURO-INF - Escuela Superior de Inform\u00e1tica de UCLM\" \/>\n<meta property=\"og:description\" content=\"La ESI obtiene, para su grado en Inform\u00e1tica, esta certificaci\u00f3n internacional de excelencia otorgada por EQANIE El grado en Ingenier\u00eda Inform\u00e1tica que se imparte tanto en la Escuela Superior de Inform\u00e1tica de Ciudad Real (ESI) como en la Escuela Superior de Ingenier\u00eda Inform\u00e1tica de Albacete, [&hellip;]\" \/>\n<meta property=\"og:url\" content=\"https:\/\/esi.uclm.es\/index.php\/2016\/07\/29\/el-grado-en-ingenieria-informatica-obtiene-el-sello-euro-inf\/\" \/>\n<meta property=\"og:site_name\" content=\"Escuela Superior de Inform\u00e1tica de UCLM\" \/>\n<meta property=\"article:publisher\" content=\"https:\/\/www.facebook.com\/Escuela-Superior-de-Informtica-543261809027158\" \/>\n<meta property=\"article:published_time\" content=\"2016-07-29T10:19:00+00:00\" \/>\n<meta property=\"article:modified_time\" content=\"2022-03-30T10:22:24+00:00\" \/>\n<meta property=\"og:image\" content=\"https:\/\/esi.uclm.es\/assets\/uploads\/2022\/03\/euroinf.png\" \/>\n\t<meta property=\"og:image:width\" content=\"822\" \/>\n\t<meta property=\"og:image:height\" content=\"822\" \/>\n\t<meta property=\"og:image:type\" content=\"image\/png\" \/>\n<meta name=\"author\" content=\"David Cerrillo\" \/>\n<meta name=\"twitter:card\" content=\"summary_large_image\" \/>\n<meta name=\"twitter:creator\" content=\"@esiuclm\" \/>\n<meta name=\"twitter:site\" content=\"@esiuclm\" \/>\n<meta name=\"twitter:label1\" content=\"Escrito por\" \/>\n\t<meta name=\"twitter:data1\" content=\"David Cerrillo\" \/>\n\t<meta name=\"twitter:label2\" content=\"Tiempo de lectura\" \/>\n\t<meta name=\"twitter:data2\" content=\"1 minuto\" \/>\n<script type=\"application\/ld+json\" class=\"yoast-schema-graph\">{\"@context\":\"https:\\\/\\\/schema.org\",\"@graph\":[{\"@type\":\"Article\",\"@id\":\"https:\\\/\\\/esi.uclm.es\\\/index.php\\\/2016\\\/07\\\/29\\\/el-grado-en-ingenieria-informatica-obtiene-el-sello-euro-inf\\\/#article\",\"isPartOf\":{\"@id\":\"https:\\\/\\\/esi.uclm.es\\\/index.php\\\/2016\\\/07\\\/29\\\/el-grado-en-ingenieria-informatica-obtiene-el-sello-euro-inf\\\/\"},\"author\":{\"name\":\"David Cerrillo\",\"@id\":\"https:\\\/\\\/esi.uclm.es\\\/#\\\/schema\\\/person\\\/e841d0ea8bd5fa307af3980e9fe7664d\"},\"headline\":\"El grado en Ingenier\u00eda Inform\u00e1tica obtiene el sello EURO-INF\",\"datePublished\":\"2016-07-29T10:19:00+00:00\",\"dateModified\":\"2022-03-30T10:22:24+00:00\",\"mainEntityOfPage\":{\"@id\":\"https:\\\/\\\/esi.uclm.es\\\/index.php\\\/2016\\\/07\\\/29\\\/el-grado-en-ingenieria-informatica-obtiene-el-sello-euro-inf\\\/\"},\"wordCount\":192,\"commentCount\":0,\"publisher\":{\"@id\":\"https:\\\/\\\/esi.uclm.es\\\/#organization\"},\"image\":{\"@id\":\"https:\\\/\\\/esi.uclm.es\\\/index.php\\\/2016\\\/07\\\/29\\\/el-grado-en-ingenieria-informatica-obtiene-el-sello-euro-inf\\\/#primaryimage\"},\"thumbnailUrl\":\"https:\\\/\\\/esi.uclm.es\\\/assets\\\/uploads\\\/2022\\\/03\\\/euroinf.png\",\"keywords\":[\"EQANIE\",\"EURO-INF\"],\"articleSection\":[\"General\"],\"inLanguage\":\"es\",\"potentialAction\":[{\"@type\":\"CommentAction\",\"name\":\"Comment\",\"target\":[\"https:\\\/\\\/esi.uclm.es\\\/index.php\\\/2016\\\/07\\\/29\\\/el-grado-en-ingenieria-informatica-obtiene-el-sello-euro-inf\\\/#respond\"]}]},{\"@type\":\"WebPage\",\"@id\":\"https:\\\/\\\/esi.uclm.es\\\/index.php\\\/2016\\\/07\\\/29\\\/el-grado-en-ingenieria-informatica-obtiene-el-sello-euro-inf\\\/\",\"url\":\"https:\\\/\\\/esi.uclm.es\\\/index.php\\\/2016\\\/07\\\/29\\\/el-grado-en-ingenieria-informatica-obtiene-el-sello-euro-inf\\\/\",\"name\":\"El grado en Ingenier\u00eda Inform\u00e1tica obtiene el sello EURO-INF - Escuela Superior de Inform\u00e1tica de UCLM\",\"isPartOf\":{\"@id\":\"https:\\\/\\\/esi.uclm.es\\\/#website\"},\"primaryImageOfPage\":{\"@id\":\"https:\\\/\\\/esi.uclm.es\\\/index.php\\\/2016\\\/07\\\/29\\\/el-grado-en-ingenieria-informatica-obtiene-el-sello-euro-inf\\\/#primaryimage\"},\"image\":{\"@id\":\"https:\\\/\\\/esi.uclm.es\\\/index.php\\\/2016\\\/07\\\/29\\\/el-grado-en-ingenieria-informatica-obtiene-el-sello-euro-inf\\\/#primaryimage\"},\"thumbnailUrl\":\"https:\\\/\\\/esi.uclm.es\\\/assets\\\/uploads\\\/2022\\\/03\\\/euroinf.png\",\"datePublished\":\"2016-07-29T10:19:00+00:00\",\"dateModified\":\"2022-03-30T10:22:24+00:00\",\"breadcrumb\":{\"@id\":\"https:\\\/\\\/esi.uclm.es\\\/index.php\\\/2016\\\/07\\\/29\\\/el-grado-en-ingenieria-informatica-obtiene-el-sello-euro-inf\\\/#breadcrumb\"},\"inLanguage\":\"es\",\"potentialAction\":[{\"@type\":\"ReadAction\",\"target\":[\"https:\\\/\\\/esi.uclm.es\\\/index.php\\\/2016\\\/07\\\/29\\\/el-grado-en-ingenieria-informatica-obtiene-el-sello-euro-inf\\\/\"]}]},{\"@type\":\"ImageObject\",\"inLanguage\":\"es\",\"@id\":\"https:\\\/\\\/esi.uclm.es\\\/index.php\\\/2016\\\/07\\\/29\\\/el-grado-en-ingenieria-informatica-obtiene-el-sello-euro-inf\\\/#primaryimage\",\"url\":\"https:\\\/\\\/esi.uclm.es\\\/assets\\\/uploads\\\/2022\\\/03\\\/euroinf.png\",\"contentUrl\":\"https:\\\/\\\/esi.uclm.es\\\/assets\\\/uploads\\\/2022\\\/03\\\/euroinf.png\",\"width\":822,\"height\":822},{\"@type\":\"BreadcrumbList\",\"@id\":\"https:\\\/\\\/esi.uclm.es\\\/index.php\\\/2016\\\/07\\\/29\\\/el-grado-en-ingenieria-informatica-obtiene-el-sello-euro-inf\\\/#breadcrumb\",\"itemListElement\":[{\"@type\":\"ListItem\",\"position\":1,\"name\":\"Portada\",\"item\":\"https:\\\/\\\/esi.uclm.es\\\/\"},{\"@type\":\"ListItem\",\"position\":2,\"name\":\"El grado en Ingenier\u00eda Inform\u00e1tica obtiene el sello EURO-INF\"}]},{\"@type\":\"WebSite\",\"@id\":\"https:\\\/\\\/esi.uclm.es\\\/#website\",\"url\":\"https:\\\/\\\/esi.uclm.es\\\/\",\"name\":\"Escuela Superior de Inform\u00e1tica de UCLM en Ciudad Real, Castilla-La Mancha\",\"description\":\"La Escuela Superior de Inform\u00e1tica de Ciudad Real (Castilla-La Mancha), Universidad de Castilla-La Mancha es un centro universitario que imparte el ciclo completo de Ingenier\u00eda en Inform\u00e1tica: grado, m\u00e1ster y doctorado.\",\"publisher\":{\"@id\":\"https:\\\/\\\/esi.uclm.es\\\/#organization\"},\"potentialAction\":[{\"@type\":\"SearchAction\",\"target\":{\"@type\":\"EntryPoint\",\"urlTemplate\":\"https:\\\/\\\/esi.uclm.es\\\/?s={search_term_string}\"},\"query-input\":{\"@type\":\"PropertyValueSpecification\",\"valueRequired\":true,\"valueName\":\"search_term_string\"}}],\"inLanguage\":\"es\"},{\"@type\":\"Organization\",\"@id\":\"https:\\\/\\\/esi.uclm.es\\\/#organization\",\"name\":\"Escuela Superior de Inform\u00e1tica de UCLM\",\"url\":\"https:\\\/\\\/esi.uclm.es\\\/\",\"logo\":{\"@type\":\"ImageObject\",\"inLanguage\":\"es\",\"@id\":\"https:\\\/\\\/esi.uclm.es\\\/#\\\/schema\\\/logo\\\/image\\\/\",\"url\":\"https:\\\/\\\/esi.uclm.es\\\/assets\\\/uploads\\\/2022\\\/03\\\/LogoESI_cabecera-1.png\",\"contentUrl\":\"https:\\\/\\\/esi.uclm.es\\\/assets\\\/uploads\\\/2022\\\/03\\\/LogoESI_cabecera-1.png\",\"width\":460,\"height\":184,\"caption\":\"Escuela Superior de Inform\u00e1tica de UCLM\"},\"image\":{\"@id\":\"https:\\\/\\\/esi.uclm.es\\\/#\\\/schema\\\/logo\\\/image\\\/\"},\"sameAs\":[\"https:\\\/\\\/www.facebook.com\\\/Escuela-Superior-de-Informtica-543261809027158\",\"https:\\\/\\\/x.com\\\/esiuclm\",\"https:\\\/\\\/www.instagram.com\\\/esiuclm\\\/\",\"https:\\\/\\\/www.youtube.com\\\/user\\\/esiuclm\",\"https:\\\/\\\/www.twitch.tv\\\/esiuclm\",\"https:\\\/\\\/www.linkedin.com\\\/company\\\/12656631\\\/admin\\\/\"]},{\"@type\":\"Person\",\"@id\":\"https:\\\/\\\/esi.uclm.es\\\/#\\\/schema\\\/person\\\/e841d0ea8bd5fa307af3980e9fe7664d\",\"name\":\"David Cerrillo\",\"image\":{\"@type\":\"ImageObject\",\"inLanguage\":\"es\",\"@id\":\"https:\\\/\\\/secure.gravatar.com\\\/avatar\\\/9164dcaeb7e8e1042073f22a37bf8c6402e0870104d9c78f5732d36d67e2900b?s=96&d=mm&r=g\",\"url\":\"https:\\\/\\\/secure.gravatar.com\\\/avatar\\\/9164dcaeb7e8e1042073f22a37bf8c6402e0870104d9c78f5732d36d67e2900b?s=96&d=mm&r=g\",\"contentUrl\":\"https:\\\/\\\/secure.gravatar.com\\\/avatar\\\/9164dcaeb7e8e1042073f22a37bf8c6402e0870104d9c78f5732d36d67e2900b?s=96&d=mm&r=g\",\"caption\":\"David Cerrillo\"},\"url\":\"https:\\\/\\\/esi.uclm.es\\\/index.php\\\/author\\\/dcerrillo\\\/\"}]}<\/script>\n<!-- \/ Yoast SEO plugin. -->","yoast_head_json":{"title":"El grado en Ingenier\u00eda Inform\u00e1tica obtiene el sello EURO-INF - Escuela Superior de Inform\u00e1tica de UCLM","robots":{"index":"index","follow":"follow","max-snippet":"max-snippet:-1","max-image-preview":"max-image-preview:large","max-video-preview":"max-video-preview:-1"},"canonical":"https:\/\/esi.uclm.es\/index.php\/2016\/07\/29\/el-grado-en-ingenieria-informatica-obtiene-el-sello-euro-inf\/","og_locale":"es_ES","og_type":"article","og_title":"El grado en Ingenier\u00eda Inform\u00e1tica obtiene el sello EURO-INF - Escuela Superior de Inform\u00e1tica de UCLM","og_description":"La ESI obtiene, para su grado en Inform\u00e1tica, esta certificaci\u00f3n internacional de excelencia otorgada por EQANIE El grado en Ingenier\u00eda Inform\u00e1tica que se imparte tanto en la Escuela Superior de Inform\u00e1tica de Ciudad Real (ESI) como en la Escuela Superior de Ingenier\u00eda Inform\u00e1tica de Albacete, [&hellip;]","og_url":"https:\/\/esi.uclm.es\/index.php\/2016\/07\/29\/el-grado-en-ingenieria-informatica-obtiene-el-sello-euro-inf\/","og_site_name":"Escuela Superior de Inform\u00e1tica de UCLM","article_publisher":"https:\/\/www.facebook.com\/Escuela-Superior-de-Informtica-543261809027158","article_published_time":"2016-07-29T10:19:00+00:00","article_modified_time":"2022-03-30T10:22:24+00:00","og_image":[{"width":822,"height":822,"url":"https:\/\/esi.uclm.es\/assets\/uploads\/2022\/03\/euroinf.png","type":"image\/png"}],"author":"David Cerrillo","twitter_card":"summary_large_image","twitter_creator":"@esiuclm","twitter_site":"@esiuclm","twitter_misc":{"Escrito por":"David Cerrillo","Tiempo de lectura":"1 minuto"},"schema":{"@context":"https:\/\/schema.org","@graph":[{"@type":"Article","@id":"https:\/\/esi.uclm.es\/index.php\/2016\/07\/29\/el-grado-en-ingenieria-informatica-obtiene-el-sello-euro-inf\/#article","isPartOf":{"@id":"https:\/\/esi.uclm.es\/index.php\/2016\/07\/29\/el-grado-en-ingenieria-informatica-obtiene-el-sello-euro-inf\/"},"author":{"name":"David Cerrillo","@id":"https:\/\/esi.uclm.es\/#\/schema\/person\/e841d0ea8bd5fa307af3980e9fe7664d"},"headline":"El grado en Ingenier\u00eda Inform\u00e1tica obtiene el sello EURO-INF","datePublished":"2016-07-29T10:19:00+00:00","dateModified":"2022-03-30T10:22:24+00:00","mainEntityOfPage":{"@id":"https:\/\/esi.uclm.es\/index.php\/2016\/07\/29\/el-grado-en-ingenieria-informatica-obtiene-el-sello-euro-inf\/"},"wordCount":192,"commentCount":0,"publisher":{"@id":"https:\/\/esi.uclm.es\/#organization"},"image":{"@id":"https:\/\/esi.uclm.es\/index.php\/2016\/07\/29\/el-grado-en-ingenieria-informatica-obtiene-el-sello-euro-inf\/#primaryimage"},"thumbnailUrl":"https:\/\/esi.uclm.es\/assets\/uploads\/2022\/03\/euroinf.png","keywords":["EQANIE","EURO-INF"],"articleSection":["General"],"inLanguage":"es","potentialAction":[{"@type":"CommentAction","name":"Comment","target":["https:\/\/esi.uclm.es\/index.php\/2016\/07\/29\/el-grado-en-ingenieria-informatica-obtiene-el-sello-euro-inf\/#respond"]}]},{"@type":"WebPage","@id":"https:\/\/esi.uclm.es\/index.php\/2016\/07\/29\/el-grado-en-ingenieria-informatica-obtiene-el-sello-euro-inf\/","url":"https:\/\/esi.uclm.es\/index.php\/2016\/07\/29\/el-grado-en-ingenieria-informatica-obtiene-el-sello-euro-inf\/","name":"El grado en Ingenier\u00eda Inform\u00e1tica obtiene el sello EURO-INF - Escuela Superior de Inform\u00e1tica de UCLM","isPartOf":{"@id":"https:\/\/esi.uclm.es\/#website"},"primaryImageOfPage":{"@id":"https:\/\/esi.uclm.es\/index.php\/2016\/07\/29\/el-grado-en-ingenieria-informatica-obtiene-el-sello-euro-inf\/#primaryimage"},"image":{"@id":"https:\/\/esi.uclm.es\/index.php\/2016\/07\/29\/el-grado-en-ingenieria-informatica-obtiene-el-sello-euro-inf\/#primaryimage"},"thumbnailUrl":"https:\/\/esi.uclm.es\/assets\/uploads\/2022\/03\/euroinf.png","datePublished":"2016-07-29T10:19:00+00:00","dateModified":"2022-03-30T10:22:24+00:00","breadcrumb":{"@id":"https:\/\/esi.uclm.es\/index.php\/2016\/07\/29\/el-grado-en-ingenieria-informatica-obtiene-el-sello-euro-inf\/#breadcrumb"},"inLanguage":"es","potentialAction":[{"@type":"ReadAction","target":["https:\/\/esi.uclm.es\/index.php\/2016\/07\/29\/el-grado-en-ingenieria-informatica-obtiene-el-sello-euro-inf\/"]}]},{"@type":"ImageObject","inLanguage":"es","@id":"https:\/\/esi.uclm.es\/index.php\/2016\/07\/29\/el-grado-en-ingenieria-informatica-obtiene-el-sello-euro-inf\/#primaryimage","url":"https:\/\/esi.uclm.es\/assets\/uploads\/2022\/03\/euroinf.png","contentUrl":"https:\/\/esi.uclm.es\/assets\/uploads\/2022\/03\/euroinf.png","width":822,"height":822},{"@type":"BreadcrumbList","@id":"https:\/\/esi.uclm.es\/index.php\/2016\/07\/29\/el-grado-en-ingenieria-informatica-obtiene-el-sello-euro-inf\/#breadcrumb","itemListElement":[{"@type":"ListItem","position":1,"name":"Portada","item":"https:\/\/esi.uclm.es\/"},{"@type":"ListItem","position":2,"name":"El grado en Ingenier\u00eda Inform\u00e1tica obtiene el sello EURO-INF"}]},{"@type":"WebSite","@id":"https:\/\/esi.uclm.es\/#website","url":"https:\/\/esi.uclm.es\/","name":"Escuela Superior de Inform\u00e1tica de UCLM en Ciudad Real, Castilla-La Mancha","description":"La Escuela Superior de Inform\u00e1tica de Ciudad Real (Castilla-La Mancha), Universidad de Castilla-La Mancha es un centro universitario que imparte el ciclo completo de Ingenier\u00eda en Inform\u00e1tica: grado, m\u00e1ster y doctorado.","publisher":{"@id":"https:\/\/esi.uclm.es\/#organization"},"potentialAction":[{"@type":"SearchAction","target":{"@type":"EntryPoint","urlTemplate":"https:\/\/esi.uclm.es\/?s={search_term_string}"},"query-input":{"@type":"PropertyValueSpecification","valueRequired":true,"valueName":"search_term_string"}}],"inLanguage":"es"},{"@type":"Organization","@id":"https:\/\/esi.uclm.es\/#organization","name":"Escuela Superior de Inform\u00e1tica de UCLM","url":"https:\/\/esi.uclm.es\/","logo":{"@type":"ImageObject","inLanguage":"es","@id":"https:\/\/esi.uclm.es\/#\/schema\/logo\/image\/","url":"https:\/\/esi.uclm.es\/assets\/uploads\/2022\/03\/LogoESI_cabecera-1.png","contentUrl":"https:\/\/esi.uclm.es\/assets\/uploads\/2022\/03\/LogoESI_cabecera-1.png","width":460,"height":184,"caption":"Escuela Superior de Inform\u00e1tica de UCLM"},"image":{"@id":"https:\/\/esi.uclm.es\/#\/schema\/logo\/image\/"},"sameAs":["https:\/\/www.facebook.com\/Escuela-Superior-de-Informtica-543261809027158","https:\/\/x.com\/esiuclm","https:\/\/www.instagram.com\/esiuclm\/","https:\/\/www.youtube.com\/user\/esiuclm","https:\/\/www.twitch.tv\/esiuclm","https:\/\/www.linkedin.com\/company\/12656631\/admin\/"]},{"@type":"Person","@id":"https:\/\/esi.uclm.es\/#\/schema\/person\/e841d0ea8bd5fa307af3980e9fe7664d","name":"David Cerrillo","image":{"@type":"ImageObject","inLanguage":"es","@id":"https:\/\/secure.gravatar.com\/avatar\/9164dcaeb7e8e1042073f22a37bf8c6402e0870104d9c78f5732d36d67e2900b?s=96&d=mm&r=g","url":"https:\/\/secure.gravatar.com\/avatar\/9164dcaeb7e8e1042073f22a37bf8c6402e0870104d9c78f5732d36d67e2900b?s=96&d=mm&r=g","contentUrl":"https:\/\/secure.gravatar.com\/avatar\/9164dcaeb7e8e1042073f22a37bf8c6402e0870104d9c78f5732d36d67e2900b?s=96&d=mm&r=g","caption":"David Cerrillo"},"url":"https:\/\/esi.uclm.es\/index.php\/author\/dcerrillo\/"}]}},"_links":{"self":[{"href":"https:\/\/esi.uclm.es\/index.php\/wp-json\/wp\/v2\/posts\/9123","targetHints":{"allow":["GET"]}}],"collection":[{"href":"https:\/\/esi.uclm.es\/index.php\/wp-json\/wp\/v2\/posts"}],"about":[{"href":"https:\/\/esi.uclm.es\/index.php\/wp-json\/wp\/v2\/types\/post"}],"author":[{"embeddable":true,"href":"https:\/\/esi.uclm.es\/index.php\/wp-json\/wp\/v2\/users\/4"}],"replies":[{"embeddable":true,"href":"https:\/\/esi.uclm.es\/index.php\/wp-json\/wp\/v2\/comments?post=9123"}],"version-history":[{"count":1,"href":"https:\/\/esi.uclm.es\/index.php\/wp-json\/wp\/v2\/posts\/9123\/revisions"}],"predecessor-version":[{"id":9125,"href":"https:\/\/esi.uclm.es\/index.php\/wp-json\/wp\/v2\/posts\/9123\/revisions\/9125"}],"wp:featuredmedia":[{"embeddable":true,"href":"https:\/\/esi.uclm.es\/index.php\/wp-json\/wp\/v2\/media\/9124"}],"wp:attachment":[{"href":"https:\/\/esi.uclm.es\/index.php\/wp-json\/wp\/v2\/media?parent=9123"}],"wp:term":[{"taxonomy":"category","embeddable":true,"href":"https:\/\/esi.uclm.es\/index.php\/wp-json\/wp\/v2\/categories?post=9123"},{"taxonomy":"post_tag","embeddable":true,"href":"https:\/\/esi.uclm.es\/index.php\/wp-json\/wp\/v2\/tags?post=9123"}],"curies":[{"name":"wp","href":"https:\/\/api.w.org\/{rel}","templated":true}]}}