{"id":8810,"date":"2019-03-18T12:14:00","date_gmt":"2019-03-18T12:14:00","guid":{"rendered":"https:\/\/esi.uclm.es\/?p=8810"},"modified":"2022-03-24T12:16:34","modified_gmt":"2022-03-24T12:16:34","slug":"oferta-de-empleo-dialtel","status":"publish","type":"post","link":"https:\/\/esi.uclm.es\/index.php\/2019\/03\/18\/oferta-de-empleo-dialtel\/","title":{"rendered":"Oferta de empleo Dialtel"},"content":{"rendered":"\n<h3 class=\"wp-block-heading\">Dialtel necesita contratar a un Ingeniero Inform\u00e1tico<\/h3>\n\n\n\n<p>Dialtel Empresa l\u00edder en el sector de las telecomunicaciones a nivel nacional precisa la contrataci\u00f3n de un Ingeniero Inform\u00e1tico con experiencia y conocimientos en los siguientes \u00e1mbitos:&nbsp;<\/p>\n\n\n\n<ul class=\"wp-block-list\"><li>Administraci\u00f3n de sistemas Linux (CentOS, Ubuntu, Debian)<\/li><li>Implantaci\u00f3n y administraci\u00f3n de Asterisk y VoIP<\/li><li>Conocimiento de SIP Provider y Softswitch<\/li><\/ul>\n\n\n\n<p>Se ofrece contrato a jornada completa para candidatos con experiencia demostrable en los tres \u00e1mbitos mencionados anteriormente y contrato a media jornada para candidatos con experiencia en alguno de los \u00e1mbitos. Se realizar\u00e1 prueba t\u00e9cnica para valorar el nivel de cada uno de los candidatos.<\/p>\n\n\n\n<p>El trabajador seleccionado recibir\u00e1 una formaci\u00f3n espec\u00edfica remunerada de larga duraci\u00f3n en el que adquirir\u00e1 los conocimientos espec\u00edficos necesarios para desarrollar su trabajo.<\/p>\n\n\n\n<p>Interesados, enviar CV a:&nbsp;<a href=\"mailto:matias@dialteldho.es\">matias@dialteldho.es<\/a><\/p>\n","protected":false},"excerpt":{"rendered":"<p>Dialtel necesita contratar a un Ingeniero Inform\u00e1tico Dialtel Empresa l\u00edder en el sector de las telecomunicaciones a nivel nacional precisa la contrataci\u00f3n de un Ingeniero Inform\u00e1tico con experiencia y conocimientos en los siguientes \u00e1mbitos:&nbsp; Administraci\u00f3n de sistemas Linux (CentOS, Ubuntu, Debian) Implantaci\u00f3n y administraci\u00f3n de [&hellip;]<\/p>\n","protected":false},"author":4,"featured_media":8811,"comment_status":"open","ping_status":"open","sticky":false,"template":"","format":"standard","meta":{"footnotes":""},"categories":[621],"tags":[],"class_list":["post-8810","post","type-post","status-publish","format-standard","has-post-thumbnail","hentry","category-becas_y_empleo"],"yoast_head":"<!-- This site is optimized with the Yoast SEO plugin v27.5 - https:\/\/yoast.com\/product\/yoast-seo-wordpress\/ -->\n<title>Oferta de empleo Dialtel - Escuela Superior de Inform\u00e1tica de UCLM<\/title>\n<meta name=\"robots\" content=\"index, follow, max-snippet:-1, max-image-preview:large, max-video-preview:-1\" \/>\n<link rel=\"canonical\" href=\"https:\/\/esi.uclm.es\/index.php\/2019\/03\/18\/oferta-de-empleo-dialtel\/\" \/>\n<meta property=\"og:locale\" content=\"es_ES\" \/>\n<meta property=\"og:type\" content=\"article\" \/>\n<meta property=\"og:title\" content=\"Oferta de empleo Dialtel - Escuela Superior de Inform\u00e1tica de UCLM\" \/>\n<meta property=\"og:description\" content=\"Dialtel necesita contratar a un Ingeniero Inform\u00e1tico Dialtel Empresa l\u00edder en el sector de las telecomunicaciones a nivel nacional precisa la contrataci\u00f3n de un Ingeniero Inform\u00e1tico con experiencia y conocimientos en los siguientes \u00e1mbitos:&nbsp; Administraci\u00f3n de sistemas Linux (CentOS, Ubuntu, Debian) Implantaci\u00f3n y administraci\u00f3n de [&hellip;]\" \/>\n<meta property=\"og:url\" content=\"https:\/\/esi.uclm.es\/index.php\/2019\/03\/18\/oferta-de-empleo-dialtel\/\" \/>\n<meta property=\"og:site_name\" content=\"Escuela Superior de Inform\u00e1tica de UCLM\" \/>\n<meta property=\"article:publisher\" content=\"https:\/\/www.facebook.com\/Escuela-Superior-de-Informtica-543261809027158\" \/>\n<meta property=\"article:published_time\" content=\"2019-03-18T12:14:00+00:00\" \/>\n<meta property=\"article:modified_time\" content=\"2022-03-24T12:16:34+00:00\" \/>\n<meta property=\"og:image\" content=\"https:\/\/esi.uclm.es\/assets\/uploads\/2022\/03\/original_dialtel.png\" \/>\n\t<meta property=\"og:image:width\" content=\"270\" \/>\n\t<meta property=\"og:image:height\" content=\"187\" \/>\n\t<meta property=\"og:image:type\" content=\"image\/png\" \/>\n<meta name=\"author\" content=\"David Cerrillo\" \/>\n<meta name=\"twitter:card\" content=\"summary_large_image\" \/>\n<meta name=\"twitter:creator\" content=\"@esiuclm\" \/>\n<meta name=\"twitter:site\" content=\"@esiuclm\" \/>\n<meta name=\"twitter:label1\" content=\"Escrito por\" \/>\n\t<meta name=\"twitter:data1\" content=\"David Cerrillo\" \/>\n\t<meta name=\"twitter:label2\" content=\"Tiempo de lectura\" \/>\n\t<meta name=\"twitter:data2\" content=\"1 minuto\" \/>\n<script type=\"application\/ld+json\" class=\"yoast-schema-graph\">{\"@context\":\"https:\\\/\\\/schema.org\",\"@graph\":[{\"@type\":\"Article\",\"@id\":\"https:\\\/\\\/esi.uclm.es\\\/index.php\\\/2019\\\/03\\\/18\\\/oferta-de-empleo-dialtel\\\/#article\",\"isPartOf\":{\"@id\":\"https:\\\/\\\/esi.uclm.es\\\/index.php\\\/2019\\\/03\\\/18\\\/oferta-de-empleo-dialtel\\\/\"},\"author\":{\"name\":\"David Cerrillo\",\"@id\":\"https:\\\/\\\/esi.uclm.es\\\/#\\\/schema\\\/person\\\/e841d0ea8bd5fa307af3980e9fe7664d\"},\"headline\":\"Oferta de empleo Dialtel\",\"datePublished\":\"2019-03-18T12:14:00+00:00\",\"dateModified\":\"2022-03-24T12:16:34+00:00\",\"mainEntityOfPage\":{\"@id\":\"https:\\\/\\\/esi.uclm.es\\\/index.php\\\/2019\\\/03\\\/18\\\/oferta-de-empleo-dialtel\\\/\"},\"wordCount\":147,\"commentCount\":0,\"publisher\":{\"@id\":\"https:\\\/\\\/esi.uclm.es\\\/#organization\"},\"image\":{\"@id\":\"https:\\\/\\\/esi.uclm.es\\\/index.php\\\/2019\\\/03\\\/18\\\/oferta-de-empleo-dialtel\\\/#primaryimage\"},\"thumbnailUrl\":\"https:\\\/\\\/esi.uclm.es\\\/assets\\\/uploads\\\/2022\\\/03\\\/original_dialtel.png\",\"articleSection\":[\"Becas\\\/Empleo\"],\"inLanguage\":\"es\",\"potentialAction\":[{\"@type\":\"CommentAction\",\"name\":\"Comment\",\"target\":[\"https:\\\/\\\/esi.uclm.es\\\/index.php\\\/2019\\\/03\\\/18\\\/oferta-de-empleo-dialtel\\\/#respond\"]}]},{\"@type\":\"WebPage\",\"@id\":\"https:\\\/\\\/esi.uclm.es\\\/index.php\\\/2019\\\/03\\\/18\\\/oferta-de-empleo-dialtel\\\/\",\"url\":\"https:\\\/\\\/esi.uclm.es\\\/index.php\\\/2019\\\/03\\\/18\\\/oferta-de-empleo-dialtel\\\/\",\"name\":\"Oferta de empleo Dialtel - Escuela Superior de Inform\u00e1tica de UCLM\",\"isPartOf\":{\"@id\":\"https:\\\/\\\/esi.uclm.es\\\/#website\"},\"primaryImageOfPage\":{\"@id\":\"https:\\\/\\\/esi.uclm.es\\\/index.php\\\/2019\\\/03\\\/18\\\/oferta-de-empleo-dialtel\\\/#primaryimage\"},\"image\":{\"@id\":\"https:\\\/\\\/esi.uclm.es\\\/index.php\\\/2019\\\/03\\\/18\\\/oferta-de-empleo-dialtel\\\/#primaryimage\"},\"thumbnailUrl\":\"https:\\\/\\\/esi.uclm.es\\\/assets\\\/uploads\\\/2022\\\/03\\\/original_dialtel.png\",\"datePublished\":\"2019-03-18T12:14:00+00:00\",\"dateModified\":\"2022-03-24T12:16:34+00:00\",\"breadcrumb\":{\"@id\":\"https:\\\/\\\/esi.uclm.es\\\/index.php\\\/2019\\\/03\\\/18\\\/oferta-de-empleo-dialtel\\\/#breadcrumb\"},\"inLanguage\":\"es\",\"potentialAction\":[{\"@type\":\"ReadAction\",\"target\":[\"https:\\\/\\\/esi.uclm.es\\\/index.php\\\/2019\\\/03\\\/18\\\/oferta-de-empleo-dialtel\\\/\"]}]},{\"@type\":\"ImageObject\",\"inLanguage\":\"es\",\"@id\":\"https:\\\/\\\/esi.uclm.es\\\/index.php\\\/2019\\\/03\\\/18\\\/oferta-de-empleo-dialtel\\\/#primaryimage\",\"url\":\"https:\\\/\\\/esi.uclm.es\\\/assets\\\/uploads\\\/2022\\\/03\\\/original_dialtel.png\",\"contentUrl\":\"https:\\\/\\\/esi.uclm.es\\\/assets\\\/uploads\\\/2022\\\/03\\\/original_dialtel.png\",\"width\":270,\"height\":187},{\"@type\":\"BreadcrumbList\",\"@id\":\"https:\\\/\\\/esi.uclm.es\\\/index.php\\\/2019\\\/03\\\/18\\\/oferta-de-empleo-dialtel\\\/#breadcrumb\",\"itemListElement\":[{\"@type\":\"ListItem\",\"position\":1,\"name\":\"Portada\",\"item\":\"https:\\\/\\\/esi.uclm.es\\\/\"},{\"@type\":\"ListItem\",\"position\":2,\"name\":\"Oferta de empleo Dialtel\"}]},{\"@type\":\"WebSite\",\"@id\":\"https:\\\/\\\/esi.uclm.es\\\/#website\",\"url\":\"https:\\\/\\\/esi.uclm.es\\\/\",\"name\":\"Escuela Superior de Inform\u00e1tica de UCLM en Ciudad Real, Castilla-La Mancha\",\"description\":\"La Escuela Superior de Inform\u00e1tica de Ciudad Real (Castilla-La Mancha), Universidad de Castilla-La Mancha es un centro universitario que imparte el ciclo completo de Ingenier\u00eda en Inform\u00e1tica: grado, m\u00e1ster y doctorado.\",\"publisher\":{\"@id\":\"https:\\\/\\\/esi.uclm.es\\\/#organization\"},\"potentialAction\":[{\"@type\":\"SearchAction\",\"target\":{\"@type\":\"EntryPoint\",\"urlTemplate\":\"https:\\\/\\\/esi.uclm.es\\\/?s={search_term_string}\"},\"query-input\":{\"@type\":\"PropertyValueSpecification\",\"valueRequired\":true,\"valueName\":\"search_term_string\"}}],\"inLanguage\":\"es\"},{\"@type\":\"Organization\",\"@id\":\"https:\\\/\\\/esi.uclm.es\\\/#organization\",\"name\":\"Escuela Superior de Inform\u00e1tica de UCLM\",\"url\":\"https:\\\/\\\/esi.uclm.es\\\/\",\"logo\":{\"@type\":\"ImageObject\",\"inLanguage\":\"es\",\"@id\":\"https:\\\/\\\/esi.uclm.es\\\/#\\\/schema\\\/logo\\\/image\\\/\",\"url\":\"https:\\\/\\\/esi.uclm.es\\\/assets\\\/uploads\\\/2022\\\/03\\\/LogoESI_cabecera-1.png\",\"contentUrl\":\"https:\\\/\\\/esi.uclm.es\\\/assets\\\/uploads\\\/2022\\\/03\\\/LogoESI_cabecera-1.png\",\"width\":460,\"height\":184,\"caption\":\"Escuela Superior de Inform\u00e1tica de UCLM\"},\"image\":{\"@id\":\"https:\\\/\\\/esi.uclm.es\\\/#\\\/schema\\\/logo\\\/image\\\/\"},\"sameAs\":[\"https:\\\/\\\/www.facebook.com\\\/Escuela-Superior-de-Informtica-543261809027158\",\"https:\\\/\\\/x.com\\\/esiuclm\",\"https:\\\/\\\/www.instagram.com\\\/esiuclm\\\/\",\"https:\\\/\\\/www.youtube.com\\\/user\\\/esiuclm\",\"https:\\\/\\\/www.twitch.tv\\\/esiuclm\",\"https:\\\/\\\/www.linkedin.com\\\/company\\\/12656631\\\/admin\\\/\"]},{\"@type\":\"Person\",\"@id\":\"https:\\\/\\\/esi.uclm.es\\\/#\\\/schema\\\/person\\\/e841d0ea8bd5fa307af3980e9fe7664d\",\"name\":\"David Cerrillo\",\"image\":{\"@type\":\"ImageObject\",\"inLanguage\":\"es\",\"@id\":\"https:\\\/\\\/secure.gravatar.com\\\/avatar\\\/9164dcaeb7e8e1042073f22a37bf8c6402e0870104d9c78f5732d36d67e2900b?s=96&d=mm&r=g\",\"url\":\"https:\\\/\\\/secure.gravatar.com\\\/avatar\\\/9164dcaeb7e8e1042073f22a37bf8c6402e0870104d9c78f5732d36d67e2900b?s=96&d=mm&r=g\",\"contentUrl\":\"https:\\\/\\\/secure.gravatar.com\\\/avatar\\\/9164dcaeb7e8e1042073f22a37bf8c6402e0870104d9c78f5732d36d67e2900b?s=96&d=mm&r=g\",\"caption\":\"David Cerrillo\"},\"url\":\"https:\\\/\\\/esi.uclm.es\\\/index.php\\\/author\\\/dcerrillo\\\/\"}]}<\/script>\n<!-- \/ Yoast SEO plugin. -->","yoast_head_json":{"title":"Oferta de empleo Dialtel - Escuela Superior de Inform\u00e1tica de UCLM","robots":{"index":"index","follow":"follow","max-snippet":"max-snippet:-1","max-image-preview":"max-image-preview:large","max-video-preview":"max-video-preview:-1"},"canonical":"https:\/\/esi.uclm.es\/index.php\/2019\/03\/18\/oferta-de-empleo-dialtel\/","og_locale":"es_ES","og_type":"article","og_title":"Oferta de empleo Dialtel - Escuela Superior de Inform\u00e1tica de UCLM","og_description":"Dialtel necesita contratar a un Ingeniero Inform\u00e1tico Dialtel Empresa l\u00edder en el sector de las telecomunicaciones a nivel nacional precisa la contrataci\u00f3n de un Ingeniero Inform\u00e1tico con experiencia y conocimientos en los siguientes \u00e1mbitos:&nbsp; Administraci\u00f3n de sistemas Linux (CentOS, Ubuntu, Debian) Implantaci\u00f3n y administraci\u00f3n de [&hellip;]","og_url":"https:\/\/esi.uclm.es\/index.php\/2019\/03\/18\/oferta-de-empleo-dialtel\/","og_site_name":"Escuela Superior de Inform\u00e1tica de UCLM","article_publisher":"https:\/\/www.facebook.com\/Escuela-Superior-de-Informtica-543261809027158","article_published_time":"2019-03-18T12:14:00+00:00","article_modified_time":"2022-03-24T12:16:34+00:00","og_image":[{"width":270,"height":187,"url":"https:\/\/esi.uclm.es\/assets\/uploads\/2022\/03\/original_dialtel.png","type":"image\/png"}],"author":"David Cerrillo","twitter_card":"summary_large_image","twitter_creator":"@esiuclm","twitter_site":"@esiuclm","twitter_misc":{"Escrito por":"David Cerrillo","Tiempo de lectura":"1 minuto"},"schema":{"@context":"https:\/\/schema.org","@graph":[{"@type":"Article","@id":"https:\/\/esi.uclm.es\/index.php\/2019\/03\/18\/oferta-de-empleo-dialtel\/#article","isPartOf":{"@id":"https:\/\/esi.uclm.es\/index.php\/2019\/03\/18\/oferta-de-empleo-dialtel\/"},"author":{"name":"David Cerrillo","@id":"https:\/\/esi.uclm.es\/#\/schema\/person\/e841d0ea8bd5fa307af3980e9fe7664d"},"headline":"Oferta de empleo Dialtel","datePublished":"2019-03-18T12:14:00+00:00","dateModified":"2022-03-24T12:16:34+00:00","mainEntityOfPage":{"@id":"https:\/\/esi.uclm.es\/index.php\/2019\/03\/18\/oferta-de-empleo-dialtel\/"},"wordCount":147,"commentCount":0,"publisher":{"@id":"https:\/\/esi.uclm.es\/#organization"},"image":{"@id":"https:\/\/esi.uclm.es\/index.php\/2019\/03\/18\/oferta-de-empleo-dialtel\/#primaryimage"},"thumbnailUrl":"https:\/\/esi.uclm.es\/assets\/uploads\/2022\/03\/original_dialtel.png","articleSection":["Becas\/Empleo"],"inLanguage":"es","potentialAction":[{"@type":"CommentAction","name":"Comment","target":["https:\/\/esi.uclm.es\/index.php\/2019\/03\/18\/oferta-de-empleo-dialtel\/#respond"]}]},{"@type":"WebPage","@id":"https:\/\/esi.uclm.es\/index.php\/2019\/03\/18\/oferta-de-empleo-dialtel\/","url":"https:\/\/esi.uclm.es\/index.php\/2019\/03\/18\/oferta-de-empleo-dialtel\/","name":"Oferta de empleo Dialtel - Escuela Superior de Inform\u00e1tica de UCLM","isPartOf":{"@id":"https:\/\/esi.uclm.es\/#website"},"primaryImageOfPage":{"@id":"https:\/\/esi.uclm.es\/index.php\/2019\/03\/18\/oferta-de-empleo-dialtel\/#primaryimage"},"image":{"@id":"https:\/\/esi.uclm.es\/index.php\/2019\/03\/18\/oferta-de-empleo-dialtel\/#primaryimage"},"thumbnailUrl":"https:\/\/esi.uclm.es\/assets\/uploads\/2022\/03\/original_dialtel.png","datePublished":"2019-03-18T12:14:00+00:00","dateModified":"2022-03-24T12:16:34+00:00","breadcrumb":{"@id":"https:\/\/esi.uclm.es\/index.php\/2019\/03\/18\/oferta-de-empleo-dialtel\/#breadcrumb"},"inLanguage":"es","potentialAction":[{"@type":"ReadAction","target":["https:\/\/esi.uclm.es\/index.php\/2019\/03\/18\/oferta-de-empleo-dialtel\/"]}]},{"@type":"ImageObject","inLanguage":"es","@id":"https:\/\/esi.uclm.es\/index.php\/2019\/03\/18\/oferta-de-empleo-dialtel\/#primaryimage","url":"https:\/\/esi.uclm.es\/assets\/uploads\/2022\/03\/original_dialtel.png","contentUrl":"https:\/\/esi.uclm.es\/assets\/uploads\/2022\/03\/original_dialtel.png","width":270,"height":187},{"@type":"BreadcrumbList","@id":"https:\/\/esi.uclm.es\/index.php\/2019\/03\/18\/oferta-de-empleo-dialtel\/#breadcrumb","itemListElement":[{"@type":"ListItem","position":1,"name":"Portada","item":"https:\/\/esi.uclm.es\/"},{"@type":"ListItem","position":2,"name":"Oferta de empleo Dialtel"}]},{"@type":"WebSite","@id":"https:\/\/esi.uclm.es\/#website","url":"https:\/\/esi.uclm.es\/","name":"Escuela Superior de Inform\u00e1tica de UCLM en Ciudad Real, Castilla-La Mancha","description":"La Escuela Superior de Inform\u00e1tica de Ciudad Real (Castilla-La Mancha), Universidad de Castilla-La Mancha es un centro universitario que imparte el ciclo completo de Ingenier\u00eda en Inform\u00e1tica: grado, m\u00e1ster y doctorado.","publisher":{"@id":"https:\/\/esi.uclm.es\/#organization"},"potentialAction":[{"@type":"SearchAction","target":{"@type":"EntryPoint","urlTemplate":"https:\/\/esi.uclm.es\/?s={search_term_string}"},"query-input":{"@type":"PropertyValueSpecification","valueRequired":true,"valueName":"search_term_string"}}],"inLanguage":"es"},{"@type":"Organization","@id":"https:\/\/esi.uclm.es\/#organization","name":"Escuela Superior de Inform\u00e1tica de UCLM","url":"https:\/\/esi.uclm.es\/","logo":{"@type":"ImageObject","inLanguage":"es","@id":"https:\/\/esi.uclm.es\/#\/schema\/logo\/image\/","url":"https:\/\/esi.uclm.es\/assets\/uploads\/2022\/03\/LogoESI_cabecera-1.png","contentUrl":"https:\/\/esi.uclm.es\/assets\/uploads\/2022\/03\/LogoESI_cabecera-1.png","width":460,"height":184,"caption":"Escuela Superior de Inform\u00e1tica de UCLM"},"image":{"@id":"https:\/\/esi.uclm.es\/#\/schema\/logo\/image\/"},"sameAs":["https:\/\/www.facebook.com\/Escuela-Superior-de-Informtica-543261809027158","https:\/\/x.com\/esiuclm","https:\/\/www.instagram.com\/esiuclm\/","https:\/\/www.youtube.com\/user\/esiuclm","https:\/\/www.twitch.tv\/esiuclm","https:\/\/www.linkedin.com\/company\/12656631\/admin\/"]},{"@type":"Person","@id":"https:\/\/esi.uclm.es\/#\/schema\/person\/e841d0ea8bd5fa307af3980e9fe7664d","name":"David Cerrillo","image":{"@type":"ImageObject","inLanguage":"es","@id":"https:\/\/secure.gravatar.com\/avatar\/9164dcaeb7e8e1042073f22a37bf8c6402e0870104d9c78f5732d36d67e2900b?s=96&d=mm&r=g","url":"https:\/\/secure.gravatar.com\/avatar\/9164dcaeb7e8e1042073f22a37bf8c6402e0870104d9c78f5732d36d67e2900b?s=96&d=mm&r=g","contentUrl":"https:\/\/secure.gravatar.com\/avatar\/9164dcaeb7e8e1042073f22a37bf8c6402e0870104d9c78f5732d36d67e2900b?s=96&d=mm&r=g","caption":"David Cerrillo"},"url":"https:\/\/esi.uclm.es\/index.php\/author\/dcerrillo\/"}]}},"_links":{"self":[{"href":"https:\/\/esi.uclm.es\/index.php\/wp-json\/wp\/v2\/posts\/8810","targetHints":{"allow":["GET"]}}],"collection":[{"href":"https:\/\/esi.uclm.es\/index.php\/wp-json\/wp\/v2\/posts"}],"about":[{"href":"https:\/\/esi.uclm.es\/index.php\/wp-json\/wp\/v2\/types\/post"}],"author":[{"embeddable":true,"href":"https:\/\/esi.uclm.es\/index.php\/wp-json\/wp\/v2\/users\/4"}],"replies":[{"embeddable":true,"href":"https:\/\/esi.uclm.es\/index.php\/wp-json\/wp\/v2\/comments?post=8810"}],"version-history":[{"count":1,"href":"https:\/\/esi.uclm.es\/index.php\/wp-json\/wp\/v2\/posts\/8810\/revisions"}],"predecessor-version":[{"id":8812,"href":"https:\/\/esi.uclm.es\/index.php\/wp-json\/wp\/v2\/posts\/8810\/revisions\/8812"}],"wp:featuredmedia":[{"embeddable":true,"href":"https:\/\/esi.uclm.es\/index.php\/wp-json\/wp\/v2\/media\/8811"}],"wp:attachment":[{"href":"https:\/\/esi.uclm.es\/index.php\/wp-json\/wp\/v2\/media?parent=8810"}],"wp:term":[{"taxonomy":"category","embeddable":true,"href":"https:\/\/esi.uclm.es\/index.php\/wp-json\/wp\/v2\/categories?post=8810"},{"taxonomy":"post_tag","embeddable":true,"href":"https:\/\/esi.uclm.es\/index.php\/wp-json\/wp\/v2\/tags?post=8810"}],"curies":[{"name":"wp","href":"https:\/\/api.w.org\/{rel}","templated":true}]}}