{"id":7943,"date":"2022-03-14T05:42:01","date_gmt":"2022-03-14T05:42:01","guid":{"rendered":"https:\/\/esi.uclm.es\/?p=7943"},"modified":"2022-03-14T05:43:51","modified_gmt":"2022-03-14T05:43:51","slug":"convocatoria-de-ayudas-para-movilidad-de-practicas-curriculares","status":"publish","type":"post","link":"https:\/\/esi.uclm.es\/index.php\/2022\/03\/14\/convocatoria-de-ayudas-para-movilidad-de-practicas-curriculares\/","title":{"rendered":"Convocatoria de ayudas para movilidad de pr\u00e1cticas curriculares"},"content":{"rendered":"\n<p><strong>Presentaci\u00f3n Solicitudes:&nbsp;<\/strong>del 10\/03\/2022 al 23\/03\/2022, <strong>Fecha Resoluci\u00f3n:&nbsp;<\/strong>03\/03\/2022<\/p>\n\n\n\n<p>Se convocan ayudas para compensar gastos de desplazamiento y alojamiento de estudiantes universitarios con el objetivo de fomentar la realizaci\u00f3n de pr\u00e1cticas curriculares dentro de la Comunidad de Castilla-La Mancha por parte de estudiantes de la UCLM en localidades distintas en las que se encuentra el domicilio familiar, la residencia habitual del \/la estudiante y el centro docente en el que curse sus estudios.<\/p>\n\n\n\n<p>Se dotar\u00e1n&nbsp;<strong>135 ayudas<\/strong>&nbsp;para estancias de pr\u00e1cticas curriculares.<\/p>\n\n\n\n<p>Las ayudas se conceder\u00e1n teniendo en cuenta la siguiente distribuci\u00f3n, en funci\u00f3n del n\u00famero de estudiantes que realiza pr\u00e1cticas curriculares anualmente en cada \u00e1rea de conocimiento:<\/p>\n\n\n\n<p>&#8211; \u00c1rea de Ciencias de la Salud: 67 ayudas<br>&#8211; \u00c1rea de Artes y Humanidades: 1 ayuda<br>&#8211; \u00c1rea de Ingenier\u00eda y Arquitectura: 10 ayudas<br>&#8211; \u00c1rea de Ciencias Sociales y Jur\u00eddicas: 53 ayudas<br>&#8211; \u00c1rea de Ciencias: 4 ayudas<\/p>\n\n\n\n<p>Cada beca tendr\u00e1 una dotaci\u00f3n m\u00e1xima de 200 euros cada una.Bases de la Convocatoria<\/p>\n\n\n\n<ul class=\"wp-block-list\"><li><a href=\"https:\/\/www.uclm.es\/-\/media\/Files\/A01-Asistencia-Direccion\/A01-135-Vicerrectorado-Transferencia\/CONVOCATORIAS\/Programa-Movilidad\/Convocatoria\/Convocatoria-Movilidad-Prcticas-Firmado.ashx\">Convocatoria de ayudas para movilidad de pr\u00e1cticas curriculares de estudios de grado<\/a><\/li><\/ul>\n\n\n\n<p>Documentaci\u00f3n anexa<\/p>\n\n\n\n<ul class=\"wp-block-list\"><li><a href=\"https:\/\/www.uclm.es\/-\/media\/Files\/A01-Asistencia-Direccion\/A01-135-Vicerrectorado-Transferencia\/CONVOCATORIAS\/Programa-Movilidad\/Anexo\/Anexo.ashx\">Anexo<\/a><\/li><\/ul>\n\n\n\n<p>+ Informaci\u00f3n a trav\u00e9s de <a href=\"https:\/\/www.uclm.es\/es\/global\/promotores\/organos-de-gobierno\/vicerrectorado-de-transferencia-e-innovacion\/ultimas-convocatorias\/movilidad\">este enlace<\/a><\/p>\n","protected":false},"excerpt":{"rendered":"<p>Presentaci\u00f3n Solicitudes:&nbsp;del 10\/03\/2022 al 23\/03\/2022, Fecha Resoluci\u00f3n:&nbsp;03\/03\/2022 Se convocan ayudas para compensar gastos de desplazamiento y alojamiento de estudiantes universitarios con el objetivo de fomentar la realizaci\u00f3n de pr\u00e1cticas curriculares dentro de la Comunidad de Castilla-La Mancha por parte de estudiantes de la UCLM en [&hellip;]<\/p>\n","protected":false},"author":1,"featured_media":7944,"comment_status":"open","ping_status":"open","sticky":false,"template":"","format":"standard","meta":{"footnotes":""},"categories":[621],"tags":[650,867,832],"class_list":["post-7943","post","type-post","status-publish","format-standard","has-post-thumbnail","hentry","category-becas_y_empleo","tag-becas","tag-movilidad","tag-practicas"],"yoast_head":"<!-- This site is optimized with the Yoast SEO plugin v27.4 - https:\/\/yoast.com\/product\/yoast-seo-wordpress\/ -->\n<title>Convocatoria de ayudas para movilidad de pr\u00e1cticas curriculares - Escuela Superior de Inform\u00e1tica de UCLM<\/title>\n<meta name=\"robots\" content=\"index, follow, max-snippet:-1, max-image-preview:large, max-video-preview:-1\" \/>\n<link rel=\"canonical\" href=\"https:\/\/esi.uclm.es\/index.php\/2022\/03\/14\/convocatoria-de-ayudas-para-movilidad-de-practicas-curriculares\/\" \/>\n<meta property=\"og:locale\" content=\"es_ES\" \/>\n<meta property=\"og:type\" content=\"article\" \/>\n<meta property=\"og:title\" content=\"Convocatoria de ayudas para movilidad de pr\u00e1cticas curriculares - Escuela Superior de Inform\u00e1tica de UCLM\" \/>\n<meta property=\"og:description\" content=\"Presentaci\u00f3n Solicitudes:&nbsp;del 10\/03\/2022 al 23\/03\/2022, Fecha Resoluci\u00f3n:&nbsp;03\/03\/2022 Se convocan ayudas para compensar gastos de desplazamiento y alojamiento de estudiantes universitarios con el objetivo de fomentar la realizaci\u00f3n de pr\u00e1cticas curriculares dentro de la Comunidad de Castilla-La Mancha por parte de estudiantes de la UCLM en [&hellip;]\" \/>\n<meta property=\"og:url\" content=\"https:\/\/esi.uclm.es\/index.php\/2022\/03\/14\/convocatoria-de-ayudas-para-movilidad-de-practicas-curriculares\/\" \/>\n<meta property=\"og:site_name\" content=\"Escuela Superior de Inform\u00e1tica de UCLM\" \/>\n<meta property=\"article:publisher\" content=\"https:\/\/www.facebook.com\/Escuela-Superior-de-Informtica-543261809027158\" \/>\n<meta property=\"article:published_time\" content=\"2022-03-14T05:42:01+00:00\" \/>\n<meta property=\"article:modified_time\" content=\"2022-03-14T05:43:51+00:00\" \/>\n<meta property=\"og:image\" content=\"https:\/\/esi.uclm.es\/assets\/uploads\/2022\/03\/uclm_students.jpeg\" \/>\n\t<meta property=\"og:image:width\" content=\"652\" \/>\n\t<meta property=\"og:image:height\" content=\"408\" \/>\n\t<meta property=\"og:image:type\" content=\"image\/jpeg\" \/>\n<meta name=\"author\" content=\"esiuclm\" \/>\n<meta name=\"twitter:card\" content=\"summary_large_image\" \/>\n<meta name=\"twitter:creator\" content=\"@esiuclm\" \/>\n<meta name=\"twitter:site\" content=\"@esiuclm\" \/>\n<meta name=\"twitter:label1\" content=\"Escrito por\" \/>\n\t<meta name=\"twitter:data1\" content=\"esiuclm\" \/>\n\t<meta name=\"twitter:label2\" content=\"Tiempo de lectura\" \/>\n\t<meta name=\"twitter:data2\" content=\"1 minuto\" \/>\n<script type=\"application\/ld+json\" class=\"yoast-schema-graph\">{\"@context\":\"https:\\\/\\\/schema.org\",\"@graph\":[{\"@type\":\"Article\",\"@id\":\"https:\\\/\\\/esi.uclm.es\\\/index.php\\\/2022\\\/03\\\/14\\\/convocatoria-de-ayudas-para-movilidad-de-practicas-curriculares\\\/#article\",\"isPartOf\":{\"@id\":\"https:\\\/\\\/esi.uclm.es\\\/index.php\\\/2022\\\/03\\\/14\\\/convocatoria-de-ayudas-para-movilidad-de-practicas-curriculares\\\/\"},\"author\":{\"name\":\"esiuclm\",\"@id\":\"https:\\\/\\\/esi.uclm.es\\\/#\\\/schema\\\/person\\\/d9a390095e8beeca5aced92acb17a530\"},\"headline\":\"Convocatoria de ayudas para movilidad de pr\u00e1cticas curriculares\",\"datePublished\":\"2022-03-14T05:42:01+00:00\",\"dateModified\":\"2022-03-14T05:43:51+00:00\",\"mainEntityOfPage\":{\"@id\":\"https:\\\/\\\/esi.uclm.es\\\/index.php\\\/2022\\\/03\\\/14\\\/convocatoria-de-ayudas-para-movilidad-de-practicas-curriculares\\\/\"},\"wordCount\":202,\"commentCount\":0,\"publisher\":{\"@id\":\"https:\\\/\\\/esi.uclm.es\\\/#organization\"},\"image\":{\"@id\":\"https:\\\/\\\/esi.uclm.es\\\/index.php\\\/2022\\\/03\\\/14\\\/convocatoria-de-ayudas-para-movilidad-de-practicas-curriculares\\\/#primaryimage\"},\"thumbnailUrl\":\"https:\\\/\\\/esi.uclm.es\\\/assets\\\/uploads\\\/2022\\\/03\\\/uclm_students.jpeg\",\"keywords\":[\"Becas\",\"Movilidad\",\"Pr\u00e1cticas\"],\"articleSection\":[\"Becas\\\/Empleo\"],\"inLanguage\":\"es\",\"potentialAction\":[{\"@type\":\"CommentAction\",\"name\":\"Comment\",\"target\":[\"https:\\\/\\\/esi.uclm.es\\\/index.php\\\/2022\\\/03\\\/14\\\/convocatoria-de-ayudas-para-movilidad-de-practicas-curriculares\\\/#respond\"]}]},{\"@type\":\"WebPage\",\"@id\":\"https:\\\/\\\/esi.uclm.es\\\/index.php\\\/2022\\\/03\\\/14\\\/convocatoria-de-ayudas-para-movilidad-de-practicas-curriculares\\\/\",\"url\":\"https:\\\/\\\/esi.uclm.es\\\/index.php\\\/2022\\\/03\\\/14\\\/convocatoria-de-ayudas-para-movilidad-de-practicas-curriculares\\\/\",\"name\":\"Convocatoria de ayudas para movilidad de pr\u00e1cticas curriculares - Escuela Superior de Inform\u00e1tica de UCLM\",\"isPartOf\":{\"@id\":\"https:\\\/\\\/esi.uclm.es\\\/#website\"},\"primaryImageOfPage\":{\"@id\":\"https:\\\/\\\/esi.uclm.es\\\/index.php\\\/2022\\\/03\\\/14\\\/convocatoria-de-ayudas-para-movilidad-de-practicas-curriculares\\\/#primaryimage\"},\"image\":{\"@id\":\"https:\\\/\\\/esi.uclm.es\\\/index.php\\\/2022\\\/03\\\/14\\\/convocatoria-de-ayudas-para-movilidad-de-practicas-curriculares\\\/#primaryimage\"},\"thumbnailUrl\":\"https:\\\/\\\/esi.uclm.es\\\/assets\\\/uploads\\\/2022\\\/03\\\/uclm_students.jpeg\",\"datePublished\":\"2022-03-14T05:42:01+00:00\",\"dateModified\":\"2022-03-14T05:43:51+00:00\",\"breadcrumb\":{\"@id\":\"https:\\\/\\\/esi.uclm.es\\\/index.php\\\/2022\\\/03\\\/14\\\/convocatoria-de-ayudas-para-movilidad-de-practicas-curriculares\\\/#breadcrumb\"},\"inLanguage\":\"es\",\"potentialAction\":[{\"@type\":\"ReadAction\",\"target\":[\"https:\\\/\\\/esi.uclm.es\\\/index.php\\\/2022\\\/03\\\/14\\\/convocatoria-de-ayudas-para-movilidad-de-practicas-curriculares\\\/\"]}]},{\"@type\":\"ImageObject\",\"inLanguage\":\"es\",\"@id\":\"https:\\\/\\\/esi.uclm.es\\\/index.php\\\/2022\\\/03\\\/14\\\/convocatoria-de-ayudas-para-movilidad-de-practicas-curriculares\\\/#primaryimage\",\"url\":\"https:\\\/\\\/esi.uclm.es\\\/assets\\\/uploads\\\/2022\\\/03\\\/uclm_students.jpeg\",\"contentUrl\":\"https:\\\/\\\/esi.uclm.es\\\/assets\\\/uploads\\\/2022\\\/03\\\/uclm_students.jpeg\",\"width\":652,\"height\":408,\"caption\":\"Campus Universitario de la Universidad de Castilla-La Mancha en Albacete\"},{\"@type\":\"BreadcrumbList\",\"@id\":\"https:\\\/\\\/esi.uclm.es\\\/index.php\\\/2022\\\/03\\\/14\\\/convocatoria-de-ayudas-para-movilidad-de-practicas-curriculares\\\/#breadcrumb\",\"itemListElement\":[{\"@type\":\"ListItem\",\"position\":1,\"name\":\"Portada\",\"item\":\"https:\\\/\\\/esi.uclm.es\\\/\"},{\"@type\":\"ListItem\",\"position\":2,\"name\":\"Convocatoria de ayudas para movilidad de pr\u00e1cticas curriculares\"}]},{\"@type\":\"WebSite\",\"@id\":\"https:\\\/\\\/esi.uclm.es\\\/#website\",\"url\":\"https:\\\/\\\/esi.uclm.es\\\/\",\"name\":\"Escuela Superior de Inform\u00e1tica de UCLM en Ciudad Real, Castilla-La Mancha\",\"description\":\"La Escuela Superior de Inform\u00e1tica de Ciudad Real (Castilla-La Mancha), Universidad de Castilla-La Mancha es un centro universitario que imparte el ciclo completo de Ingenier\u00eda en Inform\u00e1tica: grado, m\u00e1ster y doctorado.\",\"publisher\":{\"@id\":\"https:\\\/\\\/esi.uclm.es\\\/#organization\"},\"potentialAction\":[{\"@type\":\"SearchAction\",\"target\":{\"@type\":\"EntryPoint\",\"urlTemplate\":\"https:\\\/\\\/esi.uclm.es\\\/?s={search_term_string}\"},\"query-input\":{\"@type\":\"PropertyValueSpecification\",\"valueRequired\":true,\"valueName\":\"search_term_string\"}}],\"inLanguage\":\"es\"},{\"@type\":\"Organization\",\"@id\":\"https:\\\/\\\/esi.uclm.es\\\/#organization\",\"name\":\"Escuela Superior de Inform\u00e1tica de UCLM\",\"url\":\"https:\\\/\\\/esi.uclm.es\\\/\",\"logo\":{\"@type\":\"ImageObject\",\"inLanguage\":\"es\",\"@id\":\"https:\\\/\\\/esi.uclm.es\\\/#\\\/schema\\\/logo\\\/image\\\/\",\"url\":\"https:\\\/\\\/esi.uclm.es\\\/assets\\\/uploads\\\/2022\\\/03\\\/LogoESI_cabecera-1.png\",\"contentUrl\":\"https:\\\/\\\/esi.uclm.es\\\/assets\\\/uploads\\\/2022\\\/03\\\/LogoESI_cabecera-1.png\",\"width\":460,\"height\":184,\"caption\":\"Escuela Superior de Inform\u00e1tica de UCLM\"},\"image\":{\"@id\":\"https:\\\/\\\/esi.uclm.es\\\/#\\\/schema\\\/logo\\\/image\\\/\"},\"sameAs\":[\"https:\\\/\\\/www.facebook.com\\\/Escuela-Superior-de-Informtica-543261809027158\",\"https:\\\/\\\/x.com\\\/esiuclm\",\"https:\\\/\\\/www.instagram.com\\\/esiuclm\\\/\",\"https:\\\/\\\/www.youtube.com\\\/user\\\/esiuclm\",\"https:\\\/\\\/www.twitch.tv\\\/esiuclm\",\"https:\\\/\\\/www.linkedin.com\\\/company\\\/12656631\\\/admin\\\/\"]},{\"@type\":\"Person\",\"@id\":\"https:\\\/\\\/esi.uclm.es\\\/#\\\/schema\\\/person\\\/d9a390095e8beeca5aced92acb17a530\",\"name\":\"esiuclm\",\"image\":{\"@type\":\"ImageObject\",\"inLanguage\":\"es\",\"@id\":\"https:\\\/\\\/secure.gravatar.com\\\/avatar\\\/ff32e6f445454691c713484fe154c7002761ecabfa4cfa2fea57c231744892da?s=96&d=mm&r=g\",\"url\":\"https:\\\/\\\/secure.gravatar.com\\\/avatar\\\/ff32e6f445454691c713484fe154c7002761ecabfa4cfa2fea57c231744892da?s=96&d=mm&r=g\",\"contentUrl\":\"https:\\\/\\\/secure.gravatar.com\\\/avatar\\\/ff32e6f445454691c713484fe154c7002761ecabfa4cfa2fea57c231744892da?s=96&d=mm&r=g\",\"caption\":\"esiuclm\"},\"sameAs\":[\"https:\\\/\\\/esi.uclm.es\"],\"url\":\"https:\\\/\\\/esi.uclm.es\\\/index.php\\\/author\\\/esiadmin\\\/\"}]}<\/script>\n<!-- \/ Yoast SEO plugin. -->","yoast_head_json":{"title":"Convocatoria de ayudas para movilidad de pr\u00e1cticas curriculares - Escuela Superior de Inform\u00e1tica de UCLM","robots":{"index":"index","follow":"follow","max-snippet":"max-snippet:-1","max-image-preview":"max-image-preview:large","max-video-preview":"max-video-preview:-1"},"canonical":"https:\/\/esi.uclm.es\/index.php\/2022\/03\/14\/convocatoria-de-ayudas-para-movilidad-de-practicas-curriculares\/","og_locale":"es_ES","og_type":"article","og_title":"Convocatoria de ayudas para movilidad de pr\u00e1cticas curriculares - Escuela Superior de Inform\u00e1tica de UCLM","og_description":"Presentaci\u00f3n Solicitudes:&nbsp;del 10\/03\/2022 al 23\/03\/2022, Fecha Resoluci\u00f3n:&nbsp;03\/03\/2022 Se convocan ayudas para compensar gastos de desplazamiento y alojamiento de estudiantes universitarios con el objetivo de fomentar la realizaci\u00f3n de pr\u00e1cticas curriculares dentro de la Comunidad de Castilla-La Mancha por parte de estudiantes de la UCLM en [&hellip;]","og_url":"https:\/\/esi.uclm.es\/index.php\/2022\/03\/14\/convocatoria-de-ayudas-para-movilidad-de-practicas-curriculares\/","og_site_name":"Escuela Superior de Inform\u00e1tica de UCLM","article_publisher":"https:\/\/www.facebook.com\/Escuela-Superior-de-Informtica-543261809027158","article_published_time":"2022-03-14T05:42:01+00:00","article_modified_time":"2022-03-14T05:43:51+00:00","og_image":[{"width":652,"height":408,"url":"https:\/\/esi.uclm.es\/assets\/uploads\/2022\/03\/uclm_students.jpeg","type":"image\/jpeg"}],"author":"esiuclm","twitter_card":"summary_large_image","twitter_creator":"@esiuclm","twitter_site":"@esiuclm","twitter_misc":{"Escrito por":"esiuclm","Tiempo de lectura":"1 minuto"},"schema":{"@context":"https:\/\/schema.org","@graph":[{"@type":"Article","@id":"https:\/\/esi.uclm.es\/index.php\/2022\/03\/14\/convocatoria-de-ayudas-para-movilidad-de-practicas-curriculares\/#article","isPartOf":{"@id":"https:\/\/esi.uclm.es\/index.php\/2022\/03\/14\/convocatoria-de-ayudas-para-movilidad-de-practicas-curriculares\/"},"author":{"name":"esiuclm","@id":"https:\/\/esi.uclm.es\/#\/schema\/person\/d9a390095e8beeca5aced92acb17a530"},"headline":"Convocatoria de ayudas para movilidad de pr\u00e1cticas curriculares","datePublished":"2022-03-14T05:42:01+00:00","dateModified":"2022-03-14T05:43:51+00:00","mainEntityOfPage":{"@id":"https:\/\/esi.uclm.es\/index.php\/2022\/03\/14\/convocatoria-de-ayudas-para-movilidad-de-practicas-curriculares\/"},"wordCount":202,"commentCount":0,"publisher":{"@id":"https:\/\/esi.uclm.es\/#organization"},"image":{"@id":"https:\/\/esi.uclm.es\/index.php\/2022\/03\/14\/convocatoria-de-ayudas-para-movilidad-de-practicas-curriculares\/#primaryimage"},"thumbnailUrl":"https:\/\/esi.uclm.es\/assets\/uploads\/2022\/03\/uclm_students.jpeg","keywords":["Becas","Movilidad","Pr\u00e1cticas"],"articleSection":["Becas\/Empleo"],"inLanguage":"es","potentialAction":[{"@type":"CommentAction","name":"Comment","target":["https:\/\/esi.uclm.es\/index.php\/2022\/03\/14\/convocatoria-de-ayudas-para-movilidad-de-practicas-curriculares\/#respond"]}]},{"@type":"WebPage","@id":"https:\/\/esi.uclm.es\/index.php\/2022\/03\/14\/convocatoria-de-ayudas-para-movilidad-de-practicas-curriculares\/","url":"https:\/\/esi.uclm.es\/index.php\/2022\/03\/14\/convocatoria-de-ayudas-para-movilidad-de-practicas-curriculares\/","name":"Convocatoria de ayudas para movilidad de pr\u00e1cticas curriculares - Escuela Superior de Inform\u00e1tica de UCLM","isPartOf":{"@id":"https:\/\/esi.uclm.es\/#website"},"primaryImageOfPage":{"@id":"https:\/\/esi.uclm.es\/index.php\/2022\/03\/14\/convocatoria-de-ayudas-para-movilidad-de-practicas-curriculares\/#primaryimage"},"image":{"@id":"https:\/\/esi.uclm.es\/index.php\/2022\/03\/14\/convocatoria-de-ayudas-para-movilidad-de-practicas-curriculares\/#primaryimage"},"thumbnailUrl":"https:\/\/esi.uclm.es\/assets\/uploads\/2022\/03\/uclm_students.jpeg","datePublished":"2022-03-14T05:42:01+00:00","dateModified":"2022-03-14T05:43:51+00:00","breadcrumb":{"@id":"https:\/\/esi.uclm.es\/index.php\/2022\/03\/14\/convocatoria-de-ayudas-para-movilidad-de-practicas-curriculares\/#breadcrumb"},"inLanguage":"es","potentialAction":[{"@type":"ReadAction","target":["https:\/\/esi.uclm.es\/index.php\/2022\/03\/14\/convocatoria-de-ayudas-para-movilidad-de-practicas-curriculares\/"]}]},{"@type":"ImageObject","inLanguage":"es","@id":"https:\/\/esi.uclm.es\/index.php\/2022\/03\/14\/convocatoria-de-ayudas-para-movilidad-de-practicas-curriculares\/#primaryimage","url":"https:\/\/esi.uclm.es\/assets\/uploads\/2022\/03\/uclm_students.jpeg","contentUrl":"https:\/\/esi.uclm.es\/assets\/uploads\/2022\/03\/uclm_students.jpeg","width":652,"height":408,"caption":"Campus Universitario de la Universidad de Castilla-La Mancha en Albacete"},{"@type":"BreadcrumbList","@id":"https:\/\/esi.uclm.es\/index.php\/2022\/03\/14\/convocatoria-de-ayudas-para-movilidad-de-practicas-curriculares\/#breadcrumb","itemListElement":[{"@type":"ListItem","position":1,"name":"Portada","item":"https:\/\/esi.uclm.es\/"},{"@type":"ListItem","position":2,"name":"Convocatoria de ayudas para movilidad de pr\u00e1cticas curriculares"}]},{"@type":"WebSite","@id":"https:\/\/esi.uclm.es\/#website","url":"https:\/\/esi.uclm.es\/","name":"Escuela Superior de Inform\u00e1tica de UCLM en Ciudad Real, Castilla-La Mancha","description":"La Escuela Superior de Inform\u00e1tica de Ciudad Real (Castilla-La Mancha), Universidad de Castilla-La Mancha es un centro universitario que imparte el ciclo completo de Ingenier\u00eda en Inform\u00e1tica: grado, m\u00e1ster y doctorado.","publisher":{"@id":"https:\/\/esi.uclm.es\/#organization"},"potentialAction":[{"@type":"SearchAction","target":{"@type":"EntryPoint","urlTemplate":"https:\/\/esi.uclm.es\/?s={search_term_string}"},"query-input":{"@type":"PropertyValueSpecification","valueRequired":true,"valueName":"search_term_string"}}],"inLanguage":"es"},{"@type":"Organization","@id":"https:\/\/esi.uclm.es\/#organization","name":"Escuela Superior de Inform\u00e1tica de UCLM","url":"https:\/\/esi.uclm.es\/","logo":{"@type":"ImageObject","inLanguage":"es","@id":"https:\/\/esi.uclm.es\/#\/schema\/logo\/image\/","url":"https:\/\/esi.uclm.es\/assets\/uploads\/2022\/03\/LogoESI_cabecera-1.png","contentUrl":"https:\/\/esi.uclm.es\/assets\/uploads\/2022\/03\/LogoESI_cabecera-1.png","width":460,"height":184,"caption":"Escuela Superior de Inform\u00e1tica de UCLM"},"image":{"@id":"https:\/\/esi.uclm.es\/#\/schema\/logo\/image\/"},"sameAs":["https:\/\/www.facebook.com\/Escuela-Superior-de-Informtica-543261809027158","https:\/\/x.com\/esiuclm","https:\/\/www.instagram.com\/esiuclm\/","https:\/\/www.youtube.com\/user\/esiuclm","https:\/\/www.twitch.tv\/esiuclm","https:\/\/www.linkedin.com\/company\/12656631\/admin\/"]},{"@type":"Person","@id":"https:\/\/esi.uclm.es\/#\/schema\/person\/d9a390095e8beeca5aced92acb17a530","name":"esiuclm","image":{"@type":"ImageObject","inLanguage":"es","@id":"https:\/\/secure.gravatar.com\/avatar\/ff32e6f445454691c713484fe154c7002761ecabfa4cfa2fea57c231744892da?s=96&d=mm&r=g","url":"https:\/\/secure.gravatar.com\/avatar\/ff32e6f445454691c713484fe154c7002761ecabfa4cfa2fea57c231744892da?s=96&d=mm&r=g","contentUrl":"https:\/\/secure.gravatar.com\/avatar\/ff32e6f445454691c713484fe154c7002761ecabfa4cfa2fea57c231744892da?s=96&d=mm&r=g","caption":"esiuclm"},"sameAs":["https:\/\/esi.uclm.es"],"url":"https:\/\/esi.uclm.es\/index.php\/author\/esiadmin\/"}]}},"_links":{"self":[{"href":"https:\/\/esi.uclm.es\/index.php\/wp-json\/wp\/v2\/posts\/7943","targetHints":{"allow":["GET"]}}],"collection":[{"href":"https:\/\/esi.uclm.es\/index.php\/wp-json\/wp\/v2\/posts"}],"about":[{"href":"https:\/\/esi.uclm.es\/index.php\/wp-json\/wp\/v2\/types\/post"}],"author":[{"embeddable":true,"href":"https:\/\/esi.uclm.es\/index.php\/wp-json\/wp\/v2\/users\/1"}],"replies":[{"embeddable":true,"href":"https:\/\/esi.uclm.es\/index.php\/wp-json\/wp\/v2\/comments?post=7943"}],"version-history":[{"count":3,"href":"https:\/\/esi.uclm.es\/index.php\/wp-json\/wp\/v2\/posts\/7943\/revisions"}],"predecessor-version":[{"id":7947,"href":"https:\/\/esi.uclm.es\/index.php\/wp-json\/wp\/v2\/posts\/7943\/revisions\/7947"}],"wp:featuredmedia":[{"embeddable":true,"href":"https:\/\/esi.uclm.es\/index.php\/wp-json\/wp\/v2\/media\/7944"}],"wp:attachment":[{"href":"https:\/\/esi.uclm.es\/index.php\/wp-json\/wp\/v2\/media?parent=7943"}],"wp:term":[{"taxonomy":"category","embeddable":true,"href":"https:\/\/esi.uclm.es\/index.php\/wp-json\/wp\/v2\/categories?post=7943"},{"taxonomy":"post_tag","embeddable":true,"href":"https:\/\/esi.uclm.es\/index.php\/wp-json\/wp\/v2\/tags?post=7943"}],"curies":[{"name":"wp","href":"https:\/\/api.w.org\/{rel}","templated":true}]}}