{"id":5815,"date":"2021-09-26T15:43:00","date_gmt":"2021-09-26T15:43:00","guid":{"rendered":"http:\/\/esiaz24.uclm.es\/?p=5815"},"modified":"2022-02-05T15:45:43","modified_gmt":"2022-02-05T15:45:43","slug":"la-profesora-coral-calero-accesit-del-premio-nacional-idanae","status":"publish","type":"post","link":"https:\/\/esi.uclm.es\/index.php\/2021\/09\/26\/la-profesora-coral-calero-accesit-del-premio-nacional-idanae\/","title":{"rendered":"La profesora Coral Calero acc\u00e9sit del premio nacional iDanae"},"content":{"rendered":"\n<h3 class=\"wp-block-heading\" id=\"premio-a-la-candidatura-de-loreto-ordonez-solis\">Premio a la candidatura de Loreto Ord\u00f3\u00f1ez Sol\u00eds<\/h3>\n\n\n\n<p>La&nbsp;<strong>C\u00e1tedra iDanae<\/strong>&nbsp;(inteligencia, datos, an\u00e1lisis y estrategia) en Big Data y Analytics, creada en el marco de colaboraci\u00f3n de la&nbsp;<strong>Universidad Polit\u00e9cnica de Madrid<\/strong>&nbsp;(UPM) y&nbsp;<strong>Management Solutions<\/strong>, organiz\u00f3 el&nbsp;<strong>Premio iDanae a la mujer con excelente carrera profesional STEM<\/strong>, con el objetivo de&nbsp;<strong>visibilizar<\/strong>&nbsp;las carreras acad\u00e9micas y profesionales de mujeres en el \u00e1mbito STEM y de&nbsp;<strong>ampliar la base de talento<\/strong>&nbsp;femenino en este \u00e1mbito.<\/p>\n\n\n\n<p>Una vez evaluadas y analizadas las candidaturas recibidas, el jurado de expertos compuesto por dos acad\u00e9micos de la Real Academia de Ciencias de Espa\u00f1a y dos miembros de la C\u00e1tedra iDanae, determin\u00f3 conceder el Premio a la candidatura de&nbsp;<strong>Loreto Ord\u00f3\u00f1ez Sol\u00eds,<\/strong>&nbsp;CEO de Engie Espa\u00f1a. El fallo del jurado ha querido reconocer de esta manera la exitosa y dilatada carrera profesional de Loreto, Ingeniera de Minas por la Universidad de Oviedo y la Universit\u00e9 Libre de Bruselas (B\u00e9lgica), M\u00e1ster en Combusti\u00f3n y Energ\u00eda por la Universidad de Leeds (Reino Unido) y MBA por el IESE.<\/p>\n\n\n\n<p>Dado el alto nivel de todas las participantes, el jurado ha decidido igualmente reconocer p\u00fablicamente, mediante la concesi\u00f3n de un acc\u00e9sit, las carreras profesionales de&nbsp;<strong>Raquel Barco Morena<\/strong>&nbsp;(Universidad de M\u00e1laga),&nbsp;<strong>Coral Calero Mu\u00f1oz<\/strong>&nbsp;(Universidad de Castilla-La Mancha),&nbsp;<strong>Eva Pag\u00e1n D\u00edaz<\/strong>&nbsp;(Red El\u00e9ctrica Espa\u00f1ola) y a&nbsp;<strong>Mar\u00eda del<\/strong>&nbsp;<strong>Mar Viana Rodr\u00edguez<\/strong>&nbsp;(Consejo Superior de Investigaciones Cient\u00edficas).<\/p>\n\n\n\n<p>Durante el Acto anual de presentaci\u00f3n de trabajos de la C\u00e1tedra iDanae en la Real Academia de las Ciencias (fecha pendiente de confirmaci\u00f3n) se proceder\u00e1 a la entrega tanto del Premio como de los acc\u00e9sit.<\/p>\n\n\n\n<p>En el apartado de&nbsp;<strong>Carreras STEM<\/strong>&nbsp;encontrar\u00e1s los v\u00eddeos con los testimonios de cuatro mujeres con formaci\u00f3n STEM y que est\u00e1n desarrollando carreras en diversos \u00e1mbitos.<\/p>\n\n\n\n<p><a href=\"https:\/\/medal.ctb.upm.es\/launch_iDanae\/premios\/mujer_carrera_stem\/\">+ Info<\/a><\/p>\n","protected":false},"excerpt":{"rendered":"<p>Premio a la candidatura de Loreto Ord\u00f3\u00f1ez Sol\u00eds La&nbsp;C\u00e1tedra iDanae&nbsp;(inteligencia, datos, an\u00e1lisis y estrategia) en Big Data y Analytics, creada en el marco de colaboraci\u00f3n de la&nbsp;Universidad Polit\u00e9cnica de Madrid&nbsp;(UPM) y&nbsp;Management Solutions, organiz\u00f3 el&nbsp;Premio iDanae a la mujer con excelente carrera profesional STEM, con el [&hellip;]<\/p>\n","protected":false},"author":1,"featured_media":5816,"comment_status":"open","ping_status":"open","sticky":false,"template":"","format":"standard","meta":{"footnotes":""},"categories":[622,620],"tags":[712,711,713],"class_list":["post-5815","post","type-post","status-publish","format-standard","has-post-thumbnail","hentry","category-docencia","category-investigacion","tag-coral-calero","tag-premio","tag-stem"],"yoast_head":"<!-- This site is optimized with the Yoast SEO plugin v27.5 - https:\/\/yoast.com\/product\/yoast-seo-wordpress\/ -->\n<title>La profesora Coral Calero acc\u00e9sit del premio nacional iDanae - Escuela Superior de Inform\u00e1tica de UCLM<\/title>\n<meta name=\"robots\" content=\"index, follow, max-snippet:-1, max-image-preview:large, max-video-preview:-1\" \/>\n<link rel=\"canonical\" href=\"https:\/\/esi.uclm.es\/index.php\/2021\/09\/26\/la-profesora-coral-calero-accesit-del-premio-nacional-idanae\/\" \/>\n<meta property=\"og:locale\" content=\"es_ES\" \/>\n<meta property=\"og:type\" content=\"article\" \/>\n<meta property=\"og:title\" content=\"La profesora Coral Calero acc\u00e9sit del premio nacional iDanae - Escuela Superior de Inform\u00e1tica de UCLM\" \/>\n<meta property=\"og:description\" content=\"Premio a la candidatura de Loreto Ord\u00f3\u00f1ez Sol\u00eds La&nbsp;C\u00e1tedra iDanae&nbsp;(inteligencia, datos, an\u00e1lisis y estrategia) en Big Data y Analytics, creada en el marco de colaboraci\u00f3n de la&nbsp;Universidad Polit\u00e9cnica de Madrid&nbsp;(UPM) y&nbsp;Management Solutions, organiz\u00f3 el&nbsp;Premio iDanae a la mujer con excelente carrera profesional STEM, con el [&hellip;]\" \/>\n<meta property=\"og:url\" content=\"https:\/\/esi.uclm.es\/index.php\/2021\/09\/26\/la-profesora-coral-calero-accesit-del-premio-nacional-idanae\/\" \/>\n<meta property=\"og:site_name\" content=\"Escuela Superior de Inform\u00e1tica de UCLM\" \/>\n<meta property=\"article:publisher\" content=\"https:\/\/www.facebook.com\/Escuela-Superior-de-Informtica-543261809027158\" \/>\n<meta property=\"article:published_time\" content=\"2021-09-26T15:43:00+00:00\" \/>\n<meta property=\"article:modified_time\" content=\"2022-02-05T15:45:43+00:00\" \/>\n<meta property=\"og:image\" content=\"https:\/\/esi.uclm.es\/assets\/uploads\/2022\/02\/original_coral_web.png\" \/>\n\t<meta property=\"og:image:width\" content=\"1200\" \/>\n\t<meta property=\"og:image:height\" content=\"627\" \/>\n\t<meta property=\"og:image:type\" content=\"image\/png\" \/>\n<meta name=\"author\" content=\"esiuclm\" \/>\n<meta name=\"twitter:card\" content=\"summary_large_image\" \/>\n<meta name=\"twitter:creator\" content=\"@esiuclm\" \/>\n<meta name=\"twitter:site\" content=\"@esiuclm\" \/>\n<meta name=\"twitter:label1\" content=\"Escrito por\" \/>\n\t<meta name=\"twitter:data1\" content=\"esiuclm\" \/>\n\t<meta name=\"twitter:label2\" content=\"Tiempo de lectura\" \/>\n\t<meta name=\"twitter:data2\" content=\"2 minutos\" \/>\n<script type=\"application\/ld+json\" class=\"yoast-schema-graph\">{\"@context\":\"https:\\\/\\\/schema.org\",\"@graph\":[{\"@type\":\"Article\",\"@id\":\"https:\\\/\\\/esi.uclm.es\\\/index.php\\\/2021\\\/09\\\/26\\\/la-profesora-coral-calero-accesit-del-premio-nacional-idanae\\\/#article\",\"isPartOf\":{\"@id\":\"https:\\\/\\\/esi.uclm.es\\\/index.php\\\/2021\\\/09\\\/26\\\/la-profesora-coral-calero-accesit-del-premio-nacional-idanae\\\/\"},\"author\":{\"name\":\"esiuclm\",\"@id\":\"https:\\\/\\\/esi.uclm.es\\\/#\\\/schema\\\/person\\\/d9a390095e8beeca5aced92acb17a530\"},\"headline\":\"La profesora Coral Calero acc\u00e9sit del premio nacional iDanae\",\"datePublished\":\"2021-09-26T15:43:00+00:00\",\"dateModified\":\"2022-02-05T15:45:43+00:00\",\"mainEntityOfPage\":{\"@id\":\"https:\\\/\\\/esi.uclm.es\\\/index.php\\\/2021\\\/09\\\/26\\\/la-profesora-coral-calero-accesit-del-premio-nacional-idanae\\\/\"},\"wordCount\":360,\"commentCount\":0,\"publisher\":{\"@id\":\"https:\\\/\\\/esi.uclm.es\\\/#organization\"},\"image\":{\"@id\":\"https:\\\/\\\/esi.uclm.es\\\/index.php\\\/2021\\\/09\\\/26\\\/la-profesora-coral-calero-accesit-del-premio-nacional-idanae\\\/#primaryimage\"},\"thumbnailUrl\":\"https:\\\/\\\/esi.uclm.es\\\/assets\\\/uploads\\\/2022\\\/02\\\/original_coral_web.png\",\"keywords\":[\"Coral Calero\",\"Premio\",\"STEM\"],\"articleSection\":[\"Docencia\",\"Investigaci\u00f3n\"],\"inLanguage\":\"es\",\"potentialAction\":[{\"@type\":\"CommentAction\",\"name\":\"Comment\",\"target\":[\"https:\\\/\\\/esi.uclm.es\\\/index.php\\\/2021\\\/09\\\/26\\\/la-profesora-coral-calero-accesit-del-premio-nacional-idanae\\\/#respond\"]}]},{\"@type\":\"WebPage\",\"@id\":\"https:\\\/\\\/esi.uclm.es\\\/index.php\\\/2021\\\/09\\\/26\\\/la-profesora-coral-calero-accesit-del-premio-nacional-idanae\\\/\",\"url\":\"https:\\\/\\\/esi.uclm.es\\\/index.php\\\/2021\\\/09\\\/26\\\/la-profesora-coral-calero-accesit-del-premio-nacional-idanae\\\/\",\"name\":\"La profesora Coral Calero acc\u00e9sit del premio nacional iDanae - Escuela Superior de Inform\u00e1tica de UCLM\",\"isPartOf\":{\"@id\":\"https:\\\/\\\/esi.uclm.es\\\/#website\"},\"primaryImageOfPage\":{\"@id\":\"https:\\\/\\\/esi.uclm.es\\\/index.php\\\/2021\\\/09\\\/26\\\/la-profesora-coral-calero-accesit-del-premio-nacional-idanae\\\/#primaryimage\"},\"image\":{\"@id\":\"https:\\\/\\\/esi.uclm.es\\\/index.php\\\/2021\\\/09\\\/26\\\/la-profesora-coral-calero-accesit-del-premio-nacional-idanae\\\/#primaryimage\"},\"thumbnailUrl\":\"https:\\\/\\\/esi.uclm.es\\\/assets\\\/uploads\\\/2022\\\/02\\\/original_coral_web.png\",\"datePublished\":\"2021-09-26T15:43:00+00:00\",\"dateModified\":\"2022-02-05T15:45:43+00:00\",\"breadcrumb\":{\"@id\":\"https:\\\/\\\/esi.uclm.es\\\/index.php\\\/2021\\\/09\\\/26\\\/la-profesora-coral-calero-accesit-del-premio-nacional-idanae\\\/#breadcrumb\"},\"inLanguage\":\"es\",\"potentialAction\":[{\"@type\":\"ReadAction\",\"target\":[\"https:\\\/\\\/esi.uclm.es\\\/index.php\\\/2021\\\/09\\\/26\\\/la-profesora-coral-calero-accesit-del-premio-nacional-idanae\\\/\"]}]},{\"@type\":\"ImageObject\",\"inLanguage\":\"es\",\"@id\":\"https:\\\/\\\/esi.uclm.es\\\/index.php\\\/2021\\\/09\\\/26\\\/la-profesora-coral-calero-accesit-del-premio-nacional-idanae\\\/#primaryimage\",\"url\":\"https:\\\/\\\/esi.uclm.es\\\/assets\\\/uploads\\\/2022\\\/02\\\/original_coral_web.png\",\"contentUrl\":\"https:\\\/\\\/esi.uclm.es\\\/assets\\\/uploads\\\/2022\\\/02\\\/original_coral_web.png\",\"width\":1200,\"height\":627},{\"@type\":\"BreadcrumbList\",\"@id\":\"https:\\\/\\\/esi.uclm.es\\\/index.php\\\/2021\\\/09\\\/26\\\/la-profesora-coral-calero-accesit-del-premio-nacional-idanae\\\/#breadcrumb\",\"itemListElement\":[{\"@type\":\"ListItem\",\"position\":1,\"name\":\"Portada\",\"item\":\"https:\\\/\\\/esi.uclm.es\\\/\"},{\"@type\":\"ListItem\",\"position\":2,\"name\":\"La profesora Coral Calero acc\u00e9sit del premio nacional iDanae\"}]},{\"@type\":\"WebSite\",\"@id\":\"https:\\\/\\\/esi.uclm.es\\\/#website\",\"url\":\"https:\\\/\\\/esi.uclm.es\\\/\",\"name\":\"Escuela Superior de Inform\u00e1tica de UCLM en Ciudad Real, Castilla-La Mancha\",\"description\":\"La Escuela Superior de Inform\u00e1tica de Ciudad Real (Castilla-La Mancha), Universidad de Castilla-La Mancha es un centro universitario que imparte el ciclo completo de Ingenier\u00eda en Inform\u00e1tica: grado, m\u00e1ster y doctorado.\",\"publisher\":{\"@id\":\"https:\\\/\\\/esi.uclm.es\\\/#organization\"},\"potentialAction\":[{\"@type\":\"SearchAction\",\"target\":{\"@type\":\"EntryPoint\",\"urlTemplate\":\"https:\\\/\\\/esi.uclm.es\\\/?s={search_term_string}\"},\"query-input\":{\"@type\":\"PropertyValueSpecification\",\"valueRequired\":true,\"valueName\":\"search_term_string\"}}],\"inLanguage\":\"es\"},{\"@type\":\"Organization\",\"@id\":\"https:\\\/\\\/esi.uclm.es\\\/#organization\",\"name\":\"Escuela Superior de Inform\u00e1tica de UCLM\",\"url\":\"https:\\\/\\\/esi.uclm.es\\\/\",\"logo\":{\"@type\":\"ImageObject\",\"inLanguage\":\"es\",\"@id\":\"https:\\\/\\\/esi.uclm.es\\\/#\\\/schema\\\/logo\\\/image\\\/\",\"url\":\"https:\\\/\\\/esi.uclm.es\\\/assets\\\/uploads\\\/2022\\\/03\\\/LogoESI_cabecera-1.png\",\"contentUrl\":\"https:\\\/\\\/esi.uclm.es\\\/assets\\\/uploads\\\/2022\\\/03\\\/LogoESI_cabecera-1.png\",\"width\":460,\"height\":184,\"caption\":\"Escuela Superior de Inform\u00e1tica de UCLM\"},\"image\":{\"@id\":\"https:\\\/\\\/esi.uclm.es\\\/#\\\/schema\\\/logo\\\/image\\\/\"},\"sameAs\":[\"https:\\\/\\\/www.facebook.com\\\/Escuela-Superior-de-Informtica-543261809027158\",\"https:\\\/\\\/x.com\\\/esiuclm\",\"https:\\\/\\\/www.instagram.com\\\/esiuclm\\\/\",\"https:\\\/\\\/www.youtube.com\\\/user\\\/esiuclm\",\"https:\\\/\\\/www.twitch.tv\\\/esiuclm\",\"https:\\\/\\\/www.linkedin.com\\\/company\\\/12656631\\\/admin\\\/\"]},{\"@type\":\"Person\",\"@id\":\"https:\\\/\\\/esi.uclm.es\\\/#\\\/schema\\\/person\\\/d9a390095e8beeca5aced92acb17a530\",\"name\":\"esiuclm\",\"image\":{\"@type\":\"ImageObject\",\"inLanguage\":\"es\",\"@id\":\"https:\\\/\\\/secure.gravatar.com\\\/avatar\\\/ff32e6f445454691c713484fe154c7002761ecabfa4cfa2fea57c231744892da?s=96&d=mm&r=g\",\"url\":\"https:\\\/\\\/secure.gravatar.com\\\/avatar\\\/ff32e6f445454691c713484fe154c7002761ecabfa4cfa2fea57c231744892da?s=96&d=mm&r=g\",\"contentUrl\":\"https:\\\/\\\/secure.gravatar.com\\\/avatar\\\/ff32e6f445454691c713484fe154c7002761ecabfa4cfa2fea57c231744892da?s=96&d=mm&r=g\",\"caption\":\"esiuclm\"},\"sameAs\":[\"https:\\\/\\\/esi.uclm.es\"],\"url\":\"https:\\\/\\\/esi.uclm.es\\\/index.php\\\/author\\\/esiadmin\\\/\"}]}<\/script>\n<!-- \/ Yoast SEO plugin. -->","yoast_head_json":{"title":"La profesora Coral Calero acc\u00e9sit del premio nacional iDanae - Escuela Superior de Inform\u00e1tica de UCLM","robots":{"index":"index","follow":"follow","max-snippet":"max-snippet:-1","max-image-preview":"max-image-preview:large","max-video-preview":"max-video-preview:-1"},"canonical":"https:\/\/esi.uclm.es\/index.php\/2021\/09\/26\/la-profesora-coral-calero-accesit-del-premio-nacional-idanae\/","og_locale":"es_ES","og_type":"article","og_title":"La profesora Coral Calero acc\u00e9sit del premio nacional iDanae - Escuela Superior de Inform\u00e1tica de UCLM","og_description":"Premio a la candidatura de Loreto Ord\u00f3\u00f1ez Sol\u00eds La&nbsp;C\u00e1tedra iDanae&nbsp;(inteligencia, datos, an\u00e1lisis y estrategia) en Big Data y Analytics, creada en el marco de colaboraci\u00f3n de la&nbsp;Universidad Polit\u00e9cnica de Madrid&nbsp;(UPM) y&nbsp;Management Solutions, organiz\u00f3 el&nbsp;Premio iDanae a la mujer con excelente carrera profesional STEM, con el [&hellip;]","og_url":"https:\/\/esi.uclm.es\/index.php\/2021\/09\/26\/la-profesora-coral-calero-accesit-del-premio-nacional-idanae\/","og_site_name":"Escuela Superior de Inform\u00e1tica de UCLM","article_publisher":"https:\/\/www.facebook.com\/Escuela-Superior-de-Informtica-543261809027158","article_published_time":"2021-09-26T15:43:00+00:00","article_modified_time":"2022-02-05T15:45:43+00:00","og_image":[{"width":1200,"height":627,"url":"https:\/\/esi.uclm.es\/assets\/uploads\/2022\/02\/original_coral_web.png","type":"image\/png"}],"author":"esiuclm","twitter_card":"summary_large_image","twitter_creator":"@esiuclm","twitter_site":"@esiuclm","twitter_misc":{"Escrito por":"esiuclm","Tiempo de lectura":"2 minutos"},"schema":{"@context":"https:\/\/schema.org","@graph":[{"@type":"Article","@id":"https:\/\/esi.uclm.es\/index.php\/2021\/09\/26\/la-profesora-coral-calero-accesit-del-premio-nacional-idanae\/#article","isPartOf":{"@id":"https:\/\/esi.uclm.es\/index.php\/2021\/09\/26\/la-profesora-coral-calero-accesit-del-premio-nacional-idanae\/"},"author":{"name":"esiuclm","@id":"https:\/\/esi.uclm.es\/#\/schema\/person\/d9a390095e8beeca5aced92acb17a530"},"headline":"La profesora Coral Calero acc\u00e9sit del premio nacional iDanae","datePublished":"2021-09-26T15:43:00+00:00","dateModified":"2022-02-05T15:45:43+00:00","mainEntityOfPage":{"@id":"https:\/\/esi.uclm.es\/index.php\/2021\/09\/26\/la-profesora-coral-calero-accesit-del-premio-nacional-idanae\/"},"wordCount":360,"commentCount":0,"publisher":{"@id":"https:\/\/esi.uclm.es\/#organization"},"image":{"@id":"https:\/\/esi.uclm.es\/index.php\/2021\/09\/26\/la-profesora-coral-calero-accesit-del-premio-nacional-idanae\/#primaryimage"},"thumbnailUrl":"https:\/\/esi.uclm.es\/assets\/uploads\/2022\/02\/original_coral_web.png","keywords":["Coral Calero","Premio","STEM"],"articleSection":["Docencia","Investigaci\u00f3n"],"inLanguage":"es","potentialAction":[{"@type":"CommentAction","name":"Comment","target":["https:\/\/esi.uclm.es\/index.php\/2021\/09\/26\/la-profesora-coral-calero-accesit-del-premio-nacional-idanae\/#respond"]}]},{"@type":"WebPage","@id":"https:\/\/esi.uclm.es\/index.php\/2021\/09\/26\/la-profesora-coral-calero-accesit-del-premio-nacional-idanae\/","url":"https:\/\/esi.uclm.es\/index.php\/2021\/09\/26\/la-profesora-coral-calero-accesit-del-premio-nacional-idanae\/","name":"La profesora Coral Calero acc\u00e9sit del premio nacional iDanae - Escuela Superior de Inform\u00e1tica de UCLM","isPartOf":{"@id":"https:\/\/esi.uclm.es\/#website"},"primaryImageOfPage":{"@id":"https:\/\/esi.uclm.es\/index.php\/2021\/09\/26\/la-profesora-coral-calero-accesit-del-premio-nacional-idanae\/#primaryimage"},"image":{"@id":"https:\/\/esi.uclm.es\/index.php\/2021\/09\/26\/la-profesora-coral-calero-accesit-del-premio-nacional-idanae\/#primaryimage"},"thumbnailUrl":"https:\/\/esi.uclm.es\/assets\/uploads\/2022\/02\/original_coral_web.png","datePublished":"2021-09-26T15:43:00+00:00","dateModified":"2022-02-05T15:45:43+00:00","breadcrumb":{"@id":"https:\/\/esi.uclm.es\/index.php\/2021\/09\/26\/la-profesora-coral-calero-accesit-del-premio-nacional-idanae\/#breadcrumb"},"inLanguage":"es","potentialAction":[{"@type":"ReadAction","target":["https:\/\/esi.uclm.es\/index.php\/2021\/09\/26\/la-profesora-coral-calero-accesit-del-premio-nacional-idanae\/"]}]},{"@type":"ImageObject","inLanguage":"es","@id":"https:\/\/esi.uclm.es\/index.php\/2021\/09\/26\/la-profesora-coral-calero-accesit-del-premio-nacional-idanae\/#primaryimage","url":"https:\/\/esi.uclm.es\/assets\/uploads\/2022\/02\/original_coral_web.png","contentUrl":"https:\/\/esi.uclm.es\/assets\/uploads\/2022\/02\/original_coral_web.png","width":1200,"height":627},{"@type":"BreadcrumbList","@id":"https:\/\/esi.uclm.es\/index.php\/2021\/09\/26\/la-profesora-coral-calero-accesit-del-premio-nacional-idanae\/#breadcrumb","itemListElement":[{"@type":"ListItem","position":1,"name":"Portada","item":"https:\/\/esi.uclm.es\/"},{"@type":"ListItem","position":2,"name":"La profesora Coral Calero acc\u00e9sit del premio nacional iDanae"}]},{"@type":"WebSite","@id":"https:\/\/esi.uclm.es\/#website","url":"https:\/\/esi.uclm.es\/","name":"Escuela Superior de Inform\u00e1tica de UCLM en Ciudad Real, Castilla-La Mancha","description":"La Escuela Superior de Inform\u00e1tica de Ciudad Real (Castilla-La Mancha), Universidad de Castilla-La Mancha es un centro universitario que imparte el ciclo completo de Ingenier\u00eda en Inform\u00e1tica: grado, m\u00e1ster y doctorado.","publisher":{"@id":"https:\/\/esi.uclm.es\/#organization"},"potentialAction":[{"@type":"SearchAction","target":{"@type":"EntryPoint","urlTemplate":"https:\/\/esi.uclm.es\/?s={search_term_string}"},"query-input":{"@type":"PropertyValueSpecification","valueRequired":true,"valueName":"search_term_string"}}],"inLanguage":"es"},{"@type":"Organization","@id":"https:\/\/esi.uclm.es\/#organization","name":"Escuela Superior de Inform\u00e1tica de UCLM","url":"https:\/\/esi.uclm.es\/","logo":{"@type":"ImageObject","inLanguage":"es","@id":"https:\/\/esi.uclm.es\/#\/schema\/logo\/image\/","url":"https:\/\/esi.uclm.es\/assets\/uploads\/2022\/03\/LogoESI_cabecera-1.png","contentUrl":"https:\/\/esi.uclm.es\/assets\/uploads\/2022\/03\/LogoESI_cabecera-1.png","width":460,"height":184,"caption":"Escuela Superior de Inform\u00e1tica de UCLM"},"image":{"@id":"https:\/\/esi.uclm.es\/#\/schema\/logo\/image\/"},"sameAs":["https:\/\/www.facebook.com\/Escuela-Superior-de-Informtica-543261809027158","https:\/\/x.com\/esiuclm","https:\/\/www.instagram.com\/esiuclm\/","https:\/\/www.youtube.com\/user\/esiuclm","https:\/\/www.twitch.tv\/esiuclm","https:\/\/www.linkedin.com\/company\/12656631\/admin\/"]},{"@type":"Person","@id":"https:\/\/esi.uclm.es\/#\/schema\/person\/d9a390095e8beeca5aced92acb17a530","name":"esiuclm","image":{"@type":"ImageObject","inLanguage":"es","@id":"https:\/\/secure.gravatar.com\/avatar\/ff32e6f445454691c713484fe154c7002761ecabfa4cfa2fea57c231744892da?s=96&d=mm&r=g","url":"https:\/\/secure.gravatar.com\/avatar\/ff32e6f445454691c713484fe154c7002761ecabfa4cfa2fea57c231744892da?s=96&d=mm&r=g","contentUrl":"https:\/\/secure.gravatar.com\/avatar\/ff32e6f445454691c713484fe154c7002761ecabfa4cfa2fea57c231744892da?s=96&d=mm&r=g","caption":"esiuclm"},"sameAs":["https:\/\/esi.uclm.es"],"url":"https:\/\/esi.uclm.es\/index.php\/author\/esiadmin\/"}]}},"_links":{"self":[{"href":"https:\/\/esi.uclm.es\/index.php\/wp-json\/wp\/v2\/posts\/5815","targetHints":{"allow":["GET"]}}],"collection":[{"href":"https:\/\/esi.uclm.es\/index.php\/wp-json\/wp\/v2\/posts"}],"about":[{"href":"https:\/\/esi.uclm.es\/index.php\/wp-json\/wp\/v2\/types\/post"}],"author":[{"embeddable":true,"href":"https:\/\/esi.uclm.es\/index.php\/wp-json\/wp\/v2\/users\/1"}],"replies":[{"embeddable":true,"href":"https:\/\/esi.uclm.es\/index.php\/wp-json\/wp\/v2\/comments?post=5815"}],"version-history":[{"count":1,"href":"https:\/\/esi.uclm.es\/index.php\/wp-json\/wp\/v2\/posts\/5815\/revisions"}],"predecessor-version":[{"id":5817,"href":"https:\/\/esi.uclm.es\/index.php\/wp-json\/wp\/v2\/posts\/5815\/revisions\/5817"}],"wp:featuredmedia":[{"embeddable":true,"href":"https:\/\/esi.uclm.es\/index.php\/wp-json\/wp\/v2\/media\/5816"}],"wp:attachment":[{"href":"https:\/\/esi.uclm.es\/index.php\/wp-json\/wp\/v2\/media?parent=5815"}],"wp:term":[{"taxonomy":"category","embeddable":true,"href":"https:\/\/esi.uclm.es\/index.php\/wp-json\/wp\/v2\/categories?post=5815"},{"taxonomy":"post_tag","embeddable":true,"href":"https:\/\/esi.uclm.es\/index.php\/wp-json\/wp\/v2\/tags?post=5815"}],"curies":[{"name":"wp","href":"https:\/\/api.w.org\/{rel}","templated":true}]}}