{"id":23113,"date":"2026-04-26T05:51:08","date_gmt":"2026-04-26T05:51:08","guid":{"rendered":"https:\/\/esi.uclm.es\/?p=23113"},"modified":"2026-04-26T06:38:57","modified_gmt":"2026-04-26T06:38:57","slug":"abierta-la-preinscripcion-para-los-masteres-oficiales-de-la-esi-curso-2026-2027","status":"publish","type":"post","link":"https:\/\/esi.uclm.es\/index.php\/2026\/04\/26\/abierta-la-preinscripcion-para-los-masteres-oficiales-de-la-esi-curso-2026-2027\/","title":{"rendered":"Abierta la preinscripci\u00f3n para los M\u00e1steres oficiales de la ESI | Curso 2026-2027"},"content":{"rendered":"\n<p>Ya est\u00e1 abierto el plazo de <strong>preinscripci\u00f3n<\/strong> para acceder a los <strong>M\u00e1steres oficiales<\/strong> que la Escuela Superior de Inform\u00e1tica (ESI) de Ciudad Real oferta para el curso acad\u00e9mico <strong>2026-2027<\/strong>. Los interesados pueden formalizar su solicitud a trav\u00e9s del portal oficial de preinscripci\u00f3n de la UCLM:<\/p>\n\n\n\n<p>\ud83d\udc49 <a href=\"https:\/\/preinscripcionmu.apps.uclm.es\/index.aspx\"><strong>https:\/\/preinscripcionmu.apps.uclm.es\/index.aspx<\/strong><\/a><\/p>\n\n\n\n<h2 class=\"wp-block-heading\">Oferta de M\u00e1steres oficiales en la ESI<\/h2>\n\n\n\n<p>La ESI mantiene una oferta de posgrado <strong>completamente virtual<\/strong> (con un m\u00ednimo de actividades presenciales), pensada para profesionales y egresados que deseen especializarse compatibilizando estudios y trabajo. La oferta para el curso 2026-2027 incluye:<\/p>\n\n\n\n<ul class=\"wp-block-list\">\n<li><strong><a href=\"https:\/\/www.uclm.es\/estudios\/masteres\/master-ingenieria-informatica%202024\">M\u00e1ster Universitario en Ingenier\u00eda Inform\u00e1tica (MUII)<\/a><\/strong> \u2014 90 ECTS, modalidad virtual, con posibilidad de especializaci\u00f3n en <em>Big Data<\/em>, <em>Inteligencia Artificial<\/em> o <em>Dualidad con Empresas<\/em>. Habilitante para el ejercicio de la profesi\u00f3n de Ingeniero\/a en Inform\u00e1tica.<\/li>\n\n\n\n<li><strong><a href=\"https:\/\/www.uclm.es\/estudios\/masteres\/master-inteligencia-artificial\">M\u00e1ster Universitario en Inteligencia Artificial (MUIA)<\/a><\/strong> \u2014 60 ECTS, modalidad virtual.<\/li>\n\n\n\n<li><strong><a href=\"https:\/\/www.uclm.es\/estudios\/masteres\/master-big-data\">M\u00e1ster Universitario en Big Data y Computaci\u00f3n en la Nube (MUBDCN)<\/a><\/strong> \u2014 60 ECTS, modalidad virtual.<\/li>\n\n\n\n<li><strong>Itinerarios personales de equivalencia entre m\u00e1steres<\/strong>: <a href=\"https:\/\/esi.uclm.es\/index.php\/itinerario-doble-master-muii-muia\/\">MUII\u2013MUIA<\/a> y <a href=\"https:\/\/esi.uclm.es\/index.php\/itinerario-doble-master-muii-mubdcn\/\">MUII\u2013MUBDCN<\/a>, que permiten obtener dos titulaciones oficiales de forma optimizada.<\/li>\n<\/ul>\n\n\n\n<h2 class=\"wp-block-heading\">Calendario de preinscripci\u00f3n, admisi\u00f3n y matr\u00edcula<\/h2>\n\n\n\n<p>Conviene tener presentes las siguientes fechas clave del proceso:<\/p>\n\n\n\n<figure class=\"wp-block-table\"><table class=\"has-fixed-layout\"><thead><tr><th>Fase<\/th><th>Inicio<\/th><th>Fin<\/th><\/tr><\/thead><tbody><tr><td><strong>Preinscripci\u00f3n<\/strong><\/td><td>24 de marzo de 2026<\/td><td>11 de septiembre de 2026<\/td><\/tr><tr><td><strong>Admisi\u00f3n<\/strong><\/td><td>24 de marzo de 2026<\/td><td>18 de septiembre de 2026<\/td><\/tr><tr><td><strong>Matr\u00edcula<\/strong><\/td><td>23 de junio de 2026<\/td><td>30 de septiembre de 2026<\/td><\/tr><\/tbody><\/table><\/figure>\n\n\n\n<p>Aunque el plazo se extiende hasta septiembre, <strong>se recomienda formalizar la preinscripci\u00f3n cuanto antes<\/strong>, ya que la admisi\u00f3n se gestiona de forma continua y el n\u00famero de plazas en algunos itinerarios es limitado.<\/p>\n\n\n\n<h3 class=\"wp-block-heading\">M\u00e1s informaci\u00f3n y contacto<\/h3>\n\n\n\n<p>Para resolver dudas espec\u00edficas sobre cada programa, puedes contactar directamente con sus coordinadores:<\/p>\n\n\n\n<ul class=\"wp-block-list\">\n<li><strong>MUII<\/strong> (Ciudad Real): <a href=\"mailto:luise.sanchez@uclm.es\">Luis Enrique S\u00e1nchez<\/a> \u2014 <code>luise.sanchez@uclm.es<\/code><\/li>\n\n\n\n<li><strong>MUIA<\/strong>: <a href=\"mailto:JulioAlberto.Lopez@uclm.es\">Julio Alberto L\u00f3pez G\u00f3mez<\/a> \u2014 <code>JulioAlberto.Lopez@uclm.es<\/code><\/li>\n\n\n\n<li><strong>MUBDCN<\/strong>: <a href=\"mailto:luis.delaossa@uclm.es\">Luis de la Ossa Jim\u00e9nez<\/a> \u2014 <code>luis.delaossa@uclm.es<\/code><\/li>\n<\/ul>\n\n\n\n<p>Tambi\u00e9n contactar con la Secretar\u00eda: <a href=\"mailto:esi@uclm.es\">esi@uclm.es<\/a> \u2014 Tel. +34 926 295 429.<\/p>\n\n\n<div class=\"wp-block-image\">\n<figure class=\"aligncenter size-large\"><a href=\"https:\/\/esi.uclm.es\/assets\/uploads\/2026\/04\/Render_titulos_TV_web.webp\"><img loading=\"lazy\" decoding=\"async\" width=\"1024\" height=\"577\" src=\"https:\/\/esi.uclm.es\/assets\/uploads\/2026\/04\/Render_titulos_TV_web-1024x577.webp\" alt=\"\" class=\"wp-image-23117\" srcset=\"https:\/\/esi.uclm.es\/assets\/uploads\/2026\/04\/Render_titulos_TV_web-1024x577.webp 1024w, https:\/\/esi.uclm.es\/assets\/uploads\/2026\/04\/Render_titulos_TV_web-300x169.webp 300w, https:\/\/esi.uclm.es\/assets\/uploads\/2026\/04\/Render_titulos_TV_web-768x432.webp 768w, https:\/\/esi.uclm.es\/assets\/uploads\/2026\/04\/Render_titulos_TV_web-1536x865.webp 1536w, https:\/\/esi.uclm.es\/assets\/uploads\/2026\/04\/Render_titulos_TV_web-18x10.webp 18w, https:\/\/esi.uclm.es\/assets\/uploads\/2026\/04\/Render_titulos_TV_web-1300x732.webp 1300w, https:\/\/esi.uclm.es\/assets\/uploads\/2026\/04\/Render_titulos_TV_web.webp 1920w\" sizes=\"auto, (max-width: 1024px) 100vw, 1024px\" \/><\/a><\/figure>\n<\/div>","protected":false},"excerpt":{"rendered":"<p>Ya est\u00e1 abierto el plazo de preinscripci\u00f3n para acceder a los M\u00e1steres oficiales que la Escuela Superior de Inform\u00e1tica (ESI) de Ciudad Real oferta para el curso acad\u00e9mico 2026-2027. Los interesados pueden formalizar su solicitud a trav\u00e9s del portal oficial de preinscripci\u00f3n de la UCLM: [&hellip;]<\/p>\n","protected":false},"author":1,"featured_media":23119,"comment_status":"open","ping_status":"open","sticky":false,"template":"","format":"standard","meta":{"footnotes":""},"categories":[666],"tags":[],"class_list":["post-23113","post","type-post","status-publish","format-standard","has-post-thumbnail","hentry","category-portada"],"yoast_head":"<!-- This site is optimized with the Yoast SEO plugin v27.4 - https:\/\/yoast.com\/product\/yoast-seo-wordpress\/ -->\n<title>Abierta la preinscripci\u00f3n para los M\u00e1steres oficiales de la ESI | Curso 2026-2027 - Escuela Superior de Inform\u00e1tica de UCLM<\/title>\n<meta name=\"description\" content=\"Ya est\u00e1 abierto el plazo de preinscripci\u00f3n para acceder a los M\u00e1steres oficiales que la Escuela Superior de Inform\u00e1tica (ESI) de Ciudad Real oferta para el curso acad\u00e9mico 2026-2027. Los interesados pueden formalizar su solicitud a trav\u00e9s del portal oficial de preinscripci\u00f3n de la UCLM\" \/>\n<meta name=\"robots\" content=\"index, follow, max-snippet:-1, max-image-preview:large, max-video-preview:-1\" \/>\n<link rel=\"canonical\" href=\"https:\/\/esi.uclm.es\/index.php\/2026\/04\/26\/abierta-la-preinscripcion-para-los-masteres-oficiales-de-la-esi-curso-2026-2027\/\" \/>\n<meta property=\"og:locale\" content=\"es_ES\" \/>\n<meta property=\"og:type\" content=\"article\" \/>\n<meta property=\"og:title\" content=\"Abierta la preinscripci\u00f3n para los M\u00e1steres oficiales de la ESI | Curso 2026-2027 - Escuela Superior de Inform\u00e1tica de UCLM\" \/>\n<meta property=\"og:description\" content=\"Ya est\u00e1 abierto el plazo de preinscripci\u00f3n para acceder a los M\u00e1steres oficiales que la Escuela Superior de Inform\u00e1tica (ESI) de Ciudad Real oferta para el curso acad\u00e9mico 2026-2027. Los interesados pueden formalizar su solicitud a trav\u00e9s del portal oficial de preinscripci\u00f3n de la UCLM\" \/>\n<meta property=\"og:url\" content=\"https:\/\/esi.uclm.es\/index.php\/2026\/04\/26\/abierta-la-preinscripcion-para-los-masteres-oficiales-de-la-esi-curso-2026-2027\/\" \/>\n<meta property=\"og:site_name\" content=\"Escuela Superior de Inform\u00e1tica de UCLM\" \/>\n<meta property=\"article:publisher\" content=\"https:\/\/www.facebook.com\/Escuela-Superior-de-Informtica-543261809027158\" \/>\n<meta property=\"article:published_time\" content=\"2026-04-26T05:51:08+00:00\" \/>\n<meta property=\"article:modified_time\" content=\"2026-04-26T06:38:57+00:00\" \/>\n<meta property=\"og:image\" content=\"http:\/\/esi.uclm.es\/assets\/uploads\/2026\/04\/render_titulos_personas.webp\" \/>\n\t<meta property=\"og:image:width\" content=\"1672\" \/>\n\t<meta property=\"og:image:height\" content=\"941\" \/>\n\t<meta property=\"og:image:type\" content=\"image\/webp\" \/>\n<meta name=\"author\" content=\"esiuclm\" \/>\n<meta name=\"twitter:card\" content=\"summary_large_image\" \/>\n<meta name=\"twitter:creator\" content=\"@esiuclm\" \/>\n<meta name=\"twitter:site\" content=\"@esiuclm\" \/>\n<meta name=\"twitter:label1\" content=\"Escrito por\" \/>\n\t<meta name=\"twitter:data1\" content=\"esiuclm\" \/>\n\t<meta name=\"twitter:label2\" content=\"Tiempo de lectura\" \/>\n\t<meta name=\"twitter:data2\" content=\"2 minutos\" \/>\n<script type=\"application\/ld+json\" class=\"yoast-schema-graph\">{\"@context\":\"https:\\\/\\\/schema.org\",\"@graph\":[{\"@type\":\"Article\",\"@id\":\"https:\\\/\\\/esi.uclm.es\\\/index.php\\\/2026\\\/04\\\/26\\\/abierta-la-preinscripcion-para-los-masteres-oficiales-de-la-esi-curso-2026-2027\\\/#article\",\"isPartOf\":{\"@id\":\"https:\\\/\\\/esi.uclm.es\\\/index.php\\\/2026\\\/04\\\/26\\\/abierta-la-preinscripcion-para-los-masteres-oficiales-de-la-esi-curso-2026-2027\\\/\"},\"author\":{\"name\":\"esiuclm\",\"@id\":\"https:\\\/\\\/esi.uclm.es\\\/#\\\/schema\\\/person\\\/d9a390095e8beeca5aced92acb17a530\"},\"headline\":\"Abierta la preinscripci\u00f3n para los M\u00e1steres oficiales de la ESI | Curso 2026-2027\",\"datePublished\":\"2026-04-26T05:51:08+00:00\",\"dateModified\":\"2026-04-26T06:38:57+00:00\",\"mainEntityOfPage\":{\"@id\":\"https:\\\/\\\/esi.uclm.es\\\/index.php\\\/2026\\\/04\\\/26\\\/abierta-la-preinscripcion-para-los-masteres-oficiales-de-la-esi-curso-2026-2027\\\/\"},\"wordCount\":335,\"commentCount\":0,\"publisher\":{\"@id\":\"https:\\\/\\\/esi.uclm.es\\\/#organization\"},\"image\":{\"@id\":\"https:\\\/\\\/esi.uclm.es\\\/index.php\\\/2026\\\/04\\\/26\\\/abierta-la-preinscripcion-para-los-masteres-oficiales-de-la-esi-curso-2026-2027\\\/#primaryimage\"},\"thumbnailUrl\":\"https:\\\/\\\/esi.uclm.es\\\/assets\\\/uploads\\\/2026\\\/04\\\/render_titulos_personas.webp\",\"articleSection\":[\"Portada\"],\"inLanguage\":\"es\",\"potentialAction\":[{\"@type\":\"CommentAction\",\"name\":\"Comment\",\"target\":[\"https:\\\/\\\/esi.uclm.es\\\/index.php\\\/2026\\\/04\\\/26\\\/abierta-la-preinscripcion-para-los-masteres-oficiales-de-la-esi-curso-2026-2027\\\/#respond\"]}]},{\"@type\":\"WebPage\",\"@id\":\"https:\\\/\\\/esi.uclm.es\\\/index.php\\\/2026\\\/04\\\/26\\\/abierta-la-preinscripcion-para-los-masteres-oficiales-de-la-esi-curso-2026-2027\\\/\",\"url\":\"https:\\\/\\\/esi.uclm.es\\\/index.php\\\/2026\\\/04\\\/26\\\/abierta-la-preinscripcion-para-los-masteres-oficiales-de-la-esi-curso-2026-2027\\\/\",\"name\":\"Abierta la preinscripci\u00f3n para los M\u00e1steres oficiales de la ESI | Curso 2026-2027 - Escuela Superior de Inform\u00e1tica de UCLM\",\"isPartOf\":{\"@id\":\"https:\\\/\\\/esi.uclm.es\\\/#website\"},\"primaryImageOfPage\":{\"@id\":\"https:\\\/\\\/esi.uclm.es\\\/index.php\\\/2026\\\/04\\\/26\\\/abierta-la-preinscripcion-para-los-masteres-oficiales-de-la-esi-curso-2026-2027\\\/#primaryimage\"},\"image\":{\"@id\":\"https:\\\/\\\/esi.uclm.es\\\/index.php\\\/2026\\\/04\\\/26\\\/abierta-la-preinscripcion-para-los-masteres-oficiales-de-la-esi-curso-2026-2027\\\/#primaryimage\"},\"thumbnailUrl\":\"https:\\\/\\\/esi.uclm.es\\\/assets\\\/uploads\\\/2026\\\/04\\\/render_titulos_personas.webp\",\"datePublished\":\"2026-04-26T05:51:08+00:00\",\"dateModified\":\"2026-04-26T06:38:57+00:00\",\"description\":\"Ya est\u00e1 abierto el plazo de preinscripci\u00f3n para acceder a los M\u00e1steres oficiales que la Escuela Superior de Inform\u00e1tica (ESI) de Ciudad Real oferta para el curso acad\u00e9mico 2026-2027. Los interesados pueden formalizar su solicitud a trav\u00e9s del portal oficial de preinscripci\u00f3n de la UCLM\",\"breadcrumb\":{\"@id\":\"https:\\\/\\\/esi.uclm.es\\\/index.php\\\/2026\\\/04\\\/26\\\/abierta-la-preinscripcion-para-los-masteres-oficiales-de-la-esi-curso-2026-2027\\\/#breadcrumb\"},\"inLanguage\":\"es\",\"potentialAction\":[{\"@type\":\"ReadAction\",\"target\":[\"https:\\\/\\\/esi.uclm.es\\\/index.php\\\/2026\\\/04\\\/26\\\/abierta-la-preinscripcion-para-los-masteres-oficiales-de-la-esi-curso-2026-2027\\\/\"]}]},{\"@type\":\"ImageObject\",\"inLanguage\":\"es\",\"@id\":\"https:\\\/\\\/esi.uclm.es\\\/index.php\\\/2026\\\/04\\\/26\\\/abierta-la-preinscripcion-para-los-masteres-oficiales-de-la-esi-curso-2026-2027\\\/#primaryimage\",\"url\":\"https:\\\/\\\/esi.uclm.es\\\/assets\\\/uploads\\\/2026\\\/04\\\/render_titulos_personas.webp\",\"contentUrl\":\"https:\\\/\\\/esi.uclm.es\\\/assets\\\/uploads\\\/2026\\\/04\\\/render_titulos_personas.webp\",\"width\":1672,\"height\":941,\"caption\":\"T\u00edtulos esi 2025-2026\"},{\"@type\":\"BreadcrumbList\",\"@id\":\"https:\\\/\\\/esi.uclm.es\\\/index.php\\\/2026\\\/04\\\/26\\\/abierta-la-preinscripcion-para-los-masteres-oficiales-de-la-esi-curso-2026-2027\\\/#breadcrumb\",\"itemListElement\":[{\"@type\":\"ListItem\",\"position\":1,\"name\":\"Portada\",\"item\":\"https:\\\/\\\/esi.uclm.es\\\/\"},{\"@type\":\"ListItem\",\"position\":2,\"name\":\"Abierta la preinscripci\u00f3n para los M\u00e1steres oficiales de la ESI | Curso 2026-2027\"}]},{\"@type\":\"WebSite\",\"@id\":\"https:\\\/\\\/esi.uclm.es\\\/#website\",\"url\":\"https:\\\/\\\/esi.uclm.es\\\/\",\"name\":\"Escuela Superior de Inform\u00e1tica de UCLM en Ciudad Real, Castilla-La Mancha\",\"description\":\"La Escuela Superior de Inform\u00e1tica de Ciudad Real (Castilla-La Mancha), Universidad de Castilla-La Mancha es un centro universitario que imparte el ciclo completo de Ingenier\u00eda en Inform\u00e1tica: grado, m\u00e1ster y doctorado.\",\"publisher\":{\"@id\":\"https:\\\/\\\/esi.uclm.es\\\/#organization\"},\"potentialAction\":[{\"@type\":\"SearchAction\",\"target\":{\"@type\":\"EntryPoint\",\"urlTemplate\":\"https:\\\/\\\/esi.uclm.es\\\/?s={search_term_string}\"},\"query-input\":{\"@type\":\"PropertyValueSpecification\",\"valueRequired\":true,\"valueName\":\"search_term_string\"}}],\"inLanguage\":\"es\"},{\"@type\":\"Organization\",\"@id\":\"https:\\\/\\\/esi.uclm.es\\\/#organization\",\"name\":\"Escuela Superior de Inform\u00e1tica de UCLM\",\"url\":\"https:\\\/\\\/esi.uclm.es\\\/\",\"logo\":{\"@type\":\"ImageObject\",\"inLanguage\":\"es\",\"@id\":\"https:\\\/\\\/esi.uclm.es\\\/#\\\/schema\\\/logo\\\/image\\\/\",\"url\":\"https:\\\/\\\/esi.uclm.es\\\/assets\\\/uploads\\\/2022\\\/03\\\/LogoESI_cabecera-1.png\",\"contentUrl\":\"https:\\\/\\\/esi.uclm.es\\\/assets\\\/uploads\\\/2022\\\/03\\\/LogoESI_cabecera-1.png\",\"width\":460,\"height\":184,\"caption\":\"Escuela Superior de Inform\u00e1tica de UCLM\"},\"image\":{\"@id\":\"https:\\\/\\\/esi.uclm.es\\\/#\\\/schema\\\/logo\\\/image\\\/\"},\"sameAs\":[\"https:\\\/\\\/www.facebook.com\\\/Escuela-Superior-de-Informtica-543261809027158\",\"https:\\\/\\\/x.com\\\/esiuclm\",\"https:\\\/\\\/www.instagram.com\\\/esiuclm\\\/\",\"https:\\\/\\\/www.youtube.com\\\/user\\\/esiuclm\",\"https:\\\/\\\/www.twitch.tv\\\/esiuclm\",\"https:\\\/\\\/www.linkedin.com\\\/company\\\/12656631\\\/admin\\\/\"]},{\"@type\":\"Person\",\"@id\":\"https:\\\/\\\/esi.uclm.es\\\/#\\\/schema\\\/person\\\/d9a390095e8beeca5aced92acb17a530\",\"name\":\"esiuclm\",\"image\":{\"@type\":\"ImageObject\",\"inLanguage\":\"es\",\"@id\":\"https:\\\/\\\/secure.gravatar.com\\\/avatar\\\/ff32e6f445454691c713484fe154c7002761ecabfa4cfa2fea57c231744892da?s=96&d=mm&r=g\",\"url\":\"https:\\\/\\\/secure.gravatar.com\\\/avatar\\\/ff32e6f445454691c713484fe154c7002761ecabfa4cfa2fea57c231744892da?s=96&d=mm&r=g\",\"contentUrl\":\"https:\\\/\\\/secure.gravatar.com\\\/avatar\\\/ff32e6f445454691c713484fe154c7002761ecabfa4cfa2fea57c231744892da?s=96&d=mm&r=g\",\"caption\":\"esiuclm\"},\"sameAs\":[\"https:\\\/\\\/esi.uclm.es\"],\"url\":\"https:\\\/\\\/esi.uclm.es\\\/index.php\\\/author\\\/esiadmin\\\/\"}]}<\/script>\n<!-- \/ Yoast SEO plugin. -->","yoast_head_json":{"title":"Abierta la preinscripci\u00f3n para los M\u00e1steres oficiales de la ESI | Curso 2026-2027 - Escuela Superior de Inform\u00e1tica de UCLM","description":"Ya est\u00e1 abierto el plazo de preinscripci\u00f3n para acceder a los M\u00e1steres oficiales que la Escuela Superior de Inform\u00e1tica (ESI) de Ciudad Real oferta para el curso acad\u00e9mico 2026-2027. Los interesados pueden formalizar su solicitud a trav\u00e9s del portal oficial de preinscripci\u00f3n de la UCLM","robots":{"index":"index","follow":"follow","max-snippet":"max-snippet:-1","max-image-preview":"max-image-preview:large","max-video-preview":"max-video-preview:-1"},"canonical":"https:\/\/esi.uclm.es\/index.php\/2026\/04\/26\/abierta-la-preinscripcion-para-los-masteres-oficiales-de-la-esi-curso-2026-2027\/","og_locale":"es_ES","og_type":"article","og_title":"Abierta la preinscripci\u00f3n para los M\u00e1steres oficiales de la ESI | Curso 2026-2027 - Escuela Superior de Inform\u00e1tica de UCLM","og_description":"Ya est\u00e1 abierto el plazo de preinscripci\u00f3n para acceder a los M\u00e1steres oficiales que la Escuela Superior de Inform\u00e1tica (ESI) de Ciudad Real oferta para el curso acad\u00e9mico 2026-2027. Los interesados pueden formalizar su solicitud a trav\u00e9s del portal oficial de preinscripci\u00f3n de la UCLM","og_url":"https:\/\/esi.uclm.es\/index.php\/2026\/04\/26\/abierta-la-preinscripcion-para-los-masteres-oficiales-de-la-esi-curso-2026-2027\/","og_site_name":"Escuela Superior de Inform\u00e1tica de UCLM","article_publisher":"https:\/\/www.facebook.com\/Escuela-Superior-de-Informtica-543261809027158","article_published_time":"2026-04-26T05:51:08+00:00","article_modified_time":"2026-04-26T06:38:57+00:00","og_image":[{"width":1672,"height":941,"url":"http:\/\/esi.uclm.es\/assets\/uploads\/2026\/04\/render_titulos_personas.webp","type":"image\/webp"}],"author":"esiuclm","twitter_card":"summary_large_image","twitter_creator":"@esiuclm","twitter_site":"@esiuclm","twitter_misc":{"Escrito por":"esiuclm","Tiempo de lectura":"2 minutos"},"schema":{"@context":"https:\/\/schema.org","@graph":[{"@type":"Article","@id":"https:\/\/esi.uclm.es\/index.php\/2026\/04\/26\/abierta-la-preinscripcion-para-los-masteres-oficiales-de-la-esi-curso-2026-2027\/#article","isPartOf":{"@id":"https:\/\/esi.uclm.es\/index.php\/2026\/04\/26\/abierta-la-preinscripcion-para-los-masteres-oficiales-de-la-esi-curso-2026-2027\/"},"author":{"name":"esiuclm","@id":"https:\/\/esi.uclm.es\/#\/schema\/person\/d9a390095e8beeca5aced92acb17a530"},"headline":"Abierta la preinscripci\u00f3n para los M\u00e1steres oficiales de la ESI | Curso 2026-2027","datePublished":"2026-04-26T05:51:08+00:00","dateModified":"2026-04-26T06:38:57+00:00","mainEntityOfPage":{"@id":"https:\/\/esi.uclm.es\/index.php\/2026\/04\/26\/abierta-la-preinscripcion-para-los-masteres-oficiales-de-la-esi-curso-2026-2027\/"},"wordCount":335,"commentCount":0,"publisher":{"@id":"https:\/\/esi.uclm.es\/#organization"},"image":{"@id":"https:\/\/esi.uclm.es\/index.php\/2026\/04\/26\/abierta-la-preinscripcion-para-los-masteres-oficiales-de-la-esi-curso-2026-2027\/#primaryimage"},"thumbnailUrl":"https:\/\/esi.uclm.es\/assets\/uploads\/2026\/04\/render_titulos_personas.webp","articleSection":["Portada"],"inLanguage":"es","potentialAction":[{"@type":"CommentAction","name":"Comment","target":["https:\/\/esi.uclm.es\/index.php\/2026\/04\/26\/abierta-la-preinscripcion-para-los-masteres-oficiales-de-la-esi-curso-2026-2027\/#respond"]}]},{"@type":"WebPage","@id":"https:\/\/esi.uclm.es\/index.php\/2026\/04\/26\/abierta-la-preinscripcion-para-los-masteres-oficiales-de-la-esi-curso-2026-2027\/","url":"https:\/\/esi.uclm.es\/index.php\/2026\/04\/26\/abierta-la-preinscripcion-para-los-masteres-oficiales-de-la-esi-curso-2026-2027\/","name":"Abierta la preinscripci\u00f3n para los M\u00e1steres oficiales de la ESI | Curso 2026-2027 - Escuela Superior de Inform\u00e1tica de UCLM","isPartOf":{"@id":"https:\/\/esi.uclm.es\/#website"},"primaryImageOfPage":{"@id":"https:\/\/esi.uclm.es\/index.php\/2026\/04\/26\/abierta-la-preinscripcion-para-los-masteres-oficiales-de-la-esi-curso-2026-2027\/#primaryimage"},"image":{"@id":"https:\/\/esi.uclm.es\/index.php\/2026\/04\/26\/abierta-la-preinscripcion-para-los-masteres-oficiales-de-la-esi-curso-2026-2027\/#primaryimage"},"thumbnailUrl":"https:\/\/esi.uclm.es\/assets\/uploads\/2026\/04\/render_titulos_personas.webp","datePublished":"2026-04-26T05:51:08+00:00","dateModified":"2026-04-26T06:38:57+00:00","description":"Ya est\u00e1 abierto el plazo de preinscripci\u00f3n para acceder a los M\u00e1steres oficiales que la Escuela Superior de Inform\u00e1tica (ESI) de Ciudad Real oferta para el curso acad\u00e9mico 2026-2027. Los interesados pueden formalizar su solicitud a trav\u00e9s del portal oficial de preinscripci\u00f3n de la UCLM","breadcrumb":{"@id":"https:\/\/esi.uclm.es\/index.php\/2026\/04\/26\/abierta-la-preinscripcion-para-los-masteres-oficiales-de-la-esi-curso-2026-2027\/#breadcrumb"},"inLanguage":"es","potentialAction":[{"@type":"ReadAction","target":["https:\/\/esi.uclm.es\/index.php\/2026\/04\/26\/abierta-la-preinscripcion-para-los-masteres-oficiales-de-la-esi-curso-2026-2027\/"]}]},{"@type":"ImageObject","inLanguage":"es","@id":"https:\/\/esi.uclm.es\/index.php\/2026\/04\/26\/abierta-la-preinscripcion-para-los-masteres-oficiales-de-la-esi-curso-2026-2027\/#primaryimage","url":"https:\/\/esi.uclm.es\/assets\/uploads\/2026\/04\/render_titulos_personas.webp","contentUrl":"https:\/\/esi.uclm.es\/assets\/uploads\/2026\/04\/render_titulos_personas.webp","width":1672,"height":941,"caption":"T\u00edtulos esi 2025-2026"},{"@type":"BreadcrumbList","@id":"https:\/\/esi.uclm.es\/index.php\/2026\/04\/26\/abierta-la-preinscripcion-para-los-masteres-oficiales-de-la-esi-curso-2026-2027\/#breadcrumb","itemListElement":[{"@type":"ListItem","position":1,"name":"Portada","item":"https:\/\/esi.uclm.es\/"},{"@type":"ListItem","position":2,"name":"Abierta la preinscripci\u00f3n para los M\u00e1steres oficiales de la ESI | Curso 2026-2027"}]},{"@type":"WebSite","@id":"https:\/\/esi.uclm.es\/#website","url":"https:\/\/esi.uclm.es\/","name":"Escuela Superior de Inform\u00e1tica de UCLM en Ciudad Real, Castilla-La Mancha","description":"La Escuela Superior de Inform\u00e1tica de Ciudad Real (Castilla-La Mancha), Universidad de Castilla-La Mancha es un centro universitario que imparte el ciclo completo de Ingenier\u00eda en Inform\u00e1tica: grado, m\u00e1ster y doctorado.","publisher":{"@id":"https:\/\/esi.uclm.es\/#organization"},"potentialAction":[{"@type":"SearchAction","target":{"@type":"EntryPoint","urlTemplate":"https:\/\/esi.uclm.es\/?s={search_term_string}"},"query-input":{"@type":"PropertyValueSpecification","valueRequired":true,"valueName":"search_term_string"}}],"inLanguage":"es"},{"@type":"Organization","@id":"https:\/\/esi.uclm.es\/#organization","name":"Escuela Superior de Inform\u00e1tica de UCLM","url":"https:\/\/esi.uclm.es\/","logo":{"@type":"ImageObject","inLanguage":"es","@id":"https:\/\/esi.uclm.es\/#\/schema\/logo\/image\/","url":"https:\/\/esi.uclm.es\/assets\/uploads\/2022\/03\/LogoESI_cabecera-1.png","contentUrl":"https:\/\/esi.uclm.es\/assets\/uploads\/2022\/03\/LogoESI_cabecera-1.png","width":460,"height":184,"caption":"Escuela Superior de Inform\u00e1tica de UCLM"},"image":{"@id":"https:\/\/esi.uclm.es\/#\/schema\/logo\/image\/"},"sameAs":["https:\/\/www.facebook.com\/Escuela-Superior-de-Informtica-543261809027158","https:\/\/x.com\/esiuclm","https:\/\/www.instagram.com\/esiuclm\/","https:\/\/www.youtube.com\/user\/esiuclm","https:\/\/www.twitch.tv\/esiuclm","https:\/\/www.linkedin.com\/company\/12656631\/admin\/"]},{"@type":"Person","@id":"https:\/\/esi.uclm.es\/#\/schema\/person\/d9a390095e8beeca5aced92acb17a530","name":"esiuclm","image":{"@type":"ImageObject","inLanguage":"es","@id":"https:\/\/secure.gravatar.com\/avatar\/ff32e6f445454691c713484fe154c7002761ecabfa4cfa2fea57c231744892da?s=96&d=mm&r=g","url":"https:\/\/secure.gravatar.com\/avatar\/ff32e6f445454691c713484fe154c7002761ecabfa4cfa2fea57c231744892da?s=96&d=mm&r=g","contentUrl":"https:\/\/secure.gravatar.com\/avatar\/ff32e6f445454691c713484fe154c7002761ecabfa4cfa2fea57c231744892da?s=96&d=mm&r=g","caption":"esiuclm"},"sameAs":["https:\/\/esi.uclm.es"],"url":"https:\/\/esi.uclm.es\/index.php\/author\/esiadmin\/"}]}},"_links":{"self":[{"href":"https:\/\/esi.uclm.es\/index.php\/wp-json\/wp\/v2\/posts\/23113","targetHints":{"allow":["GET"]}}],"collection":[{"href":"https:\/\/esi.uclm.es\/index.php\/wp-json\/wp\/v2\/posts"}],"about":[{"href":"https:\/\/esi.uclm.es\/index.php\/wp-json\/wp\/v2\/types\/post"}],"author":[{"embeddable":true,"href":"https:\/\/esi.uclm.es\/index.php\/wp-json\/wp\/v2\/users\/1"}],"replies":[{"embeddable":true,"href":"https:\/\/esi.uclm.es\/index.php\/wp-json\/wp\/v2\/comments?post=23113"}],"version-history":[{"count":2,"href":"https:\/\/esi.uclm.es\/index.php\/wp-json\/wp\/v2\/posts\/23113\/revisions"}],"predecessor-version":[{"id":23118,"href":"https:\/\/esi.uclm.es\/index.php\/wp-json\/wp\/v2\/posts\/23113\/revisions\/23118"}],"wp:featuredmedia":[{"embeddable":true,"href":"https:\/\/esi.uclm.es\/index.php\/wp-json\/wp\/v2\/media\/23119"}],"wp:attachment":[{"href":"https:\/\/esi.uclm.es\/index.php\/wp-json\/wp\/v2\/media?parent=23113"}],"wp:term":[{"taxonomy":"category","embeddable":true,"href":"https:\/\/esi.uclm.es\/index.php\/wp-json\/wp\/v2\/categories?post=23113"},{"taxonomy":"post_tag","embeddable":true,"href":"https:\/\/esi.uclm.es\/index.php\/wp-json\/wp\/v2\/tags?post=23113"}],"curies":[{"name":"wp","href":"https:\/\/api.w.org\/{rel}","templated":true}]}}