{"id":22726,"date":"2026-03-03T16:54:38","date_gmt":"2026-03-03T16:54:38","guid":{"rendered":"https:\/\/esi.uclm.es\/?p=22726"},"modified":"2026-03-03T17:05:01","modified_gmt":"2026-03-03T17:05:01","slug":"microcredencial-subvencionada-en-inteligencia-de-procesos","status":"publish","type":"post","link":"https:\/\/esi.uclm.es\/index.php\/2026\/03\/03\/microcredencial-subvencionada-en-inteligencia-de-procesos\/","title":{"rendered":"Microcredencial Subvencionada en Inteligencia de Procesos\u00a0"},"content":{"rendered":"\n<p>En un contexto en el que la toma de decisiones basada en datos y la automatizaci\u00f3n inteligente de procesos se han convertido en prioridades estrat\u00e9gicas para las organizaciones, disciplinas como la inteligencia de procesos est\u00e1n teniendo un gran impacto y adopci\u00f3n en sectores clave como la banca, la industria, la log\u00edstica o la administraci\u00f3n p\u00fablica. Informes como el de Gartner destacan la inteligencia de procesos como un habilitador fundamental para iniciativas de mejora operativa, eficiencia organizativa e hiperautomatizaci\u00f3n, impulsando la demanda de profesionales capaces de comprender, analizar y optimizar procesos empresariales.<\/p>\n\n\n\n<p>Por ello nos complace anunciar que ya est\u00e1 abierto el plazo de preinscripci\u00f3n de la \u201c<strong>Microcredencial Subvencionada en Inteligencia de Procesos\u00bb<\/strong><\/p>\n\n\n\n<p><a href=\"https:\/\/www.uclm.es\/estudios\/propios\/microcredencial-subvencionada-inteligencia-procesos\">https:\/\/www.uclm.es\/estudios\/propios\/microcredencial-subvencionada-inteligencia-procesos<\/a><\/p>\n\n\n\n<div class=\"wp-block-file\"><a id=\"wp-block-file--media-4da91f56-c9fe-46b7-b2f3-231fe069028e\" href=\"https:\/\/esi.uclm.es\/assets\/uploads\/2026\/03\/inteligencia_procesos2026.pdf\">Cartel de la Microcredencial Subvencionada &#8211; Inteligencia de Procesos<\/a><a href=\"https:\/\/esi.uclm.es\/assets\/uploads\/2026\/03\/inteligencia_procesos2026.pdf\" class=\"wp-block-file__button wp-element-button\" download aria-describedby=\"wp-block-file--media-4da91f56-c9fe-46b7-b2f3-231fe069028e\">Descarga<\/a><\/div>\n\n\n\n<p>El principal objetivo de este curso es que los participantes adquieran las competencias necesarias para&nbsp;analizar, modelar y mejorar procesos empresariales&nbsp;a partir de datos reales utilizando t\u00e9cnicas de&nbsp;inteligencia de negocio, miner\u00eda de datos y process mining. Asimismo, podr\u00e1 seleccionar, preparar y transformar datasets para la extracci\u00f3n de informaci\u00f3n relevante; aplicar herramientas profesionales para la construcci\u00f3n de modelos anal\u00edticos; evaluar el rendimiento y la eficiencia de procesos mediante m\u00e9tricas cuantitativas; y dise\u00f1ar propuestas de optimizaci\u00f3n fundamentadas en la evidencia derivada del an\u00e1lisis de datos y en la comprensi\u00f3n del funcionamiento organizativo.<\/p>\n\n\n\n<p>A lo largo del programa, los participantes adquirir\u00e1n una comprensi\u00f3n s\u00f3lida de qu\u00e9 es el Process Mining, para qu\u00e9 sirve y por qu\u00e9 se ha convertido en una herramienta clave en organizaciones l\u00edderes.<\/p>\n\n\n\n<p>Aprender\u00e1n a utilizar&nbsp;<strong>Celonis<\/strong>, la plataforma de referencia en el mercado, trabajando tanto sus capacidades de an\u00e1lisis (Discovery y Conformance) como sus posibilidades de modelado, automatizaci\u00f3n y despliegue de soluciones basadas en datos.<\/p>\n\n\n\n<h2 class=\"wp-block-heading\">Puntos clave:<\/h2>\n\n\n\n<ul class=\"wp-block-list\">\n<li>2 Cr\u00e9ditos ECTS<\/li>\n\n\n\n<li>Impartido por profesionales del sector y profesorado universitario. El curso integrar\u00e1 recursos oficiales del programa educativo Celonis Academy<\/li>\n\n\n\n<li>Precio matr\u00edcula: 200 \u20ac<\/li>\n\n\n\n<li>Subvenci\u00f3n 70 %&nbsp;<strong>(precio final: 60 \u20ac)<\/strong><\/li>\n<\/ul>\n\n\n\n<h2 class=\"wp-block-heading\">Objetivos y competencias:<\/h2>\n\n\n\n<p>Se trabajan espec\u00edficamente dos competencias ESCO directamente relacionadas con los objetivos formativos y profesionales de la microcredencial:<\/p>\n\n\n\n<ol start=\"1\" class=\"wp-block-list\">\n<li>Dise\u00f1ar Procesos: Identificar los flujos de trabajo y los recursos necesarios para un proceso concreto, utilizando una serie de herramientas como programas inform\u00e1ticos de simulaci\u00f3n de procesos, diagramas de flujo y modelos a escala.<\/li>\n<\/ol>\n\n\n\n<p><a rel=\"noreferrer noopener\" target=\"_blank\" href=\"http:\/\/data.europa.eu\/esco\/skill\/2c28fc20-8a60-4311-8899-5ef8729c05b3\">http:\/\/data.europa.eu\/esco\/skill\/2c28fc20-8a60-4311-8899-5ef8729c05b3<\/a><\/p>\n\n\n\n<ol start=\"2\" class=\"wp-block-list\">\n<li>Extracci\u00f3n de Datos: Conocer y aplicar los m\u00e9todos de inteligencia artificial, aprendizaje autom\u00e1tico, estad\u00edsticas y bases de datos utilizados para extraer contenido de un conjunto de datos.<\/li>\n<\/ol>\n\n\n\n<p><a rel=\"noreferrer noopener\" target=\"_blank\" href=\"http:\/\/data.europa.eu\/esco\/skill\/25f0ea33-b4a2-4f31-b7b4-7d20e827b180\">http:\/\/data.europa.eu\/esco\/skill\/25f0ea33-b4a2-4f31-b7b4-7d20e827b180<\/a><\/p>\n\n\n\n<h2 class=\"wp-block-heading\">Profesorado:<\/h2>\n\n\n\n<p>El curso se imparte por profesores universitarios y profesionales de la industria, con experiencia profesional y docente.<\/p>\n\n\n\n<h2 class=\"wp-block-heading\">Plazos<\/h2>\n\n\n\n<ul class=\"wp-block-list\">\n<li>Preinscripci\u00f3n abierta hasta el<strong>\u00a05 de abril.\u00a0<a href=\"https:\/\/lead.apps.uclm.es\/actividadesavanzado\/105705\" target=\"_blank\" rel=\"noreferrer noopener\">https:\/\/lead.apps.uclm.es\/actividadesavanzado\/105705<\/a><\/strong><\/li>\n<\/ul>\n\n\n\n<ul class=\"wp-block-list\">\n<li>Matr\u00edcula: &nbsp;Del 19\/01\/2026 al&nbsp; 05\/04\/2026<\/li>\n\n\n\n<li>Impartici\u00f3n: &nbsp;Del 06\/04\/2026 al 10\/05\/2026<\/li>\n<\/ul>\n\n\n\n<h2 class=\"wp-block-heading\">Requisitos:<\/h2>\n\n\n\n<ul class=\"wp-block-list\">\n<li>Tener una edad comprendida entre 25 y 64 a\u00f1os<\/li>\n\n\n\n<li>Tener la nacionalidad espa\u00f1ola o de alg\u00fan pa\u00eds de la Uni\u00f3n Europea (UE).\n<ul class=\"wp-block-list\">\n<li>En caso de nacionalidad de otros pa\u00edses fuera de la UE, se deber\u00e1 acreditar la residencia en alg\u00fan Estado miembro de la UE.<\/li>\n<\/ul>\n<\/li>\n\n\n\n<li>La microcredencial est\u00e1 abierta a cualquier persona con inter\u00e9s en el an\u00e1lisis y mejora de procesos basada en datos.\n<ul class=\"wp-block-list\">\n<li>No se requieren conocimientos previos espec\u00edficos en Process Mining, si bien se recomienda familiaridad b\u00e1sica con entornos digitales y con el uso de hojas de c\u00e1lculo o herramientas de an\u00e1lisis.<\/li>\n\n\n\n<li>Tendr\u00e1n especial adecuaci\u00f3n los perfiles con formaci\u00f3n o experiencia en \u00e1reas STEM, administraci\u00f3n de empresas, anal\u00edtica de datos, sistemas de informaci\u00f3n o gesti\u00f3n de procesos.<\/li>\n\n\n\n<li>Se valorar\u00e1, sin que sea requisito excluyente, haber cursado previamente materias relacionadas con organizaci\u00f3n empresarial, an\u00e1lisis de datos o tecnolog\u00edas de la informaci\u00f3n.<\/li>\n<\/ul>\n<\/li>\n<\/ul>\n\n\n\n<h2 class=\"wp-block-heading\">Estructura<\/h2>\n\n\n\n<ul class=\"wp-block-list\">\n<li>\u00cdntegramente en modalidad virtual en la que se combinar\u00e1n distintos formatos docentes para garantizar un aprendizaje flexible, profundo y orientado a la pr\u00e1ctica profesional.<\/li>\n\n\n\n<li>La docencia s\u00edncrona se articular\u00e1 mediante 2 sesiones semanales impartidas por profesorado especializado, centradas en la explicaci\u00f3n de conceptos clave, la resoluci\u00f3n guiada de casos y la demostraci\u00f3n pr\u00e1ctica con herramientas de inteligencia de negocio y process mining.<\/li>\n\n\n\n<li>Todas las sesiones quedar\u00e1n grabadas y accesibles durante el periodo de impartici\u00f3n para facilitar la revisi\u00f3n y el aprendizaje diferido.<\/li>\n\n\n\n<li>El curso integrar\u00e1 recursos oficiales del programa educativo Celonis Academy, alineando los contenidos con est\u00e1ndares y metodolog\u00edas utilizadas en la industria. Estos materiales complementar\u00e1n la formaci\u00f3n con gu\u00edas de uso, ejemplos reales y mejores pr\u00e1cticas aplicables al entorno profesional del process mining.<\/li>\n<\/ul>\n\n\n<div class=\"wp-block-image\">\n<figure class=\"aligncenter size-large\"><img loading=\"lazy\" decoding=\"async\" width=\"1024\" height=\"288\" src=\"https:\/\/esi.uclm.es\/assets\/uploads\/2026\/03\/colaboradores_microcredencial-1024x288.jpg\" alt=\"\" class=\"wp-image-22729\" srcset=\"https:\/\/esi.uclm.es\/assets\/uploads\/2026\/03\/colaboradores_microcredencial-1024x288.jpg 1024w, https:\/\/esi.uclm.es\/assets\/uploads\/2026\/03\/colaboradores_microcredencial-300x85.jpg 300w, https:\/\/esi.uclm.es\/assets\/uploads\/2026\/03\/colaboradores_microcredencial-768x216.jpg 768w, https:\/\/esi.uclm.es\/assets\/uploads\/2026\/03\/colaboradores_microcredencial-1536x433.jpg 1536w, https:\/\/esi.uclm.es\/assets\/uploads\/2026\/03\/colaboradores_microcredencial-18x5.jpg 18w, https:\/\/esi.uclm.es\/assets\/uploads\/2026\/03\/colaboradores_microcredencial-1300x366.jpg 1300w, https:\/\/esi.uclm.es\/assets\/uploads\/2026\/03\/colaboradores_microcredencial.jpg 1800w\" sizes=\"auto, (max-width: 1024px) 100vw, 1024px\" \/><\/figure>\n<\/div>","protected":false},"excerpt":{"rendered":"<p>En un contexto en el que la toma de decisiones basada en datos y la automatizaci\u00f3n inteligente de procesos se han convertido en prioridades estrat\u00e9gicas para las organizaciones, disciplinas como la inteligencia de procesos est\u00e1n teniendo un gran impacto y adopci\u00f3n en sectores clave como [&hellip;]<\/p>\n","protected":false},"author":1,"featured_media":22733,"comment_status":"open","ping_status":"open","sticky":false,"template":"","format":"standard","meta":{"footnotes":""},"categories":[619],"tags":[],"class_list":["post-22726","post","type-post","status-publish","format-standard","has-post-thumbnail","hentry","category-general"],"yoast_head":"<!-- This site is optimized with the Yoast SEO plugin v27.5 - https:\/\/yoast.com\/product\/yoast-seo-wordpress\/ -->\n<title>Microcredencial Subvencionada en Inteligencia de Procesos\u00a0 - Escuela Superior de Inform\u00e1tica de UCLM<\/title>\n<meta name=\"description\" content=\"Se abre el plazo para inscribirse en la microcredencial subenvicionada de inteligencia de procesos en la universidad de Castilla-La Mancha\" \/>\n<meta name=\"robots\" content=\"index, follow, max-snippet:-1, max-image-preview:large, max-video-preview:-1\" \/>\n<link rel=\"canonical\" href=\"https:\/\/esi.uclm.es\/index.php\/2026\/03\/03\/microcredencial-subvencionada-en-inteligencia-de-procesos\/\" \/>\n<meta property=\"og:locale\" content=\"es_ES\" \/>\n<meta property=\"og:type\" content=\"article\" \/>\n<meta property=\"og:title\" content=\"Microcredencial Subvencionada en Inteligencia de Procesos\u00a0 - Escuela Superior de Inform\u00e1tica de UCLM\" \/>\n<meta property=\"og:description\" content=\"Se abre el plazo para inscribirse en la microcredencial subenvicionada de inteligencia de procesos en la universidad de Castilla-La Mancha\" \/>\n<meta property=\"og:url\" content=\"https:\/\/esi.uclm.es\/index.php\/2026\/03\/03\/microcredencial-subvencionada-en-inteligencia-de-procesos\/\" \/>\n<meta property=\"og:site_name\" content=\"Escuela Superior de Inform\u00e1tica de UCLM\" \/>\n<meta property=\"article:publisher\" content=\"https:\/\/www.facebook.com\/Escuela-Superior-de-Informtica-543261809027158\" \/>\n<meta property=\"article:published_time\" content=\"2026-03-03T16:54:38+00:00\" \/>\n<meta property=\"article:modified_time\" content=\"2026-03-03T17:05:01+00:00\" \/>\n<meta property=\"og:image\" content=\"http:\/\/esi.uclm.es\/assets\/uploads\/2026\/03\/brain_procesos_web.webp\" \/>\n\t<meta property=\"og:image:width\" content=\"1200\" \/>\n\t<meta property=\"og:image:height\" content=\"675\" \/>\n\t<meta property=\"og:image:type\" content=\"image\/webp\" \/>\n<meta name=\"author\" content=\"esiuclm\" \/>\n<meta name=\"twitter:card\" content=\"summary_large_image\" \/>\n<meta name=\"twitter:creator\" content=\"@esiuclm\" \/>\n<meta name=\"twitter:site\" content=\"@esiuclm\" \/>\n<meta name=\"twitter:label1\" content=\"Escrito por\" \/>\n\t<meta name=\"twitter:data1\" content=\"esiuclm\" \/>\n\t<meta name=\"twitter:label2\" content=\"Tiempo de lectura\" \/>\n\t<meta name=\"twitter:data2\" content=\"4 minutos\" \/>\n<script type=\"application\/ld+json\" class=\"yoast-schema-graph\">{\"@context\":\"https:\\\/\\\/schema.org\",\"@graph\":[{\"@type\":\"Article\",\"@id\":\"https:\\\/\\\/esi.uclm.es\\\/index.php\\\/2026\\\/03\\\/03\\\/microcredencial-subvencionada-en-inteligencia-de-procesos\\\/#article\",\"isPartOf\":{\"@id\":\"https:\\\/\\\/esi.uclm.es\\\/index.php\\\/2026\\\/03\\\/03\\\/microcredencial-subvencionada-en-inteligencia-de-procesos\\\/\"},\"author\":{\"name\":\"esiuclm\",\"@id\":\"https:\\\/\\\/esi.uclm.es\\\/#\\\/schema\\\/person\\\/d9a390095e8beeca5aced92acb17a530\"},\"headline\":\"Microcredencial Subvencionada en Inteligencia de Procesos\u00a0\",\"datePublished\":\"2026-03-03T16:54:38+00:00\",\"dateModified\":\"2026-03-03T17:05:01+00:00\",\"mainEntityOfPage\":{\"@id\":\"https:\\\/\\\/esi.uclm.es\\\/index.php\\\/2026\\\/03\\\/03\\\/microcredencial-subvencionada-en-inteligencia-de-procesos\\\/\"},\"wordCount\":826,\"commentCount\":0,\"publisher\":{\"@id\":\"https:\\\/\\\/esi.uclm.es\\\/#organization\"},\"image\":{\"@id\":\"https:\\\/\\\/esi.uclm.es\\\/index.php\\\/2026\\\/03\\\/03\\\/microcredencial-subvencionada-en-inteligencia-de-procesos\\\/#primaryimage\"},\"thumbnailUrl\":\"https:\\\/\\\/esi.uclm.es\\\/assets\\\/uploads\\\/2026\\\/03\\\/brain_procesos_web.webp\",\"articleSection\":[\"General\"],\"inLanguage\":\"es\",\"potentialAction\":[{\"@type\":\"CommentAction\",\"name\":\"Comment\",\"target\":[\"https:\\\/\\\/esi.uclm.es\\\/index.php\\\/2026\\\/03\\\/03\\\/microcredencial-subvencionada-en-inteligencia-de-procesos\\\/#respond\"]}]},{\"@type\":\"WebPage\",\"@id\":\"https:\\\/\\\/esi.uclm.es\\\/index.php\\\/2026\\\/03\\\/03\\\/microcredencial-subvencionada-en-inteligencia-de-procesos\\\/\",\"url\":\"https:\\\/\\\/esi.uclm.es\\\/index.php\\\/2026\\\/03\\\/03\\\/microcredencial-subvencionada-en-inteligencia-de-procesos\\\/\",\"name\":\"Microcredencial Subvencionada en Inteligencia de Procesos\u00a0 - Escuela Superior de Inform\u00e1tica de UCLM\",\"isPartOf\":{\"@id\":\"https:\\\/\\\/esi.uclm.es\\\/#website\"},\"primaryImageOfPage\":{\"@id\":\"https:\\\/\\\/esi.uclm.es\\\/index.php\\\/2026\\\/03\\\/03\\\/microcredencial-subvencionada-en-inteligencia-de-procesos\\\/#primaryimage\"},\"image\":{\"@id\":\"https:\\\/\\\/esi.uclm.es\\\/index.php\\\/2026\\\/03\\\/03\\\/microcredencial-subvencionada-en-inteligencia-de-procesos\\\/#primaryimage\"},\"thumbnailUrl\":\"https:\\\/\\\/esi.uclm.es\\\/assets\\\/uploads\\\/2026\\\/03\\\/brain_procesos_web.webp\",\"datePublished\":\"2026-03-03T16:54:38+00:00\",\"dateModified\":\"2026-03-03T17:05:01+00:00\",\"description\":\"Se abre el plazo para inscribirse en la microcredencial subenvicionada de inteligencia de procesos en la universidad de Castilla-La Mancha\",\"breadcrumb\":{\"@id\":\"https:\\\/\\\/esi.uclm.es\\\/index.php\\\/2026\\\/03\\\/03\\\/microcredencial-subvencionada-en-inteligencia-de-procesos\\\/#breadcrumb\"},\"inLanguage\":\"es\",\"potentialAction\":[{\"@type\":\"ReadAction\",\"target\":[\"https:\\\/\\\/esi.uclm.es\\\/index.php\\\/2026\\\/03\\\/03\\\/microcredencial-subvencionada-en-inteligencia-de-procesos\\\/\"]}]},{\"@type\":\"ImageObject\",\"inLanguage\":\"es\",\"@id\":\"https:\\\/\\\/esi.uclm.es\\\/index.php\\\/2026\\\/03\\\/03\\\/microcredencial-subvencionada-en-inteligencia-de-procesos\\\/#primaryimage\",\"url\":\"https:\\\/\\\/esi.uclm.es\\\/assets\\\/uploads\\\/2026\\\/03\\\/brain_procesos_web.webp\",\"contentUrl\":\"https:\\\/\\\/esi.uclm.es\\\/assets\\\/uploads\\\/2026\\\/03\\\/brain_procesos_web.webp\",\"width\":1200,\"height\":675,\"caption\":\"cerebro y procesos\"},{\"@type\":\"BreadcrumbList\",\"@id\":\"https:\\\/\\\/esi.uclm.es\\\/index.php\\\/2026\\\/03\\\/03\\\/microcredencial-subvencionada-en-inteligencia-de-procesos\\\/#breadcrumb\",\"itemListElement\":[{\"@type\":\"ListItem\",\"position\":1,\"name\":\"Portada\",\"item\":\"https:\\\/\\\/esi.uclm.es\\\/\"},{\"@type\":\"ListItem\",\"position\":2,\"name\":\"Microcredencial Subvencionada en Inteligencia de Procesos\u00a0\"}]},{\"@type\":\"WebSite\",\"@id\":\"https:\\\/\\\/esi.uclm.es\\\/#website\",\"url\":\"https:\\\/\\\/esi.uclm.es\\\/\",\"name\":\"Escuela Superior de Inform\u00e1tica de UCLM en Ciudad Real, Castilla-La Mancha\",\"description\":\"La Escuela Superior de Inform\u00e1tica de Ciudad Real (Castilla-La Mancha), Universidad de Castilla-La Mancha es un centro universitario que imparte el ciclo completo de Ingenier\u00eda en Inform\u00e1tica: grado, m\u00e1ster y doctorado.\",\"publisher\":{\"@id\":\"https:\\\/\\\/esi.uclm.es\\\/#organization\"},\"potentialAction\":[{\"@type\":\"SearchAction\",\"target\":{\"@type\":\"EntryPoint\",\"urlTemplate\":\"https:\\\/\\\/esi.uclm.es\\\/?s={search_term_string}\"},\"query-input\":{\"@type\":\"PropertyValueSpecification\",\"valueRequired\":true,\"valueName\":\"search_term_string\"}}],\"inLanguage\":\"es\"},{\"@type\":\"Organization\",\"@id\":\"https:\\\/\\\/esi.uclm.es\\\/#organization\",\"name\":\"Escuela Superior de Inform\u00e1tica de UCLM\",\"url\":\"https:\\\/\\\/esi.uclm.es\\\/\",\"logo\":{\"@type\":\"ImageObject\",\"inLanguage\":\"es\",\"@id\":\"https:\\\/\\\/esi.uclm.es\\\/#\\\/schema\\\/logo\\\/image\\\/\",\"url\":\"https:\\\/\\\/esi.uclm.es\\\/assets\\\/uploads\\\/2022\\\/03\\\/LogoESI_cabecera-1.png\",\"contentUrl\":\"https:\\\/\\\/esi.uclm.es\\\/assets\\\/uploads\\\/2022\\\/03\\\/LogoESI_cabecera-1.png\",\"width\":460,\"height\":184,\"caption\":\"Escuela Superior de Inform\u00e1tica de UCLM\"},\"image\":{\"@id\":\"https:\\\/\\\/esi.uclm.es\\\/#\\\/schema\\\/logo\\\/image\\\/\"},\"sameAs\":[\"https:\\\/\\\/www.facebook.com\\\/Escuela-Superior-de-Informtica-543261809027158\",\"https:\\\/\\\/x.com\\\/esiuclm\",\"https:\\\/\\\/www.instagram.com\\\/esiuclm\\\/\",\"https:\\\/\\\/www.youtube.com\\\/user\\\/esiuclm\",\"https:\\\/\\\/www.twitch.tv\\\/esiuclm\",\"https:\\\/\\\/www.linkedin.com\\\/company\\\/12656631\\\/admin\\\/\"]},{\"@type\":\"Person\",\"@id\":\"https:\\\/\\\/esi.uclm.es\\\/#\\\/schema\\\/person\\\/d9a390095e8beeca5aced92acb17a530\",\"name\":\"esiuclm\",\"image\":{\"@type\":\"ImageObject\",\"inLanguage\":\"es\",\"@id\":\"https:\\\/\\\/secure.gravatar.com\\\/avatar\\\/ff32e6f445454691c713484fe154c7002761ecabfa4cfa2fea57c231744892da?s=96&d=mm&r=g\",\"url\":\"https:\\\/\\\/secure.gravatar.com\\\/avatar\\\/ff32e6f445454691c713484fe154c7002761ecabfa4cfa2fea57c231744892da?s=96&d=mm&r=g\",\"contentUrl\":\"https:\\\/\\\/secure.gravatar.com\\\/avatar\\\/ff32e6f445454691c713484fe154c7002761ecabfa4cfa2fea57c231744892da?s=96&d=mm&r=g\",\"caption\":\"esiuclm\"},\"sameAs\":[\"https:\\\/\\\/esi.uclm.es\"],\"url\":\"https:\\\/\\\/esi.uclm.es\\\/index.php\\\/author\\\/esiadmin\\\/\"}]}<\/script>\n<!-- \/ Yoast SEO plugin. -->","yoast_head_json":{"title":"Microcredencial Subvencionada en Inteligencia de Procesos\u00a0 - Escuela Superior de Inform\u00e1tica de UCLM","description":"Se abre el plazo para inscribirse en la microcredencial subenvicionada de inteligencia de procesos en la universidad de Castilla-La Mancha","robots":{"index":"index","follow":"follow","max-snippet":"max-snippet:-1","max-image-preview":"max-image-preview:large","max-video-preview":"max-video-preview:-1"},"canonical":"https:\/\/esi.uclm.es\/index.php\/2026\/03\/03\/microcredencial-subvencionada-en-inteligencia-de-procesos\/","og_locale":"es_ES","og_type":"article","og_title":"Microcredencial Subvencionada en Inteligencia de Procesos\u00a0 - Escuela Superior de Inform\u00e1tica de UCLM","og_description":"Se abre el plazo para inscribirse en la microcredencial subenvicionada de inteligencia de procesos en la universidad de Castilla-La Mancha","og_url":"https:\/\/esi.uclm.es\/index.php\/2026\/03\/03\/microcredencial-subvencionada-en-inteligencia-de-procesos\/","og_site_name":"Escuela Superior de Inform\u00e1tica de UCLM","article_publisher":"https:\/\/www.facebook.com\/Escuela-Superior-de-Informtica-543261809027158","article_published_time":"2026-03-03T16:54:38+00:00","article_modified_time":"2026-03-03T17:05:01+00:00","og_image":[{"width":1200,"height":675,"url":"http:\/\/esi.uclm.es\/assets\/uploads\/2026\/03\/brain_procesos_web.webp","type":"image\/webp"}],"author":"esiuclm","twitter_card":"summary_large_image","twitter_creator":"@esiuclm","twitter_site":"@esiuclm","twitter_misc":{"Escrito por":"esiuclm","Tiempo de lectura":"4 minutos"},"schema":{"@context":"https:\/\/schema.org","@graph":[{"@type":"Article","@id":"https:\/\/esi.uclm.es\/index.php\/2026\/03\/03\/microcredencial-subvencionada-en-inteligencia-de-procesos\/#article","isPartOf":{"@id":"https:\/\/esi.uclm.es\/index.php\/2026\/03\/03\/microcredencial-subvencionada-en-inteligencia-de-procesos\/"},"author":{"name":"esiuclm","@id":"https:\/\/esi.uclm.es\/#\/schema\/person\/d9a390095e8beeca5aced92acb17a530"},"headline":"Microcredencial Subvencionada en Inteligencia de Procesos\u00a0","datePublished":"2026-03-03T16:54:38+00:00","dateModified":"2026-03-03T17:05:01+00:00","mainEntityOfPage":{"@id":"https:\/\/esi.uclm.es\/index.php\/2026\/03\/03\/microcredencial-subvencionada-en-inteligencia-de-procesos\/"},"wordCount":826,"commentCount":0,"publisher":{"@id":"https:\/\/esi.uclm.es\/#organization"},"image":{"@id":"https:\/\/esi.uclm.es\/index.php\/2026\/03\/03\/microcredencial-subvencionada-en-inteligencia-de-procesos\/#primaryimage"},"thumbnailUrl":"https:\/\/esi.uclm.es\/assets\/uploads\/2026\/03\/brain_procesos_web.webp","articleSection":["General"],"inLanguage":"es","potentialAction":[{"@type":"CommentAction","name":"Comment","target":["https:\/\/esi.uclm.es\/index.php\/2026\/03\/03\/microcredencial-subvencionada-en-inteligencia-de-procesos\/#respond"]}]},{"@type":"WebPage","@id":"https:\/\/esi.uclm.es\/index.php\/2026\/03\/03\/microcredencial-subvencionada-en-inteligencia-de-procesos\/","url":"https:\/\/esi.uclm.es\/index.php\/2026\/03\/03\/microcredencial-subvencionada-en-inteligencia-de-procesos\/","name":"Microcredencial Subvencionada en Inteligencia de Procesos\u00a0 - Escuela Superior de Inform\u00e1tica de UCLM","isPartOf":{"@id":"https:\/\/esi.uclm.es\/#website"},"primaryImageOfPage":{"@id":"https:\/\/esi.uclm.es\/index.php\/2026\/03\/03\/microcredencial-subvencionada-en-inteligencia-de-procesos\/#primaryimage"},"image":{"@id":"https:\/\/esi.uclm.es\/index.php\/2026\/03\/03\/microcredencial-subvencionada-en-inteligencia-de-procesos\/#primaryimage"},"thumbnailUrl":"https:\/\/esi.uclm.es\/assets\/uploads\/2026\/03\/brain_procesos_web.webp","datePublished":"2026-03-03T16:54:38+00:00","dateModified":"2026-03-03T17:05:01+00:00","description":"Se abre el plazo para inscribirse en la microcredencial subenvicionada de inteligencia de procesos en la universidad de Castilla-La Mancha","breadcrumb":{"@id":"https:\/\/esi.uclm.es\/index.php\/2026\/03\/03\/microcredencial-subvencionada-en-inteligencia-de-procesos\/#breadcrumb"},"inLanguage":"es","potentialAction":[{"@type":"ReadAction","target":["https:\/\/esi.uclm.es\/index.php\/2026\/03\/03\/microcredencial-subvencionada-en-inteligencia-de-procesos\/"]}]},{"@type":"ImageObject","inLanguage":"es","@id":"https:\/\/esi.uclm.es\/index.php\/2026\/03\/03\/microcredencial-subvencionada-en-inteligencia-de-procesos\/#primaryimage","url":"https:\/\/esi.uclm.es\/assets\/uploads\/2026\/03\/brain_procesos_web.webp","contentUrl":"https:\/\/esi.uclm.es\/assets\/uploads\/2026\/03\/brain_procesos_web.webp","width":1200,"height":675,"caption":"cerebro y procesos"},{"@type":"BreadcrumbList","@id":"https:\/\/esi.uclm.es\/index.php\/2026\/03\/03\/microcredencial-subvencionada-en-inteligencia-de-procesos\/#breadcrumb","itemListElement":[{"@type":"ListItem","position":1,"name":"Portada","item":"https:\/\/esi.uclm.es\/"},{"@type":"ListItem","position":2,"name":"Microcredencial Subvencionada en Inteligencia de Procesos\u00a0"}]},{"@type":"WebSite","@id":"https:\/\/esi.uclm.es\/#website","url":"https:\/\/esi.uclm.es\/","name":"Escuela Superior de Inform\u00e1tica de UCLM en Ciudad Real, Castilla-La Mancha","description":"La Escuela Superior de Inform\u00e1tica de Ciudad Real (Castilla-La Mancha), Universidad de Castilla-La Mancha es un centro universitario que imparte el ciclo completo de Ingenier\u00eda en Inform\u00e1tica: grado, m\u00e1ster y doctorado.","publisher":{"@id":"https:\/\/esi.uclm.es\/#organization"},"potentialAction":[{"@type":"SearchAction","target":{"@type":"EntryPoint","urlTemplate":"https:\/\/esi.uclm.es\/?s={search_term_string}"},"query-input":{"@type":"PropertyValueSpecification","valueRequired":true,"valueName":"search_term_string"}}],"inLanguage":"es"},{"@type":"Organization","@id":"https:\/\/esi.uclm.es\/#organization","name":"Escuela Superior de Inform\u00e1tica de UCLM","url":"https:\/\/esi.uclm.es\/","logo":{"@type":"ImageObject","inLanguage":"es","@id":"https:\/\/esi.uclm.es\/#\/schema\/logo\/image\/","url":"https:\/\/esi.uclm.es\/assets\/uploads\/2022\/03\/LogoESI_cabecera-1.png","contentUrl":"https:\/\/esi.uclm.es\/assets\/uploads\/2022\/03\/LogoESI_cabecera-1.png","width":460,"height":184,"caption":"Escuela Superior de Inform\u00e1tica de UCLM"},"image":{"@id":"https:\/\/esi.uclm.es\/#\/schema\/logo\/image\/"},"sameAs":["https:\/\/www.facebook.com\/Escuela-Superior-de-Informtica-543261809027158","https:\/\/x.com\/esiuclm","https:\/\/www.instagram.com\/esiuclm\/","https:\/\/www.youtube.com\/user\/esiuclm","https:\/\/www.twitch.tv\/esiuclm","https:\/\/www.linkedin.com\/company\/12656631\/admin\/"]},{"@type":"Person","@id":"https:\/\/esi.uclm.es\/#\/schema\/person\/d9a390095e8beeca5aced92acb17a530","name":"esiuclm","image":{"@type":"ImageObject","inLanguage":"es","@id":"https:\/\/secure.gravatar.com\/avatar\/ff32e6f445454691c713484fe154c7002761ecabfa4cfa2fea57c231744892da?s=96&d=mm&r=g","url":"https:\/\/secure.gravatar.com\/avatar\/ff32e6f445454691c713484fe154c7002761ecabfa4cfa2fea57c231744892da?s=96&d=mm&r=g","contentUrl":"https:\/\/secure.gravatar.com\/avatar\/ff32e6f445454691c713484fe154c7002761ecabfa4cfa2fea57c231744892da?s=96&d=mm&r=g","caption":"esiuclm"},"sameAs":["https:\/\/esi.uclm.es"],"url":"https:\/\/esi.uclm.es\/index.php\/author\/esiadmin\/"}]}},"_links":{"self":[{"href":"https:\/\/esi.uclm.es\/index.php\/wp-json\/wp\/v2\/posts\/22726","targetHints":{"allow":["GET"]}}],"collection":[{"href":"https:\/\/esi.uclm.es\/index.php\/wp-json\/wp\/v2\/posts"}],"about":[{"href":"https:\/\/esi.uclm.es\/index.php\/wp-json\/wp\/v2\/types\/post"}],"author":[{"embeddable":true,"href":"https:\/\/esi.uclm.es\/index.php\/wp-json\/wp\/v2\/users\/1"}],"replies":[{"embeddable":true,"href":"https:\/\/esi.uclm.es\/index.php\/wp-json\/wp\/v2\/comments?post=22726"}],"version-history":[{"count":2,"href":"https:\/\/esi.uclm.es\/index.php\/wp-json\/wp\/v2\/posts\/22726\/revisions"}],"predecessor-version":[{"id":22731,"href":"https:\/\/esi.uclm.es\/index.php\/wp-json\/wp\/v2\/posts\/22726\/revisions\/22731"}],"wp:featuredmedia":[{"embeddable":true,"href":"https:\/\/esi.uclm.es\/index.php\/wp-json\/wp\/v2\/media\/22733"}],"wp:attachment":[{"href":"https:\/\/esi.uclm.es\/index.php\/wp-json\/wp\/v2\/media?parent=22726"}],"wp:term":[{"taxonomy":"category","embeddable":true,"href":"https:\/\/esi.uclm.es\/index.php\/wp-json\/wp\/v2\/categories?post=22726"},{"taxonomy":"post_tag","embeddable":true,"href":"https:\/\/esi.uclm.es\/index.php\/wp-json\/wp\/v2\/tags?post=22726"}],"curies":[{"name":"wp","href":"https:\/\/api.w.org\/{rel}","templated":true}]}}