{"id":22347,"date":"2025-12-17T15:21:51","date_gmt":"2025-12-17T15:21:51","guid":{"rendered":"https:\/\/esi.uclm.es\/?p=22347"},"modified":"2026-01-10T13:09:35","modified_gmt":"2026-01-10T13:09:35","slug":"estudiantes-de-4o-en-coe-colaboran-con-la-asociacion-iker","status":"publish","type":"post","link":"https:\/\/esi.uclm.es\/index.php\/2025\/12\/17\/estudiantes-de-4o-en-coe-colaboran-con-la-asociacion-iker\/","title":{"rendered":"Estudiantes de 4\u00ba en COE colaboran con la asociaci\u00f3n IKER"},"content":{"rendered":"\n<p><strong>Alumnos de cuarto curso de la asignatura de Comercio Electr\u00f3nico presentan nueve propuestas para renovar la presencia online de la asociaci\u00f3n y potenciar su labor solidaria.<\/strong><\/p>\n\n\n\n<p>La Escuela Superior de Inform\u00e1tica acogi\u00f3 ayer una sesi\u00f3n muy especial en la que la tecnolog\u00eda y el compromiso social se dieron la mano. Los estudiantes de cuarto curso de la asignatura de <strong>Comercio Electr\u00f3nico (COE)<\/strong> presentaron un total de nueve soluciones <em>e-commerce<\/em> dise\u00f1adas para fortalecer la presencia digital de la <strong><a href=\"https:\/\/asociacioniker.org\/\">Asociaci\u00f3n Iker<\/a><\/strong>, una entidad dedicada a la investigaci\u00f3n del Liposarcoma Mixoide y a la visibilizaci\u00f3n de los cuidados paliativos.<\/p>\n\n\n\n<p>El proyecto, coordinado por la profesora Vanesa Herrera Tirado, tiene un doble objetivo: por un lado, permitir a los alumnos aplicar las competencias transversales adquiridas durante el grado en un escenario real; y por otro, ofrecer a la asociaci\u00f3n herramientas para motivar el voluntariado y sensibilizar a la sociedad sobre sus causas. Las propuestas presentadas no solo buscan renovar el sitio web de la asociaci\u00f3n, sino dotarlo de una soluci\u00f3n de comercio electr\u00f3nico funcional y moderna.<\/p>\n\n\n<div class=\"wp-block-image\">\n<figure class=\"aligncenter size-large\"><img loading=\"lazy\" decoding=\"async\" width=\"1024\" height=\"768\" src=\"https:\/\/esi.uclm.es\/assets\/uploads\/2025\/12\/web_iker-1024x768.jpeg\" alt=\"\" class=\"wp-image-22348\" srcset=\"https:\/\/esi.uclm.es\/assets\/uploads\/2025\/12\/web_iker-1024x768.jpeg 1024w, https:\/\/esi.uclm.es\/assets\/uploads\/2025\/12\/web_iker-300x225.jpeg 300w, https:\/\/esi.uclm.es\/assets\/uploads\/2025\/12\/web_iker-768x576.jpeg 768w, https:\/\/esi.uclm.es\/assets\/uploads\/2025\/12\/web_iker-16x12.jpeg 16w, https:\/\/esi.uclm.es\/assets\/uploads\/2025\/12\/web_iker-800x600.jpeg 800w, https:\/\/esi.uclm.es\/assets\/uploads\/2025\/12\/web_iker-1300x975.jpeg 1300w, https:\/\/esi.uclm.es\/assets\/uploads\/2025\/12\/web_iker.jpeg 1504w\" sizes=\"auto, (max-width: 1024px) 100vw, 1024px\" \/><\/figure>\n<\/div>\n\n\n<p>Esta iniciativa se enmarca dentro del modelo de Aprendizaje-Servicio, una metodolog\u00eda que fue adoptada en la asignatura por el profesor Jose Jes\u00fas Castro. Este enfoque act\u00faa como hilo conductor entre la teor\u00eda acad\u00e9mica y la realidad social, permitiendo que el trabajo de aula trascienda y genere un beneficio tangible para la comunidad.<\/p>\n\n\n\n<p>La presentaci\u00f3n de los proyectos reuni\u00f3 en la misma aula a m\u00e1s de 40 alumnos junto a fundadores y voluntarios de la Asociaci\u00f3n Iker. La sesi\u00f3n cont\u00f3 con la presencia de Mar\u00eda Susmozas, Carmen y Enrique Simarro Santamar\u00eda, representantes de la asociaci\u00f3n, quienes agradecieron el tiempo y el cari\u00f1o invertido por los estudiantes. Tambi\u00e9n destacaron la participaci\u00f3n de la profesora Ana M. Fern\u00e1ndez S\u00e1ez, voluntaria en la asociaci\u00f3n, y del exalumno de la asignatura Alejandro Paniagua Rodr\u00edguez, que quiso ser testigo de los resultados de esta colaboraci\u00f3n.<\/p>\n\n\n<div class=\"wp-block-image\">\n<figure class=\"aligncenter size-full\"><img loading=\"lazy\" decoding=\"async\" width=\"900\" height=\"615\" src=\"https:\/\/esi.uclm.es\/assets\/uploads\/2025\/12\/grupo_iker.jpg\" alt=\"\" class=\"wp-image-22349\" srcset=\"https:\/\/esi.uclm.es\/assets\/uploads\/2025\/12\/grupo_iker.jpg 900w, https:\/\/esi.uclm.es\/assets\/uploads\/2025\/12\/grupo_iker-300x205.jpg 300w, https:\/\/esi.uclm.es\/assets\/uploads\/2025\/12\/grupo_iker-768x525.jpg 768w, https:\/\/esi.uclm.es\/assets\/uploads\/2025\/12\/grupo_iker-474x324.jpg 474w, https:\/\/esi.uclm.es\/assets\/uploads\/2025\/12\/grupo_iker-18x12.jpg 18w, https:\/\/esi.uclm.es\/assets\/uploads\/2025\/12\/grupo_iker-128x86.jpg 128w\" sizes=\"auto, (max-width: 900px) 100vw, 900px\" \/><figcaption class=\"wp-element-caption\">Vanesa Herrera, Ana Mar\u00eda Fern\u00e1ndez, Mar\u00eda Susmozas y Carmen Simarro.<\/figcaption><\/figure>\n<\/div>\n\n\n<p> La Asociaci\u00f3n Iker centra sus esfuerzos en fomentar la investigaci\u00f3n del Liposarcoma Mixoide, un tipo de c\u00e1ncer poco frecuente, y en poner en valor la importancia de los cuidados paliativos para mejorar la calidad de vida de los pacientes. <em>M\u00e1s informaci\u00f3n:<\/em> <a href=\"https:\/\/asociacioniker.org\/\" target=\"_blank\" rel=\"noreferrer noopener\">www.asociacioniker.org<\/a><\/p>\n\n\n\n<p><\/p>\n","protected":false},"excerpt":{"rendered":"<p>Alumnos de cuarto curso de la asignatura de Comercio Electr\u00f3nico presentan nueve propuestas para renovar la presencia online de la asociaci\u00f3n y potenciar su labor solidaria. La Escuela Superior de Inform\u00e1tica acogi\u00f3 ayer una sesi\u00f3n muy especial en la que la tecnolog\u00eda y el compromiso [&hellip;]<\/p>\n","protected":false},"author":1,"featured_media":22350,"comment_status":"open","ping_status":"open","sticky":false,"template":"","format":"standard","meta":{"footnotes":""},"categories":[619],"tags":[],"class_list":["post-22347","post","type-post","status-publish","format-standard","has-post-thumbnail","hentry","category-general"],"yoast_head":"<!-- This site is optimized with the Yoast SEO plugin v27.4 - https:\/\/yoast.com\/product\/yoast-seo-wordpress\/ -->\n<title>Estudiantes de 4\u00ba en COE colaboran con la asociaci\u00f3n IKER - Escuela Superior de Inform\u00e1tica de UCLM<\/title>\n<meta name=\"description\" content=\"La Escuela Superior de Inform\u00e1tica acogi\u00f3 ayer una sesi\u00f3n muy especial en la que la tecnolog\u00eda y el compromiso social se dieron la mano. Los estudiantes de cuarto curso de la asignatura de Comercio Electr\u00f3nico (COE) presentaron un total de nueve soluciones e-commerce dise\u00f1adas para fortalecer la presencia digital de la Asociaci\u00f3n Iker, una entidad dedicada a la investigaci\u00f3n del Liposarcoma Mixoide y a la visibilizaci\u00f3n de los cuidados paliativos.\" \/>\n<meta name=\"robots\" content=\"index, follow, max-snippet:-1, max-image-preview:large, max-video-preview:-1\" \/>\n<link rel=\"canonical\" href=\"https:\/\/esi.uclm.es\/index.php\/2025\/12\/17\/estudiantes-de-4o-en-coe-colaboran-con-la-asociacion-iker\/\" \/>\n<meta property=\"og:locale\" content=\"es_ES\" \/>\n<meta property=\"og:type\" content=\"article\" \/>\n<meta property=\"og:title\" content=\"Estudiantes de 4\u00ba en COE colaboran con la asociaci\u00f3n IKER - Escuela Superior de Inform\u00e1tica de UCLM\" \/>\n<meta property=\"og:description\" content=\"La Escuela Superior de Inform\u00e1tica acogi\u00f3 ayer una sesi\u00f3n muy especial en la que la tecnolog\u00eda y el compromiso social se dieron la mano. Los estudiantes de cuarto curso de la asignatura de Comercio Electr\u00f3nico (COE) presentaron un total de nueve soluciones e-commerce dise\u00f1adas para fortalecer la presencia digital de la Asociaci\u00f3n Iker, una entidad dedicada a la investigaci\u00f3n del Liposarcoma Mixoide y a la visibilizaci\u00f3n de los cuidados paliativos.\" \/>\n<meta property=\"og:url\" content=\"https:\/\/esi.uclm.es\/index.php\/2025\/12\/17\/estudiantes-de-4o-en-coe-colaboran-con-la-asociacion-iker\/\" \/>\n<meta property=\"og:site_name\" content=\"Escuela Superior de Inform\u00e1tica de UCLM\" \/>\n<meta property=\"article:publisher\" content=\"https:\/\/www.facebook.com\/Escuela-Superior-de-Informtica-543261809027158\" \/>\n<meta property=\"article:published_time\" content=\"2025-12-17T15:21:51+00:00\" \/>\n<meta property=\"article:modified_time\" content=\"2026-01-10T13:09:35+00:00\" \/>\n<meta property=\"og:image\" content=\"http:\/\/esi.uclm.es\/assets\/uploads\/2025\/12\/estudiantes_coe_2025.jpeg\" \/>\n\t<meta property=\"og:image:width\" content=\"1504\" \/>\n\t<meta property=\"og:image:height\" content=\"880\" \/>\n\t<meta property=\"og:image:type\" content=\"image\/jpeg\" \/>\n<meta name=\"author\" content=\"esiuclm\" \/>\n<meta name=\"twitter:card\" content=\"summary_large_image\" \/>\n<meta name=\"twitter:creator\" content=\"@esiuclm\" \/>\n<meta name=\"twitter:site\" content=\"@esiuclm\" \/>\n<meta name=\"twitter:label1\" content=\"Escrito por\" \/>\n\t<meta name=\"twitter:data1\" content=\"esiuclm\" \/>\n\t<meta name=\"twitter:label2\" content=\"Tiempo de lectura\" \/>\n\t<meta name=\"twitter:data2\" content=\"3 minutos\" \/>\n<script type=\"application\/ld+json\" class=\"yoast-schema-graph\">{\"@context\":\"https:\\\/\\\/schema.org\",\"@graph\":[{\"@type\":\"Article\",\"@id\":\"https:\\\/\\\/esi.uclm.es\\\/index.php\\\/2025\\\/12\\\/17\\\/estudiantes-de-4o-en-coe-colaboran-con-la-asociacion-iker\\\/#article\",\"isPartOf\":{\"@id\":\"https:\\\/\\\/esi.uclm.es\\\/index.php\\\/2025\\\/12\\\/17\\\/estudiantes-de-4o-en-coe-colaboran-con-la-asociacion-iker\\\/\"},\"author\":{\"name\":\"esiuclm\",\"@id\":\"https:\\\/\\\/esi.uclm.es\\\/#\\\/schema\\\/person\\\/d9a390095e8beeca5aced92acb17a530\"},\"headline\":\"Estudiantes de 4\u00ba en COE colaboran con la asociaci\u00f3n IKER\",\"datePublished\":\"2025-12-17T15:21:51+00:00\",\"dateModified\":\"2026-01-10T13:09:35+00:00\",\"mainEntityOfPage\":{\"@id\":\"https:\\\/\\\/esi.uclm.es\\\/index.php\\\/2025\\\/12\\\/17\\\/estudiantes-de-4o-en-coe-colaboran-con-la-asociacion-iker\\\/\"},\"wordCount\":416,\"commentCount\":0,\"publisher\":{\"@id\":\"https:\\\/\\\/esi.uclm.es\\\/#organization\"},\"image\":{\"@id\":\"https:\\\/\\\/esi.uclm.es\\\/index.php\\\/2025\\\/12\\\/17\\\/estudiantes-de-4o-en-coe-colaboran-con-la-asociacion-iker\\\/#primaryimage\"},\"thumbnailUrl\":\"https:\\\/\\\/esi.uclm.es\\\/assets\\\/uploads\\\/2025\\\/12\\\/estudiantes_coe_2025.jpeg\",\"articleSection\":[\"General\"],\"inLanguage\":\"es\",\"potentialAction\":[{\"@type\":\"CommentAction\",\"name\":\"Comment\",\"target\":[\"https:\\\/\\\/esi.uclm.es\\\/index.php\\\/2025\\\/12\\\/17\\\/estudiantes-de-4o-en-coe-colaboran-con-la-asociacion-iker\\\/#respond\"]}]},{\"@type\":\"WebPage\",\"@id\":\"https:\\\/\\\/esi.uclm.es\\\/index.php\\\/2025\\\/12\\\/17\\\/estudiantes-de-4o-en-coe-colaboran-con-la-asociacion-iker\\\/\",\"url\":\"https:\\\/\\\/esi.uclm.es\\\/index.php\\\/2025\\\/12\\\/17\\\/estudiantes-de-4o-en-coe-colaboran-con-la-asociacion-iker\\\/\",\"name\":\"Estudiantes de 4\u00ba en COE colaboran con la asociaci\u00f3n IKER - Escuela Superior de Inform\u00e1tica de UCLM\",\"isPartOf\":{\"@id\":\"https:\\\/\\\/esi.uclm.es\\\/#website\"},\"primaryImageOfPage\":{\"@id\":\"https:\\\/\\\/esi.uclm.es\\\/index.php\\\/2025\\\/12\\\/17\\\/estudiantes-de-4o-en-coe-colaboran-con-la-asociacion-iker\\\/#primaryimage\"},\"image\":{\"@id\":\"https:\\\/\\\/esi.uclm.es\\\/index.php\\\/2025\\\/12\\\/17\\\/estudiantes-de-4o-en-coe-colaboran-con-la-asociacion-iker\\\/#primaryimage\"},\"thumbnailUrl\":\"https:\\\/\\\/esi.uclm.es\\\/assets\\\/uploads\\\/2025\\\/12\\\/estudiantes_coe_2025.jpeg\",\"datePublished\":\"2025-12-17T15:21:51+00:00\",\"dateModified\":\"2026-01-10T13:09:35+00:00\",\"description\":\"La Escuela Superior de Inform\u00e1tica acogi\u00f3 ayer una sesi\u00f3n muy especial en la que la tecnolog\u00eda y el compromiso social se dieron la mano. Los estudiantes de cuarto curso de la asignatura de Comercio Electr\u00f3nico (COE) presentaron un total de nueve soluciones e-commerce dise\u00f1adas para fortalecer la presencia digital de la Asociaci\u00f3n Iker, una entidad dedicada a la investigaci\u00f3n del Liposarcoma Mixoide y a la visibilizaci\u00f3n de los cuidados paliativos.\",\"breadcrumb\":{\"@id\":\"https:\\\/\\\/esi.uclm.es\\\/index.php\\\/2025\\\/12\\\/17\\\/estudiantes-de-4o-en-coe-colaboran-con-la-asociacion-iker\\\/#breadcrumb\"},\"inLanguage\":\"es\",\"potentialAction\":[{\"@type\":\"ReadAction\",\"target\":[\"https:\\\/\\\/esi.uclm.es\\\/index.php\\\/2025\\\/12\\\/17\\\/estudiantes-de-4o-en-coe-colaboran-con-la-asociacion-iker\\\/\"]}]},{\"@type\":\"ImageObject\",\"inLanguage\":\"es\",\"@id\":\"https:\\\/\\\/esi.uclm.es\\\/index.php\\\/2025\\\/12\\\/17\\\/estudiantes-de-4o-en-coe-colaboran-con-la-asociacion-iker\\\/#primaryimage\",\"url\":\"https:\\\/\\\/esi.uclm.es\\\/assets\\\/uploads\\\/2025\\\/12\\\/estudiantes_coe_2025.jpeg\",\"contentUrl\":\"https:\\\/\\\/esi.uclm.es\\\/assets\\\/uploads\\\/2025\\\/12\\\/estudiantes_coe_2025.jpeg\",\"width\":1504,\"height\":880,\"caption\":\"Grupo de estudiantes de COE\"},{\"@type\":\"BreadcrumbList\",\"@id\":\"https:\\\/\\\/esi.uclm.es\\\/index.php\\\/2025\\\/12\\\/17\\\/estudiantes-de-4o-en-coe-colaboran-con-la-asociacion-iker\\\/#breadcrumb\",\"itemListElement\":[{\"@type\":\"ListItem\",\"position\":1,\"name\":\"Portada\",\"item\":\"https:\\\/\\\/esi.uclm.es\\\/\"},{\"@type\":\"ListItem\",\"position\":2,\"name\":\"Estudiantes de 4\u00ba en COE colaboran con la asociaci\u00f3n IKER\"}]},{\"@type\":\"WebSite\",\"@id\":\"https:\\\/\\\/esi.uclm.es\\\/#website\",\"url\":\"https:\\\/\\\/esi.uclm.es\\\/\",\"name\":\"Escuela Superior de Inform\u00e1tica de UCLM en Ciudad Real, Castilla-La Mancha\",\"description\":\"La Escuela Superior de Inform\u00e1tica de Ciudad Real (Castilla-La Mancha), Universidad de Castilla-La Mancha es un centro universitario que imparte el ciclo completo de Ingenier\u00eda en Inform\u00e1tica: grado, m\u00e1ster y doctorado.\",\"publisher\":{\"@id\":\"https:\\\/\\\/esi.uclm.es\\\/#organization\"},\"potentialAction\":[{\"@type\":\"SearchAction\",\"target\":{\"@type\":\"EntryPoint\",\"urlTemplate\":\"https:\\\/\\\/esi.uclm.es\\\/?s={search_term_string}\"},\"query-input\":{\"@type\":\"PropertyValueSpecification\",\"valueRequired\":true,\"valueName\":\"search_term_string\"}}],\"inLanguage\":\"es\"},{\"@type\":\"Organization\",\"@id\":\"https:\\\/\\\/esi.uclm.es\\\/#organization\",\"name\":\"Escuela Superior de Inform\u00e1tica de UCLM\",\"url\":\"https:\\\/\\\/esi.uclm.es\\\/\",\"logo\":{\"@type\":\"ImageObject\",\"inLanguage\":\"es\",\"@id\":\"https:\\\/\\\/esi.uclm.es\\\/#\\\/schema\\\/logo\\\/image\\\/\",\"url\":\"https:\\\/\\\/esi.uclm.es\\\/assets\\\/uploads\\\/2022\\\/03\\\/LogoESI_cabecera-1.png\",\"contentUrl\":\"https:\\\/\\\/esi.uclm.es\\\/assets\\\/uploads\\\/2022\\\/03\\\/LogoESI_cabecera-1.png\",\"width\":460,\"height\":184,\"caption\":\"Escuela Superior de Inform\u00e1tica de UCLM\"},\"image\":{\"@id\":\"https:\\\/\\\/esi.uclm.es\\\/#\\\/schema\\\/logo\\\/image\\\/\"},\"sameAs\":[\"https:\\\/\\\/www.facebook.com\\\/Escuela-Superior-de-Informtica-543261809027158\",\"https:\\\/\\\/x.com\\\/esiuclm\",\"https:\\\/\\\/www.instagram.com\\\/esiuclm\\\/\",\"https:\\\/\\\/www.youtube.com\\\/user\\\/esiuclm\",\"https:\\\/\\\/www.twitch.tv\\\/esiuclm\",\"https:\\\/\\\/www.linkedin.com\\\/company\\\/12656631\\\/admin\\\/\"]},{\"@type\":\"Person\",\"@id\":\"https:\\\/\\\/esi.uclm.es\\\/#\\\/schema\\\/person\\\/d9a390095e8beeca5aced92acb17a530\",\"name\":\"esiuclm\",\"image\":{\"@type\":\"ImageObject\",\"inLanguage\":\"es\",\"@id\":\"https:\\\/\\\/secure.gravatar.com\\\/avatar\\\/ff32e6f445454691c713484fe154c7002761ecabfa4cfa2fea57c231744892da?s=96&d=mm&r=g\",\"url\":\"https:\\\/\\\/secure.gravatar.com\\\/avatar\\\/ff32e6f445454691c713484fe154c7002761ecabfa4cfa2fea57c231744892da?s=96&d=mm&r=g\",\"contentUrl\":\"https:\\\/\\\/secure.gravatar.com\\\/avatar\\\/ff32e6f445454691c713484fe154c7002761ecabfa4cfa2fea57c231744892da?s=96&d=mm&r=g\",\"caption\":\"esiuclm\"},\"sameAs\":[\"https:\\\/\\\/esi.uclm.es\"],\"url\":\"https:\\\/\\\/esi.uclm.es\\\/index.php\\\/author\\\/esiadmin\\\/\"}]}<\/script>\n<!-- \/ Yoast SEO plugin. -->","yoast_head_json":{"title":"Estudiantes de 4\u00ba en COE colaboran con la asociaci\u00f3n IKER - Escuela Superior de Inform\u00e1tica de UCLM","description":"La Escuela Superior de Inform\u00e1tica acogi\u00f3 ayer una sesi\u00f3n muy especial en la que la tecnolog\u00eda y el compromiso social se dieron la mano. Los estudiantes de cuarto curso de la asignatura de Comercio Electr\u00f3nico (COE) presentaron un total de nueve soluciones e-commerce dise\u00f1adas para fortalecer la presencia digital de la Asociaci\u00f3n Iker, una entidad dedicada a la investigaci\u00f3n del Liposarcoma Mixoide y a la visibilizaci\u00f3n de los cuidados paliativos.","robots":{"index":"index","follow":"follow","max-snippet":"max-snippet:-1","max-image-preview":"max-image-preview:large","max-video-preview":"max-video-preview:-1"},"canonical":"https:\/\/esi.uclm.es\/index.php\/2025\/12\/17\/estudiantes-de-4o-en-coe-colaboran-con-la-asociacion-iker\/","og_locale":"es_ES","og_type":"article","og_title":"Estudiantes de 4\u00ba en COE colaboran con la asociaci\u00f3n IKER - Escuela Superior de Inform\u00e1tica de UCLM","og_description":"La Escuela Superior de Inform\u00e1tica acogi\u00f3 ayer una sesi\u00f3n muy especial en la que la tecnolog\u00eda y el compromiso social se dieron la mano. Los estudiantes de cuarto curso de la asignatura de Comercio Electr\u00f3nico (COE) presentaron un total de nueve soluciones e-commerce dise\u00f1adas para fortalecer la presencia digital de la Asociaci\u00f3n Iker, una entidad dedicada a la investigaci\u00f3n del Liposarcoma Mixoide y a la visibilizaci\u00f3n de los cuidados paliativos.","og_url":"https:\/\/esi.uclm.es\/index.php\/2025\/12\/17\/estudiantes-de-4o-en-coe-colaboran-con-la-asociacion-iker\/","og_site_name":"Escuela Superior de Inform\u00e1tica de UCLM","article_publisher":"https:\/\/www.facebook.com\/Escuela-Superior-de-Informtica-543261809027158","article_published_time":"2025-12-17T15:21:51+00:00","article_modified_time":"2026-01-10T13:09:35+00:00","og_image":[{"width":1504,"height":880,"url":"http:\/\/esi.uclm.es\/assets\/uploads\/2025\/12\/estudiantes_coe_2025.jpeg","type":"image\/jpeg"}],"author":"esiuclm","twitter_card":"summary_large_image","twitter_creator":"@esiuclm","twitter_site":"@esiuclm","twitter_misc":{"Escrito por":"esiuclm","Tiempo de lectura":"3 minutos"},"schema":{"@context":"https:\/\/schema.org","@graph":[{"@type":"Article","@id":"https:\/\/esi.uclm.es\/index.php\/2025\/12\/17\/estudiantes-de-4o-en-coe-colaboran-con-la-asociacion-iker\/#article","isPartOf":{"@id":"https:\/\/esi.uclm.es\/index.php\/2025\/12\/17\/estudiantes-de-4o-en-coe-colaboran-con-la-asociacion-iker\/"},"author":{"name":"esiuclm","@id":"https:\/\/esi.uclm.es\/#\/schema\/person\/d9a390095e8beeca5aced92acb17a530"},"headline":"Estudiantes de 4\u00ba en COE colaboran con la asociaci\u00f3n IKER","datePublished":"2025-12-17T15:21:51+00:00","dateModified":"2026-01-10T13:09:35+00:00","mainEntityOfPage":{"@id":"https:\/\/esi.uclm.es\/index.php\/2025\/12\/17\/estudiantes-de-4o-en-coe-colaboran-con-la-asociacion-iker\/"},"wordCount":416,"commentCount":0,"publisher":{"@id":"https:\/\/esi.uclm.es\/#organization"},"image":{"@id":"https:\/\/esi.uclm.es\/index.php\/2025\/12\/17\/estudiantes-de-4o-en-coe-colaboran-con-la-asociacion-iker\/#primaryimage"},"thumbnailUrl":"https:\/\/esi.uclm.es\/assets\/uploads\/2025\/12\/estudiantes_coe_2025.jpeg","articleSection":["General"],"inLanguage":"es","potentialAction":[{"@type":"CommentAction","name":"Comment","target":["https:\/\/esi.uclm.es\/index.php\/2025\/12\/17\/estudiantes-de-4o-en-coe-colaboran-con-la-asociacion-iker\/#respond"]}]},{"@type":"WebPage","@id":"https:\/\/esi.uclm.es\/index.php\/2025\/12\/17\/estudiantes-de-4o-en-coe-colaboran-con-la-asociacion-iker\/","url":"https:\/\/esi.uclm.es\/index.php\/2025\/12\/17\/estudiantes-de-4o-en-coe-colaboran-con-la-asociacion-iker\/","name":"Estudiantes de 4\u00ba en COE colaboran con la asociaci\u00f3n IKER - Escuela Superior de Inform\u00e1tica de UCLM","isPartOf":{"@id":"https:\/\/esi.uclm.es\/#website"},"primaryImageOfPage":{"@id":"https:\/\/esi.uclm.es\/index.php\/2025\/12\/17\/estudiantes-de-4o-en-coe-colaboran-con-la-asociacion-iker\/#primaryimage"},"image":{"@id":"https:\/\/esi.uclm.es\/index.php\/2025\/12\/17\/estudiantes-de-4o-en-coe-colaboran-con-la-asociacion-iker\/#primaryimage"},"thumbnailUrl":"https:\/\/esi.uclm.es\/assets\/uploads\/2025\/12\/estudiantes_coe_2025.jpeg","datePublished":"2025-12-17T15:21:51+00:00","dateModified":"2026-01-10T13:09:35+00:00","description":"La Escuela Superior de Inform\u00e1tica acogi\u00f3 ayer una sesi\u00f3n muy especial en la que la tecnolog\u00eda y el compromiso social se dieron la mano. Los estudiantes de cuarto curso de la asignatura de Comercio Electr\u00f3nico (COE) presentaron un total de nueve soluciones e-commerce dise\u00f1adas para fortalecer la presencia digital de la Asociaci\u00f3n Iker, una entidad dedicada a la investigaci\u00f3n del Liposarcoma Mixoide y a la visibilizaci\u00f3n de los cuidados paliativos.","breadcrumb":{"@id":"https:\/\/esi.uclm.es\/index.php\/2025\/12\/17\/estudiantes-de-4o-en-coe-colaboran-con-la-asociacion-iker\/#breadcrumb"},"inLanguage":"es","potentialAction":[{"@type":"ReadAction","target":["https:\/\/esi.uclm.es\/index.php\/2025\/12\/17\/estudiantes-de-4o-en-coe-colaboran-con-la-asociacion-iker\/"]}]},{"@type":"ImageObject","inLanguage":"es","@id":"https:\/\/esi.uclm.es\/index.php\/2025\/12\/17\/estudiantes-de-4o-en-coe-colaboran-con-la-asociacion-iker\/#primaryimage","url":"https:\/\/esi.uclm.es\/assets\/uploads\/2025\/12\/estudiantes_coe_2025.jpeg","contentUrl":"https:\/\/esi.uclm.es\/assets\/uploads\/2025\/12\/estudiantes_coe_2025.jpeg","width":1504,"height":880,"caption":"Grupo de estudiantes de COE"},{"@type":"BreadcrumbList","@id":"https:\/\/esi.uclm.es\/index.php\/2025\/12\/17\/estudiantes-de-4o-en-coe-colaboran-con-la-asociacion-iker\/#breadcrumb","itemListElement":[{"@type":"ListItem","position":1,"name":"Portada","item":"https:\/\/esi.uclm.es\/"},{"@type":"ListItem","position":2,"name":"Estudiantes de 4\u00ba en COE colaboran con la asociaci\u00f3n IKER"}]},{"@type":"WebSite","@id":"https:\/\/esi.uclm.es\/#website","url":"https:\/\/esi.uclm.es\/","name":"Escuela Superior de Inform\u00e1tica de UCLM en Ciudad Real, Castilla-La Mancha","description":"La Escuela Superior de Inform\u00e1tica de Ciudad Real (Castilla-La Mancha), Universidad de Castilla-La Mancha es un centro universitario que imparte el ciclo completo de Ingenier\u00eda en Inform\u00e1tica: grado, m\u00e1ster y doctorado.","publisher":{"@id":"https:\/\/esi.uclm.es\/#organization"},"potentialAction":[{"@type":"SearchAction","target":{"@type":"EntryPoint","urlTemplate":"https:\/\/esi.uclm.es\/?s={search_term_string}"},"query-input":{"@type":"PropertyValueSpecification","valueRequired":true,"valueName":"search_term_string"}}],"inLanguage":"es"},{"@type":"Organization","@id":"https:\/\/esi.uclm.es\/#organization","name":"Escuela Superior de Inform\u00e1tica de UCLM","url":"https:\/\/esi.uclm.es\/","logo":{"@type":"ImageObject","inLanguage":"es","@id":"https:\/\/esi.uclm.es\/#\/schema\/logo\/image\/","url":"https:\/\/esi.uclm.es\/assets\/uploads\/2022\/03\/LogoESI_cabecera-1.png","contentUrl":"https:\/\/esi.uclm.es\/assets\/uploads\/2022\/03\/LogoESI_cabecera-1.png","width":460,"height":184,"caption":"Escuela Superior de Inform\u00e1tica de UCLM"},"image":{"@id":"https:\/\/esi.uclm.es\/#\/schema\/logo\/image\/"},"sameAs":["https:\/\/www.facebook.com\/Escuela-Superior-de-Informtica-543261809027158","https:\/\/x.com\/esiuclm","https:\/\/www.instagram.com\/esiuclm\/","https:\/\/www.youtube.com\/user\/esiuclm","https:\/\/www.twitch.tv\/esiuclm","https:\/\/www.linkedin.com\/company\/12656631\/admin\/"]},{"@type":"Person","@id":"https:\/\/esi.uclm.es\/#\/schema\/person\/d9a390095e8beeca5aced92acb17a530","name":"esiuclm","image":{"@type":"ImageObject","inLanguage":"es","@id":"https:\/\/secure.gravatar.com\/avatar\/ff32e6f445454691c713484fe154c7002761ecabfa4cfa2fea57c231744892da?s=96&d=mm&r=g","url":"https:\/\/secure.gravatar.com\/avatar\/ff32e6f445454691c713484fe154c7002761ecabfa4cfa2fea57c231744892da?s=96&d=mm&r=g","contentUrl":"https:\/\/secure.gravatar.com\/avatar\/ff32e6f445454691c713484fe154c7002761ecabfa4cfa2fea57c231744892da?s=96&d=mm&r=g","caption":"esiuclm"},"sameAs":["https:\/\/esi.uclm.es"],"url":"https:\/\/esi.uclm.es\/index.php\/author\/esiadmin\/"}]}},"_links":{"self":[{"href":"https:\/\/esi.uclm.es\/index.php\/wp-json\/wp\/v2\/posts\/22347","targetHints":{"allow":["GET"]}}],"collection":[{"href":"https:\/\/esi.uclm.es\/index.php\/wp-json\/wp\/v2\/posts"}],"about":[{"href":"https:\/\/esi.uclm.es\/index.php\/wp-json\/wp\/v2\/types\/post"}],"author":[{"embeddable":true,"href":"https:\/\/esi.uclm.es\/index.php\/wp-json\/wp\/v2\/users\/1"}],"replies":[{"embeddable":true,"href":"https:\/\/esi.uclm.es\/index.php\/wp-json\/wp\/v2\/comments?post=22347"}],"version-history":[{"count":1,"href":"https:\/\/esi.uclm.es\/index.php\/wp-json\/wp\/v2\/posts\/22347\/revisions"}],"predecessor-version":[{"id":22351,"href":"https:\/\/esi.uclm.es\/index.php\/wp-json\/wp\/v2\/posts\/22347\/revisions\/22351"}],"wp:featuredmedia":[{"embeddable":true,"href":"https:\/\/esi.uclm.es\/index.php\/wp-json\/wp\/v2\/media\/22350"}],"wp:attachment":[{"href":"https:\/\/esi.uclm.es\/index.php\/wp-json\/wp\/v2\/media?parent=22347"}],"wp:term":[{"taxonomy":"category","embeddable":true,"href":"https:\/\/esi.uclm.es\/index.php\/wp-json\/wp\/v2\/categories?post=22347"},{"taxonomy":"post_tag","embeddable":true,"href":"https:\/\/esi.uclm.es\/index.php\/wp-json\/wp\/v2\/tags?post=22347"}],"curies":[{"name":"wp","href":"https:\/\/api.w.org\/{rel}","templated":true}]}}