{"id":22320,"date":"2025-12-15T10:45:04","date_gmt":"2025-12-15T10:45:04","guid":{"rendered":"https:\/\/esi.uclm.es\/?p=22320"},"modified":"2025-12-15T10:45:05","modified_gmt":"2025-12-15T10:45:05","slug":"defensas-de-tfe-diciembre-2025","status":"publish","type":"post","link":"https:\/\/esi.uclm.es\/index.php\/2025\/12\/15\/defensas-de-tfe-diciembre-2025\/","title":{"rendered":"Defensas de TFE &#8211; Diciembre 2025"},"content":{"rendered":"\n<p>El viernes 19 de diciembre se celebrar\u00e1 la defensa de los Trabajos Fin de Estudios (TFE) en la convocatoria ordinaria de diciembre. Las duraciones de la defensa de TFGs son las establecidas en normativa: TFG 20 minutos (exposici\u00f3n) + 10 minutos (debate). No obstante, el tribunal podr\u00e1 modificar la duraci\u00f3n de las pruebas para adaptarlas a las caracter\u00edsticas de la sesi\u00f3n. El tribunal convocado para la sesi\u00f3n y los TFGs a defender, son los siguientes:<\/p>\n\n\n\n<figure class=\"wp-block-table\"><table class=\"has-fixed-layout\"><tbody><tr><td><strong>Tribunal<\/strong><\/td><td><strong>Fecha y hora<\/strong><\/td><td><strong>Aula<\/strong><\/td><td><strong>Presidente<\/strong><\/td><td><strong>Vocal<\/strong><\/td><td><strong>Secretario<\/strong><\/td><td><strong>Suplente<\/strong><\/td><\/tr><tr><td><strong>GRADO<\/strong> <strong>(mixto)<\/strong><\/td><td>19\/12\/2025 10:30h<\/td><td>Sal\u00f3n de Grados Ada Lovelace<\/td><td>Javier Dorado Chaparro<\/td><td>Javier Verdugo Lara<\/td><td>Yoel Arroyo Peral<\/td><td>Jes\u00fas Serrano Guerrero<\/td><\/tr><\/tbody><\/table><\/figure>\n\n\n\n<figure class=\"wp-block-table\"><table class=\"has-fixed-layout\"><tbody><tr><td colspan=\"3\"><strong>GRADO: 19\/12\/2025 10:30 (Sal\u00f3n de Grados)<\/strong><\/td><\/tr><tr><td><strong>Autor\/a<\/strong><\/td><td><strong>Tutor\/a<\/strong><\/td><td><strong>T\u00edtulo<\/strong><\/td><\/tr><tr><td>Luis Molina Mu\u00f1oz-Torrero<\/td><td>Jos\u00e9 Jes\u00fas Castro S\u00e1nchez<\/td><td>Desarrollo De Una Soluci\u00f3n Para Mejorar La Presencia Web Y Los Trabajos De Un Entrenador Personal<\/td><\/tr><tr><td>David Mu\u00f1oz Escribano<\/td><td>Javier Alonso Albusac Jim\u00e9nez Miguel Rold\u00e1n Hinojosa<\/td><td>Implementaci\u00f3n De Un M\u00f3dulo Que Permita Gestionar Mapas De Prescripci\u00f3n Dentro Del Terminal Virtual De Un Tractor<\/td><\/tr><tr><td>Norberto Jim\u00e9nez Migall\u00f3n<\/td><td>Sebasti\u00e1n Reyes \u00c1vila Mar\u00eda Blanca Caminero Herr\u00e1ez<\/td><td>WISE: Un Enfoque Familiar Para Una Wifi Inteligente Y Segura<\/td><\/tr><tr><td>Joaqu\u00edn Sierra Granados<\/td><td>Eduardo Fern\u00e1ndez-Medina Pat\u00f3n<\/td><td>Cuadro De Mandos Situacional Del Nivel De Ciberseguridad Global A Nivel Auton\u00f3mico<\/td><\/tr><\/tbody><\/table><\/figure>\n","protected":false},"excerpt":{"rendered":"<p>El viernes 19 de diciembre se celebrar\u00e1 la defensa de los Trabajos Fin de Estudios (TFE) en la convocatoria ordinaria de diciembre. Las duraciones de la defensa de TFGs son las establecidas en normativa: TFG 20 minutos (exposici\u00f3n) + 10 minutos (debate). No obstante, el [&hellip;]<\/p>\n","protected":false},"author":1,"featured_media":11529,"comment_status":"open","ping_status":"open","sticky":false,"template":"","format":"standard","meta":{"footnotes":""},"categories":[619],"tags":[],"class_list":["post-22320","post","type-post","status-publish","format-standard","has-post-thumbnail","hentry","category-general"],"yoast_head":"<!-- This site is optimized with the Yoast SEO plugin v27.4 - https:\/\/yoast.com\/product\/yoast-seo-wordpress\/ -->\n<title>Defensas de TFE &#8211; Diciembre 2025 - Escuela Superior de Inform\u00e1tica de UCLM<\/title>\n<meta name=\"robots\" content=\"index, follow, max-snippet:-1, max-image-preview:large, max-video-preview:-1\" \/>\n<link rel=\"canonical\" href=\"https:\/\/esi.uclm.es\/index.php\/2025\/12\/15\/defensas-de-tfe-diciembre-2025\/\" \/>\n<meta property=\"og:locale\" content=\"es_ES\" \/>\n<meta property=\"og:type\" content=\"article\" \/>\n<meta property=\"og:title\" content=\"Defensas de TFE &#8211; Diciembre 2025 - Escuela Superior de Inform\u00e1tica de UCLM\" \/>\n<meta property=\"og:description\" content=\"El viernes 19 de diciembre se celebrar\u00e1 la defensa de los Trabajos Fin de Estudios (TFE) en la convocatoria ordinaria de diciembre. Las duraciones de la defensa de TFGs son las establecidas en normativa: TFG 20 minutos (exposici\u00f3n) + 10 minutos (debate). No obstante, el [&hellip;]\" \/>\n<meta property=\"og:url\" content=\"https:\/\/esi.uclm.es\/index.php\/2025\/12\/15\/defensas-de-tfe-diciembre-2025\/\" \/>\n<meta property=\"og:site_name\" content=\"Escuela Superior de Inform\u00e1tica de UCLM\" \/>\n<meta property=\"article:publisher\" content=\"https:\/\/www.facebook.com\/Escuela-Superior-de-Informtica-543261809027158\" \/>\n<meta property=\"article:published_time\" content=\"2025-12-15T10:45:04+00:00\" \/>\n<meta property=\"article:modified_time\" content=\"2025-12-15T10:45:05+00:00\" \/>\n<meta property=\"og:image\" content=\"http:\/\/esi.uclm.es\/assets\/uploads\/2022\/06\/1658399612723.jpg\" \/>\n\t<meta property=\"og:image:width\" content=\"1504\" \/>\n\t<meta property=\"og:image:height\" content=\"846\" \/>\n\t<meta property=\"og:image:type\" content=\"image\/jpeg\" \/>\n<meta name=\"author\" content=\"esiuclm\" \/>\n<meta name=\"twitter:card\" content=\"summary_large_image\" \/>\n<meta name=\"twitter:creator\" content=\"@esiuclm\" \/>\n<meta name=\"twitter:site\" content=\"@esiuclm\" \/>\n<meta name=\"twitter:label1\" content=\"Escrito por\" \/>\n\t<meta name=\"twitter:data1\" content=\"esiuclm\" \/>\n\t<meta name=\"twitter:label2\" content=\"Tiempo de lectura\" \/>\n\t<meta name=\"twitter:data2\" content=\"2 minutos\" \/>\n<script type=\"application\/ld+json\" class=\"yoast-schema-graph\">{\"@context\":\"https:\\\/\\\/schema.org\",\"@graph\":[{\"@type\":\"Article\",\"@id\":\"https:\\\/\\\/esi.uclm.es\\\/index.php\\\/2025\\\/12\\\/15\\\/defensas-de-tfe-diciembre-2025\\\/#article\",\"isPartOf\":{\"@id\":\"https:\\\/\\\/esi.uclm.es\\\/index.php\\\/2025\\\/12\\\/15\\\/defensas-de-tfe-diciembre-2025\\\/\"},\"author\":{\"name\":\"esiuclm\",\"@id\":\"https:\\\/\\\/esi.uclm.es\\\/#\\\/schema\\\/person\\\/d9a390095e8beeca5aced92acb17a530\"},\"headline\":\"Defensas de TFE &#8211; Diciembre 2025\",\"datePublished\":\"2025-12-15T10:45:04+00:00\",\"dateModified\":\"2025-12-15T10:45:05+00:00\",\"mainEntityOfPage\":{\"@id\":\"https:\\\/\\\/esi.uclm.es\\\/index.php\\\/2025\\\/12\\\/15\\\/defensas-de-tfe-diciembre-2025\\\/\"},\"wordCount\":229,\"commentCount\":0,\"publisher\":{\"@id\":\"https:\\\/\\\/esi.uclm.es\\\/#organization\"},\"image\":{\"@id\":\"https:\\\/\\\/esi.uclm.es\\\/index.php\\\/2025\\\/12\\\/15\\\/defensas-de-tfe-diciembre-2025\\\/#primaryimage\"},\"thumbnailUrl\":\"https:\\\/\\\/esi.uclm.es\\\/assets\\\/uploads\\\/2022\\\/06\\\/1658399612723.jpg\",\"articleSection\":[\"General\"],\"inLanguage\":\"es\",\"potentialAction\":[{\"@type\":\"CommentAction\",\"name\":\"Comment\",\"target\":[\"https:\\\/\\\/esi.uclm.es\\\/index.php\\\/2025\\\/12\\\/15\\\/defensas-de-tfe-diciembre-2025\\\/#respond\"]}]},{\"@type\":\"WebPage\",\"@id\":\"https:\\\/\\\/esi.uclm.es\\\/index.php\\\/2025\\\/12\\\/15\\\/defensas-de-tfe-diciembre-2025\\\/\",\"url\":\"https:\\\/\\\/esi.uclm.es\\\/index.php\\\/2025\\\/12\\\/15\\\/defensas-de-tfe-diciembre-2025\\\/\",\"name\":\"Defensas de TFE &#8211; Diciembre 2025 - Escuela Superior de Inform\u00e1tica de UCLM\",\"isPartOf\":{\"@id\":\"https:\\\/\\\/esi.uclm.es\\\/#website\"},\"primaryImageOfPage\":{\"@id\":\"https:\\\/\\\/esi.uclm.es\\\/index.php\\\/2025\\\/12\\\/15\\\/defensas-de-tfe-diciembre-2025\\\/#primaryimage\"},\"image\":{\"@id\":\"https:\\\/\\\/esi.uclm.es\\\/index.php\\\/2025\\\/12\\\/15\\\/defensas-de-tfe-diciembre-2025\\\/#primaryimage\"},\"thumbnailUrl\":\"https:\\\/\\\/esi.uclm.es\\\/assets\\\/uploads\\\/2022\\\/06\\\/1658399612723.jpg\",\"datePublished\":\"2025-12-15T10:45:04+00:00\",\"dateModified\":\"2025-12-15T10:45:05+00:00\",\"breadcrumb\":{\"@id\":\"https:\\\/\\\/esi.uclm.es\\\/index.php\\\/2025\\\/12\\\/15\\\/defensas-de-tfe-diciembre-2025\\\/#breadcrumb\"},\"inLanguage\":\"es\",\"potentialAction\":[{\"@type\":\"ReadAction\",\"target\":[\"https:\\\/\\\/esi.uclm.es\\\/index.php\\\/2025\\\/12\\\/15\\\/defensas-de-tfe-diciembre-2025\\\/\"]}]},{\"@type\":\"ImageObject\",\"inLanguage\":\"es\",\"@id\":\"https:\\\/\\\/esi.uclm.es\\\/index.php\\\/2025\\\/12\\\/15\\\/defensas-de-tfe-diciembre-2025\\\/#primaryimage\",\"url\":\"https:\\\/\\\/esi.uclm.es\\\/assets\\\/uploads\\\/2022\\\/06\\\/1658399612723.jpg\",\"contentUrl\":\"https:\\\/\\\/esi.uclm.es\\\/assets\\\/uploads\\\/2022\\\/06\\\/1658399612723.jpg\",\"width\":1504,\"height\":846},{\"@type\":\"BreadcrumbList\",\"@id\":\"https:\\\/\\\/esi.uclm.es\\\/index.php\\\/2025\\\/12\\\/15\\\/defensas-de-tfe-diciembre-2025\\\/#breadcrumb\",\"itemListElement\":[{\"@type\":\"ListItem\",\"position\":1,\"name\":\"Portada\",\"item\":\"https:\\\/\\\/esi.uclm.es\\\/\"},{\"@type\":\"ListItem\",\"position\":2,\"name\":\"Defensas de TFE &#8211; Diciembre 2025\"}]},{\"@type\":\"WebSite\",\"@id\":\"https:\\\/\\\/esi.uclm.es\\\/#website\",\"url\":\"https:\\\/\\\/esi.uclm.es\\\/\",\"name\":\"Escuela Superior de Inform\u00e1tica de UCLM en Ciudad Real, Castilla-La Mancha\",\"description\":\"La Escuela Superior de Inform\u00e1tica de Ciudad Real (Castilla-La Mancha), Universidad de Castilla-La Mancha es un centro universitario que imparte el ciclo completo de Ingenier\u00eda en Inform\u00e1tica: grado, m\u00e1ster y doctorado.\",\"publisher\":{\"@id\":\"https:\\\/\\\/esi.uclm.es\\\/#organization\"},\"potentialAction\":[{\"@type\":\"SearchAction\",\"target\":{\"@type\":\"EntryPoint\",\"urlTemplate\":\"https:\\\/\\\/esi.uclm.es\\\/?s={search_term_string}\"},\"query-input\":{\"@type\":\"PropertyValueSpecification\",\"valueRequired\":true,\"valueName\":\"search_term_string\"}}],\"inLanguage\":\"es\"},{\"@type\":\"Organization\",\"@id\":\"https:\\\/\\\/esi.uclm.es\\\/#organization\",\"name\":\"Escuela Superior de Inform\u00e1tica de UCLM\",\"url\":\"https:\\\/\\\/esi.uclm.es\\\/\",\"logo\":{\"@type\":\"ImageObject\",\"inLanguage\":\"es\",\"@id\":\"https:\\\/\\\/esi.uclm.es\\\/#\\\/schema\\\/logo\\\/image\\\/\",\"url\":\"https:\\\/\\\/esi.uclm.es\\\/assets\\\/uploads\\\/2022\\\/03\\\/LogoESI_cabecera-1.png\",\"contentUrl\":\"https:\\\/\\\/esi.uclm.es\\\/assets\\\/uploads\\\/2022\\\/03\\\/LogoESI_cabecera-1.png\",\"width\":460,\"height\":184,\"caption\":\"Escuela Superior de Inform\u00e1tica de UCLM\"},\"image\":{\"@id\":\"https:\\\/\\\/esi.uclm.es\\\/#\\\/schema\\\/logo\\\/image\\\/\"},\"sameAs\":[\"https:\\\/\\\/www.facebook.com\\\/Escuela-Superior-de-Informtica-543261809027158\",\"https:\\\/\\\/x.com\\\/esiuclm\",\"https:\\\/\\\/www.instagram.com\\\/esiuclm\\\/\",\"https:\\\/\\\/www.youtube.com\\\/user\\\/esiuclm\",\"https:\\\/\\\/www.twitch.tv\\\/esiuclm\",\"https:\\\/\\\/www.linkedin.com\\\/company\\\/12656631\\\/admin\\\/\"]},{\"@type\":\"Person\",\"@id\":\"https:\\\/\\\/esi.uclm.es\\\/#\\\/schema\\\/person\\\/d9a390095e8beeca5aced92acb17a530\",\"name\":\"esiuclm\",\"image\":{\"@type\":\"ImageObject\",\"inLanguage\":\"es\",\"@id\":\"https:\\\/\\\/secure.gravatar.com\\\/avatar\\\/ff32e6f445454691c713484fe154c7002761ecabfa4cfa2fea57c231744892da?s=96&d=mm&r=g\",\"url\":\"https:\\\/\\\/secure.gravatar.com\\\/avatar\\\/ff32e6f445454691c713484fe154c7002761ecabfa4cfa2fea57c231744892da?s=96&d=mm&r=g\",\"contentUrl\":\"https:\\\/\\\/secure.gravatar.com\\\/avatar\\\/ff32e6f445454691c713484fe154c7002761ecabfa4cfa2fea57c231744892da?s=96&d=mm&r=g\",\"caption\":\"esiuclm\"},\"sameAs\":[\"https:\\\/\\\/esi.uclm.es\"],\"url\":\"https:\\\/\\\/esi.uclm.es\\\/index.php\\\/author\\\/esiadmin\\\/\"}]}<\/script>\n<!-- \/ Yoast SEO plugin. -->","yoast_head_json":{"title":"Defensas de TFE &#8211; Diciembre 2025 - Escuela Superior de Inform\u00e1tica de UCLM","robots":{"index":"index","follow":"follow","max-snippet":"max-snippet:-1","max-image-preview":"max-image-preview:large","max-video-preview":"max-video-preview:-1"},"canonical":"https:\/\/esi.uclm.es\/index.php\/2025\/12\/15\/defensas-de-tfe-diciembre-2025\/","og_locale":"es_ES","og_type":"article","og_title":"Defensas de TFE &#8211; Diciembre 2025 - Escuela Superior de Inform\u00e1tica de UCLM","og_description":"El viernes 19 de diciembre se celebrar\u00e1 la defensa de los Trabajos Fin de Estudios (TFE) en la convocatoria ordinaria de diciembre. Las duraciones de la defensa de TFGs son las establecidas en normativa: TFG 20 minutos (exposici\u00f3n) + 10 minutos (debate). No obstante, el [&hellip;]","og_url":"https:\/\/esi.uclm.es\/index.php\/2025\/12\/15\/defensas-de-tfe-diciembre-2025\/","og_site_name":"Escuela Superior de Inform\u00e1tica de UCLM","article_publisher":"https:\/\/www.facebook.com\/Escuela-Superior-de-Informtica-543261809027158","article_published_time":"2025-12-15T10:45:04+00:00","article_modified_time":"2025-12-15T10:45:05+00:00","og_image":[{"width":1504,"height":846,"url":"http:\/\/esi.uclm.es\/assets\/uploads\/2022\/06\/1658399612723.jpg","type":"image\/jpeg"}],"author":"esiuclm","twitter_card":"summary_large_image","twitter_creator":"@esiuclm","twitter_site":"@esiuclm","twitter_misc":{"Escrito por":"esiuclm","Tiempo de lectura":"2 minutos"},"schema":{"@context":"https:\/\/schema.org","@graph":[{"@type":"Article","@id":"https:\/\/esi.uclm.es\/index.php\/2025\/12\/15\/defensas-de-tfe-diciembre-2025\/#article","isPartOf":{"@id":"https:\/\/esi.uclm.es\/index.php\/2025\/12\/15\/defensas-de-tfe-diciembre-2025\/"},"author":{"name":"esiuclm","@id":"https:\/\/esi.uclm.es\/#\/schema\/person\/d9a390095e8beeca5aced92acb17a530"},"headline":"Defensas de TFE &#8211; Diciembre 2025","datePublished":"2025-12-15T10:45:04+00:00","dateModified":"2025-12-15T10:45:05+00:00","mainEntityOfPage":{"@id":"https:\/\/esi.uclm.es\/index.php\/2025\/12\/15\/defensas-de-tfe-diciembre-2025\/"},"wordCount":229,"commentCount":0,"publisher":{"@id":"https:\/\/esi.uclm.es\/#organization"},"image":{"@id":"https:\/\/esi.uclm.es\/index.php\/2025\/12\/15\/defensas-de-tfe-diciembre-2025\/#primaryimage"},"thumbnailUrl":"https:\/\/esi.uclm.es\/assets\/uploads\/2022\/06\/1658399612723.jpg","articleSection":["General"],"inLanguage":"es","potentialAction":[{"@type":"CommentAction","name":"Comment","target":["https:\/\/esi.uclm.es\/index.php\/2025\/12\/15\/defensas-de-tfe-diciembre-2025\/#respond"]}]},{"@type":"WebPage","@id":"https:\/\/esi.uclm.es\/index.php\/2025\/12\/15\/defensas-de-tfe-diciembre-2025\/","url":"https:\/\/esi.uclm.es\/index.php\/2025\/12\/15\/defensas-de-tfe-diciembre-2025\/","name":"Defensas de TFE &#8211; Diciembre 2025 - Escuela Superior de Inform\u00e1tica de UCLM","isPartOf":{"@id":"https:\/\/esi.uclm.es\/#website"},"primaryImageOfPage":{"@id":"https:\/\/esi.uclm.es\/index.php\/2025\/12\/15\/defensas-de-tfe-diciembre-2025\/#primaryimage"},"image":{"@id":"https:\/\/esi.uclm.es\/index.php\/2025\/12\/15\/defensas-de-tfe-diciembre-2025\/#primaryimage"},"thumbnailUrl":"https:\/\/esi.uclm.es\/assets\/uploads\/2022\/06\/1658399612723.jpg","datePublished":"2025-12-15T10:45:04+00:00","dateModified":"2025-12-15T10:45:05+00:00","breadcrumb":{"@id":"https:\/\/esi.uclm.es\/index.php\/2025\/12\/15\/defensas-de-tfe-diciembre-2025\/#breadcrumb"},"inLanguage":"es","potentialAction":[{"@type":"ReadAction","target":["https:\/\/esi.uclm.es\/index.php\/2025\/12\/15\/defensas-de-tfe-diciembre-2025\/"]}]},{"@type":"ImageObject","inLanguage":"es","@id":"https:\/\/esi.uclm.es\/index.php\/2025\/12\/15\/defensas-de-tfe-diciembre-2025\/#primaryimage","url":"https:\/\/esi.uclm.es\/assets\/uploads\/2022\/06\/1658399612723.jpg","contentUrl":"https:\/\/esi.uclm.es\/assets\/uploads\/2022\/06\/1658399612723.jpg","width":1504,"height":846},{"@type":"BreadcrumbList","@id":"https:\/\/esi.uclm.es\/index.php\/2025\/12\/15\/defensas-de-tfe-diciembre-2025\/#breadcrumb","itemListElement":[{"@type":"ListItem","position":1,"name":"Portada","item":"https:\/\/esi.uclm.es\/"},{"@type":"ListItem","position":2,"name":"Defensas de TFE &#8211; Diciembre 2025"}]},{"@type":"WebSite","@id":"https:\/\/esi.uclm.es\/#website","url":"https:\/\/esi.uclm.es\/","name":"Escuela Superior de Inform\u00e1tica de UCLM en Ciudad Real, Castilla-La Mancha","description":"La Escuela Superior de Inform\u00e1tica de Ciudad Real (Castilla-La Mancha), Universidad de Castilla-La Mancha es un centro universitario que imparte el ciclo completo de Ingenier\u00eda en Inform\u00e1tica: grado, m\u00e1ster y doctorado.","publisher":{"@id":"https:\/\/esi.uclm.es\/#organization"},"potentialAction":[{"@type":"SearchAction","target":{"@type":"EntryPoint","urlTemplate":"https:\/\/esi.uclm.es\/?s={search_term_string}"},"query-input":{"@type":"PropertyValueSpecification","valueRequired":true,"valueName":"search_term_string"}}],"inLanguage":"es"},{"@type":"Organization","@id":"https:\/\/esi.uclm.es\/#organization","name":"Escuela Superior de Inform\u00e1tica de UCLM","url":"https:\/\/esi.uclm.es\/","logo":{"@type":"ImageObject","inLanguage":"es","@id":"https:\/\/esi.uclm.es\/#\/schema\/logo\/image\/","url":"https:\/\/esi.uclm.es\/assets\/uploads\/2022\/03\/LogoESI_cabecera-1.png","contentUrl":"https:\/\/esi.uclm.es\/assets\/uploads\/2022\/03\/LogoESI_cabecera-1.png","width":460,"height":184,"caption":"Escuela Superior de Inform\u00e1tica de UCLM"},"image":{"@id":"https:\/\/esi.uclm.es\/#\/schema\/logo\/image\/"},"sameAs":["https:\/\/www.facebook.com\/Escuela-Superior-de-Informtica-543261809027158","https:\/\/x.com\/esiuclm","https:\/\/www.instagram.com\/esiuclm\/","https:\/\/www.youtube.com\/user\/esiuclm","https:\/\/www.twitch.tv\/esiuclm","https:\/\/www.linkedin.com\/company\/12656631\/admin\/"]},{"@type":"Person","@id":"https:\/\/esi.uclm.es\/#\/schema\/person\/d9a390095e8beeca5aced92acb17a530","name":"esiuclm","image":{"@type":"ImageObject","inLanguage":"es","@id":"https:\/\/secure.gravatar.com\/avatar\/ff32e6f445454691c713484fe154c7002761ecabfa4cfa2fea57c231744892da?s=96&d=mm&r=g","url":"https:\/\/secure.gravatar.com\/avatar\/ff32e6f445454691c713484fe154c7002761ecabfa4cfa2fea57c231744892da?s=96&d=mm&r=g","contentUrl":"https:\/\/secure.gravatar.com\/avatar\/ff32e6f445454691c713484fe154c7002761ecabfa4cfa2fea57c231744892da?s=96&d=mm&r=g","caption":"esiuclm"},"sameAs":["https:\/\/esi.uclm.es"],"url":"https:\/\/esi.uclm.es\/index.php\/author\/esiadmin\/"}]}},"_links":{"self":[{"href":"https:\/\/esi.uclm.es\/index.php\/wp-json\/wp\/v2\/posts\/22320","targetHints":{"allow":["GET"]}}],"collection":[{"href":"https:\/\/esi.uclm.es\/index.php\/wp-json\/wp\/v2\/posts"}],"about":[{"href":"https:\/\/esi.uclm.es\/index.php\/wp-json\/wp\/v2\/types\/post"}],"author":[{"embeddable":true,"href":"https:\/\/esi.uclm.es\/index.php\/wp-json\/wp\/v2\/users\/1"}],"replies":[{"embeddable":true,"href":"https:\/\/esi.uclm.es\/index.php\/wp-json\/wp\/v2\/comments?post=22320"}],"version-history":[{"count":2,"href":"https:\/\/esi.uclm.es\/index.php\/wp-json\/wp\/v2\/posts\/22320\/revisions"}],"predecessor-version":[{"id":22322,"href":"https:\/\/esi.uclm.es\/index.php\/wp-json\/wp\/v2\/posts\/22320\/revisions\/22322"}],"wp:featuredmedia":[{"embeddable":true,"href":"https:\/\/esi.uclm.es\/index.php\/wp-json\/wp\/v2\/media\/11529"}],"wp:attachment":[{"href":"https:\/\/esi.uclm.es\/index.php\/wp-json\/wp\/v2\/media?parent=22320"}],"wp:term":[{"taxonomy":"category","embeddable":true,"href":"https:\/\/esi.uclm.es\/index.php\/wp-json\/wp\/v2\/categories?post=22320"},{"taxonomy":"post_tag","embeddable":true,"href":"https:\/\/esi.uclm.es\/index.php\/wp-json\/wp\/v2\/tags?post=22320"}],"curies":[{"name":"wp","href":"https:\/\/api.w.org\/{rel}","templated":true}]}}