{"id":22310,"date":"2026-01-02T09:56:53","date_gmt":"2026-01-02T09:56:53","guid":{"rendered":"https:\/\/esi.uclm.es\/?p=22310"},"modified":"2026-01-30T19:26:49","modified_gmt":"2026-01-30T19:26:49","slug":"consulta-interactiva-del-calendario-de-examenes-del-1c","status":"publish","type":"post","link":"https:\/\/esi.uclm.es\/index.php\/2026\/01\/02\/consulta-interactiva-del-calendario-de-examenes-del-1c\/","title":{"rendered":"Consulta interactiva del calendario de ex\u00e1menes del 1C"},"content":{"rendered":"\n<p>El periodo de ex\u00e1menes correspondiente a la convocatoria ordinaria del primer cuatrimestre se desarrollar\u00e1 durante el mes de enero, concretamente entre los d\u00edas 9 y 23. A continuaci\u00f3n, puedes consultar la planificaci\u00f3n detallada de las pruebas de forma interactiva, filtrando por d\u00eda y curso:<\/p>\n\n\n\n<div id=\"esi-calendar-wrapper\">\n    <style>\n        \/* Estilos encapsulados para no afectar al resto de WordPress *\/\n        #esi-calendar-wrapper {\n            \/* Variables locales *\/\n            --esi-primary: #0397D8; \n            --esi-dark: #333333;\n            --esi-light: #f4f4f4;\n            --esi-text: #444;\n            --esi-shadow: 0 4px 6px rgba(0,0,0,0.1);\n            \n            font-family: 'Segoe UI', Roboto, Helvetica, Arial, sans-serif;\n            color: var(--esi-text);\n            max-width: 1000px;\n            margin: 0 auto;\n            padding: 20px;\n            background-color: #fff;\n            box-sizing: border-box;\n        }\n\n        #esi-calendar-wrapper *, \n        #esi-calendar-wrapper *::before, \n        #esi-calendar-wrapper *::after {\n            box-sizing: inherit;\n        }\n\n        #esi-calendar-wrapper header {\n            text-align: center;\n            margin-bottom: 30px;\n            border-bottom: 3px solid var(--esi-primary);\n            padding-bottom: 20px;\n        }\n\n        #esi-calendar-wrapper h1 {\n            color: var(--esi-primary);\n            margin: 0 0 10px 0;\n            font-size: 1.8rem;\n            line-height: 1.2;\n        }\n\n        #esi-calendar-wrapper .subtitle {\n            color: var(--esi-dark);\n            margin-top: 5px;\n            font-size: 1rem;\n            margin-bottom: 0;\n        }\n\n        \/* Controles *\/\n        #esi-calendar-wrapper .controls {\n            background: var(--esi-light);\n            padding: 20px;\n            border-radius: 8px;\n            display: flex;\n            flex-wrap: wrap;\n            gap: 20px;\n            justify-content: center;\n            margin-bottom: 30px;\n        }\n\n        #esi-calendar-wrapper .toggle-group {\n            display: flex;\n            gap: 10px;\n            align-items: center;\n        }\n\n        #esi-calendar-wrapper button.mode-btn {\n            background: white;\n            border: 2px solid var(--esi-primary);\n            color: var(--esi-primary);\n            padding: 8px 16px;\n            border-radius: 20px;\n            cursor: pointer;\n            font-weight: bold;\n            transition: all 0.3s ease;\n            font-size: 0.9rem;\n        }\n\n        #esi-calendar-wrapper button.mode-btn:hover {\n            background-color: rgba(3, 151, 216, 0.1);\n        }\n\n        #esi-calendar-wrapper button.mode-btn.active {\n            background: var(--esi-primary);\n            color: white;\n        }\n\n        #esi-calendar-wrapper select {\n            padding: 10px;\n            border-radius: 5px;\n            border: 1px solid #ccc;\n            font-size: 1rem;\n            min-width: 200px;\n            outline-color: var(--esi-primary);\n            background-color: white;\n            color: #333;\n        }\n\n        \/* Grid de Ex\u00e1menes *\/\n        #esi-calendar-wrapper .exam-grid {\n            display: grid;\n            grid-template-columns: repeat(auto-fill, minmax(280px, 1fr));\n            gap: 20px;\n        }\n\n        #esi-calendar-wrapper .exam-card {\n            background: white;\n            border: 1px solid #eee;\n            border-left: 5px solid var(--esi-primary);\n            border-radius: 5px;\n            padding: 20px;\n            box-shadow: var(--esi-shadow);\n            transition: transform 0.2s;\n            display: flex;\n            flex-direction: column;\n        }\n\n        #esi-calendar-wrapper .exam-card:hover {\n            transform: translateY(-3px);\n        }\n\n        #esi-calendar-wrapper .exam-date {\n            font-size: 0.9rem;\n            color: #666;\n            margin-bottom: 5px;\n            font-weight: 600;\n            text-transform: uppercase;\n        }\n\n        #esi-calendar-wrapper .exam-subject {\n            font-size: 1.2rem;\n            color: var(--esi-primary);\n            font-weight: bold;\n            margin-bottom: 10px;\n            line-height: 1.3;\n        }\n\n        #esi-calendar-wrapper .exam-details {\n            font-size: 0.95rem;\n            line-height: 1.6;\n            margin-top: auto;\n        }\n\n        #esi-calendar-wrapper .tag {\n            display: inline-block;\n            background: #eee;\n            padding: 2px 8px;\n            border-radius: 4px;\n            font-size: 0.8rem;\n            font-weight: bold;\n            margin-right: 5px;\n            color: #555;\n            margin-bottom: 4px;\n        }\n\n        #esi-calendar-wrapper .no-exams {\n            text-align: center;\n            width: 100%;\n            grid-column: 1 \/ -1;\n            font-style: italic;\n            color: #777;\n            padding: 20px;\n            background: #f9f9f9;\n            border-radius: 4px;\n        }\n\n        \/* Responsive ajustes *\/\n        @media (max-width: 600px) {\n            #esi-calendar-wrapper .controls {\n                flex-direction: column;\n                align-items: stretch;\n            }\n            #esi-calendar-wrapper .toggle-group {\n                justify-content: center;\n            }\n            #esi-calendar-wrapper select {\n                width: 100%;\n            }\n        }\n    <\/style>\n\n    <header>\n        <h1>Ex\u00e1menes Grado Ingenier\u00eda Inform\u00e1tica &#8211; ESI<\/h1>\n        <p class=\"subtitle\">Convocatoria Ordinaria &#8211; Primer Cuatrimestre 2025\/2026<\/p>\n    <\/header>\n\n    <div class=\"controls\">\n        <div class=\"toggle-group\">\n            <button class=\"mode-btn active\" id=\"btn-mode-date\">Por D\u00eda<\/button>\n            <button class=\"mode-btn\" id=\"btn-mode-course\">Por Curso<\/button>\n        <\/div>\n\n        <div id=\"esi-filter-container\">\n            <\/div>\n    <\/div>\n\n    <div id=\"esi-exam-results\" class=\"exam-grid\">\n        <\/div>\n<\/div>\n\n<script>\n(function() {\n    \/\/ Encapsulamos todo en una funci\u00f3n autoejecutable para proteger las variables\n    \n    const exams = [\n        \/\/ Viernes 9 de enero\n        { id: 1, subject: \"Tecnolog\u00eda de Computadores\", date: \"2026-01-09\", displayDate: \"Viernes 9 de enero\", time: \"9:00\", course: \"1\", type: \"Obligatoria\", rooms: \"Charles Babbage, Hedy Lamarr, Edsger W. Dijkstra, Claude Shannon, -1.22\" },\n        { id: 2, subject: \"Ingenier\u00eda de Negocio\", date: \"2026-01-09\", displayDate: \"Viernes 9 de enero\", time: \"9:00\", course: \"4\", type: \"OPT\", rooms: \"\u00c1ngela Ruiz Robles\" },\n        { id: 3, subject: \"Arquitectura de Computadores\", date: \"2026-01-09\", displayDate: \"Viernes 9 de enero\", time: \"16:00\", course: \"3\", type: \"Obligatoria\", rooms: \"Charles Babbage, Hedy Lamarr, Edsger W. Dijkstra, Claude Shannon\" },\n        \n        \/\/ Lunes 12 de enero\n        { id: 4, subject: \"Interacci\u00f3n Persona Ordenador I\", date: \"2026-01-12\", displayDate: \"Lunes 12 de enero\", time: \"9:00\", course: \"3\", type: \"Obligatoria\", rooms: \"Charles Babbage, Hedy Lamarr, Edsger W. Dijkstra, Claude Shannon\" },\n        { id: 5, subject: \"Fundamentos de la Programaci\u00f3n I\", date: \"2026-01-12\", displayDate: \"Lunes 12 de enero\", time: \"16:00\", course: \"1\", type: \"Obligatoria\", rooms: \"Charles Babbage, Hedy Lamarr, Edsger W. Dijkstra, Claude Shannon, -1.22\" },\n        \n        \/\/ Martes 13 de enero\n        { id: 6, subject: \"Procesadores de Lenguajes\", date: \"2026-01-13\", displayDate: \"Martes 13 de enero\", time: \"9:00\", course: \"4\", type: \"CO\", rooms: \"George Boole\" },\n        { id: 7, subject: \"Computadores Avanzados\", date: \"2026-01-13\", displayDate: \"Martes 13 de enero\", time: \"9:00\", course: \"4\", type: \"IC\", rooms: \"John Von Neuman\" },\n        { id: 8, subject: \"Procesos de Ingenier\u00eda del Software\", date: \"2026-01-13\", displayDate: \"Martes 13 de enero\", time: \"9:00\", course: \"4\", type: \"IS\", rooms: \"Grace Murray Hopper\" },\n        { id: 9, subject: \"Seguridad en Sistemas Inform\u00e1ticos\", date: \"2026-01-13\", displayDate: \"Martes 13 de enero\", time: \"9:00\", course: \"4\", type: \"TI\", rooms: \"Tim Berners-Lee\" },\n        { id: 10, subject: \"Sistemas Operativos I\", date: \"2026-01-13\", displayDate: \"Martes 13 de enero\", time: \"16:00\", course: \"2\", type: \"Obligatoria\", rooms: \"Charles Babbage, Hedy Lamarr, Edsger W. Dijkstra, Claude Shannon, -1.22\" },\n\n        \/\/ Mi\u00e9rcoles 14 de enero\n        { id: 11, subject: \"Fundamentos de Gesti\u00f3n Empresarial\", date: \"2026-01-14\", displayDate: \"Mi\u00e9rcoles 14 de enero\", time: \"9:00\", course: \"1\", type: \"Obligatoria\", rooms: \"Charles Babbage, Hedy Lamarr, Edsger W. Dijkstra, Claude Shannon, -1.22\" },\n        { id: 12, subject: \"T\u00e9cnicas de Aprendizaje Autom\u00e1tico\", date: \"2026-01-14\", displayDate: \"Mi\u00e9rcoles 14 de enero\", time: \"9:00\", course: \"4\", type: \"OPT\", rooms: \"\u00c1ngela Ruiz Robles\" },\n        { id: 13, subject: \"Ingenier\u00eda del Software II\", date: \"2026-01-14\", displayDate: \"Mi\u00e9rcoles 14 de enero\", time: \"16:00\", course: \"3\", type: \"Obligatoria\", rooms: \"Charles Babbage, Hedy Lamarr, Edsger W. Dijkstra, Claude Shannon\" },\n\n        \/\/ Jueves 15 de enero\n        { id: 14, subject: \"Dise\u00f1o de Sistemas Interactivos\", date: \"2026-01-15\", displayDate: \"Jueves 15 de enero\", time: \"9:00\", course: \"4\", type: \"CO\", rooms: \"George Boole\" },\n        { id: 15, subject: \"Seguridad en Redes\", date: \"2026-01-15\", displayDate: \"Jueves 15 de enero\", time: \"9:00\", course: \"4\", type: \"IC\", rooms: \"John Von Neuman\" },\n        { id: 16, subject: \"Gesti\u00f3n de Proyectos Software\", date: \"2026-01-15\", displayDate: \"Jueves 15 de enero\", time: \"9:00\", course: \"4\", type: \"IS\", rooms: \"Grace Murray Hopper\" },\n        { id: 17, subject: \"Comercio Electr\u00f3nico\", date: \"2026-01-15\", displayDate: \"Jueves 15 de enero\", time: \"9:00\", course: \"4\", type: \"TI\", rooms: \"Tim Berners-Lee\" },\n        { id: 18, subject: \"Organizaci\u00f3n de Computadores\", date: \"2026-01-15\", displayDate: \"Jueves 15 de enero\", time: \"16:00\", course: \"2\", type: \"Obligatoria\", rooms: \"Charles Babbage, Hedy Lamarr, Edsger W. Dijkstra, Claude Shannon, -1.22\" },\n\n        \/\/ Viernes 16 de enero\n        { id: 19, subject: \"Fundamentos F\u00edsicos de la Inform\u00e1tica\", date: \"2026-01-16\", displayDate: \"Viernes 16 de enero\", time: \"9:00\", course: \"1\", type: \"Obligatoria\", rooms: \"Charles Babbage, Hedy Lamarr, Edsger W. Dijkstra, Claude Shannon, -1.22\" },\n        { id: 20, subject: \"Sistemas Distribuidos\", date: \"2026-01-16\", displayDate: \"Viernes 16 de enero\", time: \"16:00\", course: \"3\", type: \"Obligatoria\", rooms: \"Charles Babbage, Hedy Lamarr, Edsger W. Dijkstra, Claude Shannon\" },\n\n        \/\/ Lunes 19 de enero\n        { id: 21, subject: \"Ingenier\u00eda del Software I\", date: \"2026-01-19\", displayDate: \"Lunes 19 de enero\", time: \"9:00\", course: \"2\", type: \"Obligatoria\", rooms: \"Charles Babbage, Hedy Lamarr, Edsger W. Dijkstra, Claude Shannon\" },\n        { id: 22, subject: \"Sistemas Multiagentes\", date: \"2026-01-19\", displayDate: \"Lunes 19 de enero\", time: \"16:00\", course: \"4\", type: \"CO\", rooms: \"George Boole\" },\n        { id: 23, subject: \"Sistemas Empotrados\", date: \"2026-01-19\", displayDate: \"Lunes 19 de enero\", time: \"16:00\", course: \"4\", type: \"IC\", rooms: \"John Von Neuman\" },\n        { id: 24, subject: \"Calidad de Sistemas Software\", date: \"2026-01-19\", displayDate: \"Lunes 19 de enero\", time: \"16:00\", course: \"4\", type: \"IS\", rooms: \"Grace Murray Hopper\" },\n        { id: 25, subject: \"Tecnolog\u00edas y Sistemas Web\", date: \"2026-01-19\", displayDate: \"Lunes 19 de enero\", time: \"16:00\", course: \"4\", type: \"TI\", rooms: \"Tim Berners-Lee\" },\n\n        \/\/ Martes 20 de enero\n        { id: 26, subject: \"C\u00e1lculo y M\u00e9todos Num\u00e9ricos\", date: \"2026-01-20\", displayDate: \"Martes 20 de enero\", time: \"9:00\", course: \"1\", type: \"Obligatoria\", rooms: \"Charles Babbage, Hedy Lamarr, Edsger W. Dijkstra, Claude Shannon, -1.22\" },\n        { id: 27, subject: \"Aplicaciones Distribuidas de Internet\", date: \"2026-01-20\", displayDate: \"Martes 20 de enero\", time: \"9:00\", course: \"4\", type: \"OPT\", rooms: \"\u00c1ngela Ruiz Robles\" },\n        { id: 28, subject: \"Sistemas Inteligentes\", date: \"2026-01-20\", displayDate: \"Martes 20 de enero\", time: \"16:00\", course: \"3\", type: \"Obligatoria\", rooms: \"Charles Babbage, Hedy Lamarr, Edsger W. Dijkstra, Claude Shannon\" },\n\n        \/\/ Mi\u00e9rcoles 21 de enero\n        { id: 29, subject: \"Miner\u00eda de Datos\", date: \"2026-01-21\", displayDate: \"Mi\u00e9rcoles 21 de enero\", time: \"9:00\", course: \"4\", type: \"CO\", rooms: \"George Boole\" },\n        { id: 30, subject: \"Planificaci\u00f3n e Integraci\u00f3n de Sistemas y Servicios\", date: \"2026-01-21\", displayDate: \"Mi\u00e9rcoles 21 de enero\", time: \"9:00\", course: \"4\", type: \"IC\", rooms: \"John Von Neuman\" },\n        { id: 31, subject: \"Seguridad de Sistemas Software\", date: \"2026-01-21\", displayDate: \"Mi\u00e9rcoles 21 de enero\", time: \"9:00\", course: \"4\", type: \"IS\", rooms: \"Grace Murray Hopper\" },\n        { id: 32, subject: \"Multimedia\", date: \"2026-01-21\", displayDate: \"Mi\u00e9rcoles 21 de enero\", time: \"9:00\", course: \"4\", type: \"TI\", rooms: \"Tim Berners-Lee\" },\n        { id: 33, subject: \"Estructura de Datos\", date: \"2026-01-21\", displayDate: \"Mi\u00e9rcoles 21 de enero\", time: \"16:00\", course: \"2\", type: \"Obligatoria\", rooms: \"Charles Babbage, Hedy Lamarr, Edsger W. Dijkstra, Claude Shannon, -1.22\" },\n\n        \/\/ Viernes 23 de enero\n        { id: 34, subject: \"L\u00f3gica\", date: \"2026-01-23\", displayDate: \"Viernes 23 de enero\", time: \"9:00\", course: \"2\", type: \"Obligatoria\", rooms: \"Charles Babbage, Hedy Lamarr, Edsger W. Dijkstra, Claude Shannon, -1.22\" }\n    ];\n\n    let currentMode = 'date';\n    const uniqueDates = [...new Set(exams.map(item => item.displayDate))];\n    const uniqueCourses = [\"1\", \"2\", \"3\", \"4\"];\n\n    \/\/ Referencias al DOM (usando IDs espec\u00edficos para evitar conflictos)\n    const btnDate = document.getElementById('btn-mode-date');\n    const btnCourse = document.getElementById('btn-mode-course');\n    const filterContainer = document.getElementById('esi-filter-container');\n    const resultsContainer = document.getElementById('esi-exam-results');\n\n    function init() {\n        if(!filterContainer || !resultsContainer) return;\n        \n        \/\/ Event Listeners para botones\n        btnDate.addEventListener('click', () => setMode('date'));\n        btnCourse.addEventListener('click', () => setMode('course'));\n\n        renderFilters();\n        renderExams();\n    }\n\n    function setMode(mode) {\n        currentMode = mode;\n        \n        \/\/ Toggle visual\n        if(mode === 'date') {\n            btnDate.classList.add('active');\n            btnCourse.classList.remove('active');\n        } else {\n            btnCourse.classList.add('active');\n            btnDate.classList.remove('active');\n        }\n        \n        renderFilters();\n        renderExams();\n    }\n\n    function renderFilters() {\n        filterContainer.innerHTML = '';\n\n        const select = document.createElement('select');\n        select.id = 'esi-filter-select';\n        select.addEventListener('change', renderExams);\n\n        const optionDefault = document.createElement('option');\n        optionDefault.value = 'all';\n\n        if (currentMode === 'date') {\n            optionDefault.textContent = 'Selecciona un d\u00eda (o Ver Todos)';\n            select.appendChild(optionDefault);\n            uniqueDates.forEach(date => {\n                const option = document.createElement('option');\n                option.value = date;\n                option.textContent = date;\n                select.appendChild(option);\n            });\n        } else {\n            optionDefault.textContent = 'Selecciona un curso (o Ver Todos)';\n            select.appendChild(optionDefault);\n            uniqueCourses.forEach(course => {\n                const option = document.createElement('option');\n                option.value = course;\n                option.textContent = `Curso ${course}\u00ba`;\n                select.appendChild(option);\n            });\n        }\n        filterContainer.appendChild(select);\n    }\n\n    function renderExams() {\n        const selectEl = document.getElementById('esi-filter-select');\n        const filterValue = selectEl ? selectEl.value : 'all';\n        \n        resultsContainer.innerHTML = '';\n\n        let filteredExams = exams;\n\n        if (filterValue !== 'all') {\n            if (currentMode === 'date') {\n                filteredExams = exams.filter(ex => ex.displayDate === filterValue);\n            } else {\n                filteredExams = exams.filter(ex => ex.course === filterValue);\n            }\n        }\n\n        if (filteredExams.length === 0) {\n            resultsContainer.innerHTML = '<div class=\"no-exams\">No hay ex\u00e1menes que coincidan con la selecci\u00f3n.<\/div>';\n            return;\n        }\n\n        filteredExams.forEach(exam => {\n            const card = document.createElement('div');\n            card.className = 'exam-card';\n            \n            let typeTag = `<span class=\"tag\">${exam.type}<\/span>`;\n            let courseTag = `<span class=\"tag\">${exam.course}\u00ba Curso<\/span>`;\n            \n            card.innerHTML = `\n                <div class=\"exam-date\">${exam.displayDate} - ${exam.time}<\/div>\n                <div class=\"exam-subject\">${exam.subject}<\/div>\n                <div class=\"exam-details\">\n                    <div style=\"margin-bottom:8px;\">${courseTag} ${typeTag}<\/div>\n                    <div><strong>Aulas:<\/strong> ${exam.rooms}<\/div>\n                <\/div>\n            `;\n            resultsContainer.appendChild(card);\n        });\n    }\n\n    \/\/ Ejecutar cuando el DOM est\u00e9 listo\n    if (document.readyState === 'loading') {\n        document.addEventListener('DOMContentLoaded', init);\n    } else {\n        init();\n    }\n})();\n<\/script>\n","protected":false},"excerpt":{"rendered":"<p>El periodo de ex\u00e1menes correspondiente a la convocatoria ordinaria del primer cuatrimestre se desarrollar\u00e1 durante el mes de enero, concretamente entre los d\u00edas 9 y 23. A continuaci\u00f3n, puedes consultar la planificaci\u00f3n detallada de las pruebas de forma interactiva, filtrando por d\u00eda y curso: Ex\u00e1menes [&hellip;]<\/p>\n","protected":false},"author":1,"featured_media":22311,"comment_status":"open","ping_status":"open","sticky":false,"template":"","format":"standard","meta":{"footnotes":""},"categories":[622,619],"tags":[],"class_list":["post-22310","post","type-post","status-publish","format-standard","has-post-thumbnail","hentry","category-docencia","category-general"],"yoast_head":"<!-- This site is optimized with the Yoast SEO plugin v27.4 - https:\/\/yoast.com\/product\/yoast-seo-wordpress\/ -->\n<title>Consulta interactiva del calendario de ex\u00e1menes del 1C - Escuela Superior de Inform\u00e1tica de UCLM<\/title>\n<meta name=\"description\" content=\"El periodo de ex\u00e1menes correspondiente a la convocatoria ordinaria del primer cuatrimestre se desarrollar\u00e1 durante el mes de enero, concretamente entre los d\u00edas 9 y 23. A continuaci\u00f3n, puedes consultar la planificaci\u00f3n detallada de las pruebas de forma interactiva, filtrando por d\u00eda y curso:\" \/>\n<meta name=\"robots\" content=\"index, follow, max-snippet:-1, max-image-preview:large, max-video-preview:-1\" \/>\n<link rel=\"canonical\" href=\"https:\/\/esi.uclm.es\/index.php\/2026\/01\/02\/consulta-interactiva-del-calendario-de-examenes-del-1c\/\" \/>\n<meta property=\"og:locale\" content=\"es_ES\" \/>\n<meta property=\"og:type\" content=\"article\" \/>\n<meta property=\"og:title\" content=\"Consulta interactiva del calendario de ex\u00e1menes del 1C - Escuela Superior de Inform\u00e1tica de UCLM\" \/>\n<meta property=\"og:description\" content=\"El periodo de ex\u00e1menes correspondiente a la convocatoria ordinaria del primer cuatrimestre se desarrollar\u00e1 durante el mes de enero, concretamente entre los d\u00edas 9 y 23. A continuaci\u00f3n, puedes consultar la planificaci\u00f3n detallada de las pruebas de forma interactiva, filtrando por d\u00eda y curso:\" \/>\n<meta property=\"og:url\" content=\"https:\/\/esi.uclm.es\/index.php\/2026\/01\/02\/consulta-interactiva-del-calendario-de-examenes-del-1c\/\" \/>\n<meta property=\"og:site_name\" content=\"Escuela Superior de Inform\u00e1tica de UCLM\" \/>\n<meta property=\"article:publisher\" content=\"https:\/\/www.facebook.com\/Escuela-Superior-de-Informtica-543261809027158\" \/>\n<meta property=\"article:published_time\" content=\"2026-01-02T09:56:53+00:00\" \/>\n<meta property=\"article:modified_time\" content=\"2026-01-30T19:26:49+00:00\" \/>\n<meta property=\"og:image\" content=\"http:\/\/esi.uclm.es\/assets\/uploads\/2025\/12\/consulta_examenes_web.webp\" \/>\n\t<meta property=\"og:image:width\" content=\"1100\" \/>\n\t<meta property=\"og:image:height\" content=\"619\" \/>\n\t<meta property=\"og:image:type\" content=\"image\/webp\" \/>\n<meta name=\"author\" content=\"esiuclm\" \/>\n<meta name=\"twitter:card\" content=\"summary_large_image\" \/>\n<meta name=\"twitter:creator\" content=\"@esiuclm\" \/>\n<meta name=\"twitter:site\" content=\"@esiuclm\" \/>\n<meta name=\"twitter:label1\" content=\"Escrito por\" \/>\n\t<meta name=\"twitter:data1\" content=\"esiuclm\" \/>\n\t<meta name=\"twitter:label2\" content=\"Tiempo de lectura\" \/>\n\t<meta name=\"twitter:data2\" content=\"1 minuto\" \/>\n<script type=\"application\/ld+json\" class=\"yoast-schema-graph\">{\"@context\":\"https:\\\/\\\/schema.org\",\"@graph\":[{\"@type\":\"Article\",\"@id\":\"https:\\\/\\\/esi.uclm.es\\\/index.php\\\/2026\\\/01\\\/02\\\/consulta-interactiva-del-calendario-de-examenes-del-1c\\\/#article\",\"isPartOf\":{\"@id\":\"https:\\\/\\\/esi.uclm.es\\\/index.php\\\/2026\\\/01\\\/02\\\/consulta-interactiva-del-calendario-de-examenes-del-1c\\\/\"},\"author\":{\"name\":\"esiuclm\",\"@id\":\"https:\\\/\\\/esi.uclm.es\\\/#\\\/schema\\\/person\\\/d9a390095e8beeca5aced92acb17a530\"},\"headline\":\"Consulta interactiva del calendario de ex\u00e1menes del 1C\",\"datePublished\":\"2026-01-02T09:56:53+00:00\",\"dateModified\":\"2026-01-30T19:26:49+00:00\",\"mainEntityOfPage\":{\"@id\":\"https:\\\/\\\/esi.uclm.es\\\/index.php\\\/2026\\\/01\\\/02\\\/consulta-interactiva-del-calendario-de-examenes-del-1c\\\/\"},\"wordCount\":75,\"commentCount\":0,\"publisher\":{\"@id\":\"https:\\\/\\\/esi.uclm.es\\\/#organization\"},\"image\":{\"@id\":\"https:\\\/\\\/esi.uclm.es\\\/index.php\\\/2026\\\/01\\\/02\\\/consulta-interactiva-del-calendario-de-examenes-del-1c\\\/#primaryimage\"},\"thumbnailUrl\":\"https:\\\/\\\/esi.uclm.es\\\/assets\\\/uploads\\\/2025\\\/12\\\/consulta_examenes_web.webp\",\"articleSection\":[\"Docencia\",\"General\"],\"inLanguage\":\"es\",\"potentialAction\":[{\"@type\":\"CommentAction\",\"name\":\"Comment\",\"target\":[\"https:\\\/\\\/esi.uclm.es\\\/index.php\\\/2026\\\/01\\\/02\\\/consulta-interactiva-del-calendario-de-examenes-del-1c\\\/#respond\"]}]},{\"@type\":\"WebPage\",\"@id\":\"https:\\\/\\\/esi.uclm.es\\\/index.php\\\/2026\\\/01\\\/02\\\/consulta-interactiva-del-calendario-de-examenes-del-1c\\\/\",\"url\":\"https:\\\/\\\/esi.uclm.es\\\/index.php\\\/2026\\\/01\\\/02\\\/consulta-interactiva-del-calendario-de-examenes-del-1c\\\/\",\"name\":\"Consulta interactiva del calendario de ex\u00e1menes del 1C - Escuela Superior de Inform\u00e1tica de UCLM\",\"isPartOf\":{\"@id\":\"https:\\\/\\\/esi.uclm.es\\\/#website\"},\"primaryImageOfPage\":{\"@id\":\"https:\\\/\\\/esi.uclm.es\\\/index.php\\\/2026\\\/01\\\/02\\\/consulta-interactiva-del-calendario-de-examenes-del-1c\\\/#primaryimage\"},\"image\":{\"@id\":\"https:\\\/\\\/esi.uclm.es\\\/index.php\\\/2026\\\/01\\\/02\\\/consulta-interactiva-del-calendario-de-examenes-del-1c\\\/#primaryimage\"},\"thumbnailUrl\":\"https:\\\/\\\/esi.uclm.es\\\/assets\\\/uploads\\\/2025\\\/12\\\/consulta_examenes_web.webp\",\"datePublished\":\"2026-01-02T09:56:53+00:00\",\"dateModified\":\"2026-01-30T19:26:49+00:00\",\"description\":\"El periodo de ex\u00e1menes correspondiente a la convocatoria ordinaria del primer cuatrimestre se desarrollar\u00e1 durante el mes de enero, concretamente entre los d\u00edas 9 y 23. A continuaci\u00f3n, puedes consultar la planificaci\u00f3n detallada de las pruebas de forma interactiva, filtrando por d\u00eda y curso:\",\"breadcrumb\":{\"@id\":\"https:\\\/\\\/esi.uclm.es\\\/index.php\\\/2026\\\/01\\\/02\\\/consulta-interactiva-del-calendario-de-examenes-del-1c\\\/#breadcrumb\"},\"inLanguage\":\"es\",\"potentialAction\":[{\"@type\":\"ReadAction\",\"target\":[\"https:\\\/\\\/esi.uclm.es\\\/index.php\\\/2026\\\/01\\\/02\\\/consulta-interactiva-del-calendario-de-examenes-del-1c\\\/\"]}]},{\"@type\":\"ImageObject\",\"inLanguage\":\"es\",\"@id\":\"https:\\\/\\\/esi.uclm.es\\\/index.php\\\/2026\\\/01\\\/02\\\/consulta-interactiva-del-calendario-de-examenes-del-1c\\\/#primaryimage\",\"url\":\"https:\\\/\\\/esi.uclm.es\\\/assets\\\/uploads\\\/2025\\\/12\\\/consulta_examenes_web.webp\",\"contentUrl\":\"https:\\\/\\\/esi.uclm.es\\\/assets\\\/uploads\\\/2025\\\/12\\\/consulta_examenes_web.webp\",\"width\":1100,\"height\":619,\"caption\":\"Persona interactuando con interfaz web\"},{\"@type\":\"BreadcrumbList\",\"@id\":\"https:\\\/\\\/esi.uclm.es\\\/index.php\\\/2026\\\/01\\\/02\\\/consulta-interactiva-del-calendario-de-examenes-del-1c\\\/#breadcrumb\",\"itemListElement\":[{\"@type\":\"ListItem\",\"position\":1,\"name\":\"Portada\",\"item\":\"https:\\\/\\\/esi.uclm.es\\\/\"},{\"@type\":\"ListItem\",\"position\":2,\"name\":\"Consulta interactiva del calendario de ex\u00e1menes del 1C\"}]},{\"@type\":\"WebSite\",\"@id\":\"https:\\\/\\\/esi.uclm.es\\\/#website\",\"url\":\"https:\\\/\\\/esi.uclm.es\\\/\",\"name\":\"Escuela Superior de Inform\u00e1tica de UCLM en Ciudad Real, Castilla-La Mancha\",\"description\":\"La Escuela Superior de Inform\u00e1tica de Ciudad Real (Castilla-La Mancha), Universidad de Castilla-La Mancha es un centro universitario que imparte el ciclo completo de Ingenier\u00eda en Inform\u00e1tica: grado, m\u00e1ster y doctorado.\",\"publisher\":{\"@id\":\"https:\\\/\\\/esi.uclm.es\\\/#organization\"},\"potentialAction\":[{\"@type\":\"SearchAction\",\"target\":{\"@type\":\"EntryPoint\",\"urlTemplate\":\"https:\\\/\\\/esi.uclm.es\\\/?s={search_term_string}\"},\"query-input\":{\"@type\":\"PropertyValueSpecification\",\"valueRequired\":true,\"valueName\":\"search_term_string\"}}],\"inLanguage\":\"es\"},{\"@type\":\"Organization\",\"@id\":\"https:\\\/\\\/esi.uclm.es\\\/#organization\",\"name\":\"Escuela Superior de Inform\u00e1tica de UCLM\",\"url\":\"https:\\\/\\\/esi.uclm.es\\\/\",\"logo\":{\"@type\":\"ImageObject\",\"inLanguage\":\"es\",\"@id\":\"https:\\\/\\\/esi.uclm.es\\\/#\\\/schema\\\/logo\\\/image\\\/\",\"url\":\"https:\\\/\\\/esi.uclm.es\\\/assets\\\/uploads\\\/2022\\\/03\\\/LogoESI_cabecera-1.png\",\"contentUrl\":\"https:\\\/\\\/esi.uclm.es\\\/assets\\\/uploads\\\/2022\\\/03\\\/LogoESI_cabecera-1.png\",\"width\":460,\"height\":184,\"caption\":\"Escuela Superior de Inform\u00e1tica de UCLM\"},\"image\":{\"@id\":\"https:\\\/\\\/esi.uclm.es\\\/#\\\/schema\\\/logo\\\/image\\\/\"},\"sameAs\":[\"https:\\\/\\\/www.facebook.com\\\/Escuela-Superior-de-Informtica-543261809027158\",\"https:\\\/\\\/x.com\\\/esiuclm\",\"https:\\\/\\\/www.instagram.com\\\/esiuclm\\\/\",\"https:\\\/\\\/www.youtube.com\\\/user\\\/esiuclm\",\"https:\\\/\\\/www.twitch.tv\\\/esiuclm\",\"https:\\\/\\\/www.linkedin.com\\\/company\\\/12656631\\\/admin\\\/\"]},{\"@type\":\"Person\",\"@id\":\"https:\\\/\\\/esi.uclm.es\\\/#\\\/schema\\\/person\\\/d9a390095e8beeca5aced92acb17a530\",\"name\":\"esiuclm\",\"image\":{\"@type\":\"ImageObject\",\"inLanguage\":\"es\",\"@id\":\"https:\\\/\\\/secure.gravatar.com\\\/avatar\\\/ff32e6f445454691c713484fe154c7002761ecabfa4cfa2fea57c231744892da?s=96&d=mm&r=g\",\"url\":\"https:\\\/\\\/secure.gravatar.com\\\/avatar\\\/ff32e6f445454691c713484fe154c7002761ecabfa4cfa2fea57c231744892da?s=96&d=mm&r=g\",\"contentUrl\":\"https:\\\/\\\/secure.gravatar.com\\\/avatar\\\/ff32e6f445454691c713484fe154c7002761ecabfa4cfa2fea57c231744892da?s=96&d=mm&r=g\",\"caption\":\"esiuclm\"},\"sameAs\":[\"https:\\\/\\\/esi.uclm.es\"],\"url\":\"https:\\\/\\\/esi.uclm.es\\\/index.php\\\/author\\\/esiadmin\\\/\"}]}<\/script>\n<!-- \/ Yoast SEO plugin. -->","yoast_head_json":{"title":"Consulta interactiva del calendario de ex\u00e1menes del 1C - Escuela Superior de Inform\u00e1tica de UCLM","description":"El periodo de ex\u00e1menes correspondiente a la convocatoria ordinaria del primer cuatrimestre se desarrollar\u00e1 durante el mes de enero, concretamente entre los d\u00edas 9 y 23. A continuaci\u00f3n, puedes consultar la planificaci\u00f3n detallada de las pruebas de forma interactiva, filtrando por d\u00eda y curso:","robots":{"index":"index","follow":"follow","max-snippet":"max-snippet:-1","max-image-preview":"max-image-preview:large","max-video-preview":"max-video-preview:-1"},"canonical":"https:\/\/esi.uclm.es\/index.php\/2026\/01\/02\/consulta-interactiva-del-calendario-de-examenes-del-1c\/","og_locale":"es_ES","og_type":"article","og_title":"Consulta interactiva del calendario de ex\u00e1menes del 1C - Escuela Superior de Inform\u00e1tica de UCLM","og_description":"El periodo de ex\u00e1menes correspondiente a la convocatoria ordinaria del primer cuatrimestre se desarrollar\u00e1 durante el mes de enero, concretamente entre los d\u00edas 9 y 23. A continuaci\u00f3n, puedes consultar la planificaci\u00f3n detallada de las pruebas de forma interactiva, filtrando por d\u00eda y curso:","og_url":"https:\/\/esi.uclm.es\/index.php\/2026\/01\/02\/consulta-interactiva-del-calendario-de-examenes-del-1c\/","og_site_name":"Escuela Superior de Inform\u00e1tica de UCLM","article_publisher":"https:\/\/www.facebook.com\/Escuela-Superior-de-Informtica-543261809027158","article_published_time":"2026-01-02T09:56:53+00:00","article_modified_time":"2026-01-30T19:26:49+00:00","og_image":[{"width":1100,"height":619,"url":"http:\/\/esi.uclm.es\/assets\/uploads\/2025\/12\/consulta_examenes_web.webp","type":"image\/webp"}],"author":"esiuclm","twitter_card":"summary_large_image","twitter_creator":"@esiuclm","twitter_site":"@esiuclm","twitter_misc":{"Escrito por":"esiuclm","Tiempo de lectura":"1 minuto"},"schema":{"@context":"https:\/\/schema.org","@graph":[{"@type":"Article","@id":"https:\/\/esi.uclm.es\/index.php\/2026\/01\/02\/consulta-interactiva-del-calendario-de-examenes-del-1c\/#article","isPartOf":{"@id":"https:\/\/esi.uclm.es\/index.php\/2026\/01\/02\/consulta-interactiva-del-calendario-de-examenes-del-1c\/"},"author":{"name":"esiuclm","@id":"https:\/\/esi.uclm.es\/#\/schema\/person\/d9a390095e8beeca5aced92acb17a530"},"headline":"Consulta interactiva del calendario de ex\u00e1menes del 1C","datePublished":"2026-01-02T09:56:53+00:00","dateModified":"2026-01-30T19:26:49+00:00","mainEntityOfPage":{"@id":"https:\/\/esi.uclm.es\/index.php\/2026\/01\/02\/consulta-interactiva-del-calendario-de-examenes-del-1c\/"},"wordCount":75,"commentCount":0,"publisher":{"@id":"https:\/\/esi.uclm.es\/#organization"},"image":{"@id":"https:\/\/esi.uclm.es\/index.php\/2026\/01\/02\/consulta-interactiva-del-calendario-de-examenes-del-1c\/#primaryimage"},"thumbnailUrl":"https:\/\/esi.uclm.es\/assets\/uploads\/2025\/12\/consulta_examenes_web.webp","articleSection":["Docencia","General"],"inLanguage":"es","potentialAction":[{"@type":"CommentAction","name":"Comment","target":["https:\/\/esi.uclm.es\/index.php\/2026\/01\/02\/consulta-interactiva-del-calendario-de-examenes-del-1c\/#respond"]}]},{"@type":"WebPage","@id":"https:\/\/esi.uclm.es\/index.php\/2026\/01\/02\/consulta-interactiva-del-calendario-de-examenes-del-1c\/","url":"https:\/\/esi.uclm.es\/index.php\/2026\/01\/02\/consulta-interactiva-del-calendario-de-examenes-del-1c\/","name":"Consulta interactiva del calendario de ex\u00e1menes del 1C - Escuela Superior de Inform\u00e1tica de UCLM","isPartOf":{"@id":"https:\/\/esi.uclm.es\/#website"},"primaryImageOfPage":{"@id":"https:\/\/esi.uclm.es\/index.php\/2026\/01\/02\/consulta-interactiva-del-calendario-de-examenes-del-1c\/#primaryimage"},"image":{"@id":"https:\/\/esi.uclm.es\/index.php\/2026\/01\/02\/consulta-interactiva-del-calendario-de-examenes-del-1c\/#primaryimage"},"thumbnailUrl":"https:\/\/esi.uclm.es\/assets\/uploads\/2025\/12\/consulta_examenes_web.webp","datePublished":"2026-01-02T09:56:53+00:00","dateModified":"2026-01-30T19:26:49+00:00","description":"El periodo de ex\u00e1menes correspondiente a la convocatoria ordinaria del primer cuatrimestre se desarrollar\u00e1 durante el mes de enero, concretamente entre los d\u00edas 9 y 23. A continuaci\u00f3n, puedes consultar la planificaci\u00f3n detallada de las pruebas de forma interactiva, filtrando por d\u00eda y curso:","breadcrumb":{"@id":"https:\/\/esi.uclm.es\/index.php\/2026\/01\/02\/consulta-interactiva-del-calendario-de-examenes-del-1c\/#breadcrumb"},"inLanguage":"es","potentialAction":[{"@type":"ReadAction","target":["https:\/\/esi.uclm.es\/index.php\/2026\/01\/02\/consulta-interactiva-del-calendario-de-examenes-del-1c\/"]}]},{"@type":"ImageObject","inLanguage":"es","@id":"https:\/\/esi.uclm.es\/index.php\/2026\/01\/02\/consulta-interactiva-del-calendario-de-examenes-del-1c\/#primaryimage","url":"https:\/\/esi.uclm.es\/assets\/uploads\/2025\/12\/consulta_examenes_web.webp","contentUrl":"https:\/\/esi.uclm.es\/assets\/uploads\/2025\/12\/consulta_examenes_web.webp","width":1100,"height":619,"caption":"Persona interactuando con interfaz web"},{"@type":"BreadcrumbList","@id":"https:\/\/esi.uclm.es\/index.php\/2026\/01\/02\/consulta-interactiva-del-calendario-de-examenes-del-1c\/#breadcrumb","itemListElement":[{"@type":"ListItem","position":1,"name":"Portada","item":"https:\/\/esi.uclm.es\/"},{"@type":"ListItem","position":2,"name":"Consulta interactiva del calendario de ex\u00e1menes del 1C"}]},{"@type":"WebSite","@id":"https:\/\/esi.uclm.es\/#website","url":"https:\/\/esi.uclm.es\/","name":"Escuela Superior de Inform\u00e1tica de UCLM en Ciudad Real, Castilla-La Mancha","description":"La Escuela Superior de Inform\u00e1tica de Ciudad Real (Castilla-La Mancha), Universidad de Castilla-La Mancha es un centro universitario que imparte el ciclo completo de Ingenier\u00eda en Inform\u00e1tica: grado, m\u00e1ster y doctorado.","publisher":{"@id":"https:\/\/esi.uclm.es\/#organization"},"potentialAction":[{"@type":"SearchAction","target":{"@type":"EntryPoint","urlTemplate":"https:\/\/esi.uclm.es\/?s={search_term_string}"},"query-input":{"@type":"PropertyValueSpecification","valueRequired":true,"valueName":"search_term_string"}}],"inLanguage":"es"},{"@type":"Organization","@id":"https:\/\/esi.uclm.es\/#organization","name":"Escuela Superior de Inform\u00e1tica de UCLM","url":"https:\/\/esi.uclm.es\/","logo":{"@type":"ImageObject","inLanguage":"es","@id":"https:\/\/esi.uclm.es\/#\/schema\/logo\/image\/","url":"https:\/\/esi.uclm.es\/assets\/uploads\/2022\/03\/LogoESI_cabecera-1.png","contentUrl":"https:\/\/esi.uclm.es\/assets\/uploads\/2022\/03\/LogoESI_cabecera-1.png","width":460,"height":184,"caption":"Escuela Superior de Inform\u00e1tica de UCLM"},"image":{"@id":"https:\/\/esi.uclm.es\/#\/schema\/logo\/image\/"},"sameAs":["https:\/\/www.facebook.com\/Escuela-Superior-de-Informtica-543261809027158","https:\/\/x.com\/esiuclm","https:\/\/www.instagram.com\/esiuclm\/","https:\/\/www.youtube.com\/user\/esiuclm","https:\/\/www.twitch.tv\/esiuclm","https:\/\/www.linkedin.com\/company\/12656631\/admin\/"]},{"@type":"Person","@id":"https:\/\/esi.uclm.es\/#\/schema\/person\/d9a390095e8beeca5aced92acb17a530","name":"esiuclm","image":{"@type":"ImageObject","inLanguage":"es","@id":"https:\/\/secure.gravatar.com\/avatar\/ff32e6f445454691c713484fe154c7002761ecabfa4cfa2fea57c231744892da?s=96&d=mm&r=g","url":"https:\/\/secure.gravatar.com\/avatar\/ff32e6f445454691c713484fe154c7002761ecabfa4cfa2fea57c231744892da?s=96&d=mm&r=g","contentUrl":"https:\/\/secure.gravatar.com\/avatar\/ff32e6f445454691c713484fe154c7002761ecabfa4cfa2fea57c231744892da?s=96&d=mm&r=g","caption":"esiuclm"},"sameAs":["https:\/\/esi.uclm.es"],"url":"https:\/\/esi.uclm.es\/index.php\/author\/esiadmin\/"}]}},"_links":{"self":[{"href":"https:\/\/esi.uclm.es\/index.php\/wp-json\/wp\/v2\/posts\/22310","targetHints":{"allow":["GET"]}}],"collection":[{"href":"https:\/\/esi.uclm.es\/index.php\/wp-json\/wp\/v2\/posts"}],"about":[{"href":"https:\/\/esi.uclm.es\/index.php\/wp-json\/wp\/v2\/types\/post"}],"author":[{"embeddable":true,"href":"https:\/\/esi.uclm.es\/index.php\/wp-json\/wp\/v2\/users\/1"}],"replies":[{"embeddable":true,"href":"https:\/\/esi.uclm.es\/index.php\/wp-json\/wp\/v2\/comments?post=22310"}],"version-history":[{"count":3,"href":"https:\/\/esi.uclm.es\/index.php\/wp-json\/wp\/v2\/posts\/22310\/revisions"}],"predecessor-version":[{"id":22314,"href":"https:\/\/esi.uclm.es\/index.php\/wp-json\/wp\/v2\/posts\/22310\/revisions\/22314"}],"wp:featuredmedia":[{"embeddable":true,"href":"https:\/\/esi.uclm.es\/index.php\/wp-json\/wp\/v2\/media\/22311"}],"wp:attachment":[{"href":"https:\/\/esi.uclm.es\/index.php\/wp-json\/wp\/v2\/media?parent=22310"}],"wp:term":[{"taxonomy":"category","embeddable":true,"href":"https:\/\/esi.uclm.es\/index.php\/wp-json\/wp\/v2\/categories?post=22310"},{"taxonomy":"post_tag","embeddable":true,"href":"https:\/\/esi.uclm.es\/index.php\/wp-json\/wp\/v2\/tags?post=22310"}],"curies":[{"name":"wp","href":"https:\/\/api.w.org\/{rel}","templated":true}]}}