{"id":22037,"date":"2025-11-07T10:35:53","date_gmt":"2025-11-07T10:35:53","guid":{"rendered":"https:\/\/esi.uclm.es\/?p=22037"},"modified":"2025-11-07T10:35:53","modified_gmt":"2025-11-07T10:35:53","slug":"final-futbol-sala-st2025","status":"publish","type":"post","link":"https:\/\/esi.uclm.es\/index.php\/2025\/11\/07\/final-futbol-sala-st2025\/","title":{"rendered":"Final F\u00fatbol Sala ST2025"},"content":{"rendered":"\n<p>Grabaci\u00f3n completa de la final del torneo de F\u00fatbol Sala organizado durante la semana de Santa Tecla 2025, como parte de las actividades deportivas. En la final se enfrentaron Botes FC contra Almendra FC. <\/p>\n\n\n\n<figure class=\"wp-block-embed is-type-video is-provider-youtube wp-block-embed-youtube wp-embed-aspect-16-9 wp-has-aspect-ratio\"><div class=\"wp-block-embed__wrapper\">\n<iframe loading=\"lazy\" title=\"Final completa de F\u00fatbol Sala - Santa Tecla 2025\" width=\"1060\" height=\"596\" src=\"https:\/\/www.youtube.com\/embed\/YHlnzWt-i40?feature=oembed\" frameborder=\"0\" allow=\"accelerometer; autoplay; clipboard-write; encrypted-media; gyroscope; picture-in-picture; web-share\" referrerpolicy=\"strict-origin-when-cross-origin\" allowfullscreen><\/iframe>\n<\/div><\/figure>\n","protected":false},"excerpt":{"rendered":"<p>Grabaci\u00f3n completa de la final del torneo de F\u00fatbol Sala organizado durante la semana de Santa Tecla 2025, como parte de las actividades deportivas. En la final se enfrentaron Botes FC contra Almendra FC.<\/p>\n","protected":false},"author":1,"featured_media":22038,"comment_status":"open","ping_status":"open","sticky":false,"template":"","format":"standard","meta":{"footnotes":""},"categories":[624],"tags":[],"class_list":["post-22037","post","type-post","status-publish","format-standard","has-post-thumbnail","hentry","category-deportes"],"yoast_head":"<!-- This site is optimized with the Yoast SEO plugin v27.4 - https:\/\/yoast.com\/product\/yoast-seo-wordpress\/ -->\n<title>Final F\u00fatbol Sala ST2025 - Escuela Superior de Inform\u00e1tica de UCLM<\/title>\n<meta name=\"description\" content=\"Grabaci\u00f3n completa de la final del torneo de F\u00fatbol Sala organizado durante la semana de Santa Tecla 2025, como parte de las actividades deportivas. En la final se enfrentaron Botes FC contra Almendra FC.\" \/>\n<meta name=\"robots\" content=\"index, follow, max-snippet:-1, max-image-preview:large, max-video-preview:-1\" \/>\n<link rel=\"canonical\" href=\"https:\/\/esi.uclm.es\/index.php\/2025\/11\/07\/final-futbol-sala-st2025\/\" \/>\n<meta property=\"og:locale\" content=\"es_ES\" \/>\n<meta property=\"og:type\" content=\"article\" \/>\n<meta property=\"og:title\" content=\"Final F\u00fatbol Sala ST2025 - Escuela Superior de Inform\u00e1tica de UCLM\" \/>\n<meta property=\"og:description\" content=\"Grabaci\u00f3n completa de la final del torneo de F\u00fatbol Sala organizado durante la semana de Santa Tecla 2025, como parte de las actividades deportivas. En la final se enfrentaron Botes FC contra Almendra FC.\" \/>\n<meta property=\"og:url\" content=\"https:\/\/esi.uclm.es\/index.php\/2025\/11\/07\/final-futbol-sala-st2025\/\" \/>\n<meta property=\"og:site_name\" content=\"Escuela Superior de Inform\u00e1tica de UCLM\" \/>\n<meta property=\"article:publisher\" content=\"https:\/\/www.facebook.com\/Escuela-Superior-de-Informtica-543261809027158\" \/>\n<meta property=\"article:published_time\" content=\"2025-11-07T10:35:53+00:00\" \/>\n<meta property=\"og:image\" content=\"http:\/\/esi.uclm.es\/assets\/uploads\/2025\/11\/final_ST22025_web.webp\" \/>\n\t<meta property=\"og:image:width\" content=\"1000\" \/>\n\t<meta property=\"og:image:height\" content=\"563\" \/>\n\t<meta property=\"og:image:type\" content=\"image\/webp\" \/>\n<meta name=\"author\" content=\"esiuclm\" \/>\n<meta name=\"twitter:card\" content=\"summary_large_image\" \/>\n<meta name=\"twitter:creator\" content=\"@esiuclm\" \/>\n<meta name=\"twitter:site\" content=\"@esiuclm\" \/>\n<meta name=\"twitter:label1\" content=\"Escrito por\" \/>\n\t<meta name=\"twitter:data1\" content=\"esiuclm\" \/>\n\t<meta name=\"twitter:label2\" content=\"Tiempo de lectura\" \/>\n\t<meta name=\"twitter:data2\" content=\"1 minuto\" \/>\n<script type=\"application\/ld+json\" class=\"yoast-schema-graph\">{\"@context\":\"https:\\\/\\\/schema.org\",\"@graph\":[{\"@type\":\"Article\",\"@id\":\"https:\\\/\\\/esi.uclm.es\\\/index.php\\\/2025\\\/11\\\/07\\\/final-futbol-sala-st2025\\\/#article\",\"isPartOf\":{\"@id\":\"https:\\\/\\\/esi.uclm.es\\\/index.php\\\/2025\\\/11\\\/07\\\/final-futbol-sala-st2025\\\/\"},\"author\":{\"name\":\"esiuclm\",\"@id\":\"https:\\\/\\\/esi.uclm.es\\\/#\\\/schema\\\/person\\\/d9a390095e8beeca5aced92acb17a530\"},\"headline\":\"Final F\u00fatbol Sala ST2025\",\"datePublished\":\"2025-11-07T10:35:53+00:00\",\"mainEntityOfPage\":{\"@id\":\"https:\\\/\\\/esi.uclm.es\\\/index.php\\\/2025\\\/11\\\/07\\\/final-futbol-sala-st2025\\\/\"},\"wordCount\":46,\"commentCount\":0,\"publisher\":{\"@id\":\"https:\\\/\\\/esi.uclm.es\\\/#organization\"},\"image\":{\"@id\":\"https:\\\/\\\/esi.uclm.es\\\/index.php\\\/2025\\\/11\\\/07\\\/final-futbol-sala-st2025\\\/#primaryimage\"},\"thumbnailUrl\":\"https:\\\/\\\/esi.uclm.es\\\/assets\\\/uploads\\\/2025\\\/11\\\/final_ST22025_web.webp\",\"articleSection\":[\"Deportes\"],\"inLanguage\":\"es\",\"potentialAction\":[{\"@type\":\"CommentAction\",\"name\":\"Comment\",\"target\":[\"https:\\\/\\\/esi.uclm.es\\\/index.php\\\/2025\\\/11\\\/07\\\/final-futbol-sala-st2025\\\/#respond\"]}]},{\"@type\":\"WebPage\",\"@id\":\"https:\\\/\\\/esi.uclm.es\\\/index.php\\\/2025\\\/11\\\/07\\\/final-futbol-sala-st2025\\\/\",\"url\":\"https:\\\/\\\/esi.uclm.es\\\/index.php\\\/2025\\\/11\\\/07\\\/final-futbol-sala-st2025\\\/\",\"name\":\"Final F\u00fatbol Sala ST2025 - Escuela Superior de Inform\u00e1tica de UCLM\",\"isPartOf\":{\"@id\":\"https:\\\/\\\/esi.uclm.es\\\/#website\"},\"primaryImageOfPage\":{\"@id\":\"https:\\\/\\\/esi.uclm.es\\\/index.php\\\/2025\\\/11\\\/07\\\/final-futbol-sala-st2025\\\/#primaryimage\"},\"image\":{\"@id\":\"https:\\\/\\\/esi.uclm.es\\\/index.php\\\/2025\\\/11\\\/07\\\/final-futbol-sala-st2025\\\/#primaryimage\"},\"thumbnailUrl\":\"https:\\\/\\\/esi.uclm.es\\\/assets\\\/uploads\\\/2025\\\/11\\\/final_ST22025_web.webp\",\"datePublished\":\"2025-11-07T10:35:53+00:00\",\"description\":\"Grabaci\u00f3n completa de la final del torneo de F\u00fatbol Sala organizado durante la semana de Santa Tecla 2025, como parte de las actividades deportivas. En la final se enfrentaron Botes FC contra Almendra FC.\",\"breadcrumb\":{\"@id\":\"https:\\\/\\\/esi.uclm.es\\\/index.php\\\/2025\\\/11\\\/07\\\/final-futbol-sala-st2025\\\/#breadcrumb\"},\"inLanguage\":\"es\",\"potentialAction\":[{\"@type\":\"ReadAction\",\"target\":[\"https:\\\/\\\/esi.uclm.es\\\/index.php\\\/2025\\\/11\\\/07\\\/final-futbol-sala-st2025\\\/\"]}]},{\"@type\":\"ImageObject\",\"inLanguage\":\"es\",\"@id\":\"https:\\\/\\\/esi.uclm.es\\\/index.php\\\/2025\\\/11\\\/07\\\/final-futbol-sala-st2025\\\/#primaryimage\",\"url\":\"https:\\\/\\\/esi.uclm.es\\\/assets\\\/uploads\\\/2025\\\/11\\\/final_ST22025_web.webp\",\"contentUrl\":\"https:\\\/\\\/esi.uclm.es\\\/assets\\\/uploads\\\/2025\\\/11\\\/final_ST22025_web.webp\",\"width\":1000,\"height\":563,\"caption\":\"estudiantes de la esi jugando la final de f\u00fatbol sala\"},{\"@type\":\"BreadcrumbList\",\"@id\":\"https:\\\/\\\/esi.uclm.es\\\/index.php\\\/2025\\\/11\\\/07\\\/final-futbol-sala-st2025\\\/#breadcrumb\",\"itemListElement\":[{\"@type\":\"ListItem\",\"position\":1,\"name\":\"Portada\",\"item\":\"https:\\\/\\\/esi.uclm.es\\\/\"},{\"@type\":\"ListItem\",\"position\":2,\"name\":\"Final F\u00fatbol Sala ST2025\"}]},{\"@type\":\"WebSite\",\"@id\":\"https:\\\/\\\/esi.uclm.es\\\/#website\",\"url\":\"https:\\\/\\\/esi.uclm.es\\\/\",\"name\":\"Escuela Superior de Inform\u00e1tica de UCLM en Ciudad Real, Castilla-La Mancha\",\"description\":\"La Escuela Superior de Inform\u00e1tica de Ciudad Real (Castilla-La Mancha), Universidad de Castilla-La Mancha es un centro universitario que imparte el ciclo completo de Ingenier\u00eda en Inform\u00e1tica: grado, m\u00e1ster y doctorado.\",\"publisher\":{\"@id\":\"https:\\\/\\\/esi.uclm.es\\\/#organization\"},\"potentialAction\":[{\"@type\":\"SearchAction\",\"target\":{\"@type\":\"EntryPoint\",\"urlTemplate\":\"https:\\\/\\\/esi.uclm.es\\\/?s={search_term_string}\"},\"query-input\":{\"@type\":\"PropertyValueSpecification\",\"valueRequired\":true,\"valueName\":\"search_term_string\"}}],\"inLanguage\":\"es\"},{\"@type\":\"Organization\",\"@id\":\"https:\\\/\\\/esi.uclm.es\\\/#organization\",\"name\":\"Escuela Superior de Inform\u00e1tica de UCLM\",\"url\":\"https:\\\/\\\/esi.uclm.es\\\/\",\"logo\":{\"@type\":\"ImageObject\",\"inLanguage\":\"es\",\"@id\":\"https:\\\/\\\/esi.uclm.es\\\/#\\\/schema\\\/logo\\\/image\\\/\",\"url\":\"https:\\\/\\\/esi.uclm.es\\\/assets\\\/uploads\\\/2022\\\/03\\\/LogoESI_cabecera-1.png\",\"contentUrl\":\"https:\\\/\\\/esi.uclm.es\\\/assets\\\/uploads\\\/2022\\\/03\\\/LogoESI_cabecera-1.png\",\"width\":460,\"height\":184,\"caption\":\"Escuela Superior de Inform\u00e1tica de UCLM\"},\"image\":{\"@id\":\"https:\\\/\\\/esi.uclm.es\\\/#\\\/schema\\\/logo\\\/image\\\/\"},\"sameAs\":[\"https:\\\/\\\/www.facebook.com\\\/Escuela-Superior-de-Informtica-543261809027158\",\"https:\\\/\\\/x.com\\\/esiuclm\",\"https:\\\/\\\/www.instagram.com\\\/esiuclm\\\/\",\"https:\\\/\\\/www.youtube.com\\\/user\\\/esiuclm\",\"https:\\\/\\\/www.twitch.tv\\\/esiuclm\",\"https:\\\/\\\/www.linkedin.com\\\/company\\\/12656631\\\/admin\\\/\"]},{\"@type\":\"Person\",\"@id\":\"https:\\\/\\\/esi.uclm.es\\\/#\\\/schema\\\/person\\\/d9a390095e8beeca5aced92acb17a530\",\"name\":\"esiuclm\",\"image\":{\"@type\":\"ImageObject\",\"inLanguage\":\"es\",\"@id\":\"https:\\\/\\\/secure.gravatar.com\\\/avatar\\\/ff32e6f445454691c713484fe154c7002761ecabfa4cfa2fea57c231744892da?s=96&d=mm&r=g\",\"url\":\"https:\\\/\\\/secure.gravatar.com\\\/avatar\\\/ff32e6f445454691c713484fe154c7002761ecabfa4cfa2fea57c231744892da?s=96&d=mm&r=g\",\"contentUrl\":\"https:\\\/\\\/secure.gravatar.com\\\/avatar\\\/ff32e6f445454691c713484fe154c7002761ecabfa4cfa2fea57c231744892da?s=96&d=mm&r=g\",\"caption\":\"esiuclm\"},\"sameAs\":[\"https:\\\/\\\/esi.uclm.es\"],\"url\":\"https:\\\/\\\/esi.uclm.es\\\/index.php\\\/author\\\/esiadmin\\\/\"}]}<\/script>\n<!-- \/ Yoast SEO plugin. -->","yoast_head_json":{"title":"Final F\u00fatbol Sala ST2025 - Escuela Superior de Inform\u00e1tica de UCLM","description":"Grabaci\u00f3n completa de la final del torneo de F\u00fatbol Sala organizado durante la semana de Santa Tecla 2025, como parte de las actividades deportivas. En la final se enfrentaron Botes FC contra Almendra FC.","robots":{"index":"index","follow":"follow","max-snippet":"max-snippet:-1","max-image-preview":"max-image-preview:large","max-video-preview":"max-video-preview:-1"},"canonical":"https:\/\/esi.uclm.es\/index.php\/2025\/11\/07\/final-futbol-sala-st2025\/","og_locale":"es_ES","og_type":"article","og_title":"Final F\u00fatbol Sala ST2025 - Escuela Superior de Inform\u00e1tica de UCLM","og_description":"Grabaci\u00f3n completa de la final del torneo de F\u00fatbol Sala organizado durante la semana de Santa Tecla 2025, como parte de las actividades deportivas. En la final se enfrentaron Botes FC contra Almendra FC.","og_url":"https:\/\/esi.uclm.es\/index.php\/2025\/11\/07\/final-futbol-sala-st2025\/","og_site_name":"Escuela Superior de Inform\u00e1tica de UCLM","article_publisher":"https:\/\/www.facebook.com\/Escuela-Superior-de-Informtica-543261809027158","article_published_time":"2025-11-07T10:35:53+00:00","og_image":[{"width":1000,"height":563,"url":"http:\/\/esi.uclm.es\/assets\/uploads\/2025\/11\/final_ST22025_web.webp","type":"image\/webp"}],"author":"esiuclm","twitter_card":"summary_large_image","twitter_creator":"@esiuclm","twitter_site":"@esiuclm","twitter_misc":{"Escrito por":"esiuclm","Tiempo de lectura":"1 minuto"},"schema":{"@context":"https:\/\/schema.org","@graph":[{"@type":"Article","@id":"https:\/\/esi.uclm.es\/index.php\/2025\/11\/07\/final-futbol-sala-st2025\/#article","isPartOf":{"@id":"https:\/\/esi.uclm.es\/index.php\/2025\/11\/07\/final-futbol-sala-st2025\/"},"author":{"name":"esiuclm","@id":"https:\/\/esi.uclm.es\/#\/schema\/person\/d9a390095e8beeca5aced92acb17a530"},"headline":"Final F\u00fatbol Sala ST2025","datePublished":"2025-11-07T10:35:53+00:00","mainEntityOfPage":{"@id":"https:\/\/esi.uclm.es\/index.php\/2025\/11\/07\/final-futbol-sala-st2025\/"},"wordCount":46,"commentCount":0,"publisher":{"@id":"https:\/\/esi.uclm.es\/#organization"},"image":{"@id":"https:\/\/esi.uclm.es\/index.php\/2025\/11\/07\/final-futbol-sala-st2025\/#primaryimage"},"thumbnailUrl":"https:\/\/esi.uclm.es\/assets\/uploads\/2025\/11\/final_ST22025_web.webp","articleSection":["Deportes"],"inLanguage":"es","potentialAction":[{"@type":"CommentAction","name":"Comment","target":["https:\/\/esi.uclm.es\/index.php\/2025\/11\/07\/final-futbol-sala-st2025\/#respond"]}]},{"@type":"WebPage","@id":"https:\/\/esi.uclm.es\/index.php\/2025\/11\/07\/final-futbol-sala-st2025\/","url":"https:\/\/esi.uclm.es\/index.php\/2025\/11\/07\/final-futbol-sala-st2025\/","name":"Final F\u00fatbol Sala ST2025 - Escuela Superior de Inform\u00e1tica de UCLM","isPartOf":{"@id":"https:\/\/esi.uclm.es\/#website"},"primaryImageOfPage":{"@id":"https:\/\/esi.uclm.es\/index.php\/2025\/11\/07\/final-futbol-sala-st2025\/#primaryimage"},"image":{"@id":"https:\/\/esi.uclm.es\/index.php\/2025\/11\/07\/final-futbol-sala-st2025\/#primaryimage"},"thumbnailUrl":"https:\/\/esi.uclm.es\/assets\/uploads\/2025\/11\/final_ST22025_web.webp","datePublished":"2025-11-07T10:35:53+00:00","description":"Grabaci\u00f3n completa de la final del torneo de F\u00fatbol Sala organizado durante la semana de Santa Tecla 2025, como parte de las actividades deportivas. En la final se enfrentaron Botes FC contra Almendra FC.","breadcrumb":{"@id":"https:\/\/esi.uclm.es\/index.php\/2025\/11\/07\/final-futbol-sala-st2025\/#breadcrumb"},"inLanguage":"es","potentialAction":[{"@type":"ReadAction","target":["https:\/\/esi.uclm.es\/index.php\/2025\/11\/07\/final-futbol-sala-st2025\/"]}]},{"@type":"ImageObject","inLanguage":"es","@id":"https:\/\/esi.uclm.es\/index.php\/2025\/11\/07\/final-futbol-sala-st2025\/#primaryimage","url":"https:\/\/esi.uclm.es\/assets\/uploads\/2025\/11\/final_ST22025_web.webp","contentUrl":"https:\/\/esi.uclm.es\/assets\/uploads\/2025\/11\/final_ST22025_web.webp","width":1000,"height":563,"caption":"estudiantes de la esi jugando la final de f\u00fatbol sala"},{"@type":"BreadcrumbList","@id":"https:\/\/esi.uclm.es\/index.php\/2025\/11\/07\/final-futbol-sala-st2025\/#breadcrumb","itemListElement":[{"@type":"ListItem","position":1,"name":"Portada","item":"https:\/\/esi.uclm.es\/"},{"@type":"ListItem","position":2,"name":"Final F\u00fatbol Sala ST2025"}]},{"@type":"WebSite","@id":"https:\/\/esi.uclm.es\/#website","url":"https:\/\/esi.uclm.es\/","name":"Escuela Superior de Inform\u00e1tica de UCLM en Ciudad Real, Castilla-La Mancha","description":"La Escuela Superior de Inform\u00e1tica de Ciudad Real (Castilla-La Mancha), Universidad de Castilla-La Mancha es un centro universitario que imparte el ciclo completo de Ingenier\u00eda en Inform\u00e1tica: grado, m\u00e1ster y doctorado.","publisher":{"@id":"https:\/\/esi.uclm.es\/#organization"},"potentialAction":[{"@type":"SearchAction","target":{"@type":"EntryPoint","urlTemplate":"https:\/\/esi.uclm.es\/?s={search_term_string}"},"query-input":{"@type":"PropertyValueSpecification","valueRequired":true,"valueName":"search_term_string"}}],"inLanguage":"es"},{"@type":"Organization","@id":"https:\/\/esi.uclm.es\/#organization","name":"Escuela Superior de Inform\u00e1tica de UCLM","url":"https:\/\/esi.uclm.es\/","logo":{"@type":"ImageObject","inLanguage":"es","@id":"https:\/\/esi.uclm.es\/#\/schema\/logo\/image\/","url":"https:\/\/esi.uclm.es\/assets\/uploads\/2022\/03\/LogoESI_cabecera-1.png","contentUrl":"https:\/\/esi.uclm.es\/assets\/uploads\/2022\/03\/LogoESI_cabecera-1.png","width":460,"height":184,"caption":"Escuela Superior de Inform\u00e1tica de UCLM"},"image":{"@id":"https:\/\/esi.uclm.es\/#\/schema\/logo\/image\/"},"sameAs":["https:\/\/www.facebook.com\/Escuela-Superior-de-Informtica-543261809027158","https:\/\/x.com\/esiuclm","https:\/\/www.instagram.com\/esiuclm\/","https:\/\/www.youtube.com\/user\/esiuclm","https:\/\/www.twitch.tv\/esiuclm","https:\/\/www.linkedin.com\/company\/12656631\/admin\/"]},{"@type":"Person","@id":"https:\/\/esi.uclm.es\/#\/schema\/person\/d9a390095e8beeca5aced92acb17a530","name":"esiuclm","image":{"@type":"ImageObject","inLanguage":"es","@id":"https:\/\/secure.gravatar.com\/avatar\/ff32e6f445454691c713484fe154c7002761ecabfa4cfa2fea57c231744892da?s=96&d=mm&r=g","url":"https:\/\/secure.gravatar.com\/avatar\/ff32e6f445454691c713484fe154c7002761ecabfa4cfa2fea57c231744892da?s=96&d=mm&r=g","contentUrl":"https:\/\/secure.gravatar.com\/avatar\/ff32e6f445454691c713484fe154c7002761ecabfa4cfa2fea57c231744892da?s=96&d=mm&r=g","caption":"esiuclm"},"sameAs":["https:\/\/esi.uclm.es"],"url":"https:\/\/esi.uclm.es\/index.php\/author\/esiadmin\/"}]}},"_links":{"self":[{"href":"https:\/\/esi.uclm.es\/index.php\/wp-json\/wp\/v2\/posts\/22037","targetHints":{"allow":["GET"]}}],"collection":[{"href":"https:\/\/esi.uclm.es\/index.php\/wp-json\/wp\/v2\/posts"}],"about":[{"href":"https:\/\/esi.uclm.es\/index.php\/wp-json\/wp\/v2\/types\/post"}],"author":[{"embeddable":true,"href":"https:\/\/esi.uclm.es\/index.php\/wp-json\/wp\/v2\/users\/1"}],"replies":[{"embeddable":true,"href":"https:\/\/esi.uclm.es\/index.php\/wp-json\/wp\/v2\/comments?post=22037"}],"version-history":[{"count":1,"href":"https:\/\/esi.uclm.es\/index.php\/wp-json\/wp\/v2\/posts\/22037\/revisions"}],"predecessor-version":[{"id":22039,"href":"https:\/\/esi.uclm.es\/index.php\/wp-json\/wp\/v2\/posts\/22037\/revisions\/22039"}],"wp:featuredmedia":[{"embeddable":true,"href":"https:\/\/esi.uclm.es\/index.php\/wp-json\/wp\/v2\/media\/22038"}],"wp:attachment":[{"href":"https:\/\/esi.uclm.es\/index.php\/wp-json\/wp\/v2\/media?parent=22037"}],"wp:term":[{"taxonomy":"category","embeddable":true,"href":"https:\/\/esi.uclm.es\/index.php\/wp-json\/wp\/v2\/categories?post=22037"},{"taxonomy":"post_tag","embeddable":true,"href":"https:\/\/esi.uclm.es\/index.php\/wp-json\/wp\/v2\/tags?post=22037"}],"curies":[{"name":"wp","href":"https:\/\/api.w.org\/{rel}","templated":true}]}}