{"id":22029,"date":"2025-10-30T17:33:49","date_gmt":"2025-10-30T17:33:49","guid":{"rendered":"https:\/\/esi.uclm.es\/?p=22029"},"modified":"2025-11-13T09:18:37","modified_gmt":"2025-11-13T09:18:37","slug":"prorroga-y-extincion-del-plan-de-estudios-347","status":"publish","type":"post","link":"https:\/\/esi.uclm.es\/index.php\/2025\/10\/30\/prorroga-y-extincion-del-plan-de-estudios-347\/","title":{"rendered":"Pr\u00f3rroga y extinci\u00f3n del plan de estudios 347"},"content":{"rendered":"\n<p>A trav\u00e9s de este medio comunicamos que el Vicerrectorado de Estudios, Calidad y Acreditaci\u00f3n ha autorizado nuestra solicitud de\u00a0<strong>pr\u00f3rroga de un curso acad\u00e9mico para los estudiantes del plan\u00a0347\u00a0(Grado en Ingenier\u00eda Inform\u00e1tica) que tienen \u00fanicamente el Trabajo Fin de Grado pendiente (12 ECTS), con el objeto de que puedan defenderlo durante el presente curso 2025\/2026.\u00a0<\/strong>Rogamos que teng\u00e1is en cuenta que\u00a0<strong><u>la autorizaci\u00f3n no es extensible a otros cursos acad\u00e9micos sucesivos<\/u><\/strong>\u00a0por lo\u00a0en el curso 26\/27 se extinguir\u00e1 definitivamente el plan\u00a0347.<\/p>\n\n\n\n<p>En consecuencia, si est\u00e1s en la situaci\u00f3n mencionada anteriormente, te animamos a que\u00a0<strong>inicies las gestiones necesarias para el desarrollo y defensa del TFG durante el presente curso acad\u00e9mico.\u00a0<\/strong>En nuestra p\u00e1gina web encontrar\u00e1s toda la informaci\u00f3n disponible en cuanto a\u00a0\u00a0<a href=\"https:\/\/esi.uclm.es\/index.php\/grado-en-ingenieria-informatica\/trabajos-fin-de-grado\/\" target=\"_blank\" rel=\"noreferrer noopener\">propuesta, defensa y normativa vigente<\/a>\u00a0as\u00ed como\u00a0<a href=\"https:\/\/esi.uclm.es\/index.php\/grado-en-ingenieria-informatica\/calendario\/\" target=\"_blank\" rel=\"noreferrer noopener\">plazos y calendario de convocatorias<\/a>.\u00a0Si tienes dudas sobre c\u00f3mo proceder puedes\u00a0contactar por correo a <a href=\"mailto:esi@uclm.es\">esi@uclm.es<\/a>  y trataremos de ayudarte y guiarte a trav\u00e9s de todo el proceso.<\/p>\n\n\n\n<p><\/p>\n","protected":false},"excerpt":{"rendered":"<p>A trav\u00e9s de este medio comunicamos que el Vicerrectorado de Estudios, Calidad y Acreditaci\u00f3n ha autorizado nuestra solicitud de\u00a0pr\u00f3rroga de un curso acad\u00e9mico para los estudiantes del plan\u00a0347\u00a0(Grado en Ingenier\u00eda Inform\u00e1tica) que tienen \u00fanicamente el Trabajo Fin de Grado pendiente (12 ECTS), con el objeto [&hellip;]<\/p>\n","protected":false},"author":1,"featured_media":16994,"comment_status":"open","ping_status":"open","sticky":false,"template":"","format":"standard","meta":{"footnotes":""},"categories":[622,619],"tags":[],"class_list":["post-22029","post","type-post","status-publish","format-standard","has-post-thumbnail","hentry","category-docencia","category-general"],"yoast_head":"<!-- This site is optimized with the Yoast SEO plugin v27.4 - https:\/\/yoast.com\/product\/yoast-seo-wordpress\/ -->\n<title>Pr\u00f3rroga y extinci\u00f3n del plan de estudios 347 - Escuela Superior de Inform\u00e1tica de UCLM<\/title>\n<meta name=\"robots\" content=\"index, follow, max-snippet:-1, max-image-preview:large, max-video-preview:-1\" \/>\n<link rel=\"canonical\" href=\"https:\/\/esi.uclm.es\/index.php\/2025\/10\/30\/prorroga-y-extincion-del-plan-de-estudios-347\/\" \/>\n<meta property=\"og:locale\" content=\"es_ES\" \/>\n<meta property=\"og:type\" content=\"article\" \/>\n<meta property=\"og:title\" content=\"Pr\u00f3rroga y extinci\u00f3n del plan de estudios 347 - Escuela Superior de Inform\u00e1tica de UCLM\" \/>\n<meta property=\"og:description\" content=\"A trav\u00e9s de este medio comunicamos que el Vicerrectorado de Estudios, Calidad y Acreditaci\u00f3n ha autorizado nuestra solicitud de\u00a0pr\u00f3rroga de un curso acad\u00e9mico para los estudiantes del plan\u00a0347\u00a0(Grado en Ingenier\u00eda Inform\u00e1tica) que tienen \u00fanicamente el Trabajo Fin de Grado pendiente (12 ECTS), con el objeto [&hellip;]\" \/>\n<meta property=\"og:url\" content=\"https:\/\/esi.uclm.es\/index.php\/2025\/10\/30\/prorroga-y-extincion-del-plan-de-estudios-347\/\" \/>\n<meta property=\"og:site_name\" content=\"Escuela Superior de Inform\u00e1tica de UCLM\" \/>\n<meta property=\"article:publisher\" content=\"https:\/\/www.facebook.com\/Escuela-Superior-de-Informtica-543261809027158\" \/>\n<meta property=\"article:published_time\" content=\"2025-10-30T17:33:49+00:00\" \/>\n<meta property=\"article:modified_time\" content=\"2025-11-13T09:18:37+00:00\" \/>\n<meta property=\"og:image\" content=\"http:\/\/esi.uclm.es\/assets\/uploads\/2023\/10\/portada_tfm_octubre2023.webp\" \/>\n\t<meta property=\"og:image:width\" content=\"1300\" \/>\n\t<meta property=\"og:image:height\" content=\"731\" \/>\n\t<meta property=\"og:image:type\" content=\"image\/webp\" \/>\n<meta name=\"author\" content=\"esiuclm\" \/>\n<meta name=\"twitter:card\" content=\"summary_large_image\" \/>\n<meta name=\"twitter:creator\" content=\"@esiuclm\" \/>\n<meta name=\"twitter:site\" content=\"@esiuclm\" \/>\n<meta name=\"twitter:label1\" content=\"Escrito por\" \/>\n\t<meta name=\"twitter:data1\" content=\"esiuclm\" \/>\n\t<meta name=\"twitter:label2\" content=\"Tiempo de lectura\" \/>\n\t<meta name=\"twitter:data2\" content=\"1 minuto\" \/>\n<script type=\"application\/ld+json\" class=\"yoast-schema-graph\">{\"@context\":\"https:\\\/\\\/schema.org\",\"@graph\":[{\"@type\":\"Article\",\"@id\":\"https:\\\/\\\/esi.uclm.es\\\/index.php\\\/2025\\\/10\\\/30\\\/prorroga-y-extincion-del-plan-de-estudios-347\\\/#article\",\"isPartOf\":{\"@id\":\"https:\\\/\\\/esi.uclm.es\\\/index.php\\\/2025\\\/10\\\/30\\\/prorroga-y-extincion-del-plan-de-estudios-347\\\/\"},\"author\":{\"name\":\"esiuclm\",\"@id\":\"https:\\\/\\\/esi.uclm.es\\\/#\\\/schema\\\/person\\\/d9a390095e8beeca5aced92acb17a530\"},\"headline\":\"Pr\u00f3rroga y extinci\u00f3n del plan de estudios 347\",\"datePublished\":\"2025-10-30T17:33:49+00:00\",\"dateModified\":\"2025-11-13T09:18:37+00:00\",\"mainEntityOfPage\":{\"@id\":\"https:\\\/\\\/esi.uclm.es\\\/index.php\\\/2025\\\/10\\\/30\\\/prorroga-y-extincion-del-plan-de-estudios-347\\\/\"},\"wordCount\":185,\"commentCount\":0,\"publisher\":{\"@id\":\"https:\\\/\\\/esi.uclm.es\\\/#organization\"},\"image\":{\"@id\":\"https:\\\/\\\/esi.uclm.es\\\/index.php\\\/2025\\\/10\\\/30\\\/prorroga-y-extincion-del-plan-de-estudios-347\\\/#primaryimage\"},\"thumbnailUrl\":\"https:\\\/\\\/esi.uclm.es\\\/assets\\\/uploads\\\/2023\\\/10\\\/portada_tfm_octubre2023.webp\",\"articleSection\":[\"Docencia\",\"General\"],\"inLanguage\":\"es\",\"potentialAction\":[{\"@type\":\"CommentAction\",\"name\":\"Comment\",\"target\":[\"https:\\\/\\\/esi.uclm.es\\\/index.php\\\/2025\\\/10\\\/30\\\/prorroga-y-extincion-del-plan-de-estudios-347\\\/#respond\"]}]},{\"@type\":\"WebPage\",\"@id\":\"https:\\\/\\\/esi.uclm.es\\\/index.php\\\/2025\\\/10\\\/30\\\/prorroga-y-extincion-del-plan-de-estudios-347\\\/\",\"url\":\"https:\\\/\\\/esi.uclm.es\\\/index.php\\\/2025\\\/10\\\/30\\\/prorroga-y-extincion-del-plan-de-estudios-347\\\/\",\"name\":\"Pr\u00f3rroga y extinci\u00f3n del plan de estudios 347 - Escuela Superior de Inform\u00e1tica de UCLM\",\"isPartOf\":{\"@id\":\"https:\\\/\\\/esi.uclm.es\\\/#website\"},\"primaryImageOfPage\":{\"@id\":\"https:\\\/\\\/esi.uclm.es\\\/index.php\\\/2025\\\/10\\\/30\\\/prorroga-y-extincion-del-plan-de-estudios-347\\\/#primaryimage\"},\"image\":{\"@id\":\"https:\\\/\\\/esi.uclm.es\\\/index.php\\\/2025\\\/10\\\/30\\\/prorroga-y-extincion-del-plan-de-estudios-347\\\/#primaryimage\"},\"thumbnailUrl\":\"https:\\\/\\\/esi.uclm.es\\\/assets\\\/uploads\\\/2023\\\/10\\\/portada_tfm_octubre2023.webp\",\"datePublished\":\"2025-10-30T17:33:49+00:00\",\"dateModified\":\"2025-11-13T09:18:37+00:00\",\"breadcrumb\":{\"@id\":\"https:\\\/\\\/esi.uclm.es\\\/index.php\\\/2025\\\/10\\\/30\\\/prorroga-y-extincion-del-plan-de-estudios-347\\\/#breadcrumb\"},\"inLanguage\":\"es\",\"potentialAction\":[{\"@type\":\"ReadAction\",\"target\":[\"https:\\\/\\\/esi.uclm.es\\\/index.php\\\/2025\\\/10\\\/30\\\/prorroga-y-extincion-del-plan-de-estudios-347\\\/\"]}]},{\"@type\":\"ImageObject\",\"inLanguage\":\"es\",\"@id\":\"https:\\\/\\\/esi.uclm.es\\\/index.php\\\/2025\\\/10\\\/30\\\/prorroga-y-extincion-del-plan-de-estudios-347\\\/#primaryimage\",\"url\":\"https:\\\/\\\/esi.uclm.es\\\/assets\\\/uploads\\\/2023\\\/10\\\/portada_tfm_octubre2023.webp\",\"contentUrl\":\"https:\\\/\\\/esi.uclm.es\\\/assets\\\/uploads\\\/2023\\\/10\\\/portada_tfm_octubre2023.webp\",\"width\":1300,\"height\":731,\"caption\":\"Estudiante defendiendo TFE frente a tribunal\"},{\"@type\":\"BreadcrumbList\",\"@id\":\"https:\\\/\\\/esi.uclm.es\\\/index.php\\\/2025\\\/10\\\/30\\\/prorroga-y-extincion-del-plan-de-estudios-347\\\/#breadcrumb\",\"itemListElement\":[{\"@type\":\"ListItem\",\"position\":1,\"name\":\"Portada\",\"item\":\"https:\\\/\\\/esi.uclm.es\\\/\"},{\"@type\":\"ListItem\",\"position\":2,\"name\":\"Pr\u00f3rroga y extinci\u00f3n del plan de estudios 347\"}]},{\"@type\":\"WebSite\",\"@id\":\"https:\\\/\\\/esi.uclm.es\\\/#website\",\"url\":\"https:\\\/\\\/esi.uclm.es\\\/\",\"name\":\"Escuela Superior de Inform\u00e1tica de UCLM en Ciudad Real, Castilla-La Mancha\",\"description\":\"La Escuela Superior de Inform\u00e1tica de Ciudad Real (Castilla-La Mancha), Universidad de Castilla-La Mancha es un centro universitario que imparte el ciclo completo de Ingenier\u00eda en Inform\u00e1tica: grado, m\u00e1ster y doctorado.\",\"publisher\":{\"@id\":\"https:\\\/\\\/esi.uclm.es\\\/#organization\"},\"potentialAction\":[{\"@type\":\"SearchAction\",\"target\":{\"@type\":\"EntryPoint\",\"urlTemplate\":\"https:\\\/\\\/esi.uclm.es\\\/?s={search_term_string}\"},\"query-input\":{\"@type\":\"PropertyValueSpecification\",\"valueRequired\":true,\"valueName\":\"search_term_string\"}}],\"inLanguage\":\"es\"},{\"@type\":\"Organization\",\"@id\":\"https:\\\/\\\/esi.uclm.es\\\/#organization\",\"name\":\"Escuela Superior de Inform\u00e1tica de UCLM\",\"url\":\"https:\\\/\\\/esi.uclm.es\\\/\",\"logo\":{\"@type\":\"ImageObject\",\"inLanguage\":\"es\",\"@id\":\"https:\\\/\\\/esi.uclm.es\\\/#\\\/schema\\\/logo\\\/image\\\/\",\"url\":\"https:\\\/\\\/esi.uclm.es\\\/assets\\\/uploads\\\/2022\\\/03\\\/LogoESI_cabecera-1.png\",\"contentUrl\":\"https:\\\/\\\/esi.uclm.es\\\/assets\\\/uploads\\\/2022\\\/03\\\/LogoESI_cabecera-1.png\",\"width\":460,\"height\":184,\"caption\":\"Escuela Superior de Inform\u00e1tica de UCLM\"},\"image\":{\"@id\":\"https:\\\/\\\/esi.uclm.es\\\/#\\\/schema\\\/logo\\\/image\\\/\"},\"sameAs\":[\"https:\\\/\\\/www.facebook.com\\\/Escuela-Superior-de-Informtica-543261809027158\",\"https:\\\/\\\/x.com\\\/esiuclm\",\"https:\\\/\\\/www.instagram.com\\\/esiuclm\\\/\",\"https:\\\/\\\/www.youtube.com\\\/user\\\/esiuclm\",\"https:\\\/\\\/www.twitch.tv\\\/esiuclm\",\"https:\\\/\\\/www.linkedin.com\\\/company\\\/12656631\\\/admin\\\/\"]},{\"@type\":\"Person\",\"@id\":\"https:\\\/\\\/esi.uclm.es\\\/#\\\/schema\\\/person\\\/d9a390095e8beeca5aced92acb17a530\",\"name\":\"esiuclm\",\"image\":{\"@type\":\"ImageObject\",\"inLanguage\":\"es\",\"@id\":\"https:\\\/\\\/secure.gravatar.com\\\/avatar\\\/ff32e6f445454691c713484fe154c7002761ecabfa4cfa2fea57c231744892da?s=96&d=mm&r=g\",\"url\":\"https:\\\/\\\/secure.gravatar.com\\\/avatar\\\/ff32e6f445454691c713484fe154c7002761ecabfa4cfa2fea57c231744892da?s=96&d=mm&r=g\",\"contentUrl\":\"https:\\\/\\\/secure.gravatar.com\\\/avatar\\\/ff32e6f445454691c713484fe154c7002761ecabfa4cfa2fea57c231744892da?s=96&d=mm&r=g\",\"caption\":\"esiuclm\"},\"sameAs\":[\"https:\\\/\\\/esi.uclm.es\"],\"url\":\"https:\\\/\\\/esi.uclm.es\\\/index.php\\\/author\\\/esiadmin\\\/\"}]}<\/script>\n<!-- \/ Yoast SEO plugin. -->","yoast_head_json":{"title":"Pr\u00f3rroga y extinci\u00f3n del plan de estudios 347 - Escuela Superior de Inform\u00e1tica de UCLM","robots":{"index":"index","follow":"follow","max-snippet":"max-snippet:-1","max-image-preview":"max-image-preview:large","max-video-preview":"max-video-preview:-1"},"canonical":"https:\/\/esi.uclm.es\/index.php\/2025\/10\/30\/prorroga-y-extincion-del-plan-de-estudios-347\/","og_locale":"es_ES","og_type":"article","og_title":"Pr\u00f3rroga y extinci\u00f3n del plan de estudios 347 - Escuela Superior de Inform\u00e1tica de UCLM","og_description":"A trav\u00e9s de este medio comunicamos que el Vicerrectorado de Estudios, Calidad y Acreditaci\u00f3n ha autorizado nuestra solicitud de\u00a0pr\u00f3rroga de un curso acad\u00e9mico para los estudiantes del plan\u00a0347\u00a0(Grado en Ingenier\u00eda Inform\u00e1tica) que tienen \u00fanicamente el Trabajo Fin de Grado pendiente (12 ECTS), con el objeto [&hellip;]","og_url":"https:\/\/esi.uclm.es\/index.php\/2025\/10\/30\/prorroga-y-extincion-del-plan-de-estudios-347\/","og_site_name":"Escuela Superior de Inform\u00e1tica de UCLM","article_publisher":"https:\/\/www.facebook.com\/Escuela-Superior-de-Informtica-543261809027158","article_published_time":"2025-10-30T17:33:49+00:00","article_modified_time":"2025-11-13T09:18:37+00:00","og_image":[{"width":1300,"height":731,"url":"http:\/\/esi.uclm.es\/assets\/uploads\/2023\/10\/portada_tfm_octubre2023.webp","type":"image\/webp"}],"author":"esiuclm","twitter_card":"summary_large_image","twitter_creator":"@esiuclm","twitter_site":"@esiuclm","twitter_misc":{"Escrito por":"esiuclm","Tiempo de lectura":"1 minuto"},"schema":{"@context":"https:\/\/schema.org","@graph":[{"@type":"Article","@id":"https:\/\/esi.uclm.es\/index.php\/2025\/10\/30\/prorroga-y-extincion-del-plan-de-estudios-347\/#article","isPartOf":{"@id":"https:\/\/esi.uclm.es\/index.php\/2025\/10\/30\/prorroga-y-extincion-del-plan-de-estudios-347\/"},"author":{"name":"esiuclm","@id":"https:\/\/esi.uclm.es\/#\/schema\/person\/d9a390095e8beeca5aced92acb17a530"},"headline":"Pr\u00f3rroga y extinci\u00f3n del plan de estudios 347","datePublished":"2025-10-30T17:33:49+00:00","dateModified":"2025-11-13T09:18:37+00:00","mainEntityOfPage":{"@id":"https:\/\/esi.uclm.es\/index.php\/2025\/10\/30\/prorroga-y-extincion-del-plan-de-estudios-347\/"},"wordCount":185,"commentCount":0,"publisher":{"@id":"https:\/\/esi.uclm.es\/#organization"},"image":{"@id":"https:\/\/esi.uclm.es\/index.php\/2025\/10\/30\/prorroga-y-extincion-del-plan-de-estudios-347\/#primaryimage"},"thumbnailUrl":"https:\/\/esi.uclm.es\/assets\/uploads\/2023\/10\/portada_tfm_octubre2023.webp","articleSection":["Docencia","General"],"inLanguage":"es","potentialAction":[{"@type":"CommentAction","name":"Comment","target":["https:\/\/esi.uclm.es\/index.php\/2025\/10\/30\/prorroga-y-extincion-del-plan-de-estudios-347\/#respond"]}]},{"@type":"WebPage","@id":"https:\/\/esi.uclm.es\/index.php\/2025\/10\/30\/prorroga-y-extincion-del-plan-de-estudios-347\/","url":"https:\/\/esi.uclm.es\/index.php\/2025\/10\/30\/prorroga-y-extincion-del-plan-de-estudios-347\/","name":"Pr\u00f3rroga y extinci\u00f3n del plan de estudios 347 - Escuela Superior de Inform\u00e1tica de UCLM","isPartOf":{"@id":"https:\/\/esi.uclm.es\/#website"},"primaryImageOfPage":{"@id":"https:\/\/esi.uclm.es\/index.php\/2025\/10\/30\/prorroga-y-extincion-del-plan-de-estudios-347\/#primaryimage"},"image":{"@id":"https:\/\/esi.uclm.es\/index.php\/2025\/10\/30\/prorroga-y-extincion-del-plan-de-estudios-347\/#primaryimage"},"thumbnailUrl":"https:\/\/esi.uclm.es\/assets\/uploads\/2023\/10\/portada_tfm_octubre2023.webp","datePublished":"2025-10-30T17:33:49+00:00","dateModified":"2025-11-13T09:18:37+00:00","breadcrumb":{"@id":"https:\/\/esi.uclm.es\/index.php\/2025\/10\/30\/prorroga-y-extincion-del-plan-de-estudios-347\/#breadcrumb"},"inLanguage":"es","potentialAction":[{"@type":"ReadAction","target":["https:\/\/esi.uclm.es\/index.php\/2025\/10\/30\/prorroga-y-extincion-del-plan-de-estudios-347\/"]}]},{"@type":"ImageObject","inLanguage":"es","@id":"https:\/\/esi.uclm.es\/index.php\/2025\/10\/30\/prorroga-y-extincion-del-plan-de-estudios-347\/#primaryimage","url":"https:\/\/esi.uclm.es\/assets\/uploads\/2023\/10\/portada_tfm_octubre2023.webp","contentUrl":"https:\/\/esi.uclm.es\/assets\/uploads\/2023\/10\/portada_tfm_octubre2023.webp","width":1300,"height":731,"caption":"Estudiante defendiendo TFE frente a tribunal"},{"@type":"BreadcrumbList","@id":"https:\/\/esi.uclm.es\/index.php\/2025\/10\/30\/prorroga-y-extincion-del-plan-de-estudios-347\/#breadcrumb","itemListElement":[{"@type":"ListItem","position":1,"name":"Portada","item":"https:\/\/esi.uclm.es\/"},{"@type":"ListItem","position":2,"name":"Pr\u00f3rroga y extinci\u00f3n del plan de estudios 347"}]},{"@type":"WebSite","@id":"https:\/\/esi.uclm.es\/#website","url":"https:\/\/esi.uclm.es\/","name":"Escuela Superior de Inform\u00e1tica de UCLM en Ciudad Real, Castilla-La Mancha","description":"La Escuela Superior de Inform\u00e1tica de Ciudad Real (Castilla-La Mancha), Universidad de Castilla-La Mancha es un centro universitario que imparte el ciclo completo de Ingenier\u00eda en Inform\u00e1tica: grado, m\u00e1ster y doctorado.","publisher":{"@id":"https:\/\/esi.uclm.es\/#organization"},"potentialAction":[{"@type":"SearchAction","target":{"@type":"EntryPoint","urlTemplate":"https:\/\/esi.uclm.es\/?s={search_term_string}"},"query-input":{"@type":"PropertyValueSpecification","valueRequired":true,"valueName":"search_term_string"}}],"inLanguage":"es"},{"@type":"Organization","@id":"https:\/\/esi.uclm.es\/#organization","name":"Escuela Superior de Inform\u00e1tica de UCLM","url":"https:\/\/esi.uclm.es\/","logo":{"@type":"ImageObject","inLanguage":"es","@id":"https:\/\/esi.uclm.es\/#\/schema\/logo\/image\/","url":"https:\/\/esi.uclm.es\/assets\/uploads\/2022\/03\/LogoESI_cabecera-1.png","contentUrl":"https:\/\/esi.uclm.es\/assets\/uploads\/2022\/03\/LogoESI_cabecera-1.png","width":460,"height":184,"caption":"Escuela Superior de Inform\u00e1tica de UCLM"},"image":{"@id":"https:\/\/esi.uclm.es\/#\/schema\/logo\/image\/"},"sameAs":["https:\/\/www.facebook.com\/Escuela-Superior-de-Informtica-543261809027158","https:\/\/x.com\/esiuclm","https:\/\/www.instagram.com\/esiuclm\/","https:\/\/www.youtube.com\/user\/esiuclm","https:\/\/www.twitch.tv\/esiuclm","https:\/\/www.linkedin.com\/company\/12656631\/admin\/"]},{"@type":"Person","@id":"https:\/\/esi.uclm.es\/#\/schema\/person\/d9a390095e8beeca5aced92acb17a530","name":"esiuclm","image":{"@type":"ImageObject","inLanguage":"es","@id":"https:\/\/secure.gravatar.com\/avatar\/ff32e6f445454691c713484fe154c7002761ecabfa4cfa2fea57c231744892da?s=96&d=mm&r=g","url":"https:\/\/secure.gravatar.com\/avatar\/ff32e6f445454691c713484fe154c7002761ecabfa4cfa2fea57c231744892da?s=96&d=mm&r=g","contentUrl":"https:\/\/secure.gravatar.com\/avatar\/ff32e6f445454691c713484fe154c7002761ecabfa4cfa2fea57c231744892da?s=96&d=mm&r=g","caption":"esiuclm"},"sameAs":["https:\/\/esi.uclm.es"],"url":"https:\/\/esi.uclm.es\/index.php\/author\/esiadmin\/"}]}},"_links":{"self":[{"href":"https:\/\/esi.uclm.es\/index.php\/wp-json\/wp\/v2\/posts\/22029","targetHints":{"allow":["GET"]}}],"collection":[{"href":"https:\/\/esi.uclm.es\/index.php\/wp-json\/wp\/v2\/posts"}],"about":[{"href":"https:\/\/esi.uclm.es\/index.php\/wp-json\/wp\/v2\/types\/post"}],"author":[{"embeddable":true,"href":"https:\/\/esi.uclm.es\/index.php\/wp-json\/wp\/v2\/users\/1"}],"replies":[{"embeddable":true,"href":"https:\/\/esi.uclm.es\/index.php\/wp-json\/wp\/v2\/comments?post=22029"}],"version-history":[{"count":1,"href":"https:\/\/esi.uclm.es\/index.php\/wp-json\/wp\/v2\/posts\/22029\/revisions"}],"predecessor-version":[{"id":22030,"href":"https:\/\/esi.uclm.es\/index.php\/wp-json\/wp\/v2\/posts\/22029\/revisions\/22030"}],"wp:featuredmedia":[{"embeddable":true,"href":"https:\/\/esi.uclm.es\/index.php\/wp-json\/wp\/v2\/media\/16994"}],"wp:attachment":[{"href":"https:\/\/esi.uclm.es\/index.php\/wp-json\/wp\/v2\/media?parent=22029"}],"wp:term":[{"taxonomy":"category","embeddable":true,"href":"https:\/\/esi.uclm.es\/index.php\/wp-json\/wp\/v2\/categories?post=22029"},{"taxonomy":"post_tag","embeddable":true,"href":"https:\/\/esi.uclm.es\/index.php\/wp-json\/wp\/v2\/tags?post=22029"}],"curies":[{"name":"wp","href":"https:\/\/api.w.org\/{rel}","templated":true}]}}