{"id":20741,"date":"2025-05-06T10:54:10","date_gmt":"2025-05-06T10:54:10","guid":{"rendered":"https:\/\/esi.uclm.es\/?p=20741"},"modified":"2025-05-14T18:03:13","modified_gmt":"2025-05-14T18:03:13","slug":"acto-de-presentacion-de-la-catedra-institucional-de-ciberseguridad","status":"publish","type":"post","link":"https:\/\/esi.uclm.es\/index.php\/2025\/05\/06\/acto-de-presentacion-de-la-catedra-institucional-de-ciberseguridad\/","title":{"rendered":"Acto de presentaci\u00f3n de la C\u00e1tedra Institucional de Ciberseguridad"},"content":{"rendered":"\n<p>El pr\u00f3ximo mi\u00e9rcoles 14 de mayo tendr\u00e1 lugar, en la Escuela Superior de Inform\u00e1tica (ESI), el acto de <strong>presentaci\u00f3n de la C\u00e1tedra Institucional de Ciberseguridad<\/strong>. El acto se celebrar\u00e1 en el sal\u00f3n de Grados Ada Lovelace y tendr\u00e1 su inicio a las 11.30h, con una duraci\u00f3n de 1.30h. La <strong>agenda<\/strong> detallada del acto ser\u00e1 la siguiente:<\/p>\n\n\n\n<ul class=\"wp-block-list\">\n<li><em>Juan Alfonso Ruiz Molina<\/em>. Consejero de Hacienda, Administraciones P\u00fablicas y Transformaci\u00f3n Digital de la Junta de Comunidades de Castilla-La Mancha.<\/li>\n\n\n\n<li><em>Jos\u00e9 Juli\u00e1n Garde L\u00f3pez-Brea<\/em>. Rector de la Universidad de Castilla-La Mancha.<\/li>\n\n\n\n<li><em>Eduardo\u00a0Fern\u00e1ndez-Medina Pat\u00f3n<\/em>. Director de la C\u00e1tedra Institucional de Ciberseguridad de la Junta de Comunidades de Castilla-La Mancha y la Universidad de Castilla-La Mancha.<\/li>\n\n\n\n<li><em>Pablo Estevan Fern\u00e1ndez<\/em>. Palo Alto. T\u00edtulo de la charla: \u201cCuando la IA alucina\u2026 y no hay Sancho que la pare\u201c.<\/li>\n\n\n\n<li><em>Jos\u00e9 Francisco Duato Mar\u00edn<\/em>. Real Academia de Ciencias y Qsimov Quantum Computing S.L. T\u00edtulo de la charla: \u201cAprendizaje federado: \u00bfUn dilema entre la seguridad, precisi\u00f3n y coste computacional?\u201c.<\/li>\n<\/ul>\n\n\n\n<p>Est\u00e1 previsto que durante los minutos previos se realice una visita al Laboratorio de Ciberseguridad de la ESI, del <a href=\"https:\/\/gsya.esi.uclm.es\/\">grupo de investigaci\u00f3n GSyA<\/a>, en la que se realizar\u00e1n algunas demostraciones de ciberseguridad.<\/p>\n\n\n\n<h3 class=\"wp-block-heading\"><strong>Charlas y Ponentes<\/strong><\/h3>\n\n\n\n<p><strong>Cuando la IA alucina\u2026 y no hay Sancho que la pare<\/strong> &#8211; <em>Pablo E. Fern\u00e1ndez<\/em><\/p>\n\n\n\n<p>La inteligencia artificial generativa no piensa, pero imagina. Y a veces, alucina. En esta charla exploraremos qu\u00e9 hace diferente a esta tecnolog\u00eda frente a otros tipos de IA, por qu\u00e9 genera respuestas inesperadas\u2026 y c\u00f3mo esas \u201calucinaciones\u201d pueden convertirse en un riesgo real. Desde La Mancha \u2014tierra de visionarios\u2014, una demostraci\u00f3n pr\u00e1ctica de c\u00f3mo se puede atacar a una IA generativa, y por qu\u00e9 entender su l\u00f3gica es tan importante como entrenarla.<\/p>\n\n\n\n<p><strong><u>Pablo Estevan Fern\u00e1ndez.<\/u><\/strong><\/p>\n\n\n\n<p>Manager de Ingenier\u00eda para el Sector P\u00fablico en Espa\u00f1a en Palo Alto Networks. Ingeniero Inform\u00e1tico por la UPM y con certificaci\u00f3n CISSP, cuenta con una amplia trayectoria en ciberseguridad, habiendo trabajado en compa\u00f1\u00edas como Secuware, Innovae, Zitralia, RSA y en la unidad Cortex de Palo Alto Networks, especializada en la transformaci\u00f3n del SOC.<\/p>\n\n\n\n<p>Apasionado por la tecnolog\u00eda y ponente habitual, ha compartido su experiencia en eventos como RootedCON, CCNCert, Navaja Negra y RSA Conference. Est\u00e1 comprometido con la misi\u00f3n de proteger el estilo de vida digital a trav\u00e9s de la innovaci\u00f3n continua, aplicando inteligencia artificial, an\u00e1lisis, automatizaci\u00f3n y orquestaci\u00f3n para afrontar los desaf\u00edos de seguridad m\u00e1s complejos.<\/p>\n\n\n\n<p><strong>Aprendizaje federado: \u00bfUn dilema entre seguridad, precisi\u00f3n y coste computacional?<\/strong> &#8211; <em>Jos\u00e9 Francisco Duato Mar\u00edn<\/em><\/p>\n\n\n\n<p>Descripci\u00f3n: La forma m\u00e1s segura de evitar accesos no deseados a datos confidenciales y\/o privados es evitar que se tengan que transmitir por la red. Pero dichos datos pueden ser cruciales para entrenar una IA que resuelva problemas, tales como el diagn\u00f3stico precoz de enfermedades. El entrenamiento federado surge para resolver este problema, entrenando modelos separados s\u00f3lo con datos locales y combinando posteriormente los modelos obtenidos. Pero dicha combinaci\u00f3n supone una importante p\u00e9rdida de precisi\u00f3n en los modelos. En esta charla se repasan las dos t\u00e9cnicas m\u00e1s populares de entrenamiento federado, que presentan un dilema entre seguridad, precisi\u00f3n y coste computacional. Seguidamente, se presenta la tecnolog\u00eda desarrollada en Qsimov, que consigue una elevada precisi\u00f3n y seguridad al tiempo que reduce el coste computacional.<\/p>\n\n\n\n<p><strong><u>Jos\u00e9 Francisco Duato Mar\u00edn<\/u><\/strong><\/p>\n\n\n\n<p>Jos\u00e9 Duato ha sido catedr\u00e1tico de universidad en la Universidad Polit\u00e9cnica de Valencia durante m\u00e1s de 30 a\u00f1os, donde ha desarrollado soluciones que se han patentado y\/o incorporado en m\u00faltiples procesadores, supercomputadores y est\u00e1ndares de comunicaciones. Actualmente es Chief Technology Officer (CTO) de la empresa Qsimov Quantum Computing y Acad\u00e9mico Numerario de la Real Academia de Ciencias Exactas, F\u00edsicas y Naturales de Espa\u00f1a. Ha sido galardonado con el Premio Rey Jaime I de Nuevas Tecnolog\u00edas, el Premio Nacional de Inform\u00e1tica Aritmel y el Premio Nacional de Investigaci\u00f3n Julio Rey Pastor en Matem\u00e1ticas y Tecnolog\u00edas de la Informaci\u00f3n y las Comunicaciones. Es autor de m\u00e1s de 500 publicaciones que cuentan con m\u00e1s de 18.500 citas y de una decena de patentes internacionales.<\/p>\n","protected":false},"excerpt":{"rendered":"<p>El pr\u00f3ximo mi\u00e9rcoles 14 de mayo tendr\u00e1 lugar, en la Escuela Superior de Inform\u00e1tica (ESI), el acto de presentaci\u00f3n de la C\u00e1tedra Institucional de Ciberseguridad. El acto se celebrar\u00e1 en el sal\u00f3n de Grados Ada Lovelace y tendr\u00e1 su inicio a las 11.30h, con una [&hellip;]<\/p>\n","protected":false},"author":1,"featured_media":20742,"comment_status":"open","ping_status":"open","sticky":false,"template":"","format":"standard","meta":{"footnotes":""},"categories":[619],"tags":[],"class_list":["post-20741","post","type-post","status-publish","format-standard","has-post-thumbnail","hentry","category-general"],"yoast_head":"<!-- This site is optimized with the Yoast SEO plugin v27.4 - https:\/\/yoast.com\/product\/yoast-seo-wordpress\/ -->\n<title>Acto de presentaci\u00f3n de la C\u00e1tedra Institucional de Ciberseguridad - Escuela Superior de Inform\u00e1tica de UCLM<\/title>\n<meta name=\"description\" content=\"El pr\u00f3ximo mi\u00e9rcoles 14 de mayo tendr\u00e1 lugar, en la Escuela Superior de Inform\u00e1tica (ESI), el acto de presentaci\u00f3n de la C\u00e1tedra Institucional de Ciberseguridad. El acto se celebrar\u00e1 en el sal\u00f3n de Grados Ada Lovelace y tendr\u00e1 su inicio a las 11.30h, con una duraci\u00f3n de 1.30h. La agenda detallada del acto ser\u00e1 la siguiente\" \/>\n<meta name=\"robots\" content=\"index, follow, max-snippet:-1, max-image-preview:large, max-video-preview:-1\" \/>\n<link rel=\"canonical\" href=\"https:\/\/esi.uclm.es\/index.php\/2025\/05\/06\/acto-de-presentacion-de-la-catedra-institucional-de-ciberseguridad\/\" \/>\n<meta property=\"og:locale\" content=\"es_ES\" \/>\n<meta property=\"og:type\" content=\"article\" \/>\n<meta property=\"og:title\" content=\"Acto de presentaci\u00f3n de la C\u00e1tedra Institucional de Ciberseguridad - Escuela Superior de Inform\u00e1tica de UCLM\" \/>\n<meta property=\"og:description\" content=\"El pr\u00f3ximo mi\u00e9rcoles 14 de mayo tendr\u00e1 lugar, en la Escuela Superior de Inform\u00e1tica (ESI), el acto de presentaci\u00f3n de la C\u00e1tedra Institucional de Ciberseguridad. El acto se celebrar\u00e1 en el sal\u00f3n de Grados Ada Lovelace y tendr\u00e1 su inicio a las 11.30h, con una duraci\u00f3n de 1.30h. La agenda detallada del acto ser\u00e1 la siguiente\" \/>\n<meta property=\"og:url\" content=\"https:\/\/esi.uclm.es\/index.php\/2025\/05\/06\/acto-de-presentacion-de-la-catedra-institucional-de-ciberseguridad\/\" \/>\n<meta property=\"og:site_name\" content=\"Escuela Superior de Inform\u00e1tica de UCLM\" \/>\n<meta property=\"article:publisher\" content=\"https:\/\/www.facebook.com\/Escuela-Superior-de-Informtica-543261809027158\" \/>\n<meta property=\"article:published_time\" content=\"2025-05-06T10:54:10+00:00\" \/>\n<meta property=\"article:modified_time\" content=\"2025-05-14T18:03:13+00:00\" \/>\n<meta property=\"og:image\" content=\"http:\/\/esi.uclm.es\/assets\/uploads\/2025\/05\/CatedraSiberseguridad_web.webp\" \/>\n\t<meta property=\"og:image:width\" content=\"1000\" \/>\n\t<meta property=\"og:image:height\" content=\"563\" \/>\n\t<meta property=\"og:image:type\" content=\"image\/webp\" \/>\n<meta name=\"author\" content=\"esiuclm\" \/>\n<meta name=\"twitter:card\" content=\"summary_large_image\" \/>\n<meta name=\"twitter:creator\" content=\"@esiuclm\" \/>\n<meta name=\"twitter:site\" content=\"@esiuclm\" \/>\n<meta name=\"twitter:label1\" content=\"Escrito por\" \/>\n\t<meta name=\"twitter:data1\" content=\"esiuclm\" \/>\n\t<meta name=\"twitter:label2\" content=\"Tiempo de lectura\" \/>\n\t<meta name=\"twitter:data2\" content=\"4 minutos\" \/>\n<script type=\"application\/ld+json\" class=\"yoast-schema-graph\">{\"@context\":\"https:\\\/\\\/schema.org\",\"@graph\":[{\"@type\":\"Article\",\"@id\":\"https:\\\/\\\/esi.uclm.es\\\/index.php\\\/2025\\\/05\\\/06\\\/acto-de-presentacion-de-la-catedra-institucional-de-ciberseguridad\\\/#article\",\"isPartOf\":{\"@id\":\"https:\\\/\\\/esi.uclm.es\\\/index.php\\\/2025\\\/05\\\/06\\\/acto-de-presentacion-de-la-catedra-institucional-de-ciberseguridad\\\/\"},\"author\":{\"name\":\"esiuclm\",\"@id\":\"https:\\\/\\\/esi.uclm.es\\\/#\\\/schema\\\/person\\\/d9a390095e8beeca5aced92acb17a530\"},\"headline\":\"Acto de presentaci\u00f3n de la C\u00e1tedra Institucional de Ciberseguridad\",\"datePublished\":\"2025-05-06T10:54:10+00:00\",\"dateModified\":\"2025-05-14T18:03:13+00:00\",\"mainEntityOfPage\":{\"@id\":\"https:\\\/\\\/esi.uclm.es\\\/index.php\\\/2025\\\/05\\\/06\\\/acto-de-presentacion-de-la-catedra-institucional-de-ciberseguridad\\\/\"},\"wordCount\":741,\"commentCount\":0,\"publisher\":{\"@id\":\"https:\\\/\\\/esi.uclm.es\\\/#organization\"},\"image\":{\"@id\":\"https:\\\/\\\/esi.uclm.es\\\/index.php\\\/2025\\\/05\\\/06\\\/acto-de-presentacion-de-la-catedra-institucional-de-ciberseguridad\\\/#primaryimage\"},\"thumbnailUrl\":\"https:\\\/\\\/esi.uclm.es\\\/assets\\\/uploads\\\/2025\\\/05\\\/CatedraSiberseguridad_web.webp\",\"articleSection\":[\"General\"],\"inLanguage\":\"es\",\"potentialAction\":[{\"@type\":\"CommentAction\",\"name\":\"Comment\",\"target\":[\"https:\\\/\\\/esi.uclm.es\\\/index.php\\\/2025\\\/05\\\/06\\\/acto-de-presentacion-de-la-catedra-institucional-de-ciberseguridad\\\/#respond\"]}]},{\"@type\":\"WebPage\",\"@id\":\"https:\\\/\\\/esi.uclm.es\\\/index.php\\\/2025\\\/05\\\/06\\\/acto-de-presentacion-de-la-catedra-institucional-de-ciberseguridad\\\/\",\"url\":\"https:\\\/\\\/esi.uclm.es\\\/index.php\\\/2025\\\/05\\\/06\\\/acto-de-presentacion-de-la-catedra-institucional-de-ciberseguridad\\\/\",\"name\":\"Acto de presentaci\u00f3n de la C\u00e1tedra Institucional de Ciberseguridad - Escuela Superior de Inform\u00e1tica de UCLM\",\"isPartOf\":{\"@id\":\"https:\\\/\\\/esi.uclm.es\\\/#website\"},\"primaryImageOfPage\":{\"@id\":\"https:\\\/\\\/esi.uclm.es\\\/index.php\\\/2025\\\/05\\\/06\\\/acto-de-presentacion-de-la-catedra-institucional-de-ciberseguridad\\\/#primaryimage\"},\"image\":{\"@id\":\"https:\\\/\\\/esi.uclm.es\\\/index.php\\\/2025\\\/05\\\/06\\\/acto-de-presentacion-de-la-catedra-institucional-de-ciberseguridad\\\/#primaryimage\"},\"thumbnailUrl\":\"https:\\\/\\\/esi.uclm.es\\\/assets\\\/uploads\\\/2025\\\/05\\\/CatedraSiberseguridad_web.webp\",\"datePublished\":\"2025-05-06T10:54:10+00:00\",\"dateModified\":\"2025-05-14T18:03:13+00:00\",\"description\":\"El pr\u00f3ximo mi\u00e9rcoles 14 de mayo tendr\u00e1 lugar, en la Escuela Superior de Inform\u00e1tica (ESI), el acto de presentaci\u00f3n de la C\u00e1tedra Institucional de Ciberseguridad. El acto se celebrar\u00e1 en el sal\u00f3n de Grados Ada Lovelace y tendr\u00e1 su inicio a las 11.30h, con una duraci\u00f3n de 1.30h. La agenda detallada del acto ser\u00e1 la siguiente\",\"breadcrumb\":{\"@id\":\"https:\\\/\\\/esi.uclm.es\\\/index.php\\\/2025\\\/05\\\/06\\\/acto-de-presentacion-de-la-catedra-institucional-de-ciberseguridad\\\/#breadcrumb\"},\"inLanguage\":\"es\",\"potentialAction\":[{\"@type\":\"ReadAction\",\"target\":[\"https:\\\/\\\/esi.uclm.es\\\/index.php\\\/2025\\\/05\\\/06\\\/acto-de-presentacion-de-la-catedra-institucional-de-ciberseguridad\\\/\"]}]},{\"@type\":\"ImageObject\",\"inLanguage\":\"es\",\"@id\":\"https:\\\/\\\/esi.uclm.es\\\/index.php\\\/2025\\\/05\\\/06\\\/acto-de-presentacion-de-la-catedra-institucional-de-ciberseguridad\\\/#primaryimage\",\"url\":\"https:\\\/\\\/esi.uclm.es\\\/assets\\\/uploads\\\/2025\\\/05\\\/CatedraSiberseguridad_web.webp\",\"contentUrl\":\"https:\\\/\\\/esi.uclm.es\\\/assets\\\/uploads\\\/2025\\\/05\\\/CatedraSiberseguridad_web.webp\",\"width\":1000,\"height\":563,\"caption\":\"logo c\u00e1tedra institucional de ciberseguridad\"},{\"@type\":\"BreadcrumbList\",\"@id\":\"https:\\\/\\\/esi.uclm.es\\\/index.php\\\/2025\\\/05\\\/06\\\/acto-de-presentacion-de-la-catedra-institucional-de-ciberseguridad\\\/#breadcrumb\",\"itemListElement\":[{\"@type\":\"ListItem\",\"position\":1,\"name\":\"Portada\",\"item\":\"https:\\\/\\\/esi.uclm.es\\\/\"},{\"@type\":\"ListItem\",\"position\":2,\"name\":\"Acto de presentaci\u00f3n de la C\u00e1tedra Institucional de Ciberseguridad\"}]},{\"@type\":\"WebSite\",\"@id\":\"https:\\\/\\\/esi.uclm.es\\\/#website\",\"url\":\"https:\\\/\\\/esi.uclm.es\\\/\",\"name\":\"Escuela Superior de Inform\u00e1tica de UCLM en Ciudad Real, Castilla-La Mancha\",\"description\":\"La Escuela Superior de Inform\u00e1tica de Ciudad Real (Castilla-La Mancha), Universidad de Castilla-La Mancha es un centro universitario que imparte el ciclo completo de Ingenier\u00eda en Inform\u00e1tica: grado, m\u00e1ster y doctorado.\",\"publisher\":{\"@id\":\"https:\\\/\\\/esi.uclm.es\\\/#organization\"},\"potentialAction\":[{\"@type\":\"SearchAction\",\"target\":{\"@type\":\"EntryPoint\",\"urlTemplate\":\"https:\\\/\\\/esi.uclm.es\\\/?s={search_term_string}\"},\"query-input\":{\"@type\":\"PropertyValueSpecification\",\"valueRequired\":true,\"valueName\":\"search_term_string\"}}],\"inLanguage\":\"es\"},{\"@type\":\"Organization\",\"@id\":\"https:\\\/\\\/esi.uclm.es\\\/#organization\",\"name\":\"Escuela Superior de Inform\u00e1tica de UCLM\",\"url\":\"https:\\\/\\\/esi.uclm.es\\\/\",\"logo\":{\"@type\":\"ImageObject\",\"inLanguage\":\"es\",\"@id\":\"https:\\\/\\\/esi.uclm.es\\\/#\\\/schema\\\/logo\\\/image\\\/\",\"url\":\"https:\\\/\\\/esi.uclm.es\\\/assets\\\/uploads\\\/2022\\\/03\\\/LogoESI_cabecera-1.png\",\"contentUrl\":\"https:\\\/\\\/esi.uclm.es\\\/assets\\\/uploads\\\/2022\\\/03\\\/LogoESI_cabecera-1.png\",\"width\":460,\"height\":184,\"caption\":\"Escuela Superior de Inform\u00e1tica de UCLM\"},\"image\":{\"@id\":\"https:\\\/\\\/esi.uclm.es\\\/#\\\/schema\\\/logo\\\/image\\\/\"},\"sameAs\":[\"https:\\\/\\\/www.facebook.com\\\/Escuela-Superior-de-Informtica-543261809027158\",\"https:\\\/\\\/x.com\\\/esiuclm\",\"https:\\\/\\\/www.instagram.com\\\/esiuclm\\\/\",\"https:\\\/\\\/www.youtube.com\\\/user\\\/esiuclm\",\"https:\\\/\\\/www.twitch.tv\\\/esiuclm\",\"https:\\\/\\\/www.linkedin.com\\\/company\\\/12656631\\\/admin\\\/\"]},{\"@type\":\"Person\",\"@id\":\"https:\\\/\\\/esi.uclm.es\\\/#\\\/schema\\\/person\\\/d9a390095e8beeca5aced92acb17a530\",\"name\":\"esiuclm\",\"image\":{\"@type\":\"ImageObject\",\"inLanguage\":\"es\",\"@id\":\"https:\\\/\\\/secure.gravatar.com\\\/avatar\\\/ff32e6f445454691c713484fe154c7002761ecabfa4cfa2fea57c231744892da?s=96&d=mm&r=g\",\"url\":\"https:\\\/\\\/secure.gravatar.com\\\/avatar\\\/ff32e6f445454691c713484fe154c7002761ecabfa4cfa2fea57c231744892da?s=96&d=mm&r=g\",\"contentUrl\":\"https:\\\/\\\/secure.gravatar.com\\\/avatar\\\/ff32e6f445454691c713484fe154c7002761ecabfa4cfa2fea57c231744892da?s=96&d=mm&r=g\",\"caption\":\"esiuclm\"},\"sameAs\":[\"https:\\\/\\\/esi.uclm.es\"],\"url\":\"https:\\\/\\\/esi.uclm.es\\\/index.php\\\/author\\\/esiadmin\\\/\"}]}<\/script>\n<!-- \/ Yoast SEO plugin. -->","yoast_head_json":{"title":"Acto de presentaci\u00f3n de la C\u00e1tedra Institucional de Ciberseguridad - Escuela Superior de Inform\u00e1tica de UCLM","description":"El pr\u00f3ximo mi\u00e9rcoles 14 de mayo tendr\u00e1 lugar, en la Escuela Superior de Inform\u00e1tica (ESI), el acto de presentaci\u00f3n de la C\u00e1tedra Institucional de Ciberseguridad. El acto se celebrar\u00e1 en el sal\u00f3n de Grados Ada Lovelace y tendr\u00e1 su inicio a las 11.30h, con una duraci\u00f3n de 1.30h. La agenda detallada del acto ser\u00e1 la siguiente","robots":{"index":"index","follow":"follow","max-snippet":"max-snippet:-1","max-image-preview":"max-image-preview:large","max-video-preview":"max-video-preview:-1"},"canonical":"https:\/\/esi.uclm.es\/index.php\/2025\/05\/06\/acto-de-presentacion-de-la-catedra-institucional-de-ciberseguridad\/","og_locale":"es_ES","og_type":"article","og_title":"Acto de presentaci\u00f3n de la C\u00e1tedra Institucional de Ciberseguridad - Escuela Superior de Inform\u00e1tica de UCLM","og_description":"El pr\u00f3ximo mi\u00e9rcoles 14 de mayo tendr\u00e1 lugar, en la Escuela Superior de Inform\u00e1tica (ESI), el acto de presentaci\u00f3n de la C\u00e1tedra Institucional de Ciberseguridad. El acto se celebrar\u00e1 en el sal\u00f3n de Grados Ada Lovelace y tendr\u00e1 su inicio a las 11.30h, con una duraci\u00f3n de 1.30h. La agenda detallada del acto ser\u00e1 la siguiente","og_url":"https:\/\/esi.uclm.es\/index.php\/2025\/05\/06\/acto-de-presentacion-de-la-catedra-institucional-de-ciberseguridad\/","og_site_name":"Escuela Superior de Inform\u00e1tica de UCLM","article_publisher":"https:\/\/www.facebook.com\/Escuela-Superior-de-Informtica-543261809027158","article_published_time":"2025-05-06T10:54:10+00:00","article_modified_time":"2025-05-14T18:03:13+00:00","og_image":[{"width":1000,"height":563,"url":"http:\/\/esi.uclm.es\/assets\/uploads\/2025\/05\/CatedraSiberseguridad_web.webp","type":"image\/webp"}],"author":"esiuclm","twitter_card":"summary_large_image","twitter_creator":"@esiuclm","twitter_site":"@esiuclm","twitter_misc":{"Escrito por":"esiuclm","Tiempo de lectura":"4 minutos"},"schema":{"@context":"https:\/\/schema.org","@graph":[{"@type":"Article","@id":"https:\/\/esi.uclm.es\/index.php\/2025\/05\/06\/acto-de-presentacion-de-la-catedra-institucional-de-ciberseguridad\/#article","isPartOf":{"@id":"https:\/\/esi.uclm.es\/index.php\/2025\/05\/06\/acto-de-presentacion-de-la-catedra-institucional-de-ciberseguridad\/"},"author":{"name":"esiuclm","@id":"https:\/\/esi.uclm.es\/#\/schema\/person\/d9a390095e8beeca5aced92acb17a530"},"headline":"Acto de presentaci\u00f3n de la C\u00e1tedra Institucional de Ciberseguridad","datePublished":"2025-05-06T10:54:10+00:00","dateModified":"2025-05-14T18:03:13+00:00","mainEntityOfPage":{"@id":"https:\/\/esi.uclm.es\/index.php\/2025\/05\/06\/acto-de-presentacion-de-la-catedra-institucional-de-ciberseguridad\/"},"wordCount":741,"commentCount":0,"publisher":{"@id":"https:\/\/esi.uclm.es\/#organization"},"image":{"@id":"https:\/\/esi.uclm.es\/index.php\/2025\/05\/06\/acto-de-presentacion-de-la-catedra-institucional-de-ciberseguridad\/#primaryimage"},"thumbnailUrl":"https:\/\/esi.uclm.es\/assets\/uploads\/2025\/05\/CatedraSiberseguridad_web.webp","articleSection":["General"],"inLanguage":"es","potentialAction":[{"@type":"CommentAction","name":"Comment","target":["https:\/\/esi.uclm.es\/index.php\/2025\/05\/06\/acto-de-presentacion-de-la-catedra-institucional-de-ciberseguridad\/#respond"]}]},{"@type":"WebPage","@id":"https:\/\/esi.uclm.es\/index.php\/2025\/05\/06\/acto-de-presentacion-de-la-catedra-institucional-de-ciberseguridad\/","url":"https:\/\/esi.uclm.es\/index.php\/2025\/05\/06\/acto-de-presentacion-de-la-catedra-institucional-de-ciberseguridad\/","name":"Acto de presentaci\u00f3n de la C\u00e1tedra Institucional de Ciberseguridad - Escuela Superior de Inform\u00e1tica de UCLM","isPartOf":{"@id":"https:\/\/esi.uclm.es\/#website"},"primaryImageOfPage":{"@id":"https:\/\/esi.uclm.es\/index.php\/2025\/05\/06\/acto-de-presentacion-de-la-catedra-institucional-de-ciberseguridad\/#primaryimage"},"image":{"@id":"https:\/\/esi.uclm.es\/index.php\/2025\/05\/06\/acto-de-presentacion-de-la-catedra-institucional-de-ciberseguridad\/#primaryimage"},"thumbnailUrl":"https:\/\/esi.uclm.es\/assets\/uploads\/2025\/05\/CatedraSiberseguridad_web.webp","datePublished":"2025-05-06T10:54:10+00:00","dateModified":"2025-05-14T18:03:13+00:00","description":"El pr\u00f3ximo mi\u00e9rcoles 14 de mayo tendr\u00e1 lugar, en la Escuela Superior de Inform\u00e1tica (ESI), el acto de presentaci\u00f3n de la C\u00e1tedra Institucional de Ciberseguridad. El acto se celebrar\u00e1 en el sal\u00f3n de Grados Ada Lovelace y tendr\u00e1 su inicio a las 11.30h, con una duraci\u00f3n de 1.30h. La agenda detallada del acto ser\u00e1 la siguiente","breadcrumb":{"@id":"https:\/\/esi.uclm.es\/index.php\/2025\/05\/06\/acto-de-presentacion-de-la-catedra-institucional-de-ciberseguridad\/#breadcrumb"},"inLanguage":"es","potentialAction":[{"@type":"ReadAction","target":["https:\/\/esi.uclm.es\/index.php\/2025\/05\/06\/acto-de-presentacion-de-la-catedra-institucional-de-ciberseguridad\/"]}]},{"@type":"ImageObject","inLanguage":"es","@id":"https:\/\/esi.uclm.es\/index.php\/2025\/05\/06\/acto-de-presentacion-de-la-catedra-institucional-de-ciberseguridad\/#primaryimage","url":"https:\/\/esi.uclm.es\/assets\/uploads\/2025\/05\/CatedraSiberseguridad_web.webp","contentUrl":"https:\/\/esi.uclm.es\/assets\/uploads\/2025\/05\/CatedraSiberseguridad_web.webp","width":1000,"height":563,"caption":"logo c\u00e1tedra institucional de ciberseguridad"},{"@type":"BreadcrumbList","@id":"https:\/\/esi.uclm.es\/index.php\/2025\/05\/06\/acto-de-presentacion-de-la-catedra-institucional-de-ciberseguridad\/#breadcrumb","itemListElement":[{"@type":"ListItem","position":1,"name":"Portada","item":"https:\/\/esi.uclm.es\/"},{"@type":"ListItem","position":2,"name":"Acto de presentaci\u00f3n de la C\u00e1tedra Institucional de Ciberseguridad"}]},{"@type":"WebSite","@id":"https:\/\/esi.uclm.es\/#website","url":"https:\/\/esi.uclm.es\/","name":"Escuela Superior de Inform\u00e1tica de UCLM en Ciudad Real, Castilla-La Mancha","description":"La Escuela Superior de Inform\u00e1tica de Ciudad Real (Castilla-La Mancha), Universidad de Castilla-La Mancha es un centro universitario que imparte el ciclo completo de Ingenier\u00eda en Inform\u00e1tica: grado, m\u00e1ster y doctorado.","publisher":{"@id":"https:\/\/esi.uclm.es\/#organization"},"potentialAction":[{"@type":"SearchAction","target":{"@type":"EntryPoint","urlTemplate":"https:\/\/esi.uclm.es\/?s={search_term_string}"},"query-input":{"@type":"PropertyValueSpecification","valueRequired":true,"valueName":"search_term_string"}}],"inLanguage":"es"},{"@type":"Organization","@id":"https:\/\/esi.uclm.es\/#organization","name":"Escuela Superior de Inform\u00e1tica de UCLM","url":"https:\/\/esi.uclm.es\/","logo":{"@type":"ImageObject","inLanguage":"es","@id":"https:\/\/esi.uclm.es\/#\/schema\/logo\/image\/","url":"https:\/\/esi.uclm.es\/assets\/uploads\/2022\/03\/LogoESI_cabecera-1.png","contentUrl":"https:\/\/esi.uclm.es\/assets\/uploads\/2022\/03\/LogoESI_cabecera-1.png","width":460,"height":184,"caption":"Escuela Superior de Inform\u00e1tica de UCLM"},"image":{"@id":"https:\/\/esi.uclm.es\/#\/schema\/logo\/image\/"},"sameAs":["https:\/\/www.facebook.com\/Escuela-Superior-de-Informtica-543261809027158","https:\/\/x.com\/esiuclm","https:\/\/www.instagram.com\/esiuclm\/","https:\/\/www.youtube.com\/user\/esiuclm","https:\/\/www.twitch.tv\/esiuclm","https:\/\/www.linkedin.com\/company\/12656631\/admin\/"]},{"@type":"Person","@id":"https:\/\/esi.uclm.es\/#\/schema\/person\/d9a390095e8beeca5aced92acb17a530","name":"esiuclm","image":{"@type":"ImageObject","inLanguage":"es","@id":"https:\/\/secure.gravatar.com\/avatar\/ff32e6f445454691c713484fe154c7002761ecabfa4cfa2fea57c231744892da?s=96&d=mm&r=g","url":"https:\/\/secure.gravatar.com\/avatar\/ff32e6f445454691c713484fe154c7002761ecabfa4cfa2fea57c231744892da?s=96&d=mm&r=g","contentUrl":"https:\/\/secure.gravatar.com\/avatar\/ff32e6f445454691c713484fe154c7002761ecabfa4cfa2fea57c231744892da?s=96&d=mm&r=g","caption":"esiuclm"},"sameAs":["https:\/\/esi.uclm.es"],"url":"https:\/\/esi.uclm.es\/index.php\/author\/esiadmin\/"}]}},"_links":{"self":[{"href":"https:\/\/esi.uclm.es\/index.php\/wp-json\/wp\/v2\/posts\/20741","targetHints":{"allow":["GET"]}}],"collection":[{"href":"https:\/\/esi.uclm.es\/index.php\/wp-json\/wp\/v2\/posts"}],"about":[{"href":"https:\/\/esi.uclm.es\/index.php\/wp-json\/wp\/v2\/types\/post"}],"author":[{"embeddable":true,"href":"https:\/\/esi.uclm.es\/index.php\/wp-json\/wp\/v2\/users\/1"}],"replies":[{"embeddable":true,"href":"https:\/\/esi.uclm.es\/index.php\/wp-json\/wp\/v2\/comments?post=20741"}],"version-history":[{"count":3,"href":"https:\/\/esi.uclm.es\/index.php\/wp-json\/wp\/v2\/posts\/20741\/revisions"}],"predecessor-version":[{"id":20745,"href":"https:\/\/esi.uclm.es\/index.php\/wp-json\/wp\/v2\/posts\/20741\/revisions\/20745"}],"wp:featuredmedia":[{"embeddable":true,"href":"https:\/\/esi.uclm.es\/index.php\/wp-json\/wp\/v2\/media\/20742"}],"wp:attachment":[{"href":"https:\/\/esi.uclm.es\/index.php\/wp-json\/wp\/v2\/media?parent=20741"}],"wp:term":[{"taxonomy":"category","embeddable":true,"href":"https:\/\/esi.uclm.es\/index.php\/wp-json\/wp\/v2\/categories?post=20741"},{"taxonomy":"post_tag","embeddable":true,"href":"https:\/\/esi.uclm.es\/index.php\/wp-json\/wp\/v2\/tags?post=20741"}],"curies":[{"name":"wp","href":"https:\/\/api.w.org\/{rel}","templated":true}]}}