{"id":20632,"date":"2025-04-08T20:33:17","date_gmt":"2025-04-08T20:33:17","guid":{"rendered":"https:\/\/esi.uclm.es\/?p=20632"},"modified":"2026-03-12T08:55:38","modified_gmt":"2026-03-12T08:55:38","slug":"el-grupo-de-investigacion-air-participa-en-el-iii-foro-de-digitalizacion","status":"publish","type":"post","link":"https:\/\/esi.uclm.es\/index.php\/2025\/04\/08\/el-grupo-de-investigacion-air-participa-en-el-iii-foro-de-digitalizacion\/","title":{"rendered":"El grupo de investigaci\u00f3n AIR participa en el III Foro de Digitalizaci\u00f3n"},"content":{"rendered":"\n<p>El&nbsp;<strong>Grupo de Investigaci\u00f3n AIR<\/strong>&nbsp; de la&nbsp;Escuela Superior de Inform\u00e1tica de Ciudad Real (UCLM)&nbsp;fue invitado por la&nbsp;<strong>C\u00e1mara de Comercio de Ciudad Real<\/strong>&nbsp;a participar en el&nbsp;<strong>III Foro de Digitalizaci\u00f3n Kit Digital<\/strong>, celebrado el pasado&nbsp;2 de abril&nbsp;en su Sal\u00f3n de Actos. En el evento, &nbsp;<em>Javier Albusac, Jos\u00e9 Jes\u00fas Castro S\u00e1nchez y Rub\u00e9n Grande Mu\u00f1oz<\/em>&nbsp;presentaron el proyecto&nbsp;<strong>VRZOCO<\/strong>, una innovadora plataforma de comercio electr\u00f3nico basada en realidad virtual, realidad aumentada e inteligencia artificial, financiado por el&nbsp;Ministerio de Ciencia, Innovaci\u00f3n y Universidades.<\/p>\n\n\n<div class=\"wp-block-image\">\n<figure class=\"aligncenter size-full\"><img loading=\"lazy\" decoding=\"async\" width=\"750\" height=\"422\" src=\"https:\/\/esi.uclm.es\/assets\/uploads\/2025\/04\/albusac_ponencia.jpeg\" alt=\"\" class=\"wp-image-20634\" srcset=\"https:\/\/esi.uclm.es\/assets\/uploads\/2025\/04\/albusac_ponencia.jpeg 750w, https:\/\/esi.uclm.es\/assets\/uploads\/2025\/04\/albusac_ponencia-300x169.jpeg 300w, https:\/\/esi.uclm.es\/assets\/uploads\/2025\/04\/albusac_ponencia-18x10.jpeg 18w\" sizes=\"auto, (max-width: 750px) 100vw, 750px\" \/><figcaption class=\"wp-element-caption\">Javier Albusac durante la presentaci\u00f3n de VRZOCO<\/figcaption><\/figure>\n<\/div>\n\n\n<h3 class=\"wp-block-heading\"><strong>Un foro de referencia con expertos nacionales<\/strong><\/h3>\n\n\n\n<p>El evento, organizado por la&nbsp;<strong>Oficina Acelera Pyme<\/strong>&nbsp;de la C\u00e1mara de Comercio, reuni\u00f3 a m\u00e1s de&nbsp;<strong>180 profesionales y empresarios<\/strong>&nbsp;en un formato din\u00e1mico que combin\u00f3 ponencias magistrales y talleres pr\u00e1cticos. La jornada fue inaugurada por el director de la C\u00e1mara,&nbsp;<strong>Luis Enrique Rodr\u00edguez Fern\u00e1ndez<\/strong>, quien destac\u00f3 el impacto del Kit Digital en la provincia, con m\u00e1s de 6.000 bonos concedidos desde 2022.<\/p>\n\n\n\n<p>Entre los destacados ponentes figuraron:<\/p>\n\n\n\n<ul class=\"wp-block-list\">\n<li><strong>Chema Alonso<\/strong>, reconocido experto en ciberseguridad a nivel internacional<\/li>\n\n\n\n<li><strong>Mariano Salas<\/strong>&nbsp;(Google), con su taller &#8216;Gemini: Inteligencia Artificial al servicio de tu empresa&#8217;<\/li>\n\n\n\n<li><strong>Eva Hern\u00e1ndez<\/strong>, que explor\u00f3 la revoluci\u00f3n de la IA en la cadena de suministro<\/li>\n\n\n\n<li><strong>Leticia Grij\u00f3<\/strong>, quien ense\u00f1\u00f3 a crear planes de contenidos con IA para redes sociales<\/li>\n\n\n\n<li><strong>Javier Albusac<\/strong>, en representaci\u00f3n de UCLM para presentar VRZOCO.<\/li>\n<\/ul>\n\n\n\n<p>El evento fue moderado por&nbsp;<strong>Susana Lluna<\/strong>, periodista especializada en transformaci\u00f3n digital, quien gui\u00f3 las sesiones y foment\u00f3 el di\u00e1logo entre ponentes y asistentes.<\/p>\n\n\n<div class=\"wp-block-image\">\n<figure class=\"aligncenter size-full\"><img loading=\"lazy\" decoding=\"async\" width=\"1000\" height=\"563\" src=\"https:\/\/esi.uclm.es\/assets\/uploads\/2025\/04\/cartel.webp\" alt=\"\" class=\"wp-image-20635\" srcset=\"https:\/\/esi.uclm.es\/assets\/uploads\/2025\/04\/cartel.webp 1000w, https:\/\/esi.uclm.es\/assets\/uploads\/2025\/04\/cartel-300x169.webp 300w, https:\/\/esi.uclm.es\/assets\/uploads\/2025\/04\/cartel-768x432.webp 768w, https:\/\/esi.uclm.es\/assets\/uploads\/2025\/04\/cartel-18x10.webp 18w\" sizes=\"auto, (max-width: 1000px) 100vw, 1000px\" \/><figcaption class=\"wp-element-caption\">Cartel del evento<\/figcaption><\/figure>\n<\/div>\n\n\n<h3 class=\"wp-block-heading\"><strong>VRZOCO: Realidad Virtual, Realidad Aumentada e IA en la siguiente generaci\u00f3n de plataformas de comercio electr\u00f3nico <\/strong><\/h3>\n\n\n\n<p>En este marco, el&nbsp;<strong>Grupo AIR<\/strong>&nbsp;tuvo la oportunidad de&nbsp;<strong>mostrar las capacidades de VRZOCO<\/strong>, un proyecto desarrollado en la UCLM que utiliza tecnolog\u00edas inmersivas en comercio electr\u00f3nico y busca apoyar a los negocios locales en su transici\u00f3n digital, estableciendo una fuerte sinergia entre comercio y resto de negocios, potenciando las econom\u00edas locales. La presentaci\u00f3n interactiva permiti\u00f3 a los asistentes experimentar de primera mano las aplicaciones pr\u00e1cticas de esta soluci\u00f3n tecnol\u00f3gica.<\/p>\n\n\n<div class=\"wp-block-image\">\n<figure class=\"aligncenter size-large\"><img loading=\"lazy\" decoding=\"async\" width=\"1024\" height=\"565\" src=\"https:\/\/esi.uclm.es\/assets\/uploads\/2025\/04\/IMG_1524-1024x565.jpeg\" alt=\"\" class=\"wp-image-20636\" srcset=\"https:\/\/esi.uclm.es\/assets\/uploads\/2025\/04\/IMG_1524-1024x565.jpeg 1024w, https:\/\/esi.uclm.es\/assets\/uploads\/2025\/04\/IMG_1524-300x166.jpeg 300w, https:\/\/esi.uclm.es\/assets\/uploads\/2025\/04\/IMG_1524-768x424.jpeg 768w, https:\/\/esi.uclm.es\/assets\/uploads\/2025\/04\/IMG_1524-18x10.jpeg 18w, https:\/\/esi.uclm.es\/assets\/uploads\/2025\/04\/IMG_1524.jpeg 1179w\" sizes=\"auto, (max-width: 1024px) 100vw, 1024px\" \/><figcaption class=\"wp-element-caption\">P\u00fablico asistente durante el evento<\/figcaption><\/figure>\n<\/div>\n\n<div class=\"wp-block-image\">\n<figure class=\"aligncenter size-large\"><img loading=\"lazy\" decoding=\"async\" width=\"1024\" height=\"166\" src=\"https:\/\/esi.uclm.es\/assets\/uploads\/2025\/04\/image-6-1024x166.png\" alt=\"\" class=\"wp-image-22868\" srcset=\"https:\/\/esi.uclm.es\/assets\/uploads\/2025\/04\/image-6-1024x166.png 1024w, https:\/\/esi.uclm.es\/assets\/uploads\/2025\/04\/image-6-300x49.png 300w, https:\/\/esi.uclm.es\/assets\/uploads\/2025\/04\/image-6-768x124.png 768w, https:\/\/esi.uclm.es\/assets\/uploads\/2025\/04\/image-6-18x3.png 18w, https:\/\/esi.uclm.es\/assets\/uploads\/2025\/04\/image-6-1300x210.png 1300w, https:\/\/esi.uclm.es\/assets\/uploads\/2025\/04\/image-6.png 1396w\" sizes=\"auto, (max-width: 1024px) 100vw, 1024px\" \/><\/figure>\n<\/div>","protected":false},"excerpt":{"rendered":"<p>El&nbsp;Grupo de Investigaci\u00f3n AIR&nbsp; de la&nbsp;Escuela Superior de Inform\u00e1tica de Ciudad Real (UCLM)&nbsp;fue invitado por la&nbsp;C\u00e1mara de Comercio de Ciudad Real&nbsp;a participar en el&nbsp;III Foro de Digitalizaci\u00f3n Kit Digital, celebrado el pasado&nbsp;2 de abril&nbsp;en su Sal\u00f3n de Actos. En el evento, &nbsp;Javier Albusac, Jos\u00e9 Jes\u00fas [&hellip;]<\/p>\n","protected":false},"author":1,"featured_media":20638,"comment_status":"open","ping_status":"open","sticky":false,"template":"","format":"standard","meta":{"footnotes":""},"categories":[623,619],"tags":[],"class_list":["post-20632","post","type-post","status-publish","format-standard","has-post-thumbnail","hentry","category-empresas","category-general"],"yoast_head":"<!-- This site is optimized with the Yoast SEO plugin v27.4 - https:\/\/yoast.com\/product\/yoast-seo-wordpress\/ -->\n<title>El grupo de investigaci\u00f3n AIR participa en el III Foro de Digitalizaci\u00f3n - Escuela Superior de Inform\u00e1tica de UCLM<\/title>\n<meta name=\"description\" content=\"El\u00a0Grupo de Investigaci\u00f3n AIR\u00a0 de la\u00a0Escuela Superior de Inform\u00e1tica de Ciudad Real (UCLM)\u00a0fue invitado por la\u00a0C\u00e1mara de Comercio de Ciudad Real\u00a0a participar en el\u00a0III Foro de Digitalizaci\u00f3n Kit Digital, celebrado el pasado\u00a02 de abril\u00a0en su Sal\u00f3n de Actos. En el evento, \u00a0Javier Albusac, Jos\u00e9 Jes\u00fas Castro S\u00e1nchez y Rub\u00e9n Grande Mu\u00f1oz\u00a0presentaron el proyecto\u00a0VRZOCO, una innovadora plataforma de comercio electr\u00f3nico basada en realidad virtual, realidad aumentada e inteligencia artificial, financiado por el\u00a0Ministerio de Ciencia, Innovaci\u00f3n y Universidades.\" \/>\n<meta name=\"robots\" content=\"index, follow, max-snippet:-1, max-image-preview:large, max-video-preview:-1\" \/>\n<link rel=\"canonical\" href=\"https:\/\/esi.uclm.es\/index.php\/2025\/04\/08\/el-grupo-de-investigacion-air-participa-en-el-iii-foro-de-digitalizacion\/\" \/>\n<meta property=\"og:locale\" content=\"es_ES\" \/>\n<meta property=\"og:type\" content=\"article\" \/>\n<meta property=\"og:title\" content=\"El grupo de investigaci\u00f3n AIR participa en el III Foro de Digitalizaci\u00f3n - Escuela Superior de Inform\u00e1tica de UCLM\" \/>\n<meta property=\"og:description\" content=\"El\u00a0Grupo de Investigaci\u00f3n AIR\u00a0 de la\u00a0Escuela Superior de Inform\u00e1tica de Ciudad Real (UCLM)\u00a0fue invitado por la\u00a0C\u00e1mara de Comercio de Ciudad Real\u00a0a participar en el\u00a0III Foro de Digitalizaci\u00f3n Kit Digital, celebrado el pasado\u00a02 de abril\u00a0en su Sal\u00f3n de Actos. En el evento, \u00a0Javier Albusac, Jos\u00e9 Jes\u00fas Castro S\u00e1nchez y Rub\u00e9n Grande Mu\u00f1oz\u00a0presentaron el proyecto\u00a0VRZOCO, una innovadora plataforma de comercio electr\u00f3nico basada en realidad virtual, realidad aumentada e inteligencia artificial, financiado por el\u00a0Ministerio de Ciencia, Innovaci\u00f3n y Universidades.\" \/>\n<meta property=\"og:url\" content=\"https:\/\/esi.uclm.es\/index.php\/2025\/04\/08\/el-grupo-de-investigacion-air-participa-en-el-iii-foro-de-digitalizacion\/\" \/>\n<meta property=\"og:site_name\" content=\"Escuela Superior de Inform\u00e1tica de UCLM\" \/>\n<meta property=\"article:publisher\" content=\"https:\/\/www.facebook.com\/Escuela-Superior-de-Informtica-543261809027158\" \/>\n<meta property=\"article:published_time\" content=\"2025-04-08T20:33:17+00:00\" \/>\n<meta property=\"article:modified_time\" content=\"2026-03-12T08:55:38+00:00\" \/>\n<meta property=\"og:image\" content=\"http:\/\/esi.uclm.es\/assets\/uploads\/2025\/04\/albusac_alonso_web2.webp\" \/>\n\t<meta property=\"og:image:width\" content=\"1000\" \/>\n\t<meta property=\"og:image:height\" content=\"563\" \/>\n\t<meta property=\"og:image:type\" content=\"image\/webp\" \/>\n<meta name=\"author\" content=\"esiuclm\" \/>\n<meta name=\"twitter:card\" content=\"summary_large_image\" \/>\n<meta name=\"twitter:creator\" content=\"@esiuclm\" \/>\n<meta name=\"twitter:site\" content=\"@esiuclm\" \/>\n<meta name=\"twitter:label1\" content=\"Escrito por\" \/>\n\t<meta name=\"twitter:data1\" content=\"esiuclm\" \/>\n\t<meta name=\"twitter:label2\" content=\"Tiempo de lectura\" \/>\n\t<meta name=\"twitter:data2\" content=\"3 minutos\" \/>\n<script type=\"application\/ld+json\" class=\"yoast-schema-graph\">{\"@context\":\"https:\\\/\\\/schema.org\",\"@graph\":[{\"@type\":\"Article\",\"@id\":\"https:\\\/\\\/esi.uclm.es\\\/index.php\\\/2025\\\/04\\\/08\\\/el-grupo-de-investigacion-air-participa-en-el-iii-foro-de-digitalizacion\\\/#article\",\"isPartOf\":{\"@id\":\"https:\\\/\\\/esi.uclm.es\\\/index.php\\\/2025\\\/04\\\/08\\\/el-grupo-de-investigacion-air-participa-en-el-iii-foro-de-digitalizacion\\\/\"},\"author\":{\"name\":\"esiuclm\",\"@id\":\"https:\\\/\\\/esi.uclm.es\\\/#\\\/schema\\\/person\\\/d9a390095e8beeca5aced92acb17a530\"},\"headline\":\"El grupo de investigaci\u00f3n AIR participa en el III Foro de Digitalizaci\u00f3n\",\"datePublished\":\"2025-04-08T20:33:17+00:00\",\"dateModified\":\"2026-03-12T08:55:38+00:00\",\"mainEntityOfPage\":{\"@id\":\"https:\\\/\\\/esi.uclm.es\\\/index.php\\\/2025\\\/04\\\/08\\\/el-grupo-de-investigacion-air-participa-en-el-iii-foro-de-digitalizacion\\\/\"},\"wordCount\":418,\"commentCount\":0,\"publisher\":{\"@id\":\"https:\\\/\\\/esi.uclm.es\\\/#organization\"},\"image\":{\"@id\":\"https:\\\/\\\/esi.uclm.es\\\/index.php\\\/2025\\\/04\\\/08\\\/el-grupo-de-investigacion-air-participa-en-el-iii-foro-de-digitalizacion\\\/#primaryimage\"},\"thumbnailUrl\":\"https:\\\/\\\/esi.uclm.es\\\/assets\\\/uploads\\\/2025\\\/04\\\/albusac_alonso_web2.webp\",\"articleSection\":[\"Empresas\",\"General\"],\"inLanguage\":\"es\",\"potentialAction\":[{\"@type\":\"CommentAction\",\"name\":\"Comment\",\"target\":[\"https:\\\/\\\/esi.uclm.es\\\/index.php\\\/2025\\\/04\\\/08\\\/el-grupo-de-investigacion-air-participa-en-el-iii-foro-de-digitalizacion\\\/#respond\"]}]},{\"@type\":\"WebPage\",\"@id\":\"https:\\\/\\\/esi.uclm.es\\\/index.php\\\/2025\\\/04\\\/08\\\/el-grupo-de-investigacion-air-participa-en-el-iii-foro-de-digitalizacion\\\/\",\"url\":\"https:\\\/\\\/esi.uclm.es\\\/index.php\\\/2025\\\/04\\\/08\\\/el-grupo-de-investigacion-air-participa-en-el-iii-foro-de-digitalizacion\\\/\",\"name\":\"El grupo de investigaci\u00f3n AIR participa en el III Foro de Digitalizaci\u00f3n - Escuela Superior de Inform\u00e1tica de UCLM\",\"isPartOf\":{\"@id\":\"https:\\\/\\\/esi.uclm.es\\\/#website\"},\"primaryImageOfPage\":{\"@id\":\"https:\\\/\\\/esi.uclm.es\\\/index.php\\\/2025\\\/04\\\/08\\\/el-grupo-de-investigacion-air-participa-en-el-iii-foro-de-digitalizacion\\\/#primaryimage\"},\"image\":{\"@id\":\"https:\\\/\\\/esi.uclm.es\\\/index.php\\\/2025\\\/04\\\/08\\\/el-grupo-de-investigacion-air-participa-en-el-iii-foro-de-digitalizacion\\\/#primaryimage\"},\"thumbnailUrl\":\"https:\\\/\\\/esi.uclm.es\\\/assets\\\/uploads\\\/2025\\\/04\\\/albusac_alonso_web2.webp\",\"datePublished\":\"2025-04-08T20:33:17+00:00\",\"dateModified\":\"2026-03-12T08:55:38+00:00\",\"description\":\"El\u00a0Grupo de Investigaci\u00f3n AIR\u00a0 de la\u00a0Escuela Superior de Inform\u00e1tica de Ciudad Real (UCLM)\u00a0fue invitado por la\u00a0C\u00e1mara de Comercio de Ciudad Real\u00a0a participar en el\u00a0III Foro de Digitalizaci\u00f3n Kit Digital, celebrado el pasado\u00a02 de abril\u00a0en su Sal\u00f3n de Actos. En el evento, \u00a0Javier Albusac, Jos\u00e9 Jes\u00fas Castro S\u00e1nchez y Rub\u00e9n Grande Mu\u00f1oz\u00a0presentaron el proyecto\u00a0VRZOCO, una innovadora plataforma de comercio electr\u00f3nico basada en realidad virtual, realidad aumentada e inteligencia artificial, financiado por el\u00a0Ministerio de Ciencia, Innovaci\u00f3n y Universidades.\",\"breadcrumb\":{\"@id\":\"https:\\\/\\\/esi.uclm.es\\\/index.php\\\/2025\\\/04\\\/08\\\/el-grupo-de-investigacion-air-participa-en-el-iii-foro-de-digitalizacion\\\/#breadcrumb\"},\"inLanguage\":\"es\",\"potentialAction\":[{\"@type\":\"ReadAction\",\"target\":[\"https:\\\/\\\/esi.uclm.es\\\/index.php\\\/2025\\\/04\\\/08\\\/el-grupo-de-investigacion-air-participa-en-el-iii-foro-de-digitalizacion\\\/\"]}]},{\"@type\":\"ImageObject\",\"inLanguage\":\"es\",\"@id\":\"https:\\\/\\\/esi.uclm.es\\\/index.php\\\/2025\\\/04\\\/08\\\/el-grupo-de-investigacion-air-participa-en-el-iii-foro-de-digitalizacion\\\/#primaryimage\",\"url\":\"https:\\\/\\\/esi.uclm.es\\\/assets\\\/uploads\\\/2025\\\/04\\\/albusac_alonso_web2.webp\",\"contentUrl\":\"https:\\\/\\\/esi.uclm.es\\\/assets\\\/uploads\\\/2025\\\/04\\\/albusac_alonso_web2.webp\",\"width\":1000,\"height\":563,\"caption\":\"Chema Alonso y Javier Albusac\"},{\"@type\":\"BreadcrumbList\",\"@id\":\"https:\\\/\\\/esi.uclm.es\\\/index.php\\\/2025\\\/04\\\/08\\\/el-grupo-de-investigacion-air-participa-en-el-iii-foro-de-digitalizacion\\\/#breadcrumb\",\"itemListElement\":[{\"@type\":\"ListItem\",\"position\":1,\"name\":\"Portada\",\"item\":\"https:\\\/\\\/esi.uclm.es\\\/\"},{\"@type\":\"ListItem\",\"position\":2,\"name\":\"El grupo de investigaci\u00f3n AIR participa en el III Foro de Digitalizaci\u00f3n\"}]},{\"@type\":\"WebSite\",\"@id\":\"https:\\\/\\\/esi.uclm.es\\\/#website\",\"url\":\"https:\\\/\\\/esi.uclm.es\\\/\",\"name\":\"Escuela Superior de Inform\u00e1tica de UCLM en Ciudad Real, Castilla-La Mancha\",\"description\":\"La Escuela Superior de Inform\u00e1tica de Ciudad Real (Castilla-La Mancha), Universidad de Castilla-La Mancha es un centro universitario que imparte el ciclo completo de Ingenier\u00eda en Inform\u00e1tica: grado, m\u00e1ster y doctorado.\",\"publisher\":{\"@id\":\"https:\\\/\\\/esi.uclm.es\\\/#organization\"},\"potentialAction\":[{\"@type\":\"SearchAction\",\"target\":{\"@type\":\"EntryPoint\",\"urlTemplate\":\"https:\\\/\\\/esi.uclm.es\\\/?s={search_term_string}\"},\"query-input\":{\"@type\":\"PropertyValueSpecification\",\"valueRequired\":true,\"valueName\":\"search_term_string\"}}],\"inLanguage\":\"es\"},{\"@type\":\"Organization\",\"@id\":\"https:\\\/\\\/esi.uclm.es\\\/#organization\",\"name\":\"Escuela Superior de Inform\u00e1tica de UCLM\",\"url\":\"https:\\\/\\\/esi.uclm.es\\\/\",\"logo\":{\"@type\":\"ImageObject\",\"inLanguage\":\"es\",\"@id\":\"https:\\\/\\\/esi.uclm.es\\\/#\\\/schema\\\/logo\\\/image\\\/\",\"url\":\"https:\\\/\\\/esi.uclm.es\\\/assets\\\/uploads\\\/2022\\\/03\\\/LogoESI_cabecera-1.png\",\"contentUrl\":\"https:\\\/\\\/esi.uclm.es\\\/assets\\\/uploads\\\/2022\\\/03\\\/LogoESI_cabecera-1.png\",\"width\":460,\"height\":184,\"caption\":\"Escuela Superior de Inform\u00e1tica de UCLM\"},\"image\":{\"@id\":\"https:\\\/\\\/esi.uclm.es\\\/#\\\/schema\\\/logo\\\/image\\\/\"},\"sameAs\":[\"https:\\\/\\\/www.facebook.com\\\/Escuela-Superior-de-Informtica-543261809027158\",\"https:\\\/\\\/x.com\\\/esiuclm\",\"https:\\\/\\\/www.instagram.com\\\/esiuclm\\\/\",\"https:\\\/\\\/www.youtube.com\\\/user\\\/esiuclm\",\"https:\\\/\\\/www.twitch.tv\\\/esiuclm\",\"https:\\\/\\\/www.linkedin.com\\\/company\\\/12656631\\\/admin\\\/\"]},{\"@type\":\"Person\",\"@id\":\"https:\\\/\\\/esi.uclm.es\\\/#\\\/schema\\\/person\\\/d9a390095e8beeca5aced92acb17a530\",\"name\":\"esiuclm\",\"image\":{\"@type\":\"ImageObject\",\"inLanguage\":\"es\",\"@id\":\"https:\\\/\\\/secure.gravatar.com\\\/avatar\\\/ff32e6f445454691c713484fe154c7002761ecabfa4cfa2fea57c231744892da?s=96&d=mm&r=g\",\"url\":\"https:\\\/\\\/secure.gravatar.com\\\/avatar\\\/ff32e6f445454691c713484fe154c7002761ecabfa4cfa2fea57c231744892da?s=96&d=mm&r=g\",\"contentUrl\":\"https:\\\/\\\/secure.gravatar.com\\\/avatar\\\/ff32e6f445454691c713484fe154c7002761ecabfa4cfa2fea57c231744892da?s=96&d=mm&r=g\",\"caption\":\"esiuclm\"},\"sameAs\":[\"https:\\\/\\\/esi.uclm.es\"],\"url\":\"https:\\\/\\\/esi.uclm.es\\\/index.php\\\/author\\\/esiadmin\\\/\"}]}<\/script>\n<!-- \/ Yoast SEO plugin. -->","yoast_head_json":{"title":"El grupo de investigaci\u00f3n AIR participa en el III Foro de Digitalizaci\u00f3n - Escuela Superior de Inform\u00e1tica de UCLM","description":"El\u00a0Grupo de Investigaci\u00f3n AIR\u00a0 de la\u00a0Escuela Superior de Inform\u00e1tica de Ciudad Real (UCLM)\u00a0fue invitado por la\u00a0C\u00e1mara de Comercio de Ciudad Real\u00a0a participar en el\u00a0III Foro de Digitalizaci\u00f3n Kit Digital, celebrado el pasado\u00a02 de abril\u00a0en su Sal\u00f3n de Actos. En el evento, \u00a0Javier Albusac, Jos\u00e9 Jes\u00fas Castro S\u00e1nchez y Rub\u00e9n Grande Mu\u00f1oz\u00a0presentaron el proyecto\u00a0VRZOCO, una innovadora plataforma de comercio electr\u00f3nico basada en realidad virtual, realidad aumentada e inteligencia artificial, financiado por el\u00a0Ministerio de Ciencia, Innovaci\u00f3n y Universidades.","robots":{"index":"index","follow":"follow","max-snippet":"max-snippet:-1","max-image-preview":"max-image-preview:large","max-video-preview":"max-video-preview:-1"},"canonical":"https:\/\/esi.uclm.es\/index.php\/2025\/04\/08\/el-grupo-de-investigacion-air-participa-en-el-iii-foro-de-digitalizacion\/","og_locale":"es_ES","og_type":"article","og_title":"El grupo de investigaci\u00f3n AIR participa en el III Foro de Digitalizaci\u00f3n - Escuela Superior de Inform\u00e1tica de UCLM","og_description":"El\u00a0Grupo de Investigaci\u00f3n AIR\u00a0 de la\u00a0Escuela Superior de Inform\u00e1tica de Ciudad Real (UCLM)\u00a0fue invitado por la\u00a0C\u00e1mara de Comercio de Ciudad Real\u00a0a participar en el\u00a0III Foro de Digitalizaci\u00f3n Kit Digital, celebrado el pasado\u00a02 de abril\u00a0en su Sal\u00f3n de Actos. En el evento, \u00a0Javier Albusac, Jos\u00e9 Jes\u00fas Castro S\u00e1nchez y Rub\u00e9n Grande Mu\u00f1oz\u00a0presentaron el proyecto\u00a0VRZOCO, una innovadora plataforma de comercio electr\u00f3nico basada en realidad virtual, realidad aumentada e inteligencia artificial, financiado por el\u00a0Ministerio de Ciencia, Innovaci\u00f3n y Universidades.","og_url":"https:\/\/esi.uclm.es\/index.php\/2025\/04\/08\/el-grupo-de-investigacion-air-participa-en-el-iii-foro-de-digitalizacion\/","og_site_name":"Escuela Superior de Inform\u00e1tica de UCLM","article_publisher":"https:\/\/www.facebook.com\/Escuela-Superior-de-Informtica-543261809027158","article_published_time":"2025-04-08T20:33:17+00:00","article_modified_time":"2026-03-12T08:55:38+00:00","og_image":[{"width":1000,"height":563,"url":"http:\/\/esi.uclm.es\/assets\/uploads\/2025\/04\/albusac_alonso_web2.webp","type":"image\/webp"}],"author":"esiuclm","twitter_card":"summary_large_image","twitter_creator":"@esiuclm","twitter_site":"@esiuclm","twitter_misc":{"Escrito por":"esiuclm","Tiempo de lectura":"3 minutos"},"schema":{"@context":"https:\/\/schema.org","@graph":[{"@type":"Article","@id":"https:\/\/esi.uclm.es\/index.php\/2025\/04\/08\/el-grupo-de-investigacion-air-participa-en-el-iii-foro-de-digitalizacion\/#article","isPartOf":{"@id":"https:\/\/esi.uclm.es\/index.php\/2025\/04\/08\/el-grupo-de-investigacion-air-participa-en-el-iii-foro-de-digitalizacion\/"},"author":{"name":"esiuclm","@id":"https:\/\/esi.uclm.es\/#\/schema\/person\/d9a390095e8beeca5aced92acb17a530"},"headline":"El grupo de investigaci\u00f3n AIR participa en el III Foro de Digitalizaci\u00f3n","datePublished":"2025-04-08T20:33:17+00:00","dateModified":"2026-03-12T08:55:38+00:00","mainEntityOfPage":{"@id":"https:\/\/esi.uclm.es\/index.php\/2025\/04\/08\/el-grupo-de-investigacion-air-participa-en-el-iii-foro-de-digitalizacion\/"},"wordCount":418,"commentCount":0,"publisher":{"@id":"https:\/\/esi.uclm.es\/#organization"},"image":{"@id":"https:\/\/esi.uclm.es\/index.php\/2025\/04\/08\/el-grupo-de-investigacion-air-participa-en-el-iii-foro-de-digitalizacion\/#primaryimage"},"thumbnailUrl":"https:\/\/esi.uclm.es\/assets\/uploads\/2025\/04\/albusac_alonso_web2.webp","articleSection":["Empresas","General"],"inLanguage":"es","potentialAction":[{"@type":"CommentAction","name":"Comment","target":["https:\/\/esi.uclm.es\/index.php\/2025\/04\/08\/el-grupo-de-investigacion-air-participa-en-el-iii-foro-de-digitalizacion\/#respond"]}]},{"@type":"WebPage","@id":"https:\/\/esi.uclm.es\/index.php\/2025\/04\/08\/el-grupo-de-investigacion-air-participa-en-el-iii-foro-de-digitalizacion\/","url":"https:\/\/esi.uclm.es\/index.php\/2025\/04\/08\/el-grupo-de-investigacion-air-participa-en-el-iii-foro-de-digitalizacion\/","name":"El grupo de investigaci\u00f3n AIR participa en el III Foro de Digitalizaci\u00f3n - Escuela Superior de Inform\u00e1tica de UCLM","isPartOf":{"@id":"https:\/\/esi.uclm.es\/#website"},"primaryImageOfPage":{"@id":"https:\/\/esi.uclm.es\/index.php\/2025\/04\/08\/el-grupo-de-investigacion-air-participa-en-el-iii-foro-de-digitalizacion\/#primaryimage"},"image":{"@id":"https:\/\/esi.uclm.es\/index.php\/2025\/04\/08\/el-grupo-de-investigacion-air-participa-en-el-iii-foro-de-digitalizacion\/#primaryimage"},"thumbnailUrl":"https:\/\/esi.uclm.es\/assets\/uploads\/2025\/04\/albusac_alonso_web2.webp","datePublished":"2025-04-08T20:33:17+00:00","dateModified":"2026-03-12T08:55:38+00:00","description":"El\u00a0Grupo de Investigaci\u00f3n AIR\u00a0 de la\u00a0Escuela Superior de Inform\u00e1tica de Ciudad Real (UCLM)\u00a0fue invitado por la\u00a0C\u00e1mara de Comercio de Ciudad Real\u00a0a participar en el\u00a0III Foro de Digitalizaci\u00f3n Kit Digital, celebrado el pasado\u00a02 de abril\u00a0en su Sal\u00f3n de Actos. En el evento, \u00a0Javier Albusac, Jos\u00e9 Jes\u00fas Castro S\u00e1nchez y Rub\u00e9n Grande Mu\u00f1oz\u00a0presentaron el proyecto\u00a0VRZOCO, una innovadora plataforma de comercio electr\u00f3nico basada en realidad virtual, realidad aumentada e inteligencia artificial, financiado por el\u00a0Ministerio de Ciencia, Innovaci\u00f3n y Universidades.","breadcrumb":{"@id":"https:\/\/esi.uclm.es\/index.php\/2025\/04\/08\/el-grupo-de-investigacion-air-participa-en-el-iii-foro-de-digitalizacion\/#breadcrumb"},"inLanguage":"es","potentialAction":[{"@type":"ReadAction","target":["https:\/\/esi.uclm.es\/index.php\/2025\/04\/08\/el-grupo-de-investigacion-air-participa-en-el-iii-foro-de-digitalizacion\/"]}]},{"@type":"ImageObject","inLanguage":"es","@id":"https:\/\/esi.uclm.es\/index.php\/2025\/04\/08\/el-grupo-de-investigacion-air-participa-en-el-iii-foro-de-digitalizacion\/#primaryimage","url":"https:\/\/esi.uclm.es\/assets\/uploads\/2025\/04\/albusac_alonso_web2.webp","contentUrl":"https:\/\/esi.uclm.es\/assets\/uploads\/2025\/04\/albusac_alonso_web2.webp","width":1000,"height":563,"caption":"Chema Alonso y Javier Albusac"},{"@type":"BreadcrumbList","@id":"https:\/\/esi.uclm.es\/index.php\/2025\/04\/08\/el-grupo-de-investigacion-air-participa-en-el-iii-foro-de-digitalizacion\/#breadcrumb","itemListElement":[{"@type":"ListItem","position":1,"name":"Portada","item":"https:\/\/esi.uclm.es\/"},{"@type":"ListItem","position":2,"name":"El grupo de investigaci\u00f3n AIR participa en el III Foro de Digitalizaci\u00f3n"}]},{"@type":"WebSite","@id":"https:\/\/esi.uclm.es\/#website","url":"https:\/\/esi.uclm.es\/","name":"Escuela Superior de Inform\u00e1tica de UCLM en Ciudad Real, Castilla-La Mancha","description":"La Escuela Superior de Inform\u00e1tica de Ciudad Real (Castilla-La Mancha), Universidad de Castilla-La Mancha es un centro universitario que imparte el ciclo completo de Ingenier\u00eda en Inform\u00e1tica: grado, m\u00e1ster y doctorado.","publisher":{"@id":"https:\/\/esi.uclm.es\/#organization"},"potentialAction":[{"@type":"SearchAction","target":{"@type":"EntryPoint","urlTemplate":"https:\/\/esi.uclm.es\/?s={search_term_string}"},"query-input":{"@type":"PropertyValueSpecification","valueRequired":true,"valueName":"search_term_string"}}],"inLanguage":"es"},{"@type":"Organization","@id":"https:\/\/esi.uclm.es\/#organization","name":"Escuela Superior de Inform\u00e1tica de UCLM","url":"https:\/\/esi.uclm.es\/","logo":{"@type":"ImageObject","inLanguage":"es","@id":"https:\/\/esi.uclm.es\/#\/schema\/logo\/image\/","url":"https:\/\/esi.uclm.es\/assets\/uploads\/2022\/03\/LogoESI_cabecera-1.png","contentUrl":"https:\/\/esi.uclm.es\/assets\/uploads\/2022\/03\/LogoESI_cabecera-1.png","width":460,"height":184,"caption":"Escuela Superior de Inform\u00e1tica de UCLM"},"image":{"@id":"https:\/\/esi.uclm.es\/#\/schema\/logo\/image\/"},"sameAs":["https:\/\/www.facebook.com\/Escuela-Superior-de-Informtica-543261809027158","https:\/\/x.com\/esiuclm","https:\/\/www.instagram.com\/esiuclm\/","https:\/\/www.youtube.com\/user\/esiuclm","https:\/\/www.twitch.tv\/esiuclm","https:\/\/www.linkedin.com\/company\/12656631\/admin\/"]},{"@type":"Person","@id":"https:\/\/esi.uclm.es\/#\/schema\/person\/d9a390095e8beeca5aced92acb17a530","name":"esiuclm","image":{"@type":"ImageObject","inLanguage":"es","@id":"https:\/\/secure.gravatar.com\/avatar\/ff32e6f445454691c713484fe154c7002761ecabfa4cfa2fea57c231744892da?s=96&d=mm&r=g","url":"https:\/\/secure.gravatar.com\/avatar\/ff32e6f445454691c713484fe154c7002761ecabfa4cfa2fea57c231744892da?s=96&d=mm&r=g","contentUrl":"https:\/\/secure.gravatar.com\/avatar\/ff32e6f445454691c713484fe154c7002761ecabfa4cfa2fea57c231744892da?s=96&d=mm&r=g","caption":"esiuclm"},"sameAs":["https:\/\/esi.uclm.es"],"url":"https:\/\/esi.uclm.es\/index.php\/author\/esiadmin\/"}]}},"_links":{"self":[{"href":"https:\/\/esi.uclm.es\/index.php\/wp-json\/wp\/v2\/posts\/20632","targetHints":{"allow":["GET"]}}],"collection":[{"href":"https:\/\/esi.uclm.es\/index.php\/wp-json\/wp\/v2\/posts"}],"about":[{"href":"https:\/\/esi.uclm.es\/index.php\/wp-json\/wp\/v2\/types\/post"}],"author":[{"embeddable":true,"href":"https:\/\/esi.uclm.es\/index.php\/wp-json\/wp\/v2\/users\/1"}],"replies":[{"embeddable":true,"href":"https:\/\/esi.uclm.es\/index.php\/wp-json\/wp\/v2\/comments?post=20632"}],"version-history":[{"count":3,"href":"https:\/\/esi.uclm.es\/index.php\/wp-json\/wp\/v2\/posts\/20632\/revisions"}],"predecessor-version":[{"id":22869,"href":"https:\/\/esi.uclm.es\/index.php\/wp-json\/wp\/v2\/posts\/20632\/revisions\/22869"}],"wp:featuredmedia":[{"embeddable":true,"href":"https:\/\/esi.uclm.es\/index.php\/wp-json\/wp\/v2\/media\/20638"}],"wp:attachment":[{"href":"https:\/\/esi.uclm.es\/index.php\/wp-json\/wp\/v2\/media?parent=20632"}],"wp:term":[{"taxonomy":"category","embeddable":true,"href":"https:\/\/esi.uclm.es\/index.php\/wp-json\/wp\/v2\/categories?post=20632"},{"taxonomy":"post_tag","embeddable":true,"href":"https:\/\/esi.uclm.es\/index.php\/wp-json\/wp\/v2\/tags?post=20632"}],"curies":[{"name":"wp","href":"https:\/\/api.w.org\/{rel}","templated":true}]}}