{"id":20370,"date":"2025-03-04T08:39:24","date_gmt":"2025-03-04T08:39:24","guid":{"rendered":"https:\/\/esi.uclm.es\/?p=20370"},"modified":"2025-03-24T06:17:14","modified_gmt":"2025-03-24T06:17:14","slug":"jornada-de-puertas-abiertas-2025","status":"publish","type":"post","link":"https:\/\/esi.uclm.es\/index.php\/2025\/03\/04\/jornada-de-puertas-abiertas-2025\/","title":{"rendered":"Jornada de puertas abiertas 2025"},"content":{"rendered":"\n<figure class=\"wp-block-audio\"><audio controls src=\"https:\/\/esi.uclm.es\/assets\/uploads\/2022\/06\/estudia_esi.mp3\"><\/audio><\/figure>\n\n\n\n<p>El domingo <strong>23 de marzo<\/strong>, la universidad de Castilla-La Mancha, celebra la <strong>jornada de puertas abiertas<\/strong> en el campus de Ciudad Real para abrir las puertas de todas las Facultades y Escuelas a las familias de los preuniversitarios y preuniversitarias que el pr\u00f3ximo curso comenzar\u00e1n su etapa universitaria. Para participar es recomendable <a href=\"https:\/\/eventos.uclm.es\/130330\/detail\/jornadas-de-puertas-abiertas-en-la-uclm-2025.html\" target=\"_blank\" rel=\"noreferrer noopener\">tu inscripci\u00f3n<\/a>. <\/p>\n\n\n<div class=\"su-box su-box-style-default\" id=\"\" style=\"border-color:#c2c2c2;border-radius:3px;max-width:none\"><div class=\"su-box-title\" style=\"background-color:#f5f5f5;color:#000000;border-top-left-radius:1px;border-top-right-radius:1px\">Jornada de Puertas abiertas<\/div><div class=\"su-box-content su-u-clearfix su-u-trim\" style=\"border-bottom-left-radius:1px;border-bottom-right-radius:1px\"><a href=\"https:\/\/eventos.uclm.es\/130330\/detail\/jornadas-de-puertas-abiertas-en-la-uclm-2025.html\">Acceso a la inscripci\u00f3n de la jornada de puertas abiertas 2025<\/a> <\/div><\/div>\n\n\n\n<p>La <a href=\"https:\/\/esi.uclm.es\/assets\/uploads\/2025\/03\/PuertasAbiertas_2025_CR.pdf\">agenda<\/a> de la jornada ser\u00e1 la siguiente:<\/p>\n\n\n\n<ul class=\"wp-block-list\">\n<li><strong>10:00-10:15h<\/strong> Llegada al Paraninfo Luis Arroyo (Ronda de Calatrava, frente al Hotel Do\u00f1a Carlota)<\/li>\n\n\n\n<li><strong>10:15-10:45h<\/strong> Charla general en el Paraninfo<\/li>\n\n\n\n<li><strong>10:45-12:00h<\/strong> Feria Estudia en la UCLM, donde podr\u00e1s visitar el stand de la Escuela Superior de Inform\u00e1tica en el hall del Paraninfo.<\/li>\n\n\n\n<li><strong>12:00h-13.30h<\/strong> Visita guiada a la Escuela Superior de Inform\u00e1tica, donde te mostraremos las posibilidades que ofrece la Ingenier\u00eda Inform\u00e1tica en el presente y futuro, as\u00ed como nuestras instalaciones con demostraciones incluidas en nuestros laboratorios.<\/li>\n<\/ul>\n\n\n\n<h2 class=\"wp-block-heading\"><strong>Enlaces de inter\u00e9s<\/strong><\/h2>\n\n\n\n<p><a href=\"https:\/\/esi.uclm.es\/index.php\/2025\/01\/08\/oferta-de-titulos-2025-2026\/\">[+] Oferta de t\u00edtulos para el curso 2025-2026<\/a><\/p>\n\n\n\n<p><a href=\"https:\/\/esi.uclm.es\/index.php\/2025\/02\/11\/nuevo-doble-grado-informatica-y-ade\/\">[+] Doble grado en Ingenier\u00eda Inform\u00e1tica y Direcci\u00f3n y Administraci\u00f3n de Empresas<\/a><\/p>\n\n\n\n<p><a href=\"https:\/\/esi.uclm.es\/index.php\/2025\/01\/07\/estudia-ingenieria-informatica-estudia-en-la-esi\/\">[+] Estudia Ingenier\u00eda Inform\u00e1tica, estudia en la ESI<\/a><\/p>\n\n\n\n<h2 class=\"wp-block-heading\"><strong>Oferta de t\u00edtulos<\/strong><\/h2>\n\n\n\n<figure class=\"wp-block-gallery aligncenter has-nested-images columns-default is-cropped wp-block-gallery-1 is-layout-flex wp-block-gallery-is-layout-flex\">\n<figure class=\"wp-block-image size-large\"><a href=\"https:\/\/esi.uclm.es\/assets\/uploads\/2024\/12\/grado.jpeg\"><img loading=\"lazy\" decoding=\"async\" width=\"728\" height=\"1024\" data-id=\"20100\" src=\"https:\/\/esi.uclm.es\/assets\/uploads\/2024\/12\/grado-728x1024.jpeg\" alt=\"\" class=\"wp-image-20100\" srcset=\"https:\/\/esi.uclm.es\/assets\/uploads\/2024\/12\/grado-728x1024.jpeg 728w, https:\/\/esi.uclm.es\/assets\/uploads\/2024\/12\/grado-213x300.jpeg 213w, https:\/\/esi.uclm.es\/assets\/uploads\/2024\/12\/grado-768x1080.jpeg 768w, https:\/\/esi.uclm.es\/assets\/uploads\/2024\/12\/grado-9x12.jpeg 9w, https:\/\/esi.uclm.es\/assets\/uploads\/2024\/12\/grado.jpeg 910w\" sizes=\"auto, (max-width: 728px) 100vw, 728px\" \/><\/a><\/figure>\n\n\n\n<figure class=\"wp-block-image size-large\"><a href=\"https:\/\/esi.uclm.es\/assets\/uploads\/2024\/12\/doble_grado.jpeg\"><img loading=\"lazy\" decoding=\"async\" width=\"728\" height=\"1024\" data-id=\"20101\" src=\"https:\/\/esi.uclm.es\/assets\/uploads\/2024\/12\/doble_grado-728x1024.jpeg\" alt=\"\" class=\"wp-image-20101\" srcset=\"https:\/\/esi.uclm.es\/assets\/uploads\/2024\/12\/doble_grado-728x1024.jpeg 728w, https:\/\/esi.uclm.es\/assets\/uploads\/2024\/12\/doble_grado-213x300.jpeg 213w, https:\/\/esi.uclm.es\/assets\/uploads\/2024\/12\/doble_grado-768x1080.jpeg 768w, https:\/\/esi.uclm.es\/assets\/uploads\/2024\/12\/doble_grado-9x12.jpeg 9w, https:\/\/esi.uclm.es\/assets\/uploads\/2024\/12\/doble_grado.jpeg 910w\" sizes=\"auto, (max-width: 728px) 100vw, 728px\" \/><\/a><\/figure>\n\n\n\n<figure class=\"wp-block-image size-large\"><a href=\"https:\/\/esi.uclm.es\/assets\/uploads\/2024\/12\/master.jpeg\"><img loading=\"lazy\" decoding=\"async\" width=\"728\" height=\"1024\" data-id=\"20102\" src=\"https:\/\/esi.uclm.es\/assets\/uploads\/2024\/12\/master-728x1024.jpeg\" alt=\"\" class=\"wp-image-20102\" srcset=\"https:\/\/esi.uclm.es\/assets\/uploads\/2024\/12\/master-728x1024.jpeg 728w, https:\/\/esi.uclm.es\/assets\/uploads\/2024\/12\/master-213x300.jpeg 213w, https:\/\/esi.uclm.es\/assets\/uploads\/2024\/12\/master-768x1080.jpeg 768w, https:\/\/esi.uclm.es\/assets\/uploads\/2024\/12\/master-9x12.jpeg 9w, https:\/\/esi.uclm.es\/assets\/uploads\/2024\/12\/master.jpeg 910w\" sizes=\"auto, (max-width: 728px) 100vw, 728px\" \/><\/a><\/figure>\n<\/figure>\n\n\n\n<figure class=\"wp-block-gallery aligncenter has-nested-images columns-default is-cropped wp-block-gallery-2 is-layout-flex wp-block-gallery-is-layout-flex\">\n<figure class=\"wp-block-image size-large\"><a href=\"https:\/\/esi.uclm.es\/assets\/uploads\/2024\/12\/Master_bigdata.jpeg\"><img loading=\"lazy\" decoding=\"async\" width=\"728\" height=\"1024\" data-id=\"20105\" src=\"https:\/\/esi.uclm.es\/assets\/uploads\/2024\/12\/Master_bigdata-728x1024.jpeg\" alt=\"\" class=\"wp-image-20105\" srcset=\"https:\/\/esi.uclm.es\/assets\/uploads\/2024\/12\/Master_bigdata-728x1024.jpeg 728w, https:\/\/esi.uclm.es\/assets\/uploads\/2024\/12\/Master_bigdata-213x300.jpeg 213w, https:\/\/esi.uclm.es\/assets\/uploads\/2024\/12\/Master_bigdata-768x1080.jpeg 768w, https:\/\/esi.uclm.es\/assets\/uploads\/2024\/12\/Master_bigdata-9x12.jpeg 9w, https:\/\/esi.uclm.es\/assets\/uploads\/2024\/12\/Master_bigdata.jpeg 910w\" sizes=\"auto, (max-width: 728px) 100vw, 728px\" \/><\/a><\/figure>\n\n\n\n<figure class=\"wp-block-image size-large\"><a href=\"https:\/\/esi.uclm.es\/assets\/uploads\/2024\/12\/Master_IA.jpeg\"><img loading=\"lazy\" decoding=\"async\" width=\"728\" height=\"1024\" data-id=\"20106\" src=\"https:\/\/esi.uclm.es\/assets\/uploads\/2024\/12\/Master_IA-728x1024.jpeg\" alt=\"\" class=\"wp-image-20106\" srcset=\"https:\/\/esi.uclm.es\/assets\/uploads\/2024\/12\/Master_IA-728x1024.jpeg 728w, https:\/\/esi.uclm.es\/assets\/uploads\/2024\/12\/Master_IA-213x300.jpeg 213w, https:\/\/esi.uclm.es\/assets\/uploads\/2024\/12\/Master_IA-768x1080.jpeg 768w, https:\/\/esi.uclm.es\/assets\/uploads\/2024\/12\/Master_IA-9x12.jpeg 9w, https:\/\/esi.uclm.es\/assets\/uploads\/2024\/12\/Master_IA.jpeg 910w\" sizes=\"auto, (max-width: 728px) 100vw, 728px\" \/><\/a><\/figure>\n<\/figure>\n\n\n\n<div style=\"height:37px\" aria-hidden=\"true\" class=\"wp-block-spacer\"><\/div>\n\n\n\n<h2 class=\"wp-block-heading\"><strong>Jornadas de puertas abiertas anteriores<\/strong><\/h2>\n\n\n\n<div style=\"height:39px\" aria-hidden=\"true\" class=\"wp-block-spacer\"><\/div>\n\n\n\n<figure class=\"wp-block-embed is-type-video is-provider-youtube wp-block-embed-youtube wp-embed-aspect-16-9 wp-has-aspect-ratio\"><div class=\"wp-block-embed__wrapper\">\n<iframe loading=\"lazy\" title=\"Jornada de puertas abiertas 2024\" width=\"1060\" height=\"596\" src=\"https:\/\/www.youtube.com\/embed\/7tNztYot9fE?feature=oembed\" frameborder=\"0\" allow=\"accelerometer; autoplay; clipboard-write; encrypted-media; gyroscope; picture-in-picture; web-share\" referrerpolicy=\"strict-origin-when-cross-origin\" allowfullscreen><\/iframe>\n<\/div><\/figure>\n\n\n\n<figure class=\"wp-block-embed is-type-video is-provider-youtube wp-block-embed-youtube wp-embed-aspect-16-9 wp-has-aspect-ratio\"><div class=\"wp-block-embed__wrapper\">\n<iframe loading=\"lazy\" title=\"Jornada de Puertas Abiertas en la ESI 2023\" width=\"1060\" height=\"596\" src=\"https:\/\/www.youtube.com\/embed\/S1x8KdAdZ6E?feature=oembed\" frameborder=\"0\" allow=\"accelerometer; autoplay; clipboard-write; encrypted-media; gyroscope; picture-in-picture; web-share\" referrerpolicy=\"strict-origin-when-cross-origin\" allowfullscreen><\/iframe>\n<\/div><\/figure>\n","protected":false},"excerpt":{"rendered":"<p>El domingo 23 de marzo, la universidad de Castilla-La Mancha, celebra la jornada de puertas abiertas en el campus de Ciudad Real para abrir las puertas de todas las Facultades y Escuelas a las familias de los preuniversitarios y preuniversitarias que el pr\u00f3ximo curso comenzar\u00e1n [&hellip;]<\/p>\n","protected":false},"author":1,"featured_media":15272,"comment_status":"open","ping_status":"open","sticky":false,"template":"","format":"standard","meta":{"footnotes":""},"categories":[619],"tags":[],"class_list":["post-20370","post","type-post","status-publish","format-standard","has-post-thumbnail","hentry","category-general"],"yoast_head":"<!-- This site is optimized with the Yoast SEO plugin v27.4 - https:\/\/yoast.com\/product\/yoast-seo-wordpress\/ -->\n<title>Jornada de puertas abiertas 2025 - Escuela Superior de Inform\u00e1tica de UCLM<\/title>\n<meta name=\"description\" content=\"\u00bfQuieres estudiar ingenier\u00eda inform\u00e1tica? ya puedes visitar la Escuela Superior de Inform\u00e1tica junto con tu familia, inscripci\u00f3n abierta. Te explicamos como la Ingenier\u00eda Inform\u00e1tica puede proporcionarte un futuro estable.\" \/>\n<meta name=\"robots\" content=\"index, follow, max-snippet:-1, max-image-preview:large, max-video-preview:-1\" \/>\n<link rel=\"canonical\" href=\"https:\/\/esi.uclm.es\/index.php\/2025\/03\/04\/jornada-de-puertas-abiertas-2025\/\" \/>\n<meta property=\"og:locale\" content=\"es_ES\" \/>\n<meta property=\"og:type\" content=\"article\" \/>\n<meta property=\"og:title\" content=\"Jornada de puertas abiertas 2025 - Escuela Superior de Inform\u00e1tica de UCLM\" \/>\n<meta property=\"og:description\" content=\"\u00bfQuieres estudiar ingenier\u00eda inform\u00e1tica? ya puedes visitar la Escuela Superior de Inform\u00e1tica junto con tu familia, inscripci\u00f3n abierta. Te explicamos como la Ingenier\u00eda Inform\u00e1tica puede proporcionarte un futuro estable.\" \/>\n<meta property=\"og:url\" content=\"https:\/\/esi.uclm.es\/index.php\/2025\/03\/04\/jornada-de-puertas-abiertas-2025\/\" \/>\n<meta property=\"og:site_name\" content=\"Escuela Superior de Inform\u00e1tica de UCLM\" \/>\n<meta property=\"article:publisher\" content=\"https:\/\/www.facebook.com\/Escuela-Superior-de-Informtica-543261809027158\" \/>\n<meta property=\"article:published_time\" content=\"2025-03-04T08:39:24+00:00\" \/>\n<meta property=\"article:modified_time\" content=\"2025-03-24T06:17:14+00:00\" \/>\n<meta property=\"og:image\" content=\"http:\/\/esi.uclm.es\/assets\/uploads\/2023\/04\/portada_jornada2023_r.jpg\" \/>\n\t<meta property=\"og:image:width\" content=\"1024\" \/>\n\t<meta property=\"og:image:height\" content=\"667\" \/>\n\t<meta property=\"og:image:type\" content=\"image\/jpeg\" \/>\n<meta name=\"author\" content=\"esiuclm\" \/>\n<meta name=\"twitter:card\" content=\"summary_large_image\" \/>\n<meta name=\"twitter:creator\" content=\"@esiuclm\" \/>\n<meta name=\"twitter:site\" content=\"@esiuclm\" \/>\n<meta name=\"twitter:label1\" content=\"Escrito por\" \/>\n\t<meta name=\"twitter:data1\" content=\"esiuclm\" \/>\n\t<meta name=\"twitter:label2\" content=\"Tiempo de lectura\" \/>\n\t<meta name=\"twitter:data2\" content=\"3 minutos\" \/>\n<script type=\"application\/ld+json\" class=\"yoast-schema-graph\">{\"@context\":\"https:\\\/\\\/schema.org\",\"@graph\":[{\"@type\":\"Article\",\"@id\":\"https:\\\/\\\/esi.uclm.es\\\/index.php\\\/2025\\\/03\\\/04\\\/jornada-de-puertas-abiertas-2025\\\/#article\",\"isPartOf\":{\"@id\":\"https:\\\/\\\/esi.uclm.es\\\/index.php\\\/2025\\\/03\\\/04\\\/jornada-de-puertas-abiertas-2025\\\/\"},\"author\":{\"name\":\"esiuclm\",\"@id\":\"https:\\\/\\\/esi.uclm.es\\\/#\\\/schema\\\/person\\\/d9a390095e8beeca5aced92acb17a530\"},\"headline\":\"Jornada de puertas abiertas 2025\",\"datePublished\":\"2025-03-04T08:39:24+00:00\",\"dateModified\":\"2025-03-24T06:17:14+00:00\",\"mainEntityOfPage\":{\"@id\":\"https:\\\/\\\/esi.uclm.es\\\/index.php\\\/2025\\\/03\\\/04\\\/jornada-de-puertas-abiertas-2025\\\/\"},\"wordCount\":244,\"commentCount\":0,\"publisher\":{\"@id\":\"https:\\\/\\\/esi.uclm.es\\\/#organization\"},\"image\":{\"@id\":\"https:\\\/\\\/esi.uclm.es\\\/index.php\\\/2025\\\/03\\\/04\\\/jornada-de-puertas-abiertas-2025\\\/#primaryimage\"},\"thumbnailUrl\":\"https:\\\/\\\/esi.uclm.es\\\/assets\\\/uploads\\\/2023\\\/04\\\/portada_jornada2023_r.jpg\",\"articleSection\":[\"General\"],\"inLanguage\":\"es\",\"potentialAction\":[{\"@type\":\"CommentAction\",\"name\":\"Comment\",\"target\":[\"https:\\\/\\\/esi.uclm.es\\\/index.php\\\/2025\\\/03\\\/04\\\/jornada-de-puertas-abiertas-2025\\\/#respond\"]}]},{\"@type\":\"WebPage\",\"@id\":\"https:\\\/\\\/esi.uclm.es\\\/index.php\\\/2025\\\/03\\\/04\\\/jornada-de-puertas-abiertas-2025\\\/\",\"url\":\"https:\\\/\\\/esi.uclm.es\\\/index.php\\\/2025\\\/03\\\/04\\\/jornada-de-puertas-abiertas-2025\\\/\",\"name\":\"Jornada de puertas abiertas 2025 - Escuela Superior de Inform\u00e1tica de UCLM\",\"isPartOf\":{\"@id\":\"https:\\\/\\\/esi.uclm.es\\\/#website\"},\"primaryImageOfPage\":{\"@id\":\"https:\\\/\\\/esi.uclm.es\\\/index.php\\\/2025\\\/03\\\/04\\\/jornada-de-puertas-abiertas-2025\\\/#primaryimage\"},\"image\":{\"@id\":\"https:\\\/\\\/esi.uclm.es\\\/index.php\\\/2025\\\/03\\\/04\\\/jornada-de-puertas-abiertas-2025\\\/#primaryimage\"},\"thumbnailUrl\":\"https:\\\/\\\/esi.uclm.es\\\/assets\\\/uploads\\\/2023\\\/04\\\/portada_jornada2023_r.jpg\",\"datePublished\":\"2025-03-04T08:39:24+00:00\",\"dateModified\":\"2025-03-24T06:17:14+00:00\",\"description\":\"\u00bfQuieres estudiar ingenier\u00eda inform\u00e1tica? ya puedes visitar la Escuela Superior de Inform\u00e1tica junto con tu familia, inscripci\u00f3n abierta. Te explicamos como la Ingenier\u00eda Inform\u00e1tica puede proporcionarte un futuro estable.\",\"breadcrumb\":{\"@id\":\"https:\\\/\\\/esi.uclm.es\\\/index.php\\\/2025\\\/03\\\/04\\\/jornada-de-puertas-abiertas-2025\\\/#breadcrumb\"},\"inLanguage\":\"es\",\"potentialAction\":[{\"@type\":\"ReadAction\",\"target\":[\"https:\\\/\\\/esi.uclm.es\\\/index.php\\\/2025\\\/03\\\/04\\\/jornada-de-puertas-abiertas-2025\\\/\"]}]},{\"@type\":\"ImageObject\",\"inLanguage\":\"es\",\"@id\":\"https:\\\/\\\/esi.uclm.es\\\/index.php\\\/2025\\\/03\\\/04\\\/jornada-de-puertas-abiertas-2025\\\/#primaryimage\",\"url\":\"https:\\\/\\\/esi.uclm.es\\\/assets\\\/uploads\\\/2023\\\/04\\\/portada_jornada2023_r.jpg\",\"contentUrl\":\"https:\\\/\\\/esi.uclm.es\\\/assets\\\/uploads\\\/2023\\\/04\\\/portada_jornada2023_r.jpg\",\"width\":1024,\"height\":667,\"caption\":\"Familias visitando la Escuela Superior de Inform\u00e1tica de Ciudad Real\"},{\"@type\":\"BreadcrumbList\",\"@id\":\"https:\\\/\\\/esi.uclm.es\\\/index.php\\\/2025\\\/03\\\/04\\\/jornada-de-puertas-abiertas-2025\\\/#breadcrumb\",\"itemListElement\":[{\"@type\":\"ListItem\",\"position\":1,\"name\":\"Portada\",\"item\":\"https:\\\/\\\/esi.uclm.es\\\/\"},{\"@type\":\"ListItem\",\"position\":2,\"name\":\"Jornada de puertas abiertas 2025\"}]},{\"@type\":\"WebSite\",\"@id\":\"https:\\\/\\\/esi.uclm.es\\\/#website\",\"url\":\"https:\\\/\\\/esi.uclm.es\\\/\",\"name\":\"Escuela Superior de Inform\u00e1tica de UCLM en Ciudad Real, Castilla-La Mancha\",\"description\":\"La Escuela Superior de Inform\u00e1tica de Ciudad Real (Castilla-La Mancha), Universidad de Castilla-La Mancha es un centro universitario que imparte el ciclo completo de Ingenier\u00eda en Inform\u00e1tica: grado, m\u00e1ster y doctorado.\",\"publisher\":{\"@id\":\"https:\\\/\\\/esi.uclm.es\\\/#organization\"},\"potentialAction\":[{\"@type\":\"SearchAction\",\"target\":{\"@type\":\"EntryPoint\",\"urlTemplate\":\"https:\\\/\\\/esi.uclm.es\\\/?s={search_term_string}\"},\"query-input\":{\"@type\":\"PropertyValueSpecification\",\"valueRequired\":true,\"valueName\":\"search_term_string\"}}],\"inLanguage\":\"es\"},{\"@type\":\"Organization\",\"@id\":\"https:\\\/\\\/esi.uclm.es\\\/#organization\",\"name\":\"Escuela Superior de Inform\u00e1tica de UCLM\",\"url\":\"https:\\\/\\\/esi.uclm.es\\\/\",\"logo\":{\"@type\":\"ImageObject\",\"inLanguage\":\"es\",\"@id\":\"https:\\\/\\\/esi.uclm.es\\\/#\\\/schema\\\/logo\\\/image\\\/\",\"url\":\"https:\\\/\\\/esi.uclm.es\\\/assets\\\/uploads\\\/2022\\\/03\\\/LogoESI_cabecera-1.png\",\"contentUrl\":\"https:\\\/\\\/esi.uclm.es\\\/assets\\\/uploads\\\/2022\\\/03\\\/LogoESI_cabecera-1.png\",\"width\":460,\"height\":184,\"caption\":\"Escuela Superior de Inform\u00e1tica de UCLM\"},\"image\":{\"@id\":\"https:\\\/\\\/esi.uclm.es\\\/#\\\/schema\\\/logo\\\/image\\\/\"},\"sameAs\":[\"https:\\\/\\\/www.facebook.com\\\/Escuela-Superior-de-Informtica-543261809027158\",\"https:\\\/\\\/x.com\\\/esiuclm\",\"https:\\\/\\\/www.instagram.com\\\/esiuclm\\\/\",\"https:\\\/\\\/www.youtube.com\\\/user\\\/esiuclm\",\"https:\\\/\\\/www.twitch.tv\\\/esiuclm\",\"https:\\\/\\\/www.linkedin.com\\\/company\\\/12656631\\\/admin\\\/\"]},{\"@type\":\"Person\",\"@id\":\"https:\\\/\\\/esi.uclm.es\\\/#\\\/schema\\\/person\\\/d9a390095e8beeca5aced92acb17a530\",\"name\":\"esiuclm\",\"image\":{\"@type\":\"ImageObject\",\"inLanguage\":\"es\",\"@id\":\"https:\\\/\\\/secure.gravatar.com\\\/avatar\\\/ff32e6f445454691c713484fe154c7002761ecabfa4cfa2fea57c231744892da?s=96&d=mm&r=g\",\"url\":\"https:\\\/\\\/secure.gravatar.com\\\/avatar\\\/ff32e6f445454691c713484fe154c7002761ecabfa4cfa2fea57c231744892da?s=96&d=mm&r=g\",\"contentUrl\":\"https:\\\/\\\/secure.gravatar.com\\\/avatar\\\/ff32e6f445454691c713484fe154c7002761ecabfa4cfa2fea57c231744892da?s=96&d=mm&r=g\",\"caption\":\"esiuclm\"},\"sameAs\":[\"https:\\\/\\\/esi.uclm.es\"],\"url\":\"https:\\\/\\\/esi.uclm.es\\\/index.php\\\/author\\\/esiadmin\\\/\"}]}<\/script>\n<!-- \/ Yoast SEO plugin. -->","yoast_head_json":{"title":"Jornada de puertas abiertas 2025 - Escuela Superior de Inform\u00e1tica de UCLM","description":"\u00bfQuieres estudiar ingenier\u00eda inform\u00e1tica? ya puedes visitar la Escuela Superior de Inform\u00e1tica junto con tu familia, inscripci\u00f3n abierta. Te explicamos como la Ingenier\u00eda Inform\u00e1tica puede proporcionarte un futuro estable.","robots":{"index":"index","follow":"follow","max-snippet":"max-snippet:-1","max-image-preview":"max-image-preview:large","max-video-preview":"max-video-preview:-1"},"canonical":"https:\/\/esi.uclm.es\/index.php\/2025\/03\/04\/jornada-de-puertas-abiertas-2025\/","og_locale":"es_ES","og_type":"article","og_title":"Jornada de puertas abiertas 2025 - Escuela Superior de Inform\u00e1tica de UCLM","og_description":"\u00bfQuieres estudiar ingenier\u00eda inform\u00e1tica? ya puedes visitar la Escuela Superior de Inform\u00e1tica junto con tu familia, inscripci\u00f3n abierta. Te explicamos como la Ingenier\u00eda Inform\u00e1tica puede proporcionarte un futuro estable.","og_url":"https:\/\/esi.uclm.es\/index.php\/2025\/03\/04\/jornada-de-puertas-abiertas-2025\/","og_site_name":"Escuela Superior de Inform\u00e1tica de UCLM","article_publisher":"https:\/\/www.facebook.com\/Escuela-Superior-de-Informtica-543261809027158","article_published_time":"2025-03-04T08:39:24+00:00","article_modified_time":"2025-03-24T06:17:14+00:00","og_image":[{"width":1024,"height":667,"url":"http:\/\/esi.uclm.es\/assets\/uploads\/2023\/04\/portada_jornada2023_r.jpg","type":"image\/jpeg"}],"author":"esiuclm","twitter_card":"summary_large_image","twitter_creator":"@esiuclm","twitter_site":"@esiuclm","twitter_misc":{"Escrito por":"esiuclm","Tiempo de lectura":"3 minutos"},"schema":{"@context":"https:\/\/schema.org","@graph":[{"@type":"Article","@id":"https:\/\/esi.uclm.es\/index.php\/2025\/03\/04\/jornada-de-puertas-abiertas-2025\/#article","isPartOf":{"@id":"https:\/\/esi.uclm.es\/index.php\/2025\/03\/04\/jornada-de-puertas-abiertas-2025\/"},"author":{"name":"esiuclm","@id":"https:\/\/esi.uclm.es\/#\/schema\/person\/d9a390095e8beeca5aced92acb17a530"},"headline":"Jornada de puertas abiertas 2025","datePublished":"2025-03-04T08:39:24+00:00","dateModified":"2025-03-24T06:17:14+00:00","mainEntityOfPage":{"@id":"https:\/\/esi.uclm.es\/index.php\/2025\/03\/04\/jornada-de-puertas-abiertas-2025\/"},"wordCount":244,"commentCount":0,"publisher":{"@id":"https:\/\/esi.uclm.es\/#organization"},"image":{"@id":"https:\/\/esi.uclm.es\/index.php\/2025\/03\/04\/jornada-de-puertas-abiertas-2025\/#primaryimage"},"thumbnailUrl":"https:\/\/esi.uclm.es\/assets\/uploads\/2023\/04\/portada_jornada2023_r.jpg","articleSection":["General"],"inLanguage":"es","potentialAction":[{"@type":"CommentAction","name":"Comment","target":["https:\/\/esi.uclm.es\/index.php\/2025\/03\/04\/jornada-de-puertas-abiertas-2025\/#respond"]}]},{"@type":"WebPage","@id":"https:\/\/esi.uclm.es\/index.php\/2025\/03\/04\/jornada-de-puertas-abiertas-2025\/","url":"https:\/\/esi.uclm.es\/index.php\/2025\/03\/04\/jornada-de-puertas-abiertas-2025\/","name":"Jornada de puertas abiertas 2025 - Escuela Superior de Inform\u00e1tica de UCLM","isPartOf":{"@id":"https:\/\/esi.uclm.es\/#website"},"primaryImageOfPage":{"@id":"https:\/\/esi.uclm.es\/index.php\/2025\/03\/04\/jornada-de-puertas-abiertas-2025\/#primaryimage"},"image":{"@id":"https:\/\/esi.uclm.es\/index.php\/2025\/03\/04\/jornada-de-puertas-abiertas-2025\/#primaryimage"},"thumbnailUrl":"https:\/\/esi.uclm.es\/assets\/uploads\/2023\/04\/portada_jornada2023_r.jpg","datePublished":"2025-03-04T08:39:24+00:00","dateModified":"2025-03-24T06:17:14+00:00","description":"\u00bfQuieres estudiar ingenier\u00eda inform\u00e1tica? ya puedes visitar la Escuela Superior de Inform\u00e1tica junto con tu familia, inscripci\u00f3n abierta. Te explicamos como la Ingenier\u00eda Inform\u00e1tica puede proporcionarte un futuro estable.","breadcrumb":{"@id":"https:\/\/esi.uclm.es\/index.php\/2025\/03\/04\/jornada-de-puertas-abiertas-2025\/#breadcrumb"},"inLanguage":"es","potentialAction":[{"@type":"ReadAction","target":["https:\/\/esi.uclm.es\/index.php\/2025\/03\/04\/jornada-de-puertas-abiertas-2025\/"]}]},{"@type":"ImageObject","inLanguage":"es","@id":"https:\/\/esi.uclm.es\/index.php\/2025\/03\/04\/jornada-de-puertas-abiertas-2025\/#primaryimage","url":"https:\/\/esi.uclm.es\/assets\/uploads\/2023\/04\/portada_jornada2023_r.jpg","contentUrl":"https:\/\/esi.uclm.es\/assets\/uploads\/2023\/04\/portada_jornada2023_r.jpg","width":1024,"height":667,"caption":"Familias visitando la Escuela Superior de Inform\u00e1tica de Ciudad Real"},{"@type":"BreadcrumbList","@id":"https:\/\/esi.uclm.es\/index.php\/2025\/03\/04\/jornada-de-puertas-abiertas-2025\/#breadcrumb","itemListElement":[{"@type":"ListItem","position":1,"name":"Portada","item":"https:\/\/esi.uclm.es\/"},{"@type":"ListItem","position":2,"name":"Jornada de puertas abiertas 2025"}]},{"@type":"WebSite","@id":"https:\/\/esi.uclm.es\/#website","url":"https:\/\/esi.uclm.es\/","name":"Escuela Superior de Inform\u00e1tica de UCLM en Ciudad Real, Castilla-La Mancha","description":"La Escuela Superior de Inform\u00e1tica de Ciudad Real (Castilla-La Mancha), Universidad de Castilla-La Mancha es un centro universitario que imparte el ciclo completo de Ingenier\u00eda en Inform\u00e1tica: grado, m\u00e1ster y doctorado.","publisher":{"@id":"https:\/\/esi.uclm.es\/#organization"},"potentialAction":[{"@type":"SearchAction","target":{"@type":"EntryPoint","urlTemplate":"https:\/\/esi.uclm.es\/?s={search_term_string}"},"query-input":{"@type":"PropertyValueSpecification","valueRequired":true,"valueName":"search_term_string"}}],"inLanguage":"es"},{"@type":"Organization","@id":"https:\/\/esi.uclm.es\/#organization","name":"Escuela Superior de Inform\u00e1tica de UCLM","url":"https:\/\/esi.uclm.es\/","logo":{"@type":"ImageObject","inLanguage":"es","@id":"https:\/\/esi.uclm.es\/#\/schema\/logo\/image\/","url":"https:\/\/esi.uclm.es\/assets\/uploads\/2022\/03\/LogoESI_cabecera-1.png","contentUrl":"https:\/\/esi.uclm.es\/assets\/uploads\/2022\/03\/LogoESI_cabecera-1.png","width":460,"height":184,"caption":"Escuela Superior de Inform\u00e1tica de UCLM"},"image":{"@id":"https:\/\/esi.uclm.es\/#\/schema\/logo\/image\/"},"sameAs":["https:\/\/www.facebook.com\/Escuela-Superior-de-Informtica-543261809027158","https:\/\/x.com\/esiuclm","https:\/\/www.instagram.com\/esiuclm\/","https:\/\/www.youtube.com\/user\/esiuclm","https:\/\/www.twitch.tv\/esiuclm","https:\/\/www.linkedin.com\/company\/12656631\/admin\/"]},{"@type":"Person","@id":"https:\/\/esi.uclm.es\/#\/schema\/person\/d9a390095e8beeca5aced92acb17a530","name":"esiuclm","image":{"@type":"ImageObject","inLanguage":"es","@id":"https:\/\/secure.gravatar.com\/avatar\/ff32e6f445454691c713484fe154c7002761ecabfa4cfa2fea57c231744892da?s=96&d=mm&r=g","url":"https:\/\/secure.gravatar.com\/avatar\/ff32e6f445454691c713484fe154c7002761ecabfa4cfa2fea57c231744892da?s=96&d=mm&r=g","contentUrl":"https:\/\/secure.gravatar.com\/avatar\/ff32e6f445454691c713484fe154c7002761ecabfa4cfa2fea57c231744892da?s=96&d=mm&r=g","caption":"esiuclm"},"sameAs":["https:\/\/esi.uclm.es"],"url":"https:\/\/esi.uclm.es\/index.php\/author\/esiadmin\/"}]}},"_links":{"self":[{"href":"https:\/\/esi.uclm.es\/index.php\/wp-json\/wp\/v2\/posts\/20370","targetHints":{"allow":["GET"]}}],"collection":[{"href":"https:\/\/esi.uclm.es\/index.php\/wp-json\/wp\/v2\/posts"}],"about":[{"href":"https:\/\/esi.uclm.es\/index.php\/wp-json\/wp\/v2\/types\/post"}],"author":[{"embeddable":true,"href":"https:\/\/esi.uclm.es\/index.php\/wp-json\/wp\/v2\/users\/1"}],"replies":[{"embeddable":true,"href":"https:\/\/esi.uclm.es\/index.php\/wp-json\/wp\/v2\/comments?post=20370"}],"version-history":[{"count":6,"href":"https:\/\/esi.uclm.es\/index.php\/wp-json\/wp\/v2\/posts\/20370\/revisions"}],"predecessor-version":[{"id":20378,"href":"https:\/\/esi.uclm.es\/index.php\/wp-json\/wp\/v2\/posts\/20370\/revisions\/20378"}],"wp:featuredmedia":[{"embeddable":true,"href":"https:\/\/esi.uclm.es\/index.php\/wp-json\/wp\/v2\/media\/15272"}],"wp:attachment":[{"href":"https:\/\/esi.uclm.es\/index.php\/wp-json\/wp\/v2\/media?parent=20370"}],"wp:term":[{"taxonomy":"category","embeddable":true,"href":"https:\/\/esi.uclm.es\/index.php\/wp-json\/wp\/v2\/categories?post=20370"},{"taxonomy":"post_tag","embeddable":true,"href":"https:\/\/esi.uclm.es\/index.php\/wp-json\/wp\/v2\/tags?post=20370"}],"curies":[{"name":"wp","href":"https:\/\/api.w.org\/{rel}","templated":true}]}}