{"id":19903,"date":"2024-11-21T10:37:03","date_gmt":"2024-11-21T10:37:03","guid":{"rendered":"https:\/\/esi.uclm.es\/?p=19903"},"modified":"2024-11-21T10:44:06","modified_gmt":"2024-11-21T10:44:06","slug":"erasmus-programas-propios-y-erasmus-practicas-curriculares","status":"publish","type":"post","link":"https:\/\/esi.uclm.es\/index.php\/2024\/11\/21\/erasmus-programas-propios-y-erasmus-practicas-curriculares\/","title":{"rendered":"Erasmus +, Programas Propios y Erasmus Pr\u00e1cticas Curriculares"},"content":{"rendered":"\n<p>La Universidad de Castilla-La Mancha (UCLM) es una universidad con clara vocaci\u00f3n europea y abierta al mundo. En este escenario, la Universidad fomenta la formaci\u00f3n internacional de sus estudiantes a trav\u00e9s de la realizaci\u00f3n de estancias en universidades extranjeras, para lo cual convoca anualmente plazas de movilidad internacional de estudiantes que permite la realizaci\u00f3n de un per\u00edodo de estudios en una instituci\u00f3n de educaci\u00f3n superior de otro pa\u00eds. El plazo de solicitudes est\u00e1 abierto <strong>hasta las 14:00h del 13 de diciembre de 2024<\/strong>. Se ha de tener acreditado el nivel de idiomas en la UGAC. <strong>El jueves 28 de noviembre de 2024 a las 12:30h<\/strong>, tendr\u00e1 lugar una charla informativa por parte de la Oficina de Relaciones Internacionales (ORI), en el Aula Magna de la Biblioteca, donde se aclarar\u00e1 lo que se ha de tener en cuenta a la hora de rellenar la solicitud y se podr\u00e1n resolver las dudas que correspondan. En los siguientes enlaces est\u00e1n las bases de las convocatorias, los procedimientos de solicitud y el listado de destinos posibles.<\/p>\n\n\n\n<ul class=\"wp-block-list\">\n<li><a href=\"https:\/\/esi.uclm.es\/assets\/uploads\/2024\/11\/Convocatoria-Erasmus-Estudios-y-Erasmus-Movilidad-Internacional-2025-26-Fase-1.pdf\">Convocatoria Erasmus+<\/a><\/li>\n\n\n\n<li><a href=\"https:\/\/www.uclm.es\/global\/promotores\/organos-de-gobierno\/vicerrectorado-de-internacionalizacion-y-formacion-permanente\/ori_publicaciones\/2024-10-21-convocatoria-pp-25-26\">Convocatoria Programas Propios<\/a><\/li>\n\n\n\n<li><a href=\"https:\/\/www.uclm.es\/global\/promotores\/organos-de-gobierno\/vicerrectorado-de-internacionalizacion-y-formacion-permanente\/ori_publicaciones\/2024-10-21-convocatoria-ep-curriculares-25-26\">Convocatoria Erasmus Pr\u00e1cticas Curriculares<\/a><\/li>\n<\/ul>\n","protected":false},"excerpt":{"rendered":"<p>La Universidad de Castilla-La Mancha (UCLM) es una universidad con clara vocaci\u00f3n europea y abierta al mundo. En este escenario, la Universidad fomenta la formaci\u00f3n internacional de sus estudiantes a trav\u00e9s de la realizaci\u00f3n de estancias en universidades extranjeras, para lo cual convoca anualmente plazas [&hellip;]<\/p>\n","protected":false},"author":4,"featured_media":19905,"comment_status":"open","ping_status":"open","sticky":false,"template":"","format":"standard","meta":{"footnotes":""},"categories":[621],"tags":[],"class_list":["post-19903","post","type-post","status-publish","format-standard","has-post-thumbnail","hentry","category-becas_y_empleo"],"yoast_head":"<!-- This site is optimized with the Yoast SEO plugin v27.4 - https:\/\/yoast.com\/product\/yoast-seo-wordpress\/ -->\n<title>Erasmus +, Programas Propios y Erasmus Pr\u00e1cticas Curriculares - Escuela Superior de Inform\u00e1tica de UCLM<\/title>\n<meta name=\"robots\" content=\"index, follow, max-snippet:-1, max-image-preview:large, max-video-preview:-1\" \/>\n<link rel=\"canonical\" href=\"https:\/\/esi.uclm.es\/index.php\/2024\/11\/21\/erasmus-programas-propios-y-erasmus-practicas-curriculares\/\" \/>\n<meta property=\"og:locale\" content=\"es_ES\" \/>\n<meta property=\"og:type\" content=\"article\" \/>\n<meta property=\"og:title\" content=\"Erasmus +, Programas Propios y Erasmus Pr\u00e1cticas Curriculares - Escuela Superior de Inform\u00e1tica de UCLM\" \/>\n<meta property=\"og:description\" content=\"La Universidad de Castilla-La Mancha (UCLM) es una universidad con clara vocaci\u00f3n europea y abierta al mundo. En este escenario, la Universidad fomenta la formaci\u00f3n internacional de sus estudiantes a trav\u00e9s de la realizaci\u00f3n de estancias en universidades extranjeras, para lo cual convoca anualmente plazas [&hellip;]\" \/>\n<meta property=\"og:url\" content=\"https:\/\/esi.uclm.es\/index.php\/2024\/11\/21\/erasmus-programas-propios-y-erasmus-practicas-curriculares\/\" \/>\n<meta property=\"og:site_name\" content=\"Escuela Superior de Inform\u00e1tica de UCLM\" \/>\n<meta property=\"article:publisher\" content=\"https:\/\/www.facebook.com\/Escuela-Superior-de-Informtica-543261809027158\" \/>\n<meta property=\"article:published_time\" content=\"2024-11-21T10:37:03+00:00\" \/>\n<meta property=\"article:modified_time\" content=\"2024-11-21T10:44:06+00:00\" \/>\n<meta property=\"og:image\" content=\"http:\/\/esi.uclm.es\/assets\/uploads\/2024\/11\/Erasmus-2025-26.webp\" \/>\n\t<meta property=\"og:image:width\" content=\"640\" \/>\n\t<meta property=\"og:image:height\" content=\"360\" \/>\n\t<meta property=\"og:image:type\" content=\"image\/webp\" \/>\n<meta name=\"author\" content=\"David Cerrillo\" \/>\n<meta name=\"twitter:card\" content=\"summary_large_image\" \/>\n<meta name=\"twitter:creator\" content=\"@esiuclm\" \/>\n<meta name=\"twitter:site\" content=\"@esiuclm\" \/>\n<meta name=\"twitter:label1\" content=\"Escrito por\" \/>\n\t<meta name=\"twitter:data1\" content=\"David Cerrillo\" \/>\n\t<meta name=\"twitter:label2\" content=\"Tiempo de lectura\" \/>\n\t<meta name=\"twitter:data2\" content=\"2 minutos\" \/>\n<script type=\"application\/ld+json\" class=\"yoast-schema-graph\">{\"@context\":\"https:\\\/\\\/schema.org\",\"@graph\":[{\"@type\":\"Article\",\"@id\":\"https:\\\/\\\/esi.uclm.es\\\/index.php\\\/2024\\\/11\\\/21\\\/erasmus-programas-propios-y-erasmus-practicas-curriculares\\\/#article\",\"isPartOf\":{\"@id\":\"https:\\\/\\\/esi.uclm.es\\\/index.php\\\/2024\\\/11\\\/21\\\/erasmus-programas-propios-y-erasmus-practicas-curriculares\\\/\"},\"author\":{\"name\":\"David Cerrillo\",\"@id\":\"https:\\\/\\\/esi.uclm.es\\\/#\\\/schema\\\/person\\\/e841d0ea8bd5fa307af3980e9fe7664d\"},\"headline\":\"Erasmus +, Programas Propios y Erasmus Pr\u00e1cticas Curriculares\",\"datePublished\":\"2024-11-21T10:37:03+00:00\",\"dateModified\":\"2024-11-21T10:44:06+00:00\",\"mainEntityOfPage\":{\"@id\":\"https:\\\/\\\/esi.uclm.es\\\/index.php\\\/2024\\\/11\\\/21\\\/erasmus-programas-propios-y-erasmus-practicas-curriculares\\\/\"},\"wordCount\":197,\"commentCount\":0,\"publisher\":{\"@id\":\"https:\\\/\\\/esi.uclm.es\\\/#organization\"},\"image\":{\"@id\":\"https:\\\/\\\/esi.uclm.es\\\/index.php\\\/2024\\\/11\\\/21\\\/erasmus-programas-propios-y-erasmus-practicas-curriculares\\\/#primaryimage\"},\"thumbnailUrl\":\"https:\\\/\\\/esi.uclm.es\\\/assets\\\/uploads\\\/2024\\\/11\\\/Erasmus-2025-26.webp\",\"articleSection\":[\"Becas\\\/Empleo\"],\"inLanguage\":\"es\",\"potentialAction\":[{\"@type\":\"CommentAction\",\"name\":\"Comment\",\"target\":[\"https:\\\/\\\/esi.uclm.es\\\/index.php\\\/2024\\\/11\\\/21\\\/erasmus-programas-propios-y-erasmus-practicas-curriculares\\\/#respond\"]}]},{\"@type\":\"WebPage\",\"@id\":\"https:\\\/\\\/esi.uclm.es\\\/index.php\\\/2024\\\/11\\\/21\\\/erasmus-programas-propios-y-erasmus-practicas-curriculares\\\/\",\"url\":\"https:\\\/\\\/esi.uclm.es\\\/index.php\\\/2024\\\/11\\\/21\\\/erasmus-programas-propios-y-erasmus-practicas-curriculares\\\/\",\"name\":\"Erasmus +, Programas Propios y Erasmus Pr\u00e1cticas Curriculares - Escuela Superior de Inform\u00e1tica de UCLM\",\"isPartOf\":{\"@id\":\"https:\\\/\\\/esi.uclm.es\\\/#website\"},\"primaryImageOfPage\":{\"@id\":\"https:\\\/\\\/esi.uclm.es\\\/index.php\\\/2024\\\/11\\\/21\\\/erasmus-programas-propios-y-erasmus-practicas-curriculares\\\/#primaryimage\"},\"image\":{\"@id\":\"https:\\\/\\\/esi.uclm.es\\\/index.php\\\/2024\\\/11\\\/21\\\/erasmus-programas-propios-y-erasmus-practicas-curriculares\\\/#primaryimage\"},\"thumbnailUrl\":\"https:\\\/\\\/esi.uclm.es\\\/assets\\\/uploads\\\/2024\\\/11\\\/Erasmus-2025-26.webp\",\"datePublished\":\"2024-11-21T10:37:03+00:00\",\"dateModified\":\"2024-11-21T10:44:06+00:00\",\"breadcrumb\":{\"@id\":\"https:\\\/\\\/esi.uclm.es\\\/index.php\\\/2024\\\/11\\\/21\\\/erasmus-programas-propios-y-erasmus-practicas-curriculares\\\/#breadcrumb\"},\"inLanguage\":\"es\",\"potentialAction\":[{\"@type\":\"ReadAction\",\"target\":[\"https:\\\/\\\/esi.uclm.es\\\/index.php\\\/2024\\\/11\\\/21\\\/erasmus-programas-propios-y-erasmus-practicas-curriculares\\\/\"]}]},{\"@type\":\"ImageObject\",\"inLanguage\":\"es\",\"@id\":\"https:\\\/\\\/esi.uclm.es\\\/index.php\\\/2024\\\/11\\\/21\\\/erasmus-programas-propios-y-erasmus-practicas-curriculares\\\/#primaryimage\",\"url\":\"https:\\\/\\\/esi.uclm.es\\\/assets\\\/uploads\\\/2024\\\/11\\\/Erasmus-2025-26.webp\",\"contentUrl\":\"https:\\\/\\\/esi.uclm.es\\\/assets\\\/uploads\\\/2024\\\/11\\\/Erasmus-2025-26.webp\",\"width\":640,\"height\":360},{\"@type\":\"BreadcrumbList\",\"@id\":\"https:\\\/\\\/esi.uclm.es\\\/index.php\\\/2024\\\/11\\\/21\\\/erasmus-programas-propios-y-erasmus-practicas-curriculares\\\/#breadcrumb\",\"itemListElement\":[{\"@type\":\"ListItem\",\"position\":1,\"name\":\"Portada\",\"item\":\"https:\\\/\\\/esi.uclm.es\\\/\"},{\"@type\":\"ListItem\",\"position\":2,\"name\":\"Erasmus +, Programas Propios y Erasmus Pr\u00e1cticas Curriculares\"}]},{\"@type\":\"WebSite\",\"@id\":\"https:\\\/\\\/esi.uclm.es\\\/#website\",\"url\":\"https:\\\/\\\/esi.uclm.es\\\/\",\"name\":\"Escuela Superior de Inform\u00e1tica de UCLM en Ciudad Real, Castilla-La Mancha\",\"description\":\"La Escuela Superior de Inform\u00e1tica de Ciudad Real (Castilla-La Mancha), Universidad de Castilla-La Mancha es un centro universitario que imparte el ciclo completo de Ingenier\u00eda en Inform\u00e1tica: grado, m\u00e1ster y doctorado.\",\"publisher\":{\"@id\":\"https:\\\/\\\/esi.uclm.es\\\/#organization\"},\"potentialAction\":[{\"@type\":\"SearchAction\",\"target\":{\"@type\":\"EntryPoint\",\"urlTemplate\":\"https:\\\/\\\/esi.uclm.es\\\/?s={search_term_string}\"},\"query-input\":{\"@type\":\"PropertyValueSpecification\",\"valueRequired\":true,\"valueName\":\"search_term_string\"}}],\"inLanguage\":\"es\"},{\"@type\":\"Organization\",\"@id\":\"https:\\\/\\\/esi.uclm.es\\\/#organization\",\"name\":\"Escuela Superior de Inform\u00e1tica de UCLM\",\"url\":\"https:\\\/\\\/esi.uclm.es\\\/\",\"logo\":{\"@type\":\"ImageObject\",\"inLanguage\":\"es\",\"@id\":\"https:\\\/\\\/esi.uclm.es\\\/#\\\/schema\\\/logo\\\/image\\\/\",\"url\":\"https:\\\/\\\/esi.uclm.es\\\/assets\\\/uploads\\\/2022\\\/03\\\/LogoESI_cabecera-1.png\",\"contentUrl\":\"https:\\\/\\\/esi.uclm.es\\\/assets\\\/uploads\\\/2022\\\/03\\\/LogoESI_cabecera-1.png\",\"width\":460,\"height\":184,\"caption\":\"Escuela Superior de Inform\u00e1tica de UCLM\"},\"image\":{\"@id\":\"https:\\\/\\\/esi.uclm.es\\\/#\\\/schema\\\/logo\\\/image\\\/\"},\"sameAs\":[\"https:\\\/\\\/www.facebook.com\\\/Escuela-Superior-de-Informtica-543261809027158\",\"https:\\\/\\\/x.com\\\/esiuclm\",\"https:\\\/\\\/www.instagram.com\\\/esiuclm\\\/\",\"https:\\\/\\\/www.youtube.com\\\/user\\\/esiuclm\",\"https:\\\/\\\/www.twitch.tv\\\/esiuclm\",\"https:\\\/\\\/www.linkedin.com\\\/company\\\/12656631\\\/admin\\\/\"]},{\"@type\":\"Person\",\"@id\":\"https:\\\/\\\/esi.uclm.es\\\/#\\\/schema\\\/person\\\/e841d0ea8bd5fa307af3980e9fe7664d\",\"name\":\"David Cerrillo\",\"image\":{\"@type\":\"ImageObject\",\"inLanguage\":\"es\",\"@id\":\"https:\\\/\\\/secure.gravatar.com\\\/avatar\\\/9164dcaeb7e8e1042073f22a37bf8c6402e0870104d9c78f5732d36d67e2900b?s=96&d=mm&r=g\",\"url\":\"https:\\\/\\\/secure.gravatar.com\\\/avatar\\\/9164dcaeb7e8e1042073f22a37bf8c6402e0870104d9c78f5732d36d67e2900b?s=96&d=mm&r=g\",\"contentUrl\":\"https:\\\/\\\/secure.gravatar.com\\\/avatar\\\/9164dcaeb7e8e1042073f22a37bf8c6402e0870104d9c78f5732d36d67e2900b?s=96&d=mm&r=g\",\"caption\":\"David Cerrillo\"},\"url\":\"https:\\\/\\\/esi.uclm.es\\\/index.php\\\/author\\\/dcerrillo\\\/\"}]}<\/script>\n<!-- \/ Yoast SEO plugin. -->","yoast_head_json":{"title":"Erasmus +, Programas Propios y Erasmus Pr\u00e1cticas Curriculares - Escuela Superior de Inform\u00e1tica de UCLM","robots":{"index":"index","follow":"follow","max-snippet":"max-snippet:-1","max-image-preview":"max-image-preview:large","max-video-preview":"max-video-preview:-1"},"canonical":"https:\/\/esi.uclm.es\/index.php\/2024\/11\/21\/erasmus-programas-propios-y-erasmus-practicas-curriculares\/","og_locale":"es_ES","og_type":"article","og_title":"Erasmus +, Programas Propios y Erasmus Pr\u00e1cticas Curriculares - Escuela Superior de Inform\u00e1tica de UCLM","og_description":"La Universidad de Castilla-La Mancha (UCLM) es una universidad con clara vocaci\u00f3n europea y abierta al mundo. En este escenario, la Universidad fomenta la formaci\u00f3n internacional de sus estudiantes a trav\u00e9s de la realizaci\u00f3n de estancias en universidades extranjeras, para lo cual convoca anualmente plazas [&hellip;]","og_url":"https:\/\/esi.uclm.es\/index.php\/2024\/11\/21\/erasmus-programas-propios-y-erasmus-practicas-curriculares\/","og_site_name":"Escuela Superior de Inform\u00e1tica de UCLM","article_publisher":"https:\/\/www.facebook.com\/Escuela-Superior-de-Informtica-543261809027158","article_published_time":"2024-11-21T10:37:03+00:00","article_modified_time":"2024-11-21T10:44:06+00:00","og_image":[{"width":640,"height":360,"url":"http:\/\/esi.uclm.es\/assets\/uploads\/2024\/11\/Erasmus-2025-26.webp","type":"image\/webp"}],"author":"David Cerrillo","twitter_card":"summary_large_image","twitter_creator":"@esiuclm","twitter_site":"@esiuclm","twitter_misc":{"Escrito por":"David Cerrillo","Tiempo de lectura":"2 minutos"},"schema":{"@context":"https:\/\/schema.org","@graph":[{"@type":"Article","@id":"https:\/\/esi.uclm.es\/index.php\/2024\/11\/21\/erasmus-programas-propios-y-erasmus-practicas-curriculares\/#article","isPartOf":{"@id":"https:\/\/esi.uclm.es\/index.php\/2024\/11\/21\/erasmus-programas-propios-y-erasmus-practicas-curriculares\/"},"author":{"name":"David Cerrillo","@id":"https:\/\/esi.uclm.es\/#\/schema\/person\/e841d0ea8bd5fa307af3980e9fe7664d"},"headline":"Erasmus +, Programas Propios y Erasmus Pr\u00e1cticas Curriculares","datePublished":"2024-11-21T10:37:03+00:00","dateModified":"2024-11-21T10:44:06+00:00","mainEntityOfPage":{"@id":"https:\/\/esi.uclm.es\/index.php\/2024\/11\/21\/erasmus-programas-propios-y-erasmus-practicas-curriculares\/"},"wordCount":197,"commentCount":0,"publisher":{"@id":"https:\/\/esi.uclm.es\/#organization"},"image":{"@id":"https:\/\/esi.uclm.es\/index.php\/2024\/11\/21\/erasmus-programas-propios-y-erasmus-practicas-curriculares\/#primaryimage"},"thumbnailUrl":"https:\/\/esi.uclm.es\/assets\/uploads\/2024\/11\/Erasmus-2025-26.webp","articleSection":["Becas\/Empleo"],"inLanguage":"es","potentialAction":[{"@type":"CommentAction","name":"Comment","target":["https:\/\/esi.uclm.es\/index.php\/2024\/11\/21\/erasmus-programas-propios-y-erasmus-practicas-curriculares\/#respond"]}]},{"@type":"WebPage","@id":"https:\/\/esi.uclm.es\/index.php\/2024\/11\/21\/erasmus-programas-propios-y-erasmus-practicas-curriculares\/","url":"https:\/\/esi.uclm.es\/index.php\/2024\/11\/21\/erasmus-programas-propios-y-erasmus-practicas-curriculares\/","name":"Erasmus +, Programas Propios y Erasmus Pr\u00e1cticas Curriculares - Escuela Superior de Inform\u00e1tica de UCLM","isPartOf":{"@id":"https:\/\/esi.uclm.es\/#website"},"primaryImageOfPage":{"@id":"https:\/\/esi.uclm.es\/index.php\/2024\/11\/21\/erasmus-programas-propios-y-erasmus-practicas-curriculares\/#primaryimage"},"image":{"@id":"https:\/\/esi.uclm.es\/index.php\/2024\/11\/21\/erasmus-programas-propios-y-erasmus-practicas-curriculares\/#primaryimage"},"thumbnailUrl":"https:\/\/esi.uclm.es\/assets\/uploads\/2024\/11\/Erasmus-2025-26.webp","datePublished":"2024-11-21T10:37:03+00:00","dateModified":"2024-11-21T10:44:06+00:00","breadcrumb":{"@id":"https:\/\/esi.uclm.es\/index.php\/2024\/11\/21\/erasmus-programas-propios-y-erasmus-practicas-curriculares\/#breadcrumb"},"inLanguage":"es","potentialAction":[{"@type":"ReadAction","target":["https:\/\/esi.uclm.es\/index.php\/2024\/11\/21\/erasmus-programas-propios-y-erasmus-practicas-curriculares\/"]}]},{"@type":"ImageObject","inLanguage":"es","@id":"https:\/\/esi.uclm.es\/index.php\/2024\/11\/21\/erasmus-programas-propios-y-erasmus-practicas-curriculares\/#primaryimage","url":"https:\/\/esi.uclm.es\/assets\/uploads\/2024\/11\/Erasmus-2025-26.webp","contentUrl":"https:\/\/esi.uclm.es\/assets\/uploads\/2024\/11\/Erasmus-2025-26.webp","width":640,"height":360},{"@type":"BreadcrumbList","@id":"https:\/\/esi.uclm.es\/index.php\/2024\/11\/21\/erasmus-programas-propios-y-erasmus-practicas-curriculares\/#breadcrumb","itemListElement":[{"@type":"ListItem","position":1,"name":"Portada","item":"https:\/\/esi.uclm.es\/"},{"@type":"ListItem","position":2,"name":"Erasmus +, Programas Propios y Erasmus Pr\u00e1cticas Curriculares"}]},{"@type":"WebSite","@id":"https:\/\/esi.uclm.es\/#website","url":"https:\/\/esi.uclm.es\/","name":"Escuela Superior de Inform\u00e1tica de UCLM en Ciudad Real, Castilla-La Mancha","description":"La Escuela Superior de Inform\u00e1tica de Ciudad Real (Castilla-La Mancha), Universidad de Castilla-La Mancha es un centro universitario que imparte el ciclo completo de Ingenier\u00eda en Inform\u00e1tica: grado, m\u00e1ster y doctorado.","publisher":{"@id":"https:\/\/esi.uclm.es\/#organization"},"potentialAction":[{"@type":"SearchAction","target":{"@type":"EntryPoint","urlTemplate":"https:\/\/esi.uclm.es\/?s={search_term_string}"},"query-input":{"@type":"PropertyValueSpecification","valueRequired":true,"valueName":"search_term_string"}}],"inLanguage":"es"},{"@type":"Organization","@id":"https:\/\/esi.uclm.es\/#organization","name":"Escuela Superior de Inform\u00e1tica de UCLM","url":"https:\/\/esi.uclm.es\/","logo":{"@type":"ImageObject","inLanguage":"es","@id":"https:\/\/esi.uclm.es\/#\/schema\/logo\/image\/","url":"https:\/\/esi.uclm.es\/assets\/uploads\/2022\/03\/LogoESI_cabecera-1.png","contentUrl":"https:\/\/esi.uclm.es\/assets\/uploads\/2022\/03\/LogoESI_cabecera-1.png","width":460,"height":184,"caption":"Escuela Superior de Inform\u00e1tica de UCLM"},"image":{"@id":"https:\/\/esi.uclm.es\/#\/schema\/logo\/image\/"},"sameAs":["https:\/\/www.facebook.com\/Escuela-Superior-de-Informtica-543261809027158","https:\/\/x.com\/esiuclm","https:\/\/www.instagram.com\/esiuclm\/","https:\/\/www.youtube.com\/user\/esiuclm","https:\/\/www.twitch.tv\/esiuclm","https:\/\/www.linkedin.com\/company\/12656631\/admin\/"]},{"@type":"Person","@id":"https:\/\/esi.uclm.es\/#\/schema\/person\/e841d0ea8bd5fa307af3980e9fe7664d","name":"David Cerrillo","image":{"@type":"ImageObject","inLanguage":"es","@id":"https:\/\/secure.gravatar.com\/avatar\/9164dcaeb7e8e1042073f22a37bf8c6402e0870104d9c78f5732d36d67e2900b?s=96&d=mm&r=g","url":"https:\/\/secure.gravatar.com\/avatar\/9164dcaeb7e8e1042073f22a37bf8c6402e0870104d9c78f5732d36d67e2900b?s=96&d=mm&r=g","contentUrl":"https:\/\/secure.gravatar.com\/avatar\/9164dcaeb7e8e1042073f22a37bf8c6402e0870104d9c78f5732d36d67e2900b?s=96&d=mm&r=g","caption":"David Cerrillo"},"url":"https:\/\/esi.uclm.es\/index.php\/author\/dcerrillo\/"}]}},"_links":{"self":[{"href":"https:\/\/esi.uclm.es\/index.php\/wp-json\/wp\/v2\/posts\/19903","targetHints":{"allow":["GET"]}}],"collection":[{"href":"https:\/\/esi.uclm.es\/index.php\/wp-json\/wp\/v2\/posts"}],"about":[{"href":"https:\/\/esi.uclm.es\/index.php\/wp-json\/wp\/v2\/types\/post"}],"author":[{"embeddable":true,"href":"https:\/\/esi.uclm.es\/index.php\/wp-json\/wp\/v2\/users\/4"}],"replies":[{"embeddable":true,"href":"https:\/\/esi.uclm.es\/index.php\/wp-json\/wp\/v2\/comments?post=19903"}],"version-history":[{"count":2,"href":"https:\/\/esi.uclm.es\/index.php\/wp-json\/wp\/v2\/posts\/19903\/revisions"}],"predecessor-version":[{"id":19909,"href":"https:\/\/esi.uclm.es\/index.php\/wp-json\/wp\/v2\/posts\/19903\/revisions\/19909"}],"wp:featuredmedia":[{"embeddable":true,"href":"https:\/\/esi.uclm.es\/index.php\/wp-json\/wp\/v2\/media\/19905"}],"wp:attachment":[{"href":"https:\/\/esi.uclm.es\/index.php\/wp-json\/wp\/v2\/media?parent=19903"}],"wp:term":[{"taxonomy":"category","embeddable":true,"href":"https:\/\/esi.uclm.es\/index.php\/wp-json\/wp\/v2\/categories?post=19903"},{"taxonomy":"post_tag","embeddable":true,"href":"https:\/\/esi.uclm.es\/index.php\/wp-json\/wp\/v2\/tags?post=19903"}],"curies":[{"name":"wp","href":"https:\/\/api.w.org\/{rel}","templated":true}]}}