{"id":19785,"date":"2024-11-14T14:39:58","date_gmt":"2024-11-14T14:39:58","guid":{"rendered":"https:\/\/esi.uclm.es\/?p=19785"},"modified":"2024-11-16T12:40:43","modified_gmt":"2024-11-16T12:40:43","slug":"la-esi-en-la-semana-de-la-ciencia-2024","status":"publish","type":"post","link":"https:\/\/esi.uclm.es\/index.php\/2024\/11\/14\/la-esi-en-la-semana-de-la-ciencia-2024\/","title":{"rendered":"La ESI en la Semana de la Ciencia"},"content":{"rendered":"\n<p>Estudiantes provenientes de diversos colegios de la regi\u00f3n, con hambre de curiosidad, visitaron el Edificio Polit\u00e9cnico en el campus de Ciudad Real con motivo de la <strong>Semana de la Ciencia 2024<\/strong>, organizado por la <a href=\"http:\/\/www.uclm.es\">Universidad de Castilla-La Mancha<\/a> y <a href=\"https:\/\/mujeresingeniosas.es\/\">Mujeres Ingeniosas<\/a>. All\u00ed estuvo presente la ESI con los grupos de investigaci\u00f3n <a href=\"https:\/\/mamilab.eu\/\">MAmI<\/a> y <a href=\"https:\/\/air.esi.uclm.es\/air\/\">AIR<\/a>, as\u00ed como la profesora Marcela Genero y los profesores Jes\u00fas Salido y Crescencio Bravo. Por otro lado, el profesor Carlos Gonz\u00e1lez visit\u00f3 el colegio \u00c1ngel Andrade de Ciudad Real. La Escuela en conjunto prepar\u00f3 algunas demostraciones para mostrar c\u00f3mo las tecnolog\u00edas desarrolladas en nuestros grupos de investigaci\u00f3n pueden ayudar en la salud y tambi\u00e9n en otros \u00e1mbitos.<\/p>\n\n\n<div class=\"wp-block-image\">\n<figure class=\"aligncenter size-full\"><a href=\"https:\/\/mujeresingeniosas.es\/\"><img loading=\"lazy\" decoding=\"async\" width=\"301\" height=\"170\" src=\"https:\/\/esi.uclm.es\/assets\/uploads\/2024\/11\/image-1.png\" alt=\"\" class=\"wp-image-19815\" srcset=\"https:\/\/esi.uclm.es\/assets\/uploads\/2024\/11\/image-1.png 301w, https:\/\/esi.uclm.es\/assets\/uploads\/2024\/11\/image-1-18x10.png 18w\" sizes=\"auto, (max-width: 301px) 100vw, 301px\" \/><\/a><\/figure>\n<\/div>\n\n\n<figure class=\"wp-block-gallery has-nested-images columns-default is-cropped wp-block-gallery-1 is-layout-flex wp-block-gallery-is-layout-flex\">\n<figure class=\"wp-block-image size-large\"><a href=\"https:\/\/esi.uclm.es\/assets\/uploads\/2024\/11\/1.jpg\"><img loading=\"lazy\" decoding=\"async\" width=\"1024\" height=\"683\" data-id=\"19789\" src=\"https:\/\/esi.uclm.es\/assets\/uploads\/2024\/11\/1-1024x683.jpg\" alt=\"\" class=\"wp-image-19789\" srcset=\"https:\/\/esi.uclm.es\/assets\/uploads\/2024\/11\/1-1024x683.jpg 1024w, https:\/\/esi.uclm.es\/assets\/uploads\/2024\/11\/1-300x200.jpg 300w, https:\/\/esi.uclm.es\/assets\/uploads\/2024\/11\/1-768x512.jpg 768w, https:\/\/esi.uclm.es\/assets\/uploads\/2024\/11\/1-391x260.jpg 391w, https:\/\/esi.uclm.es\/assets\/uploads\/2024\/11\/1-1536x1024.jpg 1536w, https:\/\/esi.uclm.es\/assets\/uploads\/2024\/11\/1-18x12.jpg 18w, https:\/\/esi.uclm.es\/assets\/uploads\/2024\/11\/1-1300x867.jpg 1300w, https:\/\/esi.uclm.es\/assets\/uploads\/2024\/11\/1-128x86.jpg 128w\" sizes=\"auto, (max-width: 1024px) 100vw, 1024px\" \/><\/a><\/figure>\n\n\n\n<figure class=\"wp-block-image size-large\"><a href=\"https:\/\/esi.uclm.es\/assets\/uploads\/2024\/11\/2.jpg\"><img loading=\"lazy\" decoding=\"async\" width=\"1024\" height=\"683\" data-id=\"19787\" src=\"https:\/\/esi.uclm.es\/assets\/uploads\/2024\/11\/2-1024x683.jpg\" alt=\"\" class=\"wp-image-19787\" srcset=\"https:\/\/esi.uclm.es\/assets\/uploads\/2024\/11\/2-1024x683.jpg 1024w, https:\/\/esi.uclm.es\/assets\/uploads\/2024\/11\/2-300x200.jpg 300w, https:\/\/esi.uclm.es\/assets\/uploads\/2024\/11\/2-768x512.jpg 768w, https:\/\/esi.uclm.es\/assets\/uploads\/2024\/11\/2-391x260.jpg 391w, https:\/\/esi.uclm.es\/assets\/uploads\/2024\/11\/2-1536x1024.jpg 1536w, https:\/\/esi.uclm.es\/assets\/uploads\/2024\/11\/2-18x12.jpg 18w, https:\/\/esi.uclm.es\/assets\/uploads\/2024\/11\/2-1300x867.jpg 1300w, https:\/\/esi.uclm.es\/assets\/uploads\/2024\/11\/2-128x86.jpg 128w\" sizes=\"auto, (max-width: 1024px) 100vw, 1024px\" \/><\/a><\/figure>\n\n\n\n<figure class=\"wp-block-image size-large\"><a href=\"https:\/\/esi.uclm.es\/assets\/uploads\/2024\/11\/3.jpg\"><img loading=\"lazy\" decoding=\"async\" width=\"2100\" height=\"1400\" data-id=\"19788\" src=\"https:\/\/esi.uclm.es\/assets\/uploads\/2024\/11\/3-1024x683.jpg\" alt=\"\" class=\"wp-image-19788\" srcset=\"https:\/\/esi.uclm.es\/assets\/uploads\/2024\/11\/3-1024x683.jpg 1024w, https:\/\/esi.uclm.es\/assets\/uploads\/2024\/11\/3-300x200.jpg 300w, https:\/\/esi.uclm.es\/assets\/uploads\/2024\/11\/3-768x512.jpg 768w, https:\/\/esi.uclm.es\/assets\/uploads\/2024\/11\/3-391x260.jpg 391w, https:\/\/esi.uclm.es\/assets\/uploads\/2024\/11\/3-1536x1024.jpg 1536w, https:\/\/esi.uclm.es\/assets\/uploads\/2024\/11\/3-18x12.jpg 18w, https:\/\/esi.uclm.es\/assets\/uploads\/2024\/11\/3-1300x867.jpg 1300w, https:\/\/esi.uclm.es\/assets\/uploads\/2024\/11\/3-128x86.jpg 128w\" sizes=\"auto, (max-width: 2100px) 100vw, 2100px\" \/><\/a><\/figure>\n<\/figure>\n\n\n\n<p>En concreto, <strong>el grupo de investigaci\u00f3n MAmI<\/strong> particip\u00f3 con una demostraci\u00f3n de captura de movimiento con sensor Xsens. El Xsens es un avanzado sistema de captura de movimiento que utiliza 17 sensores inerciales distribuidos por el cuerpo. Cada sensor est\u00e1 equipado con aceler\u00f3metro, giroscopio y magnet\u00f3metro, permitiendo capturar con gran precisi\u00f3n todos los movimientos corporales. La informaci\u00f3n recogida es utilizada para el an\u00e1lisis de la marcha con el fin de detectar patrones anormales.<\/p>\n\n\n\n<p>Por otro lado, el profesor <strong>Jes\u00fas Salido<\/strong> acerc\u00f3 la Visi\u00f3n por Computador a los ni\u00f1os y ni\u00f1as presentes. Jes\u00fas expuso c\u00f3mo ven las m\u00e1quinas y la dificultad que supone interpretar la realidad a trav\u00e9s de lo que vemos con los ojos. Adem\u00e1s, los estudiantes disfrutaron de ilusiones \u00f3pticas, <em>scanimations<\/em>, y la proyecci\u00f3n de un v\u00eddeo de anaglifos 3D para verlos con gafas bicolor, explicando c\u00f3mo se forman las im\u00e1genes tridimensionales.<\/p>\n\n\n\n<figure class=\"wp-block-gallery has-nested-images columns-default is-cropped wp-block-gallery-2 is-layout-flex wp-block-gallery-is-layout-flex\">\n<figure class=\"wp-block-image size-large\"><a href=\"https:\/\/esi.uclm.es\/assets\/uploads\/2024\/11\/4.jpg\"><img loading=\"lazy\" decoding=\"async\" width=\"1024\" height=\"683\" data-id=\"19791\" src=\"https:\/\/esi.uclm.es\/assets\/uploads\/2024\/11\/4-1024x683.jpg\" alt=\"\" class=\"wp-image-19791\" srcset=\"https:\/\/esi.uclm.es\/assets\/uploads\/2024\/11\/4-1024x683.jpg 1024w, https:\/\/esi.uclm.es\/assets\/uploads\/2024\/11\/4-300x200.jpg 300w, https:\/\/esi.uclm.es\/assets\/uploads\/2024\/11\/4-768x512.jpg 768w, https:\/\/esi.uclm.es\/assets\/uploads\/2024\/11\/4-391x260.jpg 391w, https:\/\/esi.uclm.es\/assets\/uploads\/2024\/11\/4-1536x1024.jpg 1536w, https:\/\/esi.uclm.es\/assets\/uploads\/2024\/11\/4-18x12.jpg 18w, https:\/\/esi.uclm.es\/assets\/uploads\/2024\/11\/4-1300x867.jpg 1300w, https:\/\/esi.uclm.es\/assets\/uploads\/2024\/11\/4-128x86.jpg 128w\" sizes=\"auto, (max-width: 1024px) 100vw, 1024px\" \/><\/a><\/figure>\n\n\n\n<figure class=\"wp-block-image size-large\"><a href=\"https:\/\/esi.uclm.es\/assets\/uploads\/2024\/11\/5.jpg\"><img loading=\"lazy\" decoding=\"async\" width=\"1024\" height=\"683\" data-id=\"19792\" src=\"https:\/\/esi.uclm.es\/assets\/uploads\/2024\/11\/5-1024x683.jpg\" alt=\"\" class=\"wp-image-19792\" srcset=\"https:\/\/esi.uclm.es\/assets\/uploads\/2024\/11\/5-1024x683.jpg 1024w, https:\/\/esi.uclm.es\/assets\/uploads\/2024\/11\/5-300x200.jpg 300w, https:\/\/esi.uclm.es\/assets\/uploads\/2024\/11\/5-768x512.jpg 768w, https:\/\/esi.uclm.es\/assets\/uploads\/2024\/11\/5-391x260.jpg 391w, https:\/\/esi.uclm.es\/assets\/uploads\/2024\/11\/5-1536x1024.jpg 1536w, https:\/\/esi.uclm.es\/assets\/uploads\/2024\/11\/5-18x12.jpg 18w, https:\/\/esi.uclm.es\/assets\/uploads\/2024\/11\/5-1300x867.jpg 1300w, https:\/\/esi.uclm.es\/assets\/uploads\/2024\/11\/5-128x86.jpg 128w\" sizes=\"auto, (max-width: 1024px) 100vw, 1024px\" \/><\/a><\/figure>\n\n\n\n<figure class=\"wp-block-image size-large\"><a href=\"https:\/\/esi.uclm.es\/assets\/uploads\/2024\/11\/6.jpg\"><img loading=\"lazy\" decoding=\"async\" width=\"1024\" height=\"683\" data-id=\"19793\" src=\"https:\/\/esi.uclm.es\/assets\/uploads\/2024\/11\/6-1024x683.jpg\" alt=\"\" class=\"wp-image-19793\" srcset=\"https:\/\/esi.uclm.es\/assets\/uploads\/2024\/11\/6-1024x683.jpg 1024w, https:\/\/esi.uclm.es\/assets\/uploads\/2024\/11\/6-300x200.jpg 300w, https:\/\/esi.uclm.es\/assets\/uploads\/2024\/11\/6-768x512.jpg 768w, https:\/\/esi.uclm.es\/assets\/uploads\/2024\/11\/6-391x260.jpg 391w, https:\/\/esi.uclm.es\/assets\/uploads\/2024\/11\/6-1536x1024.jpg 1536w, https:\/\/esi.uclm.es\/assets\/uploads\/2024\/11\/6-18x12.jpg 18w, https:\/\/esi.uclm.es\/assets\/uploads\/2024\/11\/6-1300x867.jpg 1300w, https:\/\/esi.uclm.es\/assets\/uploads\/2024\/11\/6-128x86.jpg 128w\" sizes=\"auto, (max-width: 1024px) 100vw, 1024px\" \/><\/a><\/figure>\n<\/figure>\n\n\n\n<p>Finalmente, <strong>el grupo de investigaci\u00f3n AIR<\/strong> permiti\u00f3 a los asistentes vivir experiencias inmersivas. Algunas de ellas relacionadas con el \u00e1mbito de la salud, en concreto la rehabilitaci\u00f3n de brazos y manos para recuperar movilidad, as\u00ed como experiencias desarrolladas en entornos comerciales virtuales, con la manipulaci\u00f3n virtual de productos y la vivencia de compras gamificadas. Al mismo tiempo, el profesor <strong>Carlos Gonz\u00e1lez Morcillo<\/strong>, perteneciente al mismo grupo, visit\u00f3 el colegio p\u00fablico \u00c1ngel Andrade de Ciudad Real para impartir el taller titulado \u00ab<em>descubriendo la magia de la visi\u00f3n 3D<\/em>\u00ab, con una introducci\u00f3n a la visi\u00f3n 3D, visi\u00f3n 3D con dos im\u00e1genes anaglifos y c\u00f3mo crearlas, Lenticular 3D, Cine 3D, autoestereograma y, por \u00faltimo, Realidad Virtual.<\/p>\n\n\n\n<p><\/p>\n\n\n\n<figure class=\"wp-block-gallery has-nested-images columns-default is-cropped wp-block-gallery-3 is-layout-flex wp-block-gallery-is-layout-flex\">\n<figure class=\"wp-block-image size-large\"><a href=\"https:\/\/esi.uclm.es\/assets\/uploads\/2024\/11\/7.jpg\"><img loading=\"lazy\" decoding=\"async\" width=\"1024\" height=\"683\" data-id=\"19795\" src=\"https:\/\/esi.uclm.es\/assets\/uploads\/2024\/11\/7-1024x683.jpg\" alt=\"\" class=\"wp-image-19795\" srcset=\"https:\/\/esi.uclm.es\/assets\/uploads\/2024\/11\/7-1024x683.jpg 1024w, https:\/\/esi.uclm.es\/assets\/uploads\/2024\/11\/7-300x200.jpg 300w, https:\/\/esi.uclm.es\/assets\/uploads\/2024\/11\/7-768x512.jpg 768w, https:\/\/esi.uclm.es\/assets\/uploads\/2024\/11\/7-391x260.jpg 391w, https:\/\/esi.uclm.es\/assets\/uploads\/2024\/11\/7-1536x1024.jpg 1536w, https:\/\/esi.uclm.es\/assets\/uploads\/2024\/11\/7-18x12.jpg 18w, https:\/\/esi.uclm.es\/assets\/uploads\/2024\/11\/7-1300x867.jpg 1300w, https:\/\/esi.uclm.es\/assets\/uploads\/2024\/11\/7-128x86.jpg 128w\" sizes=\"auto, (max-width: 1024px) 100vw, 1024px\" \/><\/a><\/figure>\n\n\n\n<figure class=\"wp-block-image size-large\"><a href=\"https:\/\/esi.uclm.es\/assets\/uploads\/2024\/11\/8.jpg\"><img loading=\"lazy\" decoding=\"async\" width=\"1024\" height=\"683\" data-id=\"19798\" src=\"https:\/\/esi.uclm.es\/assets\/uploads\/2024\/11\/8-1024x683.jpg\" alt=\"\" class=\"wp-image-19798\" srcset=\"https:\/\/esi.uclm.es\/assets\/uploads\/2024\/11\/8-1024x683.jpg 1024w, https:\/\/esi.uclm.es\/assets\/uploads\/2024\/11\/8-300x200.jpg 300w, https:\/\/esi.uclm.es\/assets\/uploads\/2024\/11\/8-768x512.jpg 768w, https:\/\/esi.uclm.es\/assets\/uploads\/2024\/11\/8-391x260.jpg 391w, https:\/\/esi.uclm.es\/assets\/uploads\/2024\/11\/8-1536x1024.jpg 1536w, https:\/\/esi.uclm.es\/assets\/uploads\/2024\/11\/8-18x12.jpg 18w, https:\/\/esi.uclm.es\/assets\/uploads\/2024\/11\/8-1300x867.jpg 1300w, https:\/\/esi.uclm.es\/assets\/uploads\/2024\/11\/8-128x86.jpg 128w\" sizes=\"auto, (max-width: 1024px) 100vw, 1024px\" \/><\/a><\/figure>\n\n\n\n<figure class=\"wp-block-image size-large\"><a href=\"https:\/\/esi.uclm.es\/assets\/uploads\/2024\/11\/9.jpg\"><img loading=\"lazy\" decoding=\"async\" width=\"1024\" height=\"683\" data-id=\"19797\" src=\"https:\/\/esi.uclm.es\/assets\/uploads\/2024\/11\/9-1024x683.jpg\" alt=\"\" class=\"wp-image-19797\" srcset=\"https:\/\/esi.uclm.es\/assets\/uploads\/2024\/11\/9-1024x683.jpg 1024w, https:\/\/esi.uclm.es\/assets\/uploads\/2024\/11\/9-300x200.jpg 300w, https:\/\/esi.uclm.es\/assets\/uploads\/2024\/11\/9-768x512.jpg 768w, https:\/\/esi.uclm.es\/assets\/uploads\/2024\/11\/9-391x260.jpg 391w, https:\/\/esi.uclm.es\/assets\/uploads\/2024\/11\/9-1536x1024.jpg 1536w, https:\/\/esi.uclm.es\/assets\/uploads\/2024\/11\/9-18x12.jpg 18w, https:\/\/esi.uclm.es\/assets\/uploads\/2024\/11\/9-1300x867.jpg 1300w, https:\/\/esi.uclm.es\/assets\/uploads\/2024\/11\/9-128x86.jpg 128w\" sizes=\"auto, (max-width: 1024px) 100vw, 1024px\" \/><\/a><\/figure>\n\n\n\n<figure class=\"wp-block-image size-large\"><a href=\"https:\/\/esi.uclm.es\/assets\/uploads\/2024\/11\/10.jpg\"><img loading=\"lazy\" decoding=\"async\" width=\"1024\" height=\"683\" data-id=\"19799\" src=\"https:\/\/esi.uclm.es\/assets\/uploads\/2024\/11\/10-1024x683.jpg\" alt=\"\" class=\"wp-image-19799\" srcset=\"https:\/\/esi.uclm.es\/assets\/uploads\/2024\/11\/10-1024x683.jpg 1024w, https:\/\/esi.uclm.es\/assets\/uploads\/2024\/11\/10-300x200.jpg 300w, https:\/\/esi.uclm.es\/assets\/uploads\/2024\/11\/10-768x512.jpg 768w, https:\/\/esi.uclm.es\/assets\/uploads\/2024\/11\/10-391x260.jpg 391w, https:\/\/esi.uclm.es\/assets\/uploads\/2024\/11\/10-1536x1024.jpg 1536w, https:\/\/esi.uclm.es\/assets\/uploads\/2024\/11\/10-18x12.jpg 18w, https:\/\/esi.uclm.es\/assets\/uploads\/2024\/11\/10-1300x867.jpg 1300w, https:\/\/esi.uclm.es\/assets\/uploads\/2024\/11\/10-128x86.jpg 128w\" sizes=\"auto, (max-width: 1024px) 100vw, 1024px\" \/><\/a><\/figure>\n\n\n\n<figure class=\"wp-block-image size-large\"><a href=\"https:\/\/esi.uclm.es\/assets\/uploads\/2024\/11\/11.jpg\"><img loading=\"lazy\" decoding=\"async\" width=\"1024\" height=\"683\" data-id=\"19796\" src=\"https:\/\/esi.uclm.es\/assets\/uploads\/2024\/11\/11-1024x683.jpg\" alt=\"\" class=\"wp-image-19796\" srcset=\"https:\/\/esi.uclm.es\/assets\/uploads\/2024\/11\/11-1024x683.jpg 1024w, https:\/\/esi.uclm.es\/assets\/uploads\/2024\/11\/11-300x200.jpg 300w, https:\/\/esi.uclm.es\/assets\/uploads\/2024\/11\/11-768x512.jpg 768w, https:\/\/esi.uclm.es\/assets\/uploads\/2024\/11\/11-391x260.jpg 391w, https:\/\/esi.uclm.es\/assets\/uploads\/2024\/11\/11-1536x1024.jpg 1536w, https:\/\/esi.uclm.es\/assets\/uploads\/2024\/11\/11-18x12.jpg 18w, https:\/\/esi.uclm.es\/assets\/uploads\/2024\/11\/11-1300x867.jpg 1300w, https:\/\/esi.uclm.es\/assets\/uploads\/2024\/11\/11-128x86.jpg 128w\" sizes=\"auto, (max-width: 1024px) 100vw, 1024px\" \/><\/a><\/figure>\n\n\n\n<figure class=\"wp-block-image size-large\"><a href=\"https:\/\/esi.uclm.es\/assets\/uploads\/2024\/11\/12.jpg\"><img loading=\"lazy\" decoding=\"async\" width=\"1024\" height=\"683\" data-id=\"19794\" src=\"https:\/\/esi.uclm.es\/assets\/uploads\/2024\/11\/12-1024x683.jpg\" alt=\"\" class=\"wp-image-19794\" srcset=\"https:\/\/esi.uclm.es\/assets\/uploads\/2024\/11\/12-1024x683.jpg 1024w, https:\/\/esi.uclm.es\/assets\/uploads\/2024\/11\/12-300x200.jpg 300w, https:\/\/esi.uclm.es\/assets\/uploads\/2024\/11\/12-768x512.jpg 768w, https:\/\/esi.uclm.es\/assets\/uploads\/2024\/11\/12-391x260.jpg 391w, https:\/\/esi.uclm.es\/assets\/uploads\/2024\/11\/12-1536x1024.jpg 1536w, https:\/\/esi.uclm.es\/assets\/uploads\/2024\/11\/12-18x12.jpg 18w, https:\/\/esi.uclm.es\/assets\/uploads\/2024\/11\/12-1300x867.jpg 1300w, https:\/\/esi.uclm.es\/assets\/uploads\/2024\/11\/12-128x86.jpg 128w\" sizes=\"auto, (max-width: 1024px) 100vw, 1024px\" \/><\/a><\/figure>\n<\/figure>\n\n\n\n<figure class=\"wp-block-image size-large is-resized\"><a href=\"https:\/\/esi.uclm.es\/assets\/uploads\/2024\/11\/image.png\"><img loading=\"lazy\" decoding=\"async\" width=\"720\" height=\"1024\" src=\"https:\/\/esi.uclm.es\/assets\/uploads\/2024\/11\/image-720x1024.png\" alt=\"\" class=\"wp-image-19801\" style=\"width:473px;height:auto\" srcset=\"https:\/\/esi.uclm.es\/assets\/uploads\/2024\/11\/image-720x1024.png 720w, https:\/\/esi.uclm.es\/assets\/uploads\/2024\/11\/image-211x300.png 211w, https:\/\/esi.uclm.es\/assets\/uploads\/2024\/11\/image-768x1092.png 768w, https:\/\/esi.uclm.es\/assets\/uploads\/2024\/11\/image-8x12.png 8w, https:\/\/esi.uclm.es\/assets\/uploads\/2024\/11\/image.png 924w\" sizes=\"auto, (max-width: 720px) 100vw, 720px\" \/><\/a><\/figure>\n\n\n\n<h2 class=\"wp-block-heading\"><strong>En redes<\/strong><\/h2>\n\n\n\n<div class=\"wp-block-columns is-layout-flex wp-container-core-columns-is-layout-9d6595d7 wp-block-columns-is-layout-flex\">\n<div class=\"wp-block-column is-layout-flow wp-block-column-is-layout-flow\">\n<blockquote class=\"twitter-tweet\"><p lang=\"es\" dir=\"ltr\">\ud83e\udde0 Hoy hemos compartido la ma\u00f1ana con l@s peques y hemos intentado saciar su curiosidad, en la semana de la ciencia organizada por <a href=\"https:\/\/twitter.com\/uclm_es?ref_src=twsrc%5Etfw\">@uclm_es<\/a> y <a href=\"https:\/\/twitter.com\/mujeresingenios?ref_src=twsrc%5Etfw\">@mujeresingenios<\/a> <a href=\"https:\/\/t.co\/uXFzl5bwXb\">https:\/\/t.co\/uXFzl5bwXb<\/a><br><br>\ud83d\udc69\u200d\ud83d\udc67\u200d\ud83d\udc66 Han podido probar algunas tecnolog\u00edas que hemos desarrollado para la salud y otros \u00e1mbitos,\u2026<\/p>&mdash; ES. Inform\u00e1tica UCLM (@esiuclm) <a href=\"https:\/\/twitter.com\/esiuclm\/status\/1857084336803110944?ref_src=twsrc%5Etfw\">November 14, 2024<\/a><\/blockquote> <script async src=\"https:\/\/platform.twitter.com\/widgets.js\" charset=\"utf-8\"><\/script>\n<\/div>\n\n\n\n<div class=\"wp-block-column is-layout-flow wp-block-column-is-layout-flow\">\n<blockquote class=\"instagram-media\" data-instgrm-captioned data-instgrm-permalink=\"https:\/\/www.instagram.com\/p\/DCW23tRN-w-\/?utm_source=ig_embed&amp;utm_campaign=loading\" data-instgrm-version=\"14\" style=\" background:#FFF; border:0; border-radius:3px; box-shadow:0 0 1px 0 rgba(0,0,0,0.5),0 1px 10px 0 rgba(0,0,0,0.15); margin: 1px; max-width:540px; min-width:326px; padding:0; width:99.375%; width:-webkit-calc(100% - 2px); width:calc(100% - 2px);\"><div style=\"padding:16px;\"> <a href=\"https:\/\/www.instagram.com\/p\/DCW23tRN-w-\/?utm_source=ig_embed&amp;utm_campaign=loading\" style=\" background:#FFFFFF; line-height:0; padding:0 0; text-align:center; text-decoration:none; width:100%;\" target=\"_blank\"> <div style=\" display: flex; flex-direction: row; align-items: center;\"> <div style=\"background-color: #F4F4F4; border-radius: 50%; flex-grow: 0; height: 40px; margin-right: 14px; width: 40px;\"><\/div> <div style=\"display: flex; flex-direction: column; flex-grow: 1; justify-content: center;\"> <div style=\" background-color: #F4F4F4; border-radius: 4px; flex-grow: 0; height: 14px; margin-bottom: 6px; width: 100px;\"><\/div> <div style=\" background-color: #F4F4F4; border-radius: 4px; flex-grow: 0; height: 14px; width: 60px;\"><\/div><\/div><\/div><div style=\"padding: 19% 0;\"><\/div> <div style=\"display:block; height:50px; margin:0 auto 12px; width:50px;\"><svg width=\"50px\" height=\"50px\" viewBox=\"0 0 60 60\" version=\"1.1\" xmlns=\"https:\/\/www.w3.org\/2000\/svg\" xmlns:xlink=\"https:\/\/www.w3.org\/1999\/xlink\"><g stroke=\"none\" stroke-width=\"1\" fill=\"none\" fill-rule=\"evenodd\"><g transform=\"translate(-511.000000, -20.000000)\" fill=\"#000000\"><g><path d=\"M556.869,30.41 C554.814,30.41 553.148,32.076 553.148,34.131 C553.148,36.186 554.814,37.852 556.869,37.852 C558.924,37.852 560.59,36.186 560.59,34.131 C560.59,32.076 558.924,30.41 556.869,30.41 M541,60.657 C535.114,60.657 530.342,55.887 530.342,50 C530.342,44.114 535.114,39.342 541,39.342 C546.887,39.342 551.658,44.114 551.658,50 C551.658,55.887 546.887,60.657 541,60.657 M541,33.886 C532.1,33.886 524.886,41.1 524.886,50 C524.886,58.899 532.1,66.113 541,66.113 C549.9,66.113 557.115,58.899 557.115,50 C557.115,41.1 549.9,33.886 541,33.886 M565.378,62.101 C565.244,65.022 564.756,66.606 564.346,67.663 C563.803,69.06 563.154,70.057 562.106,71.106 C561.058,72.155 560.06,72.803 558.662,73.347 C557.607,73.757 556.021,74.244 553.102,74.378 C549.944,74.521 548.997,74.552 541,74.552 C533.003,74.552 532.056,74.521 528.898,74.378 C525.979,74.244 524.393,73.757 523.338,73.347 C521.94,72.803 520.942,72.155 519.894,71.106 C518.846,70.057 518.197,69.06 517.654,67.663 C517.244,66.606 516.755,65.022 516.623,62.101 C516.479,58.943 516.448,57.996 516.448,50 C516.448,42.003 516.479,41.056 516.623,37.899 C516.755,34.978 517.244,33.391 517.654,32.338 C518.197,30.938 518.846,29.942 519.894,28.894 C520.942,27.846 521.94,27.196 523.338,26.654 C524.393,26.244 525.979,25.756 528.898,25.623 C532.057,25.479 533.004,25.448 541,25.448 C548.997,25.448 549.943,25.479 553.102,25.623 C556.021,25.756 557.607,26.244 558.662,26.654 C560.06,27.196 561.058,27.846 562.106,28.894 C563.154,29.942 563.803,30.938 564.346,32.338 C564.756,33.391 565.244,34.978 565.378,37.899 C565.522,41.056 565.552,42.003 565.552,50 C565.552,57.996 565.522,58.943 565.378,62.101 M570.82,37.631 C570.674,34.438 570.167,32.258 569.425,30.349 C568.659,28.377 567.633,26.702 565.965,25.035 C564.297,23.368 562.623,22.342 560.652,21.575 C558.743,20.834 556.562,20.326 553.369,20.18 C550.169,20.033 549.148,20 541,20 C532.853,20 531.831,20.033 528.631,20.18 C525.438,20.326 523.257,20.834 521.349,21.575 C519.376,22.342 517.703,23.368 516.035,25.035 C514.368,26.702 513.342,28.377 512.574,30.349 C511.834,32.258 511.326,34.438 511.181,37.631 C511.035,40.831 511,41.851 511,50 C511,58.147 511.035,59.17 511.181,62.369 C511.326,65.562 511.834,67.743 512.574,69.651 C513.342,71.625 514.368,73.296 516.035,74.965 C517.703,76.634 519.376,77.658 521.349,78.425 C523.257,79.167 525.438,79.673 528.631,79.82 C531.831,79.965 532.853,80.001 541,80.001 C549.148,80.001 550.169,79.965 553.369,79.82 C556.562,79.673 558.743,79.167 560.652,78.425 C562.623,77.658 564.297,76.634 565.965,74.965 C567.633,73.296 568.659,71.625 569.425,69.651 C570.167,67.743 570.674,65.562 570.82,62.369 C570.966,59.17 571,58.147 571,50 C571,41.851 570.966,40.831 570.82,37.631\"><\/path><\/g><\/g><\/g><\/svg><\/div><div style=\"padding-top: 8px;\"> <div style=\" color:#3897f0; font-family:Arial,sans-serif; font-size:14px; font-style:normal; font-weight:550; line-height:18px;\">Ver esta publicaci\u00f3n en Instagram<\/div><\/div><div style=\"padding: 12.5% 0;\"><\/div> <div style=\"display: flex; flex-direction: row; margin-bottom: 14px; align-items: center;\"><div> <div style=\"background-color: #F4F4F4; border-radius: 50%; height: 12.5px; width: 12.5px; transform: translateX(0px) translateY(7px);\"><\/div> <div style=\"background-color: #F4F4F4; height: 12.5px; transform: rotate(-45deg) translateX(3px) translateY(1px); width: 12.5px; flex-grow: 0; margin-right: 14px; margin-left: 2px;\"><\/div> <div style=\"background-color: #F4F4F4; border-radius: 50%; height: 12.5px; width: 12.5px; transform: translateX(9px) translateY(-18px);\"><\/div><\/div><div style=\"margin-left: 8px;\"> <div style=\" background-color: #F4F4F4; border-radius: 50%; flex-grow: 0; height: 20px; width: 20px;\"><\/div> <div style=\" width: 0; height: 0; border-top: 2px solid transparent; border-left: 6px solid #f4f4f4; border-bottom: 2px solid transparent; transform: translateX(16px) translateY(-4px) rotate(30deg)\"><\/div><\/div><div style=\"margin-left: auto;\"> <div style=\" width: 0px; border-top: 8px solid #F4F4F4; border-right: 8px solid transparent; transform: translateY(16px);\"><\/div> <div style=\" background-color: #F4F4F4; flex-grow: 0; height: 12px; width: 16px; transform: translateY(-4px);\"><\/div> <div style=\" width: 0; height: 0; border-top: 8px solid #F4F4F4; border-left: 8px solid transparent; transform: translateY(-4px) translateX(8px);\"><\/div><\/div><\/div> <div style=\"display: flex; flex-direction: column; flex-grow: 1; justify-content: center; margin-bottom: 24px;\"> <div style=\" background-color: #F4F4F4; border-radius: 4px; flex-grow: 0; height: 14px; margin-bottom: 6px; width: 224px;\"><\/div> <div style=\" background-color: #F4F4F4; border-radius: 4px; flex-grow: 0; height: 14px; width: 144px;\"><\/div><\/div><\/a><p style=\" color:#c9c8cd; font-family:Arial,sans-serif; font-size:14px; line-height:17px; margin-bottom:0; margin-top:8px; overflow:hidden; padding:8px 0 7px; text-align:center; text-overflow:ellipsis; white-space:nowrap;\"><a href=\"https:\/\/www.instagram.com\/p\/DCW23tRN-w-\/?utm_source=ig_embed&amp;utm_campaign=loading\" style=\" color:#c9c8cd; font-family:Arial,sans-serif; font-size:14px; font-style:normal; font-weight:normal; line-height:17px; text-decoration:none;\" target=\"_blank\">Una publicaci\u00f3n compartida por ESI (@esiuclm)<\/a><\/p><\/div><\/blockquote>\n<script async src=\"\/\/www.instagram.com\/embed.js\"><\/script>\n<\/div>\n<\/div>\n","protected":false},"excerpt":{"rendered":"<p>Estudiantes provenientes de diversos colegios de la regi\u00f3n, con hambre de curiosidad, visitaron el Edificio Polit\u00e9cnico en el campus de Ciudad Real con motivo de la Semana de la Ciencia 2024, organizado por la Universidad de Castilla-La Mancha y Mujeres Ingeniosas. All\u00ed estuvo presente la [&hellip;]<\/p>\n","protected":false},"author":1,"featured_media":19786,"comment_status":"open","ping_status":"open","sticky":false,"template":"","format":"standard","meta":{"footnotes":""},"categories":[619],"tags":[],"class_list":["post-19785","post","type-post","status-publish","format-standard","has-post-thumbnail","hentry","category-general"],"yoast_head":"<!-- This site is optimized with the Yoast SEO plugin v27.5 - https:\/\/yoast.com\/product\/yoast-seo-wordpress\/ -->\n<title>La ESI en la Semana de la Ciencia - Escuela Superior de Inform\u00e1tica de UCLM<\/title>\n<meta name=\"robots\" content=\"index, follow, max-snippet:-1, max-image-preview:large, max-video-preview:-1\" \/>\n<link rel=\"canonical\" href=\"https:\/\/esi.uclm.es\/index.php\/2024\/11\/14\/la-esi-en-la-semana-de-la-ciencia-2024\/\" \/>\n<meta property=\"og:locale\" content=\"es_ES\" \/>\n<meta property=\"og:type\" content=\"article\" \/>\n<meta property=\"og:title\" content=\"La ESI en la Semana de la Ciencia - Escuela Superior de Inform\u00e1tica de UCLM\" \/>\n<meta property=\"og:description\" content=\"Estudiantes provenientes de diversos colegios de la regi\u00f3n, con hambre de curiosidad, visitaron el Edificio Polit\u00e9cnico en el campus de Ciudad Real con motivo de la Semana de la Ciencia 2024, organizado por la Universidad de Castilla-La Mancha y Mujeres Ingeniosas. All\u00ed estuvo presente la [&hellip;]\" \/>\n<meta property=\"og:url\" content=\"https:\/\/esi.uclm.es\/index.php\/2024\/11\/14\/la-esi-en-la-semana-de-la-ciencia-2024\/\" \/>\n<meta property=\"og:site_name\" content=\"Escuela Superior de Inform\u00e1tica de UCLM\" \/>\n<meta property=\"article:publisher\" content=\"https:\/\/www.facebook.com\/Escuela-Superior-de-Informtica-543261809027158\" \/>\n<meta property=\"article:published_time\" content=\"2024-11-14T14:39:58+00:00\" \/>\n<meta property=\"article:modified_time\" content=\"2024-11-16T12:40:43+00:00\" \/>\n<meta property=\"og:image\" content=\"http:\/\/esi.uclm.es\/assets\/uploads\/2024\/11\/Portada_semana_ciencia_web.webp\" \/>\n\t<meta property=\"og:image:width\" content=\"1250\" \/>\n\t<meta property=\"og:image:height\" content=\"682\" \/>\n\t<meta property=\"og:image:type\" content=\"image\/webp\" \/>\n<meta name=\"author\" content=\"esiuclm\" \/>\n<meta name=\"twitter:card\" content=\"summary_large_image\" \/>\n<meta name=\"twitter:creator\" content=\"@esiuclm\" \/>\n<meta name=\"twitter:site\" content=\"@esiuclm\" \/>\n<meta name=\"twitter:label1\" content=\"Escrito por\" \/>\n\t<meta name=\"twitter:data1\" content=\"esiuclm\" \/>\n\t<meta name=\"twitter:label2\" content=\"Tiempo de lectura\" \/>\n\t<meta name=\"twitter:data2\" content=\"5 minutos\" \/>\n<script type=\"application\/ld+json\" class=\"yoast-schema-graph\">{\"@context\":\"https:\\\/\\\/schema.org\",\"@graph\":[{\"@type\":\"Article\",\"@id\":\"https:\\\/\\\/esi.uclm.es\\\/index.php\\\/2024\\\/11\\\/14\\\/la-esi-en-la-semana-de-la-ciencia-2024\\\/#article\",\"isPartOf\":{\"@id\":\"https:\\\/\\\/esi.uclm.es\\\/index.php\\\/2024\\\/11\\\/14\\\/la-esi-en-la-semana-de-la-ciencia-2024\\\/\"},\"author\":{\"name\":\"esiuclm\",\"@id\":\"https:\\\/\\\/esi.uclm.es\\\/#\\\/schema\\\/person\\\/d9a390095e8beeca5aced92acb17a530\"},\"headline\":\"La ESI en la Semana de la Ciencia\",\"datePublished\":\"2024-11-14T14:39:58+00:00\",\"dateModified\":\"2024-11-16T12:40:43+00:00\",\"mainEntityOfPage\":{\"@id\":\"https:\\\/\\\/esi.uclm.es\\\/index.php\\\/2024\\\/11\\\/14\\\/la-esi-en-la-semana-de-la-ciencia-2024\\\/\"},\"wordCount\":483,\"commentCount\":0,\"publisher\":{\"@id\":\"https:\\\/\\\/esi.uclm.es\\\/#organization\"},\"image\":{\"@id\":\"https:\\\/\\\/esi.uclm.es\\\/index.php\\\/2024\\\/11\\\/14\\\/la-esi-en-la-semana-de-la-ciencia-2024\\\/#primaryimage\"},\"thumbnailUrl\":\"https:\\\/\\\/esi.uclm.es\\\/assets\\\/uploads\\\/2024\\\/11\\\/Portada_semana_ciencia_web.webp\",\"articleSection\":[\"General\"],\"inLanguage\":\"es\",\"potentialAction\":[{\"@type\":\"CommentAction\",\"name\":\"Comment\",\"target\":[\"https:\\\/\\\/esi.uclm.es\\\/index.php\\\/2024\\\/11\\\/14\\\/la-esi-en-la-semana-de-la-ciencia-2024\\\/#respond\"]}]},{\"@type\":\"WebPage\",\"@id\":\"https:\\\/\\\/esi.uclm.es\\\/index.php\\\/2024\\\/11\\\/14\\\/la-esi-en-la-semana-de-la-ciencia-2024\\\/\",\"url\":\"https:\\\/\\\/esi.uclm.es\\\/index.php\\\/2024\\\/11\\\/14\\\/la-esi-en-la-semana-de-la-ciencia-2024\\\/\",\"name\":\"La ESI en la Semana de la Ciencia - Escuela Superior de Inform\u00e1tica de UCLM\",\"isPartOf\":{\"@id\":\"https:\\\/\\\/esi.uclm.es\\\/#website\"},\"primaryImageOfPage\":{\"@id\":\"https:\\\/\\\/esi.uclm.es\\\/index.php\\\/2024\\\/11\\\/14\\\/la-esi-en-la-semana-de-la-ciencia-2024\\\/#primaryimage\"},\"image\":{\"@id\":\"https:\\\/\\\/esi.uclm.es\\\/index.php\\\/2024\\\/11\\\/14\\\/la-esi-en-la-semana-de-la-ciencia-2024\\\/#primaryimage\"},\"thumbnailUrl\":\"https:\\\/\\\/esi.uclm.es\\\/assets\\\/uploads\\\/2024\\\/11\\\/Portada_semana_ciencia_web.webp\",\"datePublished\":\"2024-11-14T14:39:58+00:00\",\"dateModified\":\"2024-11-16T12:40:43+00:00\",\"breadcrumb\":{\"@id\":\"https:\\\/\\\/esi.uclm.es\\\/index.php\\\/2024\\\/11\\\/14\\\/la-esi-en-la-semana-de-la-ciencia-2024\\\/#breadcrumb\"},\"inLanguage\":\"es\",\"potentialAction\":[{\"@type\":\"ReadAction\",\"target\":[\"https:\\\/\\\/esi.uclm.es\\\/index.php\\\/2024\\\/11\\\/14\\\/la-esi-en-la-semana-de-la-ciencia-2024\\\/\"]}]},{\"@type\":\"ImageObject\",\"inLanguage\":\"es\",\"@id\":\"https:\\\/\\\/esi.uclm.es\\\/index.php\\\/2024\\\/11\\\/14\\\/la-esi-en-la-semana-de-la-ciencia-2024\\\/#primaryimage\",\"url\":\"https:\\\/\\\/esi.uclm.es\\\/assets\\\/uploads\\\/2024\\\/11\\\/Portada_semana_ciencia_web.webp\",\"contentUrl\":\"https:\\\/\\\/esi.uclm.es\\\/assets\\\/uploads\\\/2024\\\/11\\\/Portada_semana_ciencia_web.webp\",\"width\":1250,\"height\":682,\"caption\":\"ni\u00f1a con gafas de realidad virtual y mujer a su lado\"},{\"@type\":\"BreadcrumbList\",\"@id\":\"https:\\\/\\\/esi.uclm.es\\\/index.php\\\/2024\\\/11\\\/14\\\/la-esi-en-la-semana-de-la-ciencia-2024\\\/#breadcrumb\",\"itemListElement\":[{\"@type\":\"ListItem\",\"position\":1,\"name\":\"Portada\",\"item\":\"https:\\\/\\\/esi.uclm.es\\\/\"},{\"@type\":\"ListItem\",\"position\":2,\"name\":\"La ESI en la Semana de la Ciencia\"}]},{\"@type\":\"WebSite\",\"@id\":\"https:\\\/\\\/esi.uclm.es\\\/#website\",\"url\":\"https:\\\/\\\/esi.uclm.es\\\/\",\"name\":\"Escuela Superior de Inform\u00e1tica de UCLM en Ciudad Real, Castilla-La Mancha\",\"description\":\"La Escuela Superior de Inform\u00e1tica de Ciudad Real (Castilla-La Mancha), Universidad de Castilla-La Mancha es un centro universitario que imparte el ciclo completo de Ingenier\u00eda en Inform\u00e1tica: grado, m\u00e1ster y doctorado.\",\"publisher\":{\"@id\":\"https:\\\/\\\/esi.uclm.es\\\/#organization\"},\"potentialAction\":[{\"@type\":\"SearchAction\",\"target\":{\"@type\":\"EntryPoint\",\"urlTemplate\":\"https:\\\/\\\/esi.uclm.es\\\/?s={search_term_string}\"},\"query-input\":{\"@type\":\"PropertyValueSpecification\",\"valueRequired\":true,\"valueName\":\"search_term_string\"}}],\"inLanguage\":\"es\"},{\"@type\":\"Organization\",\"@id\":\"https:\\\/\\\/esi.uclm.es\\\/#organization\",\"name\":\"Escuela Superior de Inform\u00e1tica de UCLM\",\"url\":\"https:\\\/\\\/esi.uclm.es\\\/\",\"logo\":{\"@type\":\"ImageObject\",\"inLanguage\":\"es\",\"@id\":\"https:\\\/\\\/esi.uclm.es\\\/#\\\/schema\\\/logo\\\/image\\\/\",\"url\":\"https:\\\/\\\/esi.uclm.es\\\/assets\\\/uploads\\\/2022\\\/03\\\/LogoESI_cabecera-1.png\",\"contentUrl\":\"https:\\\/\\\/esi.uclm.es\\\/assets\\\/uploads\\\/2022\\\/03\\\/LogoESI_cabecera-1.png\",\"width\":460,\"height\":184,\"caption\":\"Escuela Superior de Inform\u00e1tica de UCLM\"},\"image\":{\"@id\":\"https:\\\/\\\/esi.uclm.es\\\/#\\\/schema\\\/logo\\\/image\\\/\"},\"sameAs\":[\"https:\\\/\\\/www.facebook.com\\\/Escuela-Superior-de-Informtica-543261809027158\",\"https:\\\/\\\/x.com\\\/esiuclm\",\"https:\\\/\\\/www.instagram.com\\\/esiuclm\\\/\",\"https:\\\/\\\/www.youtube.com\\\/user\\\/esiuclm\",\"https:\\\/\\\/www.twitch.tv\\\/esiuclm\",\"https:\\\/\\\/www.linkedin.com\\\/company\\\/12656631\\\/admin\\\/\"]},{\"@type\":\"Person\",\"@id\":\"https:\\\/\\\/esi.uclm.es\\\/#\\\/schema\\\/person\\\/d9a390095e8beeca5aced92acb17a530\",\"name\":\"esiuclm\",\"image\":{\"@type\":\"ImageObject\",\"inLanguage\":\"es\",\"@id\":\"https:\\\/\\\/secure.gravatar.com\\\/avatar\\\/ff32e6f445454691c713484fe154c7002761ecabfa4cfa2fea57c231744892da?s=96&d=mm&r=g\",\"url\":\"https:\\\/\\\/secure.gravatar.com\\\/avatar\\\/ff32e6f445454691c713484fe154c7002761ecabfa4cfa2fea57c231744892da?s=96&d=mm&r=g\",\"contentUrl\":\"https:\\\/\\\/secure.gravatar.com\\\/avatar\\\/ff32e6f445454691c713484fe154c7002761ecabfa4cfa2fea57c231744892da?s=96&d=mm&r=g\",\"caption\":\"esiuclm\"},\"sameAs\":[\"https:\\\/\\\/esi.uclm.es\"],\"url\":\"https:\\\/\\\/esi.uclm.es\\\/index.php\\\/author\\\/esiadmin\\\/\"}]}<\/script>\n<!-- \/ Yoast SEO plugin. -->","yoast_head_json":{"title":"La ESI en la Semana de la Ciencia - Escuela Superior de Inform\u00e1tica de UCLM","robots":{"index":"index","follow":"follow","max-snippet":"max-snippet:-1","max-image-preview":"max-image-preview:large","max-video-preview":"max-video-preview:-1"},"canonical":"https:\/\/esi.uclm.es\/index.php\/2024\/11\/14\/la-esi-en-la-semana-de-la-ciencia-2024\/","og_locale":"es_ES","og_type":"article","og_title":"La ESI en la Semana de la Ciencia - Escuela Superior de Inform\u00e1tica de UCLM","og_description":"Estudiantes provenientes de diversos colegios de la regi\u00f3n, con hambre de curiosidad, visitaron el Edificio Polit\u00e9cnico en el campus de Ciudad Real con motivo de la Semana de la Ciencia 2024, organizado por la Universidad de Castilla-La Mancha y Mujeres Ingeniosas. All\u00ed estuvo presente la [&hellip;]","og_url":"https:\/\/esi.uclm.es\/index.php\/2024\/11\/14\/la-esi-en-la-semana-de-la-ciencia-2024\/","og_site_name":"Escuela Superior de Inform\u00e1tica de UCLM","article_publisher":"https:\/\/www.facebook.com\/Escuela-Superior-de-Informtica-543261809027158","article_published_time":"2024-11-14T14:39:58+00:00","article_modified_time":"2024-11-16T12:40:43+00:00","og_image":[{"width":1250,"height":682,"url":"http:\/\/esi.uclm.es\/assets\/uploads\/2024\/11\/Portada_semana_ciencia_web.webp","type":"image\/webp"}],"author":"esiuclm","twitter_card":"summary_large_image","twitter_creator":"@esiuclm","twitter_site":"@esiuclm","twitter_misc":{"Escrito por":"esiuclm","Tiempo de lectura":"5 minutos"},"schema":{"@context":"https:\/\/schema.org","@graph":[{"@type":"Article","@id":"https:\/\/esi.uclm.es\/index.php\/2024\/11\/14\/la-esi-en-la-semana-de-la-ciencia-2024\/#article","isPartOf":{"@id":"https:\/\/esi.uclm.es\/index.php\/2024\/11\/14\/la-esi-en-la-semana-de-la-ciencia-2024\/"},"author":{"name":"esiuclm","@id":"https:\/\/esi.uclm.es\/#\/schema\/person\/d9a390095e8beeca5aced92acb17a530"},"headline":"La ESI en la Semana de la Ciencia","datePublished":"2024-11-14T14:39:58+00:00","dateModified":"2024-11-16T12:40:43+00:00","mainEntityOfPage":{"@id":"https:\/\/esi.uclm.es\/index.php\/2024\/11\/14\/la-esi-en-la-semana-de-la-ciencia-2024\/"},"wordCount":483,"commentCount":0,"publisher":{"@id":"https:\/\/esi.uclm.es\/#organization"},"image":{"@id":"https:\/\/esi.uclm.es\/index.php\/2024\/11\/14\/la-esi-en-la-semana-de-la-ciencia-2024\/#primaryimage"},"thumbnailUrl":"https:\/\/esi.uclm.es\/assets\/uploads\/2024\/11\/Portada_semana_ciencia_web.webp","articleSection":["General"],"inLanguage":"es","potentialAction":[{"@type":"CommentAction","name":"Comment","target":["https:\/\/esi.uclm.es\/index.php\/2024\/11\/14\/la-esi-en-la-semana-de-la-ciencia-2024\/#respond"]}]},{"@type":"WebPage","@id":"https:\/\/esi.uclm.es\/index.php\/2024\/11\/14\/la-esi-en-la-semana-de-la-ciencia-2024\/","url":"https:\/\/esi.uclm.es\/index.php\/2024\/11\/14\/la-esi-en-la-semana-de-la-ciencia-2024\/","name":"La ESI en la Semana de la Ciencia - Escuela Superior de Inform\u00e1tica de UCLM","isPartOf":{"@id":"https:\/\/esi.uclm.es\/#website"},"primaryImageOfPage":{"@id":"https:\/\/esi.uclm.es\/index.php\/2024\/11\/14\/la-esi-en-la-semana-de-la-ciencia-2024\/#primaryimage"},"image":{"@id":"https:\/\/esi.uclm.es\/index.php\/2024\/11\/14\/la-esi-en-la-semana-de-la-ciencia-2024\/#primaryimage"},"thumbnailUrl":"https:\/\/esi.uclm.es\/assets\/uploads\/2024\/11\/Portada_semana_ciencia_web.webp","datePublished":"2024-11-14T14:39:58+00:00","dateModified":"2024-11-16T12:40:43+00:00","breadcrumb":{"@id":"https:\/\/esi.uclm.es\/index.php\/2024\/11\/14\/la-esi-en-la-semana-de-la-ciencia-2024\/#breadcrumb"},"inLanguage":"es","potentialAction":[{"@type":"ReadAction","target":["https:\/\/esi.uclm.es\/index.php\/2024\/11\/14\/la-esi-en-la-semana-de-la-ciencia-2024\/"]}]},{"@type":"ImageObject","inLanguage":"es","@id":"https:\/\/esi.uclm.es\/index.php\/2024\/11\/14\/la-esi-en-la-semana-de-la-ciencia-2024\/#primaryimage","url":"https:\/\/esi.uclm.es\/assets\/uploads\/2024\/11\/Portada_semana_ciencia_web.webp","contentUrl":"https:\/\/esi.uclm.es\/assets\/uploads\/2024\/11\/Portada_semana_ciencia_web.webp","width":1250,"height":682,"caption":"ni\u00f1a con gafas de realidad virtual y mujer a su lado"},{"@type":"BreadcrumbList","@id":"https:\/\/esi.uclm.es\/index.php\/2024\/11\/14\/la-esi-en-la-semana-de-la-ciencia-2024\/#breadcrumb","itemListElement":[{"@type":"ListItem","position":1,"name":"Portada","item":"https:\/\/esi.uclm.es\/"},{"@type":"ListItem","position":2,"name":"La ESI en la Semana de la Ciencia"}]},{"@type":"WebSite","@id":"https:\/\/esi.uclm.es\/#website","url":"https:\/\/esi.uclm.es\/","name":"Escuela Superior de Inform\u00e1tica de UCLM en Ciudad Real, Castilla-La Mancha","description":"La Escuela Superior de Inform\u00e1tica de Ciudad Real (Castilla-La Mancha), Universidad de Castilla-La Mancha es un centro universitario que imparte el ciclo completo de Ingenier\u00eda en Inform\u00e1tica: grado, m\u00e1ster y doctorado.","publisher":{"@id":"https:\/\/esi.uclm.es\/#organization"},"potentialAction":[{"@type":"SearchAction","target":{"@type":"EntryPoint","urlTemplate":"https:\/\/esi.uclm.es\/?s={search_term_string}"},"query-input":{"@type":"PropertyValueSpecification","valueRequired":true,"valueName":"search_term_string"}}],"inLanguage":"es"},{"@type":"Organization","@id":"https:\/\/esi.uclm.es\/#organization","name":"Escuela Superior de Inform\u00e1tica de UCLM","url":"https:\/\/esi.uclm.es\/","logo":{"@type":"ImageObject","inLanguage":"es","@id":"https:\/\/esi.uclm.es\/#\/schema\/logo\/image\/","url":"https:\/\/esi.uclm.es\/assets\/uploads\/2022\/03\/LogoESI_cabecera-1.png","contentUrl":"https:\/\/esi.uclm.es\/assets\/uploads\/2022\/03\/LogoESI_cabecera-1.png","width":460,"height":184,"caption":"Escuela Superior de Inform\u00e1tica de UCLM"},"image":{"@id":"https:\/\/esi.uclm.es\/#\/schema\/logo\/image\/"},"sameAs":["https:\/\/www.facebook.com\/Escuela-Superior-de-Informtica-543261809027158","https:\/\/x.com\/esiuclm","https:\/\/www.instagram.com\/esiuclm\/","https:\/\/www.youtube.com\/user\/esiuclm","https:\/\/www.twitch.tv\/esiuclm","https:\/\/www.linkedin.com\/company\/12656631\/admin\/"]},{"@type":"Person","@id":"https:\/\/esi.uclm.es\/#\/schema\/person\/d9a390095e8beeca5aced92acb17a530","name":"esiuclm","image":{"@type":"ImageObject","inLanguage":"es","@id":"https:\/\/secure.gravatar.com\/avatar\/ff32e6f445454691c713484fe154c7002761ecabfa4cfa2fea57c231744892da?s=96&d=mm&r=g","url":"https:\/\/secure.gravatar.com\/avatar\/ff32e6f445454691c713484fe154c7002761ecabfa4cfa2fea57c231744892da?s=96&d=mm&r=g","contentUrl":"https:\/\/secure.gravatar.com\/avatar\/ff32e6f445454691c713484fe154c7002761ecabfa4cfa2fea57c231744892da?s=96&d=mm&r=g","caption":"esiuclm"},"sameAs":["https:\/\/esi.uclm.es"],"url":"https:\/\/esi.uclm.es\/index.php\/author\/esiadmin\/"}]}},"_links":{"self":[{"href":"https:\/\/esi.uclm.es\/index.php\/wp-json\/wp\/v2\/posts\/19785","targetHints":{"allow":["GET"]}}],"collection":[{"href":"https:\/\/esi.uclm.es\/index.php\/wp-json\/wp\/v2\/posts"}],"about":[{"href":"https:\/\/esi.uclm.es\/index.php\/wp-json\/wp\/v2\/types\/post"}],"author":[{"embeddable":true,"href":"https:\/\/esi.uclm.es\/index.php\/wp-json\/wp\/v2\/users\/1"}],"replies":[{"embeddable":true,"href":"https:\/\/esi.uclm.es\/index.php\/wp-json\/wp\/v2\/comments?post=19785"}],"version-history":[{"count":7,"href":"https:\/\/esi.uclm.es\/index.php\/wp-json\/wp\/v2\/posts\/19785\/revisions"}],"predecessor-version":[{"id":19816,"href":"https:\/\/esi.uclm.es\/index.php\/wp-json\/wp\/v2\/posts\/19785\/revisions\/19816"}],"wp:featuredmedia":[{"embeddable":true,"href":"https:\/\/esi.uclm.es\/index.php\/wp-json\/wp\/v2\/media\/19786"}],"wp:attachment":[{"href":"https:\/\/esi.uclm.es\/index.php\/wp-json\/wp\/v2\/media?parent=19785"}],"wp:term":[{"taxonomy":"category","embeddable":true,"href":"https:\/\/esi.uclm.es\/index.php\/wp-json\/wp\/v2\/categories?post=19785"},{"taxonomy":"post_tag","embeddable":true,"href":"https:\/\/esi.uclm.es\/index.php\/wp-json\/wp\/v2\/tags?post=19785"}],"curies":[{"name":"wp","href":"https:\/\/api.w.org\/{rel}","templated":true}]}}