{"id":18986,"date":"2024-07-19T07:53:39","date_gmt":"2024-07-19T07:53:39","guid":{"rendered":"https:\/\/esi.uclm.es\/?p=18986"},"modified":"2024-09-13T19:30:49","modified_gmt":"2024-09-13T19:30:49","slug":"curso-cero-matematicas-y-fisica-septiembre-2024","status":"publish","type":"post","link":"https:\/\/esi.uclm.es\/index.php\/2024\/07\/19\/curso-cero-matematicas-y-fisica-septiembre-2024\/","title":{"rendered":"Curso Cero Matem\u00e1ticas y F\u00edsica, septiembre 2024"},"content":{"rendered":"\n<p>Durante los d\u00edas 3, 4, 5 y 6 de septiembre se celebrar\u00e1 el curso cero de Matem\u00e1ticas y F\u00edsica para los estudiantes de primer curso. A continuaci\u00f3n se proporciona m\u00e1s informaci\u00f3n sobre la planificaci\u00f3n, preinscripci\u00f3n y pago de matricula. <\/p>\n\n\n\n<h1 class=\"wp-block-heading\">Fechas, Horario y Lugar<\/h1>\n\n\n\n<p>3, 4, 5 y 6 de septiembre de 2024.<\/p>\n\n\n\n<p>De 9.00 a 14.00 horas. En aula por determinar. La ense\u00f1anza ser\u00e1 presencial y en caso de que la situaci\u00f3n sanitaria lo impida ser\u00e1 de forma on-line.<\/p>\n\n\n\n<h1 class=\"wp-block-heading\"><a><\/a>Justificaci\u00f3n y Objetivos de las Ense\u00f1anzas<\/h1>\n\n\n\n<p>Se han observado dificultades en los alumnos de primer curso de los estudios en Ingenier\u00eda Inform\u00e1tica para abordar asignaturas b\u00e1sicas como Matem\u00e1ticas y F\u00edsica, este hecho ha motivado la oferta del Curso Cero.<\/p>\n\n\n\n<p>Este curso tiene por objeto proporcionar al alumno que comienza su vida universitaria una preparaci\u00f3n y\/o repaso sobre fundamentos de Matem\u00e1ticas y F\u00edsica que le ser\u00e1n necesarios para abordar con \u00e9xito diferentes materias que conforman su plan de estudios.<\/p>\n\n\n\n<h1 class=\"wp-block-heading\"><a><\/a>Calendario Previsto<\/h1>\n\n\n\n<p>Preinscripci\u00f3n: del 15 al 25 de julio de 2024. Lista de Admitidos: 26 de julio de 2024.<\/p>\n\n\n\n<p>Matricula: 29 de julio al 2 de septiembre de 2024.<\/p>\n\n\n\n<h1 class=\"wp-block-heading\"><a><\/a>Programa<\/h1>\n\n\n\n<p>Programaci\u00f3n docente: 20 horas, divididas en 4 sesiones de 5 horas. Valoraci\u00f3n en cr\u00e9ditos ECTS: 1 cr\u00e9dito<\/p>\n\n\n\n<p>Programa del curso:<\/p>\n\n\n\n<ul class=\"wp-block-list\">\n<li>Repaso de \u00c1lgebra (N\u00fameros, Matrices, Ecuaciones)<\/li>\n\n\n\n<li>Repaso de C\u00e1lculo (Funciones, Continuidad, Derivabilidad, Integraci\u00f3n en una variable)<\/li>\n\n\n\n<li>Fundamentos de An\u00e1lisis Vectorial (Vectores, Operaciones, Productos, Derivadas, Integrales)<\/li>\n<\/ul>\n\n\n\n<h1 class=\"wp-block-heading\"><a><\/a>Numero de Plazas<\/h1>\n\n\n\n<p>M\u00ednimo: 30<\/p>\n\n\n\n<p>M\u00e1ximo: 60<\/p>\n\n\n\n<h1 class=\"wp-block-heading\"><a><\/a>Requisitos y Procedimiento de Admisi\u00f3n<\/h1>\n\n\n\n<ul class=\"wp-block-list\">\n<li>Alumnos de nueva matriculaci\u00f3n<\/li>\n\n\n\n<li>Por orden de inscripci\u00f3n, con preferencia a aquellos alumnos matriculados en la ESI<\/li>\n<\/ul>\n\n\n\n<h1 class=\"wp-block-heading\"><a><\/a>Precio del Curso<\/h1>\n\n\n\n<p>Cincuenta (50 \u20ac).<\/p>\n\n\n\n<h1 class=\"wp-block-heading\"><a><\/a>Criterios de Evaluaci\u00f3n y Control<\/h1>\n\n\n\n<p>La asistencia ser\u00e1 obligatoria en al menos el 80% de las horas. Se expedir\u00e1 un certificado de asistencia y aprovechamiento por la Escuela Superior de Inform\u00e1tica.<\/p>\n\n\n\n<h1 class=\"wp-block-heading\"><a><\/a>Preinscripci\u00f3n y Matricula<\/h1>\n\n\n\n<p>La preinscripci\u00f3n deber\u00e1 formalizarse rellenando la solicitud en la aplicaci\u00f3n de cursos web <strong>(<a href=\"https:\/\/cursosweb.uclm.es\/\">https:\/\/cursosweb.uclm.es\/<\/a><\/strong>). Los alumnos admitidos deber\u00e1n formalizar su matr\u00edcula en la misma p\u00e1gina web y entregar el justificante de pago en la Secretar\u00eda de la ESI (si se realiza mediante pago con tarjeta no es necesario entregar nada en la Secretar\u00eda).<\/p>\n\n\n\n<p><\/p>\n","protected":false},"excerpt":{"rendered":"<p>Durante los d\u00edas 3, 4, 5 y 6 de septiembre se celebrar\u00e1 el curso cero de Matem\u00e1ticas y F\u00edsica para los estudiantes de primer curso. A continuaci\u00f3n se proporciona m\u00e1s informaci\u00f3n sobre la planificaci\u00f3n, preinscripci\u00f3n y pago de matricula. Fechas, Horario y Lugar 3, 4, [&hellip;]<\/p>\n","protected":false},"author":1,"featured_media":16465,"comment_status":"open","ping_status":"open","sticky":false,"template":"","format":"standard","meta":{"footnotes":""},"categories":[622,619],"tags":[],"class_list":["post-18986","post","type-post","status-publish","format-standard","has-post-thumbnail","hentry","category-docencia","category-general"],"yoast_head":"<!-- This site is optimized with the Yoast SEO plugin v27.4 - https:\/\/yoast.com\/product\/yoast-seo-wordpress\/ -->\n<title>Curso Cero Matem\u00e1ticas y F\u00edsica, septiembre 2024 - Escuela Superior de Inform\u00e1tica de UCLM<\/title>\n<meta name=\"description\" content=\"Durante los d\u00edas 3, 4, 5 y 6 de septiembre se celebrar\u00e1 el curso cero de Matem\u00e1ticas y F\u00edsica para los estudiantes de primer curso. A continuaci\u00f3n se proporciona m\u00e1s informaci\u00f3n sobre la planificaci\u00f3n, preinscripci\u00f3n y pago de matricula.\" \/>\n<meta name=\"robots\" content=\"index, follow, max-snippet:-1, max-image-preview:large, max-video-preview:-1\" \/>\n<link rel=\"canonical\" href=\"https:\/\/esi.uclm.es\/index.php\/2024\/07\/19\/curso-cero-matematicas-y-fisica-septiembre-2024\/\" \/>\n<meta property=\"og:locale\" content=\"es_ES\" \/>\n<meta property=\"og:type\" content=\"article\" \/>\n<meta property=\"og:title\" content=\"Curso Cero Matem\u00e1ticas y F\u00edsica, septiembre 2024 - Escuela Superior de Inform\u00e1tica de UCLM\" \/>\n<meta property=\"og:description\" content=\"Durante los d\u00edas 3, 4, 5 y 6 de septiembre se celebrar\u00e1 el curso cero de Matem\u00e1ticas y F\u00edsica para los estudiantes de primer curso. A continuaci\u00f3n se proporciona m\u00e1s informaci\u00f3n sobre la planificaci\u00f3n, preinscripci\u00f3n y pago de matricula.\" \/>\n<meta property=\"og:url\" content=\"https:\/\/esi.uclm.es\/index.php\/2024\/07\/19\/curso-cero-matematicas-y-fisica-septiembre-2024\/\" \/>\n<meta property=\"og:site_name\" content=\"Escuela Superior de Inform\u00e1tica de UCLM\" \/>\n<meta property=\"article:publisher\" content=\"https:\/\/www.facebook.com\/Escuela-Superior-de-Informtica-543261809027158\" \/>\n<meta property=\"article:published_time\" content=\"2024-07-19T07:53:39+00:00\" \/>\n<meta property=\"article:modified_time\" content=\"2024-09-13T19:30:49+00:00\" \/>\n<meta property=\"og:image\" content=\"http:\/\/esi.uclm.es\/assets\/uploads\/2023\/07\/cursoCero2324.webp\" \/>\n\t<meta property=\"og:image:width\" content=\"1960\" \/>\n\t<meta property=\"og:image:height\" content=\"1080\" \/>\n\t<meta property=\"og:image:type\" content=\"image\/webp\" \/>\n<meta name=\"author\" content=\"esiuclm\" \/>\n<meta name=\"twitter:card\" content=\"summary_large_image\" \/>\n<meta name=\"twitter:creator\" content=\"@esiuclm\" \/>\n<meta name=\"twitter:site\" content=\"@esiuclm\" \/>\n<meta name=\"twitter:label1\" content=\"Escrito por\" \/>\n\t<meta name=\"twitter:data1\" content=\"esiuclm\" \/>\n\t<meta name=\"twitter:label2\" content=\"Tiempo de lectura\" \/>\n\t<meta name=\"twitter:data2\" content=\"2 minutos\" \/>\n<script type=\"application\/ld+json\" class=\"yoast-schema-graph\">{\"@context\":\"https:\\\/\\\/schema.org\",\"@graph\":[{\"@type\":\"Article\",\"@id\":\"https:\\\/\\\/esi.uclm.es\\\/index.php\\\/2024\\\/07\\\/19\\\/curso-cero-matematicas-y-fisica-septiembre-2024\\\/#article\",\"isPartOf\":{\"@id\":\"https:\\\/\\\/esi.uclm.es\\\/index.php\\\/2024\\\/07\\\/19\\\/curso-cero-matematicas-y-fisica-septiembre-2024\\\/\"},\"author\":{\"name\":\"esiuclm\",\"@id\":\"https:\\\/\\\/esi.uclm.es\\\/#\\\/schema\\\/person\\\/d9a390095e8beeca5aced92acb17a530\"},\"headline\":\"Curso Cero Matem\u00e1ticas y F\u00edsica, septiembre 2024\",\"datePublished\":\"2024-07-19T07:53:39+00:00\",\"dateModified\":\"2024-09-13T19:30:49+00:00\",\"mainEntityOfPage\":{\"@id\":\"https:\\\/\\\/esi.uclm.es\\\/index.php\\\/2024\\\/07\\\/19\\\/curso-cero-matematicas-y-fisica-septiembre-2024\\\/\"},\"wordCount\":383,\"commentCount\":0,\"publisher\":{\"@id\":\"https:\\\/\\\/esi.uclm.es\\\/#organization\"},\"image\":{\"@id\":\"https:\\\/\\\/esi.uclm.es\\\/index.php\\\/2024\\\/07\\\/19\\\/curso-cero-matematicas-y-fisica-septiembre-2024\\\/#primaryimage\"},\"thumbnailUrl\":\"https:\\\/\\\/esi.uclm.es\\\/assets\\\/uploads\\\/2023\\\/07\\\/cursoCero2324.webp\",\"articleSection\":[\"Docencia\",\"General\"],\"inLanguage\":\"es\",\"potentialAction\":[{\"@type\":\"CommentAction\",\"name\":\"Comment\",\"target\":[\"https:\\\/\\\/esi.uclm.es\\\/index.php\\\/2024\\\/07\\\/19\\\/curso-cero-matematicas-y-fisica-septiembre-2024\\\/#respond\"]}]},{\"@type\":\"WebPage\",\"@id\":\"https:\\\/\\\/esi.uclm.es\\\/index.php\\\/2024\\\/07\\\/19\\\/curso-cero-matematicas-y-fisica-septiembre-2024\\\/\",\"url\":\"https:\\\/\\\/esi.uclm.es\\\/index.php\\\/2024\\\/07\\\/19\\\/curso-cero-matematicas-y-fisica-septiembre-2024\\\/\",\"name\":\"Curso Cero Matem\u00e1ticas y F\u00edsica, septiembre 2024 - Escuela Superior de Inform\u00e1tica de UCLM\",\"isPartOf\":{\"@id\":\"https:\\\/\\\/esi.uclm.es\\\/#website\"},\"primaryImageOfPage\":{\"@id\":\"https:\\\/\\\/esi.uclm.es\\\/index.php\\\/2024\\\/07\\\/19\\\/curso-cero-matematicas-y-fisica-septiembre-2024\\\/#primaryimage\"},\"image\":{\"@id\":\"https:\\\/\\\/esi.uclm.es\\\/index.php\\\/2024\\\/07\\\/19\\\/curso-cero-matematicas-y-fisica-septiembre-2024\\\/#primaryimage\"},\"thumbnailUrl\":\"https:\\\/\\\/esi.uclm.es\\\/assets\\\/uploads\\\/2023\\\/07\\\/cursoCero2324.webp\",\"datePublished\":\"2024-07-19T07:53:39+00:00\",\"dateModified\":\"2024-09-13T19:30:49+00:00\",\"description\":\"Durante los d\u00edas 3, 4, 5 y 6 de septiembre se celebrar\u00e1 el curso cero de Matem\u00e1ticas y F\u00edsica para los estudiantes de primer curso. A continuaci\u00f3n se proporciona m\u00e1s informaci\u00f3n sobre la planificaci\u00f3n, preinscripci\u00f3n y pago de matricula.\",\"breadcrumb\":{\"@id\":\"https:\\\/\\\/esi.uclm.es\\\/index.php\\\/2024\\\/07\\\/19\\\/curso-cero-matematicas-y-fisica-septiembre-2024\\\/#breadcrumb\"},\"inLanguage\":\"es\",\"potentialAction\":[{\"@type\":\"ReadAction\",\"target\":[\"https:\\\/\\\/esi.uclm.es\\\/index.php\\\/2024\\\/07\\\/19\\\/curso-cero-matematicas-y-fisica-septiembre-2024\\\/\"]}]},{\"@type\":\"ImageObject\",\"inLanguage\":\"es\",\"@id\":\"https:\\\/\\\/esi.uclm.es\\\/index.php\\\/2024\\\/07\\\/19\\\/curso-cero-matematicas-y-fisica-septiembre-2024\\\/#primaryimage\",\"url\":\"https:\\\/\\\/esi.uclm.es\\\/assets\\\/uploads\\\/2023\\\/07\\\/cursoCero2324.webp\",\"contentUrl\":\"https:\\\/\\\/esi.uclm.es\\\/assets\\\/uploads\\\/2023\\\/07\\\/cursoCero2324.webp\",\"width\":1960,\"height\":1080,\"caption\":\"estudiantes en el curso cero\"},{\"@type\":\"BreadcrumbList\",\"@id\":\"https:\\\/\\\/esi.uclm.es\\\/index.php\\\/2024\\\/07\\\/19\\\/curso-cero-matematicas-y-fisica-septiembre-2024\\\/#breadcrumb\",\"itemListElement\":[{\"@type\":\"ListItem\",\"position\":1,\"name\":\"Portada\",\"item\":\"https:\\\/\\\/esi.uclm.es\\\/\"},{\"@type\":\"ListItem\",\"position\":2,\"name\":\"Curso Cero Matem\u00e1ticas y F\u00edsica, septiembre 2024\"}]},{\"@type\":\"WebSite\",\"@id\":\"https:\\\/\\\/esi.uclm.es\\\/#website\",\"url\":\"https:\\\/\\\/esi.uclm.es\\\/\",\"name\":\"Escuela Superior de Inform\u00e1tica de UCLM en Ciudad Real, Castilla-La Mancha\",\"description\":\"La Escuela Superior de Inform\u00e1tica de Ciudad Real (Castilla-La Mancha), Universidad de Castilla-La Mancha es un centro universitario que imparte el ciclo completo de Ingenier\u00eda en Inform\u00e1tica: grado, m\u00e1ster y doctorado.\",\"publisher\":{\"@id\":\"https:\\\/\\\/esi.uclm.es\\\/#organization\"},\"potentialAction\":[{\"@type\":\"SearchAction\",\"target\":{\"@type\":\"EntryPoint\",\"urlTemplate\":\"https:\\\/\\\/esi.uclm.es\\\/?s={search_term_string}\"},\"query-input\":{\"@type\":\"PropertyValueSpecification\",\"valueRequired\":true,\"valueName\":\"search_term_string\"}}],\"inLanguage\":\"es\"},{\"@type\":\"Organization\",\"@id\":\"https:\\\/\\\/esi.uclm.es\\\/#organization\",\"name\":\"Escuela Superior de Inform\u00e1tica de UCLM\",\"url\":\"https:\\\/\\\/esi.uclm.es\\\/\",\"logo\":{\"@type\":\"ImageObject\",\"inLanguage\":\"es\",\"@id\":\"https:\\\/\\\/esi.uclm.es\\\/#\\\/schema\\\/logo\\\/image\\\/\",\"url\":\"https:\\\/\\\/esi.uclm.es\\\/assets\\\/uploads\\\/2022\\\/03\\\/LogoESI_cabecera-1.png\",\"contentUrl\":\"https:\\\/\\\/esi.uclm.es\\\/assets\\\/uploads\\\/2022\\\/03\\\/LogoESI_cabecera-1.png\",\"width\":460,\"height\":184,\"caption\":\"Escuela Superior de Inform\u00e1tica de UCLM\"},\"image\":{\"@id\":\"https:\\\/\\\/esi.uclm.es\\\/#\\\/schema\\\/logo\\\/image\\\/\"},\"sameAs\":[\"https:\\\/\\\/www.facebook.com\\\/Escuela-Superior-de-Informtica-543261809027158\",\"https:\\\/\\\/x.com\\\/esiuclm\",\"https:\\\/\\\/www.instagram.com\\\/esiuclm\\\/\",\"https:\\\/\\\/www.youtube.com\\\/user\\\/esiuclm\",\"https:\\\/\\\/www.twitch.tv\\\/esiuclm\",\"https:\\\/\\\/www.linkedin.com\\\/company\\\/12656631\\\/admin\\\/\"]},{\"@type\":\"Person\",\"@id\":\"https:\\\/\\\/esi.uclm.es\\\/#\\\/schema\\\/person\\\/d9a390095e8beeca5aced92acb17a530\",\"name\":\"esiuclm\",\"image\":{\"@type\":\"ImageObject\",\"inLanguage\":\"es\",\"@id\":\"https:\\\/\\\/secure.gravatar.com\\\/avatar\\\/ff32e6f445454691c713484fe154c7002761ecabfa4cfa2fea57c231744892da?s=96&d=mm&r=g\",\"url\":\"https:\\\/\\\/secure.gravatar.com\\\/avatar\\\/ff32e6f445454691c713484fe154c7002761ecabfa4cfa2fea57c231744892da?s=96&d=mm&r=g\",\"contentUrl\":\"https:\\\/\\\/secure.gravatar.com\\\/avatar\\\/ff32e6f445454691c713484fe154c7002761ecabfa4cfa2fea57c231744892da?s=96&d=mm&r=g\",\"caption\":\"esiuclm\"},\"sameAs\":[\"https:\\\/\\\/esi.uclm.es\"],\"url\":\"https:\\\/\\\/esi.uclm.es\\\/index.php\\\/author\\\/esiadmin\\\/\"}]}<\/script>\n<!-- \/ Yoast SEO plugin. -->","yoast_head_json":{"title":"Curso Cero Matem\u00e1ticas y F\u00edsica, septiembre 2024 - Escuela Superior de Inform\u00e1tica de UCLM","description":"Durante los d\u00edas 3, 4, 5 y 6 de septiembre se celebrar\u00e1 el curso cero de Matem\u00e1ticas y F\u00edsica para los estudiantes de primer curso. A continuaci\u00f3n se proporciona m\u00e1s informaci\u00f3n sobre la planificaci\u00f3n, preinscripci\u00f3n y pago de matricula.","robots":{"index":"index","follow":"follow","max-snippet":"max-snippet:-1","max-image-preview":"max-image-preview:large","max-video-preview":"max-video-preview:-1"},"canonical":"https:\/\/esi.uclm.es\/index.php\/2024\/07\/19\/curso-cero-matematicas-y-fisica-septiembre-2024\/","og_locale":"es_ES","og_type":"article","og_title":"Curso Cero Matem\u00e1ticas y F\u00edsica, septiembre 2024 - Escuela Superior de Inform\u00e1tica de UCLM","og_description":"Durante los d\u00edas 3, 4, 5 y 6 de septiembre se celebrar\u00e1 el curso cero de Matem\u00e1ticas y F\u00edsica para los estudiantes de primer curso. A continuaci\u00f3n se proporciona m\u00e1s informaci\u00f3n sobre la planificaci\u00f3n, preinscripci\u00f3n y pago de matricula.","og_url":"https:\/\/esi.uclm.es\/index.php\/2024\/07\/19\/curso-cero-matematicas-y-fisica-septiembre-2024\/","og_site_name":"Escuela Superior de Inform\u00e1tica de UCLM","article_publisher":"https:\/\/www.facebook.com\/Escuela-Superior-de-Informtica-543261809027158","article_published_time":"2024-07-19T07:53:39+00:00","article_modified_time":"2024-09-13T19:30:49+00:00","og_image":[{"width":1960,"height":1080,"url":"http:\/\/esi.uclm.es\/assets\/uploads\/2023\/07\/cursoCero2324.webp","type":"image\/webp"}],"author":"esiuclm","twitter_card":"summary_large_image","twitter_creator":"@esiuclm","twitter_site":"@esiuclm","twitter_misc":{"Escrito por":"esiuclm","Tiempo de lectura":"2 minutos"},"schema":{"@context":"https:\/\/schema.org","@graph":[{"@type":"Article","@id":"https:\/\/esi.uclm.es\/index.php\/2024\/07\/19\/curso-cero-matematicas-y-fisica-septiembre-2024\/#article","isPartOf":{"@id":"https:\/\/esi.uclm.es\/index.php\/2024\/07\/19\/curso-cero-matematicas-y-fisica-septiembre-2024\/"},"author":{"name":"esiuclm","@id":"https:\/\/esi.uclm.es\/#\/schema\/person\/d9a390095e8beeca5aced92acb17a530"},"headline":"Curso Cero Matem\u00e1ticas y F\u00edsica, septiembre 2024","datePublished":"2024-07-19T07:53:39+00:00","dateModified":"2024-09-13T19:30:49+00:00","mainEntityOfPage":{"@id":"https:\/\/esi.uclm.es\/index.php\/2024\/07\/19\/curso-cero-matematicas-y-fisica-septiembre-2024\/"},"wordCount":383,"commentCount":0,"publisher":{"@id":"https:\/\/esi.uclm.es\/#organization"},"image":{"@id":"https:\/\/esi.uclm.es\/index.php\/2024\/07\/19\/curso-cero-matematicas-y-fisica-septiembre-2024\/#primaryimage"},"thumbnailUrl":"https:\/\/esi.uclm.es\/assets\/uploads\/2023\/07\/cursoCero2324.webp","articleSection":["Docencia","General"],"inLanguage":"es","potentialAction":[{"@type":"CommentAction","name":"Comment","target":["https:\/\/esi.uclm.es\/index.php\/2024\/07\/19\/curso-cero-matematicas-y-fisica-septiembre-2024\/#respond"]}]},{"@type":"WebPage","@id":"https:\/\/esi.uclm.es\/index.php\/2024\/07\/19\/curso-cero-matematicas-y-fisica-septiembre-2024\/","url":"https:\/\/esi.uclm.es\/index.php\/2024\/07\/19\/curso-cero-matematicas-y-fisica-septiembre-2024\/","name":"Curso Cero Matem\u00e1ticas y F\u00edsica, septiembre 2024 - Escuela Superior de Inform\u00e1tica de UCLM","isPartOf":{"@id":"https:\/\/esi.uclm.es\/#website"},"primaryImageOfPage":{"@id":"https:\/\/esi.uclm.es\/index.php\/2024\/07\/19\/curso-cero-matematicas-y-fisica-septiembre-2024\/#primaryimage"},"image":{"@id":"https:\/\/esi.uclm.es\/index.php\/2024\/07\/19\/curso-cero-matematicas-y-fisica-septiembre-2024\/#primaryimage"},"thumbnailUrl":"https:\/\/esi.uclm.es\/assets\/uploads\/2023\/07\/cursoCero2324.webp","datePublished":"2024-07-19T07:53:39+00:00","dateModified":"2024-09-13T19:30:49+00:00","description":"Durante los d\u00edas 3, 4, 5 y 6 de septiembre se celebrar\u00e1 el curso cero de Matem\u00e1ticas y F\u00edsica para los estudiantes de primer curso. A continuaci\u00f3n se proporciona m\u00e1s informaci\u00f3n sobre la planificaci\u00f3n, preinscripci\u00f3n y pago de matricula.","breadcrumb":{"@id":"https:\/\/esi.uclm.es\/index.php\/2024\/07\/19\/curso-cero-matematicas-y-fisica-septiembre-2024\/#breadcrumb"},"inLanguage":"es","potentialAction":[{"@type":"ReadAction","target":["https:\/\/esi.uclm.es\/index.php\/2024\/07\/19\/curso-cero-matematicas-y-fisica-septiembre-2024\/"]}]},{"@type":"ImageObject","inLanguage":"es","@id":"https:\/\/esi.uclm.es\/index.php\/2024\/07\/19\/curso-cero-matematicas-y-fisica-septiembre-2024\/#primaryimage","url":"https:\/\/esi.uclm.es\/assets\/uploads\/2023\/07\/cursoCero2324.webp","contentUrl":"https:\/\/esi.uclm.es\/assets\/uploads\/2023\/07\/cursoCero2324.webp","width":1960,"height":1080,"caption":"estudiantes en el curso cero"},{"@type":"BreadcrumbList","@id":"https:\/\/esi.uclm.es\/index.php\/2024\/07\/19\/curso-cero-matematicas-y-fisica-septiembre-2024\/#breadcrumb","itemListElement":[{"@type":"ListItem","position":1,"name":"Portada","item":"https:\/\/esi.uclm.es\/"},{"@type":"ListItem","position":2,"name":"Curso Cero Matem\u00e1ticas y F\u00edsica, septiembre 2024"}]},{"@type":"WebSite","@id":"https:\/\/esi.uclm.es\/#website","url":"https:\/\/esi.uclm.es\/","name":"Escuela Superior de Inform\u00e1tica de UCLM en Ciudad Real, Castilla-La Mancha","description":"La Escuela Superior de Inform\u00e1tica de Ciudad Real (Castilla-La Mancha), Universidad de Castilla-La Mancha es un centro universitario que imparte el ciclo completo de Ingenier\u00eda en Inform\u00e1tica: grado, m\u00e1ster y doctorado.","publisher":{"@id":"https:\/\/esi.uclm.es\/#organization"},"potentialAction":[{"@type":"SearchAction","target":{"@type":"EntryPoint","urlTemplate":"https:\/\/esi.uclm.es\/?s={search_term_string}"},"query-input":{"@type":"PropertyValueSpecification","valueRequired":true,"valueName":"search_term_string"}}],"inLanguage":"es"},{"@type":"Organization","@id":"https:\/\/esi.uclm.es\/#organization","name":"Escuela Superior de Inform\u00e1tica de UCLM","url":"https:\/\/esi.uclm.es\/","logo":{"@type":"ImageObject","inLanguage":"es","@id":"https:\/\/esi.uclm.es\/#\/schema\/logo\/image\/","url":"https:\/\/esi.uclm.es\/assets\/uploads\/2022\/03\/LogoESI_cabecera-1.png","contentUrl":"https:\/\/esi.uclm.es\/assets\/uploads\/2022\/03\/LogoESI_cabecera-1.png","width":460,"height":184,"caption":"Escuela Superior de Inform\u00e1tica de UCLM"},"image":{"@id":"https:\/\/esi.uclm.es\/#\/schema\/logo\/image\/"},"sameAs":["https:\/\/www.facebook.com\/Escuela-Superior-de-Informtica-543261809027158","https:\/\/x.com\/esiuclm","https:\/\/www.instagram.com\/esiuclm\/","https:\/\/www.youtube.com\/user\/esiuclm","https:\/\/www.twitch.tv\/esiuclm","https:\/\/www.linkedin.com\/company\/12656631\/admin\/"]},{"@type":"Person","@id":"https:\/\/esi.uclm.es\/#\/schema\/person\/d9a390095e8beeca5aced92acb17a530","name":"esiuclm","image":{"@type":"ImageObject","inLanguage":"es","@id":"https:\/\/secure.gravatar.com\/avatar\/ff32e6f445454691c713484fe154c7002761ecabfa4cfa2fea57c231744892da?s=96&d=mm&r=g","url":"https:\/\/secure.gravatar.com\/avatar\/ff32e6f445454691c713484fe154c7002761ecabfa4cfa2fea57c231744892da?s=96&d=mm&r=g","contentUrl":"https:\/\/secure.gravatar.com\/avatar\/ff32e6f445454691c713484fe154c7002761ecabfa4cfa2fea57c231744892da?s=96&d=mm&r=g","caption":"esiuclm"},"sameAs":["https:\/\/esi.uclm.es"],"url":"https:\/\/esi.uclm.es\/index.php\/author\/esiadmin\/"}]}},"_links":{"self":[{"href":"https:\/\/esi.uclm.es\/index.php\/wp-json\/wp\/v2\/posts\/18986","targetHints":{"allow":["GET"]}}],"collection":[{"href":"https:\/\/esi.uclm.es\/index.php\/wp-json\/wp\/v2\/posts"}],"about":[{"href":"https:\/\/esi.uclm.es\/index.php\/wp-json\/wp\/v2\/types\/post"}],"author":[{"embeddable":true,"href":"https:\/\/esi.uclm.es\/index.php\/wp-json\/wp\/v2\/users\/1"}],"replies":[{"embeddable":true,"href":"https:\/\/esi.uclm.es\/index.php\/wp-json\/wp\/v2\/comments?post=18986"}],"version-history":[{"count":2,"href":"https:\/\/esi.uclm.es\/index.php\/wp-json\/wp\/v2\/posts\/18986\/revisions"}],"predecessor-version":[{"id":18988,"href":"https:\/\/esi.uclm.es\/index.php\/wp-json\/wp\/v2\/posts\/18986\/revisions\/18988"}],"wp:featuredmedia":[{"embeddable":true,"href":"https:\/\/esi.uclm.es\/index.php\/wp-json\/wp\/v2\/media\/16465"}],"wp:attachment":[{"href":"https:\/\/esi.uclm.es\/index.php\/wp-json\/wp\/v2\/media?parent=18986"}],"wp:term":[{"taxonomy":"category","embeddable":true,"href":"https:\/\/esi.uclm.es\/index.php\/wp-json\/wp\/v2\/categories?post=18986"},{"taxonomy":"post_tag","embeddable":true,"href":"https:\/\/esi.uclm.es\/index.php\/wp-json\/wp\/v2\/tags?post=18986"}],"curies":[{"name":"wp","href":"https:\/\/api.w.org\/{rel}","templated":true}]}}