{"id":18957,"date":"2024-07-10T22:12:04","date_gmt":"2024-07-10T22:12:04","guid":{"rendered":"https:\/\/esi.uclm.es\/?p=18957"},"modified":"2024-07-12T18:45:52","modified_gmt":"2024-07-12T18:45:52","slug":"asignacion-definitiva-de-intensificaciones-y-optativas-2024-2025","status":"publish","type":"post","link":"https:\/\/esi.uclm.es\/index.php\/2024\/07\/10\/asignacion-definitiva-de-intensificaciones-y-optativas-2024-2025\/","title":{"rendered":"Asignaci\u00f3n definitiva de intensificaciones y optativas 2024-2025"},"content":{"rendered":"\n<p>Quedan publicadas las asignaciones definitivas de <a href=\"https:\/\/esi.uclm.es\/index.php\/grado-en-ingenieria-informatica\/intensificaciones\/\">intensificaciones<\/a> y <a href=\"https:\/\/esi.uclm.es\/index.php\/grado-en-ingenieria-informatica\/optativas\/\">asignaturas optativas<\/a> para el curso 2024-2025.<\/p>\n\n\n\n<h3 class=\"wp-block-heading\"><strong>Proceso de asignaci\u00f3n de intensificaciones<\/strong><\/h3>\n\n\n\n<p>El proceso de asignaci\u00f3n de intensificaciones a estudiantes del <strong>Grado en Ingenier\u00eda Inform\u00e1tica <\/strong>utiliza como criterio de asignaci\u00f3n de Tecnolog\u00eda Espec\u00edfica o intensificaci\u00f3n a estudiantes la nota media del expediente acad\u00e9mico del alumno\/a. Es por ello, que es posible que a un estudiante se le asigne una intensificaci\u00f3n que no ha seleccionado como primera opci\u00f3n.<\/p>\n\n\n\n<p>La Subdirecci\u00f3n de Ordenaci\u00f3n Acad\u00e9mica es responsable de garantizar la libre elecci\u00f3n de itinerario por parte de los estudiantes y al mismo tiempo garantizar la calidad de la docencia. Por este motivo, la Subdirecci\u00f3n velar\u00e1 por una distribuci\u00f3n de estudiantes en las Intensificaciones que trate de satisfacer la prioridad de los estudiantes, sujeto al expediente acad\u00e9mico del alumno y a la restricci\u00f3n de mantener un \u00fanico grupo tanto de teor\u00eda como de pr\u00e1ctica para cada intensificaci\u00f3n, de acuerdo al <strong>Plan de Ordenaci\u00f3n Acad\u00e9mica <\/strong>de la UCLM.<\/p>\n\n\n\n<p>La nota media del expediente acad\u00e9mico<a href=\"#_bookmark0\"><sup>1<\/sup><\/a> se obtiene de manera autom\u00e1tica a trav\u00e9s de la aplicaci\u00f3n UNIVERSITAS XXI a fecha [<strong>8 de julio de 2023 9:00h<\/strong>] conforme a lo establecido en el art. 5.3 del R.D. 1125\/2003, que establece que s\u00f3lo se tendr\u00e1n en cuenta los cr\u00e9ditos superados.<\/p>\n\n\n\n<p>Durante este proceso, un total de <strong>113 alumnos <\/strong>han solicitado intensificaci\u00f3n para cursar el pr\u00f3ximo curso acad\u00e9mico 2024\/2025. Las asignaciones de estudiantes a intensificaciones han sido las siguientes.<\/p>\n\n\n\n<ul class=\"wp-block-list\">\n<li>Tecnolog\u00eda de la Informaci\u00f3n: 39 alumnos (completa, <strong>nota de corte 5,94<\/strong>).<\/li>\n\n\n\n<li>Ingenier\u00eda del Software: 39 alumnos (completa, <strong>nota de corte 5,81<\/strong>).<\/li>\n\n\n\n<li>Ingenier\u00eda de Computadores: 24 alumnos<\/li>\n\n\n\n<li>Computaci\u00f3n: 11 alumnos.<\/li>\n<\/ul>\n\n\n\n<p>De estos 113 estudiantes, el 84,95% fueron asignados a la intensificaci\u00f3n seleccionada como primera opci\u00f3n, el 11,50% fueron asignados a la intensificaci\u00f3n seleccionada como segunda opci\u00f3n y el 3,53% restante fueron asignados a la intensificaci\u00f3n que seleccionaron como tercera opci\u00f3n. Se recuerda a los estudiantes que <strong>\u00fanicamente <\/strong>podr\u00e1n matricularse de asignaturas correspondientes a la intensificaci\u00f3n que se les ha asignado.<\/p>\n\n\n\n[+] <a href=\"https:\/\/esi.uclm.es\/index.php\/grado-en-ingenieria-informatica\/intensificaciones\/\">Listado provisional de asignaciones de intensificaciones<\/a><\/p>\n\n\n\n<h3 class=\"wp-block-heading\"><strong>Proceso de asignaci\u00f3n de asignaturas optativas<\/strong><\/h3>\n\n\n\n<p>El proceso de asignaci\u00f3n de asignaturas optativas a estudiantes del <strong>Grado en Ingenier\u00eda Inform\u00e1tica <\/strong>utiliza estrictamente los siguientes criterios de asignaci\u00f3n:<\/p>\n\n\n\n<ul class=\"wp-block-list\">\n<li>Nota media del expediente acad\u00e9mico del alumno, que se ha obtenido a trav\u00e9s de la aplicaci\u00f3n UNIVERSITAS XXI a fecha [<strong>8 de julio de 2024 9:00h<\/strong>] conforme a lo establecido en el art. 5.3 del R.D. 1125\/2003, que establece que s\u00f3lo se tendr\u00e1n en cuenta los cr\u00e9ditos superados.<\/li>\n\n\n\n<li>El n\u00famero m\u00ednimo de estudiantes que deben matricularse en una asignatura optativa para que sea viable ha de ser 10.<\/li>\n<\/ul>\n\n\n\n<p>La Subdirecci\u00f3n de Ordenaci\u00f3n Acad\u00e9mica es responsable de garantizar la libre elecci\u00f3n de optativas por parte de los estudiantes y al mismo tiempo garantizar la calidad de la docencia. Por este motivo, la Subdirecci\u00f3n velar\u00e1 por una distribuci\u00f3n de estudiantes entre las asignaturas optativas que trate de satisfacer la prioridad de los estudiantes, sujeto al expediente acad\u00e9mico del alumno y a la restricci\u00f3n de mantener un \u00fanico grupo tanto de teor\u00eda como de pr\u00e1ctica para cada asignatura, de acuerdo al <strong>Plan de Ordenaci\u00f3n Acad\u00e9mica <\/strong>de la UCLM.<\/p>\n\n\n\n<p>Es posible por tanto que a un estudiante se le asigne una asignatura optativa que no haya seleccionado como primera opci\u00f3n.<\/p>\n\n\n\n<p>En el curso acad\u00e9mico 2024\/25, se han recibido <strong>73 solicitude<\/strong>s de alumnos para matricular un total de <strong>134 asignaturas optativas <\/strong>que se reparten como sigue.<\/p>\n\n\n\n<ol class=\"wp-block-list\">\n<li>Bases de Datos Avanzadas: 24 alumnos.<\/li>\n\n\n\n<li>Auditor\u00eda de Sistemas de Informaci\u00f3n: 19 alumnos.<\/li>\n\n\n\n<li>T\u00e9cnicas de Aprendizaje Autom\u00e1tico: 18 alumnos.<\/li>\n\n\n\n<li>Ingenier\u00eda de Negocio: 16 alumnos.<\/li>\n\n\n\n<li>Desarrollo de Sistemas Web: 15 alumnos.<\/li>\n\n\n\n<li>Redes y Servicios M\u00f3viles: 14 alumnos.<\/li>\n\n\n\n<li>An\u00e1lisis Forense Inform\u00e1tico: 11 alumnos.<\/li>\n\n\n\n<li>Gr\u00e1ficos por Computador: 8 alumnos.<\/li>\n\n\n\n<li>Aplicaciones Distribuidas en Internet: 5 alumnos.<\/li>\n\n\n\n<li>Dise\u00f1o VLSI: 4 alumnos.<\/li>\n<\/ol>\n\n\n\n<p>&nbsp;Se recuerda a los estudiantes que <strong>\u00fanicamente <\/strong>podr\u00e1n matricularse de las asignaturas optativas que se les ha asignado.<\/p>\n\n\n\n[+] <a href=\"https:\/\/esi.uclm.es\/index.php\/grado-en-ingenieria-informatica\/optativas\/\">Listado provisional de asignaci\u00f3n de asignaturas optativas<\/a><\/p>\n","protected":false},"excerpt":{"rendered":"<p>Quedan publicadas las asignaciones definitivas de intensificaciones y asignaturas optativas para el curso 2024-2025. Proceso de asignaci\u00f3n de intensificaciones El proceso de asignaci\u00f3n de intensificaciones a estudiantes del Grado en Ingenier\u00eda Inform\u00e1tica utiliza como criterio de asignaci\u00f3n de Tecnolog\u00eda Espec\u00edfica o intensificaci\u00f3n a estudiantes la [&hellip;]<\/p>\n","protected":false},"author":1,"featured_media":18958,"comment_status":"open","ping_status":"open","sticky":false,"template":"","format":"standard","meta":{"footnotes":""},"categories":[619],"tags":[],"class_list":["post-18957","post","type-post","status-publish","format-standard","has-post-thumbnail","hentry","category-general"],"yoast_head":"<!-- This site is optimized with the Yoast SEO plugin v27.4 - https:\/\/yoast.com\/product\/yoast-seo-wordpress\/ -->\n<title>Asignaci\u00f3n definitiva de intensificaciones y optativas 2024-2025 - Escuela Superior de Inform\u00e1tica de UCLM<\/title>\n<meta name=\"robots\" content=\"index, follow, max-snippet:-1, max-image-preview:large, max-video-preview:-1\" \/>\n<link rel=\"canonical\" href=\"https:\/\/esi.uclm.es\/index.php\/2024\/07\/10\/asignacion-definitiva-de-intensificaciones-y-optativas-2024-2025\/\" \/>\n<meta property=\"og:locale\" content=\"es_ES\" \/>\n<meta property=\"og:type\" content=\"article\" \/>\n<meta property=\"og:title\" content=\"Asignaci\u00f3n definitiva de intensificaciones y optativas 2024-2025 - Escuela Superior de Inform\u00e1tica de UCLM\" \/>\n<meta property=\"og:description\" content=\"Quedan publicadas las asignaciones definitivas de intensificaciones y asignaturas optativas para el curso 2024-2025. Proceso de asignaci\u00f3n de intensificaciones El proceso de asignaci\u00f3n de intensificaciones a estudiantes del Grado en Ingenier\u00eda Inform\u00e1tica utiliza como criterio de asignaci\u00f3n de Tecnolog\u00eda Espec\u00edfica o intensificaci\u00f3n a estudiantes la [&hellip;]\" \/>\n<meta property=\"og:url\" content=\"https:\/\/esi.uclm.es\/index.php\/2024\/07\/10\/asignacion-definitiva-de-intensificaciones-y-optativas-2024-2025\/\" \/>\n<meta property=\"og:site_name\" content=\"Escuela Superior de Inform\u00e1tica de UCLM\" \/>\n<meta property=\"article:publisher\" content=\"https:\/\/www.facebook.com\/Escuela-Superior-de-Informtica-543261809027158\" \/>\n<meta property=\"article:published_time\" content=\"2024-07-10T22:12:04+00:00\" \/>\n<meta property=\"article:modified_time\" content=\"2024-07-12T18:45:52+00:00\" \/>\n<meta property=\"og:image\" content=\"http:\/\/esi.uclm.es\/assets\/uploads\/2024\/07\/fachada_esi.webp\" \/>\n\t<meta property=\"og:image:width\" content=\"1300\" \/>\n\t<meta property=\"og:image:height\" content=\"731\" \/>\n\t<meta property=\"og:image:type\" content=\"image\/webp\" \/>\n<meta name=\"author\" content=\"esiuclm\" \/>\n<meta name=\"twitter:card\" content=\"summary_large_image\" \/>\n<meta name=\"twitter:creator\" content=\"@esiuclm\" \/>\n<meta name=\"twitter:site\" content=\"@esiuclm\" \/>\n<meta name=\"twitter:label1\" content=\"Escrito por\" \/>\n\t<meta name=\"twitter:data1\" content=\"esiuclm\" \/>\n\t<meta name=\"twitter:label2\" content=\"Tiempo de lectura\" \/>\n\t<meta name=\"twitter:data2\" content=\"4 minutos\" \/>\n<script type=\"application\/ld+json\" class=\"yoast-schema-graph\">{\"@context\":\"https:\\\/\\\/schema.org\",\"@graph\":[{\"@type\":\"Article\",\"@id\":\"https:\\\/\\\/esi.uclm.es\\\/index.php\\\/2024\\\/07\\\/10\\\/asignacion-definitiva-de-intensificaciones-y-optativas-2024-2025\\\/#article\",\"isPartOf\":{\"@id\":\"https:\\\/\\\/esi.uclm.es\\\/index.php\\\/2024\\\/07\\\/10\\\/asignacion-definitiva-de-intensificaciones-y-optativas-2024-2025\\\/\"},\"author\":{\"name\":\"esiuclm\",\"@id\":\"https:\\\/\\\/esi.uclm.es\\\/#\\\/schema\\\/person\\\/d9a390095e8beeca5aced92acb17a530\"},\"headline\":\"Asignaci\u00f3n definitiva de intensificaciones y optativas 2024-2025\",\"datePublished\":\"2024-07-10T22:12:04+00:00\",\"dateModified\":\"2024-07-12T18:45:52+00:00\",\"mainEntityOfPage\":{\"@id\":\"https:\\\/\\\/esi.uclm.es\\\/index.php\\\/2024\\\/07\\\/10\\\/asignacion-definitiva-de-intensificaciones-y-optativas-2024-2025\\\/\"},\"wordCount\":704,\"commentCount\":0,\"publisher\":{\"@id\":\"https:\\\/\\\/esi.uclm.es\\\/#organization\"},\"image\":{\"@id\":\"https:\\\/\\\/esi.uclm.es\\\/index.php\\\/2024\\\/07\\\/10\\\/asignacion-definitiva-de-intensificaciones-y-optativas-2024-2025\\\/#primaryimage\"},\"thumbnailUrl\":\"https:\\\/\\\/esi.uclm.es\\\/assets\\\/uploads\\\/2024\\\/07\\\/fachada_esi.webp\",\"articleSection\":[\"General\"],\"inLanguage\":\"es\",\"potentialAction\":[{\"@type\":\"CommentAction\",\"name\":\"Comment\",\"target\":[\"https:\\\/\\\/esi.uclm.es\\\/index.php\\\/2024\\\/07\\\/10\\\/asignacion-definitiva-de-intensificaciones-y-optativas-2024-2025\\\/#respond\"]}]},{\"@type\":\"WebPage\",\"@id\":\"https:\\\/\\\/esi.uclm.es\\\/index.php\\\/2024\\\/07\\\/10\\\/asignacion-definitiva-de-intensificaciones-y-optativas-2024-2025\\\/\",\"url\":\"https:\\\/\\\/esi.uclm.es\\\/index.php\\\/2024\\\/07\\\/10\\\/asignacion-definitiva-de-intensificaciones-y-optativas-2024-2025\\\/\",\"name\":\"Asignaci\u00f3n definitiva de intensificaciones y optativas 2024-2025 - Escuela Superior de Inform\u00e1tica de UCLM\",\"isPartOf\":{\"@id\":\"https:\\\/\\\/esi.uclm.es\\\/#website\"},\"primaryImageOfPage\":{\"@id\":\"https:\\\/\\\/esi.uclm.es\\\/index.php\\\/2024\\\/07\\\/10\\\/asignacion-definitiva-de-intensificaciones-y-optativas-2024-2025\\\/#primaryimage\"},\"image\":{\"@id\":\"https:\\\/\\\/esi.uclm.es\\\/index.php\\\/2024\\\/07\\\/10\\\/asignacion-definitiva-de-intensificaciones-y-optativas-2024-2025\\\/#primaryimage\"},\"thumbnailUrl\":\"https:\\\/\\\/esi.uclm.es\\\/assets\\\/uploads\\\/2024\\\/07\\\/fachada_esi.webp\",\"datePublished\":\"2024-07-10T22:12:04+00:00\",\"dateModified\":\"2024-07-12T18:45:52+00:00\",\"breadcrumb\":{\"@id\":\"https:\\\/\\\/esi.uclm.es\\\/index.php\\\/2024\\\/07\\\/10\\\/asignacion-definitiva-de-intensificaciones-y-optativas-2024-2025\\\/#breadcrumb\"},\"inLanguage\":\"es\",\"potentialAction\":[{\"@type\":\"ReadAction\",\"target\":[\"https:\\\/\\\/esi.uclm.es\\\/index.php\\\/2024\\\/07\\\/10\\\/asignacion-definitiva-de-intensificaciones-y-optativas-2024-2025\\\/\"]}]},{\"@type\":\"ImageObject\",\"inLanguage\":\"es\",\"@id\":\"https:\\\/\\\/esi.uclm.es\\\/index.php\\\/2024\\\/07\\\/10\\\/asignacion-definitiva-de-intensificaciones-y-optativas-2024-2025\\\/#primaryimage\",\"url\":\"https:\\\/\\\/esi.uclm.es\\\/assets\\\/uploads\\\/2024\\\/07\\\/fachada_esi.webp\",\"contentUrl\":\"https:\\\/\\\/esi.uclm.es\\\/assets\\\/uploads\\\/2024\\\/07\\\/fachada_esi.webp\",\"width\":1300,\"height\":731,\"caption\":\"Fachada de la Escuela Superior de Inform\u00e1tica\"},{\"@type\":\"BreadcrumbList\",\"@id\":\"https:\\\/\\\/esi.uclm.es\\\/index.php\\\/2024\\\/07\\\/10\\\/asignacion-definitiva-de-intensificaciones-y-optativas-2024-2025\\\/#breadcrumb\",\"itemListElement\":[{\"@type\":\"ListItem\",\"position\":1,\"name\":\"Portada\",\"item\":\"https:\\\/\\\/esi.uclm.es\\\/\"},{\"@type\":\"ListItem\",\"position\":2,\"name\":\"Asignaci\u00f3n definitiva de intensificaciones y optativas 2024-2025\"}]},{\"@type\":\"WebSite\",\"@id\":\"https:\\\/\\\/esi.uclm.es\\\/#website\",\"url\":\"https:\\\/\\\/esi.uclm.es\\\/\",\"name\":\"Escuela Superior de Inform\u00e1tica de UCLM en Ciudad Real, Castilla-La Mancha\",\"description\":\"La Escuela Superior de Inform\u00e1tica de Ciudad Real (Castilla-La Mancha), Universidad de Castilla-La Mancha es un centro universitario que imparte el ciclo completo de Ingenier\u00eda en Inform\u00e1tica: grado, m\u00e1ster y doctorado.\",\"publisher\":{\"@id\":\"https:\\\/\\\/esi.uclm.es\\\/#organization\"},\"potentialAction\":[{\"@type\":\"SearchAction\",\"target\":{\"@type\":\"EntryPoint\",\"urlTemplate\":\"https:\\\/\\\/esi.uclm.es\\\/?s={search_term_string}\"},\"query-input\":{\"@type\":\"PropertyValueSpecification\",\"valueRequired\":true,\"valueName\":\"search_term_string\"}}],\"inLanguage\":\"es\"},{\"@type\":\"Organization\",\"@id\":\"https:\\\/\\\/esi.uclm.es\\\/#organization\",\"name\":\"Escuela Superior de Inform\u00e1tica de UCLM\",\"url\":\"https:\\\/\\\/esi.uclm.es\\\/\",\"logo\":{\"@type\":\"ImageObject\",\"inLanguage\":\"es\",\"@id\":\"https:\\\/\\\/esi.uclm.es\\\/#\\\/schema\\\/logo\\\/image\\\/\",\"url\":\"https:\\\/\\\/esi.uclm.es\\\/assets\\\/uploads\\\/2022\\\/03\\\/LogoESI_cabecera-1.png\",\"contentUrl\":\"https:\\\/\\\/esi.uclm.es\\\/assets\\\/uploads\\\/2022\\\/03\\\/LogoESI_cabecera-1.png\",\"width\":460,\"height\":184,\"caption\":\"Escuela Superior de Inform\u00e1tica de UCLM\"},\"image\":{\"@id\":\"https:\\\/\\\/esi.uclm.es\\\/#\\\/schema\\\/logo\\\/image\\\/\"},\"sameAs\":[\"https:\\\/\\\/www.facebook.com\\\/Escuela-Superior-de-Informtica-543261809027158\",\"https:\\\/\\\/x.com\\\/esiuclm\",\"https:\\\/\\\/www.instagram.com\\\/esiuclm\\\/\",\"https:\\\/\\\/www.youtube.com\\\/user\\\/esiuclm\",\"https:\\\/\\\/www.twitch.tv\\\/esiuclm\",\"https:\\\/\\\/www.linkedin.com\\\/company\\\/12656631\\\/admin\\\/\"]},{\"@type\":\"Person\",\"@id\":\"https:\\\/\\\/esi.uclm.es\\\/#\\\/schema\\\/person\\\/d9a390095e8beeca5aced92acb17a530\",\"name\":\"esiuclm\",\"image\":{\"@type\":\"ImageObject\",\"inLanguage\":\"es\",\"@id\":\"https:\\\/\\\/secure.gravatar.com\\\/avatar\\\/ff32e6f445454691c713484fe154c7002761ecabfa4cfa2fea57c231744892da?s=96&d=mm&r=g\",\"url\":\"https:\\\/\\\/secure.gravatar.com\\\/avatar\\\/ff32e6f445454691c713484fe154c7002761ecabfa4cfa2fea57c231744892da?s=96&d=mm&r=g\",\"contentUrl\":\"https:\\\/\\\/secure.gravatar.com\\\/avatar\\\/ff32e6f445454691c713484fe154c7002761ecabfa4cfa2fea57c231744892da?s=96&d=mm&r=g\",\"caption\":\"esiuclm\"},\"sameAs\":[\"https:\\\/\\\/esi.uclm.es\"],\"url\":\"https:\\\/\\\/esi.uclm.es\\\/index.php\\\/author\\\/esiadmin\\\/\"}]}<\/script>\n<!-- \/ Yoast SEO plugin. -->","yoast_head_json":{"title":"Asignaci\u00f3n definitiva de intensificaciones y optativas 2024-2025 - Escuela Superior de Inform\u00e1tica de UCLM","robots":{"index":"index","follow":"follow","max-snippet":"max-snippet:-1","max-image-preview":"max-image-preview:large","max-video-preview":"max-video-preview:-1"},"canonical":"https:\/\/esi.uclm.es\/index.php\/2024\/07\/10\/asignacion-definitiva-de-intensificaciones-y-optativas-2024-2025\/","og_locale":"es_ES","og_type":"article","og_title":"Asignaci\u00f3n definitiva de intensificaciones y optativas 2024-2025 - Escuela Superior de Inform\u00e1tica de UCLM","og_description":"Quedan publicadas las asignaciones definitivas de intensificaciones y asignaturas optativas para el curso 2024-2025. Proceso de asignaci\u00f3n de intensificaciones El proceso de asignaci\u00f3n de intensificaciones a estudiantes del Grado en Ingenier\u00eda Inform\u00e1tica utiliza como criterio de asignaci\u00f3n de Tecnolog\u00eda Espec\u00edfica o intensificaci\u00f3n a estudiantes la [&hellip;]","og_url":"https:\/\/esi.uclm.es\/index.php\/2024\/07\/10\/asignacion-definitiva-de-intensificaciones-y-optativas-2024-2025\/","og_site_name":"Escuela Superior de Inform\u00e1tica de UCLM","article_publisher":"https:\/\/www.facebook.com\/Escuela-Superior-de-Informtica-543261809027158","article_published_time":"2024-07-10T22:12:04+00:00","article_modified_time":"2024-07-12T18:45:52+00:00","og_image":[{"width":1300,"height":731,"url":"http:\/\/esi.uclm.es\/assets\/uploads\/2024\/07\/fachada_esi.webp","type":"image\/webp"}],"author":"esiuclm","twitter_card":"summary_large_image","twitter_creator":"@esiuclm","twitter_site":"@esiuclm","twitter_misc":{"Escrito por":"esiuclm","Tiempo de lectura":"4 minutos"},"schema":{"@context":"https:\/\/schema.org","@graph":[{"@type":"Article","@id":"https:\/\/esi.uclm.es\/index.php\/2024\/07\/10\/asignacion-definitiva-de-intensificaciones-y-optativas-2024-2025\/#article","isPartOf":{"@id":"https:\/\/esi.uclm.es\/index.php\/2024\/07\/10\/asignacion-definitiva-de-intensificaciones-y-optativas-2024-2025\/"},"author":{"name":"esiuclm","@id":"https:\/\/esi.uclm.es\/#\/schema\/person\/d9a390095e8beeca5aced92acb17a530"},"headline":"Asignaci\u00f3n definitiva de intensificaciones y optativas 2024-2025","datePublished":"2024-07-10T22:12:04+00:00","dateModified":"2024-07-12T18:45:52+00:00","mainEntityOfPage":{"@id":"https:\/\/esi.uclm.es\/index.php\/2024\/07\/10\/asignacion-definitiva-de-intensificaciones-y-optativas-2024-2025\/"},"wordCount":704,"commentCount":0,"publisher":{"@id":"https:\/\/esi.uclm.es\/#organization"},"image":{"@id":"https:\/\/esi.uclm.es\/index.php\/2024\/07\/10\/asignacion-definitiva-de-intensificaciones-y-optativas-2024-2025\/#primaryimage"},"thumbnailUrl":"https:\/\/esi.uclm.es\/assets\/uploads\/2024\/07\/fachada_esi.webp","articleSection":["General"],"inLanguage":"es","potentialAction":[{"@type":"CommentAction","name":"Comment","target":["https:\/\/esi.uclm.es\/index.php\/2024\/07\/10\/asignacion-definitiva-de-intensificaciones-y-optativas-2024-2025\/#respond"]}]},{"@type":"WebPage","@id":"https:\/\/esi.uclm.es\/index.php\/2024\/07\/10\/asignacion-definitiva-de-intensificaciones-y-optativas-2024-2025\/","url":"https:\/\/esi.uclm.es\/index.php\/2024\/07\/10\/asignacion-definitiva-de-intensificaciones-y-optativas-2024-2025\/","name":"Asignaci\u00f3n definitiva de intensificaciones y optativas 2024-2025 - Escuela Superior de Inform\u00e1tica de UCLM","isPartOf":{"@id":"https:\/\/esi.uclm.es\/#website"},"primaryImageOfPage":{"@id":"https:\/\/esi.uclm.es\/index.php\/2024\/07\/10\/asignacion-definitiva-de-intensificaciones-y-optativas-2024-2025\/#primaryimage"},"image":{"@id":"https:\/\/esi.uclm.es\/index.php\/2024\/07\/10\/asignacion-definitiva-de-intensificaciones-y-optativas-2024-2025\/#primaryimage"},"thumbnailUrl":"https:\/\/esi.uclm.es\/assets\/uploads\/2024\/07\/fachada_esi.webp","datePublished":"2024-07-10T22:12:04+00:00","dateModified":"2024-07-12T18:45:52+00:00","breadcrumb":{"@id":"https:\/\/esi.uclm.es\/index.php\/2024\/07\/10\/asignacion-definitiva-de-intensificaciones-y-optativas-2024-2025\/#breadcrumb"},"inLanguage":"es","potentialAction":[{"@type":"ReadAction","target":["https:\/\/esi.uclm.es\/index.php\/2024\/07\/10\/asignacion-definitiva-de-intensificaciones-y-optativas-2024-2025\/"]}]},{"@type":"ImageObject","inLanguage":"es","@id":"https:\/\/esi.uclm.es\/index.php\/2024\/07\/10\/asignacion-definitiva-de-intensificaciones-y-optativas-2024-2025\/#primaryimage","url":"https:\/\/esi.uclm.es\/assets\/uploads\/2024\/07\/fachada_esi.webp","contentUrl":"https:\/\/esi.uclm.es\/assets\/uploads\/2024\/07\/fachada_esi.webp","width":1300,"height":731,"caption":"Fachada de la Escuela Superior de Inform\u00e1tica"},{"@type":"BreadcrumbList","@id":"https:\/\/esi.uclm.es\/index.php\/2024\/07\/10\/asignacion-definitiva-de-intensificaciones-y-optativas-2024-2025\/#breadcrumb","itemListElement":[{"@type":"ListItem","position":1,"name":"Portada","item":"https:\/\/esi.uclm.es\/"},{"@type":"ListItem","position":2,"name":"Asignaci\u00f3n definitiva de intensificaciones y optativas 2024-2025"}]},{"@type":"WebSite","@id":"https:\/\/esi.uclm.es\/#website","url":"https:\/\/esi.uclm.es\/","name":"Escuela Superior de Inform\u00e1tica de UCLM en Ciudad Real, Castilla-La Mancha","description":"La Escuela Superior de Inform\u00e1tica de Ciudad Real (Castilla-La Mancha), Universidad de Castilla-La Mancha es un centro universitario que imparte el ciclo completo de Ingenier\u00eda en Inform\u00e1tica: grado, m\u00e1ster y doctorado.","publisher":{"@id":"https:\/\/esi.uclm.es\/#organization"},"potentialAction":[{"@type":"SearchAction","target":{"@type":"EntryPoint","urlTemplate":"https:\/\/esi.uclm.es\/?s={search_term_string}"},"query-input":{"@type":"PropertyValueSpecification","valueRequired":true,"valueName":"search_term_string"}}],"inLanguage":"es"},{"@type":"Organization","@id":"https:\/\/esi.uclm.es\/#organization","name":"Escuela Superior de Inform\u00e1tica de UCLM","url":"https:\/\/esi.uclm.es\/","logo":{"@type":"ImageObject","inLanguage":"es","@id":"https:\/\/esi.uclm.es\/#\/schema\/logo\/image\/","url":"https:\/\/esi.uclm.es\/assets\/uploads\/2022\/03\/LogoESI_cabecera-1.png","contentUrl":"https:\/\/esi.uclm.es\/assets\/uploads\/2022\/03\/LogoESI_cabecera-1.png","width":460,"height":184,"caption":"Escuela Superior de Inform\u00e1tica de UCLM"},"image":{"@id":"https:\/\/esi.uclm.es\/#\/schema\/logo\/image\/"},"sameAs":["https:\/\/www.facebook.com\/Escuela-Superior-de-Informtica-543261809027158","https:\/\/x.com\/esiuclm","https:\/\/www.instagram.com\/esiuclm\/","https:\/\/www.youtube.com\/user\/esiuclm","https:\/\/www.twitch.tv\/esiuclm","https:\/\/www.linkedin.com\/company\/12656631\/admin\/"]},{"@type":"Person","@id":"https:\/\/esi.uclm.es\/#\/schema\/person\/d9a390095e8beeca5aced92acb17a530","name":"esiuclm","image":{"@type":"ImageObject","inLanguage":"es","@id":"https:\/\/secure.gravatar.com\/avatar\/ff32e6f445454691c713484fe154c7002761ecabfa4cfa2fea57c231744892da?s=96&d=mm&r=g","url":"https:\/\/secure.gravatar.com\/avatar\/ff32e6f445454691c713484fe154c7002761ecabfa4cfa2fea57c231744892da?s=96&d=mm&r=g","contentUrl":"https:\/\/secure.gravatar.com\/avatar\/ff32e6f445454691c713484fe154c7002761ecabfa4cfa2fea57c231744892da?s=96&d=mm&r=g","caption":"esiuclm"},"sameAs":["https:\/\/esi.uclm.es"],"url":"https:\/\/esi.uclm.es\/index.php\/author\/esiadmin\/"}]}},"_links":{"self":[{"href":"https:\/\/esi.uclm.es\/index.php\/wp-json\/wp\/v2\/posts\/18957","targetHints":{"allow":["GET"]}}],"collection":[{"href":"https:\/\/esi.uclm.es\/index.php\/wp-json\/wp\/v2\/posts"}],"about":[{"href":"https:\/\/esi.uclm.es\/index.php\/wp-json\/wp\/v2\/types\/post"}],"author":[{"embeddable":true,"href":"https:\/\/esi.uclm.es\/index.php\/wp-json\/wp\/v2\/users\/1"}],"replies":[{"embeddable":true,"href":"https:\/\/esi.uclm.es\/index.php\/wp-json\/wp\/v2\/comments?post=18957"}],"version-history":[{"count":2,"href":"https:\/\/esi.uclm.es\/index.php\/wp-json\/wp\/v2\/posts\/18957\/revisions"}],"predecessor-version":[{"id":18966,"href":"https:\/\/esi.uclm.es\/index.php\/wp-json\/wp\/v2\/posts\/18957\/revisions\/18966"}],"wp:featuredmedia":[{"embeddable":true,"href":"https:\/\/esi.uclm.es\/index.php\/wp-json\/wp\/v2\/media\/18958"}],"wp:attachment":[{"href":"https:\/\/esi.uclm.es\/index.php\/wp-json\/wp\/v2\/media?parent=18957"}],"wp:term":[{"taxonomy":"category","embeddable":true,"href":"https:\/\/esi.uclm.es\/index.php\/wp-json\/wp\/v2\/categories?post=18957"},{"taxonomy":"post_tag","embeddable":true,"href":"https:\/\/esi.uclm.es\/index.php\/wp-json\/wp\/v2\/tags?post=18957"}],"curies":[{"name":"wp","href":"https:\/\/api.w.org\/{rel}","templated":true}]}}