{"id":18849,"date":"2024-06-27T20:46:17","date_gmt":"2024-06-27T20:46:17","guid":{"rendered":"https:\/\/esi.uclm.es\/?p=18849"},"modified":"2024-06-29T17:44:12","modified_gmt":"2024-06-29T17:44:12","slug":"profesores-de-la-esi-premiados-en-el-congreso-espanol-de-informatica","status":"publish","type":"post","link":"https:\/\/esi.uclm.es\/index.php\/2024\/06\/27\/profesores-de-la-esi-premiados-en-el-congreso-espanol-de-informatica\/","title":{"rendered":"Profesores de la ESI premiados en el Congreso Espa\u00f1ol de Inform\u00e1tica"},"content":{"rendered":"\n<p><strong>La Comisi\u00f3n Mujer en lnform\u00e1tica de la Sociedad Cient\u00edfica lnform\u00e1tica de Espa\u00f1a y el Consejo General de Colegios de Profesionales de Ingenier\u00eda lnform\u00e1tica, en el marco de las XXX Jornadas sobre la Ense\u00f1anza Universitaria de la Inform\u00e1tica (JENUI), han premiado un art\u00edculo sobre perspectiva de g\u00e9nero y \u00e9tica realizado por profesores de la Escuela Superior de Inform\u00e1tica de la Universidad de Castilla-La Mancha (UCLM). Adem\u00e1s, el Congreso Espa\u00f1ol de Inform\u00e1tica ha reconocido otro art\u00edculo del que tambi\u00e9n son autores profesores del mismo centro del campus ciudadreale\u00f1o.<\/strong><\/p>\n\n\n\n<p>El art\u00edculo \u2018Concienciando al alumnado del Grado de Ingenier\u00eda Inform\u00e1tica sobre los sesgos de g\u00e9nero de los algoritmos\u2019, de los profesores de la Escuela Superior de Inform\u00e1tica (ESI) de la Universidad de Castilla-La Mancha (UCLM) en el Campus de Ciudad Real Carmen Lacave, Francisco Pascual Romero, Jes\u00fas Fontecha y Ana Isabel Molina, ha sido premiado en las XXX Jornadas sobre la Ense\u00f1anza Universitaria de la Inform\u00e1tica (JENUI) celebradas en A Coru\u00f1a.<\/p>\n\n\n\n<p>JENUI 2024 ha sido promovida por la Asociaci\u00f3n de Ense\u00f1antes Universitarios de la Inform\u00e1tica (AENUI) y organizada por la Facultad de Inform\u00e1tica de la Universidade da Coru\u00f1a (FIC-UDC) y el Centro de Investigaci\u00f3n CITIC, en el marco del Congreso Espa\u00f1ol de Inform\u00e1tica. Su objetivo es promover el contacto, el intercambio y la discusi\u00f3n de conocimientos y experiencias entre profesores universitarios de Inform\u00e1tica y grupos de investigaci\u00f3n; debatir sobre el contenido de los programas y los m\u00e9todos pedag\u00f3gicos empleados; as\u00ed como materializar un foro de debate en el que presentar temas y enfoques innovadores orientados a mejorar la docencia de la Inform\u00e1tica en las universidades.<\/p>\n\n\n\n<p>El art\u00edculo de los profesores de la ESI ha recibido el reconocimiento como mejor trabajo presentado en JENUI relativo a la perspectiva de g\u00e9nero en los estudios de Inform\u00e1tica, otorgado por la Comisi\u00f3n Mujer en lnform\u00e1tica de la Sociedad Cient\u00edfica lnform\u00e1tica de Espa\u00f1a (SCIE); y mejor trabajo presentado en JENUI relativo a la \u00e9tica en la Ingenier\u00eda Inform\u00e1tica al trabajo, otorgado por el Consejo General de Colegios de Profesionales de Ingenier\u00eda lnform\u00e1tica (CCII).<\/p>\n\n\n\n<p>Sus autores describen en este trabajo las experiencias realizadas para concienciar a estudiantes del Grado de Ingenier\u00eda Inform\u00e1tica de la UCLM de los sesgos de g\u00e9nero de los algoritmos y las consecuencias que estos pueden tener sobre la sociedad. Los resultados obtenidos permiten concluir que \u201clas mujeres se implican m\u00e1s que sus compa\u00f1eros hombres en la realizaci\u00f3n este tipo de experiencias relacionadas con la igualdad de g\u00e9nero, y que ellas consideran, en mucha mayor medida que ellos, que es necesario abordar la brecha de g\u00e9nero en los estudios de Ingenier\u00eda Inform\u00e1tica\u201d.<\/p>\n\n\n\n<p><strong>Mejor Ponencia CEDI<\/strong><\/p>\n\n\n\n<p>Adem\u00e1s, en la conferencia Euro Graphics del Congreso Espa\u00f1ol de Inform\u00e1tica los profesores de la Escuela Superior de Inform\u00e1tica de la UCLM Vanesa Herrera, Javier Albusac, Santiago S\u00e1nchez Sobrino y Carlos Gonz\u00e1lez Morcillo; y Ana de los Reyes, del Hospital Nacional de Parapl\u00e9jicos de Toledo, fueron reconocidos con el premio a la Mejor Ponencia por su art\u00edculo \u2018Dynamic Adjustment of Interactive Objects in Virtual Environments for Upper Limb Rehabilitation: A Patient-Centred Solution\u2019.<\/p>\n\n\n\n<p><a href=\"https:\/\/www.uclm.es\/noticias\/noticias2024\/junio\/ciudad-real\/premios_jenui2024_profesores_esi\">Gabinete de Comunicaci\u00f3n UCLM<\/a>.\u00a0<br><strong>Ciudad Real, 27 de junio de 2024<\/strong><\/p>\n\n\n\n<p><a href=\"https:\/\/www.uclm.es\/noticias\/noticias2024\/junio\/ciudad-real\/premios_jenui2024_profesores_esi\">Fuente de la noticia: UCLM<\/a><\/p>\n","protected":false},"excerpt":{"rendered":"<p>La Comisi\u00f3n Mujer en lnform\u00e1tica de la Sociedad Cient\u00edfica lnform\u00e1tica de Espa\u00f1a y el Consejo General de Colegios de Profesionales de Ingenier\u00eda lnform\u00e1tica, en el marco de las XXX Jornadas sobre la Ense\u00f1anza Universitaria de la Inform\u00e1tica (JENUI), han premiado un art\u00edculo sobre perspectiva de [&hellip;]<\/p>\n","protected":false},"author":1,"featured_media":18850,"comment_status":"open","ping_status":"open","sticky":false,"template":"","format":"standard","meta":{"footnotes":""},"categories":[619],"tags":[],"class_list":["post-18849","post","type-post","status-publish","format-standard","has-post-thumbnail","hentry","category-general"],"yoast_head":"<!-- This site is optimized with the Yoast SEO plugin v27.4 - https:\/\/yoast.com\/product\/yoast-seo-wordpress\/ -->\n<title>Profesores de la ESI premiados en el Congreso Espa\u00f1ol de Inform\u00e1tica - Escuela Superior de Inform\u00e1tica de UCLM<\/title>\n<meta name=\"description\" content=\"La Comisi\u00f3n Mujer en lnform\u00e1tica de la Sociedad Cient\u00edfica lnform\u00e1tica de Espa\u00f1a y el Consejo General de Colegios de Profesionales de Ingenier\u00eda lnform\u00e1tica, en el marco de las XXX Jornadas sobre la Ense\u00f1anza Universitaria de la Inform\u00e1tica (JENUI), han premiado un art\u00edculo sobre perspectiva de g\u00e9nero y \u00e9tica realizado por profesores de la Escuela Superior de Inform\u00e1tica de la Universidad de Castilla-La Mancha (UCLM). Adem\u00e1s, el Congreso Espa\u00f1ol de Inform\u00e1tica ha reconocido otro art\u00edculo del que tambi\u00e9n son autores profesores del mismo centro del campus ciudadreale\u00f1o.\" \/>\n<meta name=\"robots\" content=\"index, follow, max-snippet:-1, max-image-preview:large, max-video-preview:-1\" \/>\n<link rel=\"canonical\" href=\"https:\/\/esi.uclm.es\/index.php\/2024\/06\/27\/profesores-de-la-esi-premiados-en-el-congreso-espanol-de-informatica\/\" \/>\n<meta property=\"og:locale\" content=\"es_ES\" \/>\n<meta property=\"og:type\" content=\"article\" \/>\n<meta property=\"og:title\" content=\"Profesores de la ESI premiados en el Congreso Espa\u00f1ol de Inform\u00e1tica - Escuela Superior de Inform\u00e1tica de UCLM\" \/>\n<meta property=\"og:description\" content=\"La Comisi\u00f3n Mujer en lnform\u00e1tica de la Sociedad Cient\u00edfica lnform\u00e1tica de Espa\u00f1a y el Consejo General de Colegios de Profesionales de Ingenier\u00eda lnform\u00e1tica, en el marco de las XXX Jornadas sobre la Ense\u00f1anza Universitaria de la Inform\u00e1tica (JENUI), han premiado un art\u00edculo sobre perspectiva de g\u00e9nero y \u00e9tica realizado por profesores de la Escuela Superior de Inform\u00e1tica de la Universidad de Castilla-La Mancha (UCLM). Adem\u00e1s, el Congreso Espa\u00f1ol de Inform\u00e1tica ha reconocido otro art\u00edculo del que tambi\u00e9n son autores profesores del mismo centro del campus ciudadreale\u00f1o.\" \/>\n<meta property=\"og:url\" content=\"https:\/\/esi.uclm.es\/index.php\/2024\/06\/27\/profesores-de-la-esi-premiados-en-el-congreso-espanol-de-informatica\/\" \/>\n<meta property=\"og:site_name\" content=\"Escuela Superior de Inform\u00e1tica de UCLM\" \/>\n<meta property=\"article:publisher\" content=\"https:\/\/www.facebook.com\/Escuela-Superior-de-Informtica-543261809027158\" \/>\n<meta property=\"article:published_time\" content=\"2024-06-27T20:46:17+00:00\" \/>\n<meta property=\"article:modified_time\" content=\"2024-06-29T17:44:12+00:00\" \/>\n<meta property=\"og:image\" content=\"http:\/\/esi.uclm.es\/assets\/uploads\/2024\/06\/profesores_esi_web.webp\" \/>\n\t<meta property=\"og:image:width\" content=\"1300\" \/>\n\t<meta property=\"og:image:height\" content=\"731\" \/>\n\t<meta property=\"og:image:type\" content=\"image\/webp\" \/>\n<meta name=\"author\" content=\"esiuclm\" \/>\n<meta name=\"twitter:card\" content=\"summary_large_image\" \/>\n<meta name=\"twitter:creator\" content=\"@esiuclm\" \/>\n<meta name=\"twitter:site\" content=\"@esiuclm\" \/>\n<meta name=\"twitter:label1\" content=\"Escrito por\" \/>\n\t<meta name=\"twitter:data1\" content=\"esiuclm\" \/>\n\t<meta name=\"twitter:label2\" content=\"Tiempo de lectura\" \/>\n\t<meta name=\"twitter:data2\" content=\"3 minutos\" \/>\n<script type=\"application\/ld+json\" class=\"yoast-schema-graph\">{\"@context\":\"https:\\\/\\\/schema.org\",\"@graph\":[{\"@type\":\"Article\",\"@id\":\"https:\\\/\\\/esi.uclm.es\\\/index.php\\\/2024\\\/06\\\/27\\\/profesores-de-la-esi-premiados-en-el-congreso-espanol-de-informatica\\\/#article\",\"isPartOf\":{\"@id\":\"https:\\\/\\\/esi.uclm.es\\\/index.php\\\/2024\\\/06\\\/27\\\/profesores-de-la-esi-premiados-en-el-congreso-espanol-de-informatica\\\/\"},\"author\":{\"name\":\"esiuclm\",\"@id\":\"https:\\\/\\\/esi.uclm.es\\\/#\\\/schema\\\/person\\\/d9a390095e8beeca5aced92acb17a530\"},\"headline\":\"Profesores de la ESI premiados en el Congreso Espa\u00f1ol de Inform\u00e1tica\",\"datePublished\":\"2024-06-27T20:46:17+00:00\",\"dateModified\":\"2024-06-29T17:44:12+00:00\",\"mainEntityOfPage\":{\"@id\":\"https:\\\/\\\/esi.uclm.es\\\/index.php\\\/2024\\\/06\\\/27\\\/profesores-de-la-esi-premiados-en-el-congreso-espanol-de-informatica\\\/\"},\"wordCount\":598,\"commentCount\":0,\"publisher\":{\"@id\":\"https:\\\/\\\/esi.uclm.es\\\/#organization\"},\"image\":{\"@id\":\"https:\\\/\\\/esi.uclm.es\\\/index.php\\\/2024\\\/06\\\/27\\\/profesores-de-la-esi-premiados-en-el-congreso-espanol-de-informatica\\\/#primaryimage\"},\"thumbnailUrl\":\"https:\\\/\\\/esi.uclm.es\\\/assets\\\/uploads\\\/2024\\\/06\\\/profesores_esi_web.webp\",\"articleSection\":[\"General\"],\"inLanguage\":\"es\",\"potentialAction\":[{\"@type\":\"CommentAction\",\"name\":\"Comment\",\"target\":[\"https:\\\/\\\/esi.uclm.es\\\/index.php\\\/2024\\\/06\\\/27\\\/profesores-de-la-esi-premiados-en-el-congreso-espanol-de-informatica\\\/#respond\"]}]},{\"@type\":\"WebPage\",\"@id\":\"https:\\\/\\\/esi.uclm.es\\\/index.php\\\/2024\\\/06\\\/27\\\/profesores-de-la-esi-premiados-en-el-congreso-espanol-de-informatica\\\/\",\"url\":\"https:\\\/\\\/esi.uclm.es\\\/index.php\\\/2024\\\/06\\\/27\\\/profesores-de-la-esi-premiados-en-el-congreso-espanol-de-informatica\\\/\",\"name\":\"Profesores de la ESI premiados en el Congreso Espa\u00f1ol de Inform\u00e1tica - Escuela Superior de Inform\u00e1tica de UCLM\",\"isPartOf\":{\"@id\":\"https:\\\/\\\/esi.uclm.es\\\/#website\"},\"primaryImageOfPage\":{\"@id\":\"https:\\\/\\\/esi.uclm.es\\\/index.php\\\/2024\\\/06\\\/27\\\/profesores-de-la-esi-premiados-en-el-congreso-espanol-de-informatica\\\/#primaryimage\"},\"image\":{\"@id\":\"https:\\\/\\\/esi.uclm.es\\\/index.php\\\/2024\\\/06\\\/27\\\/profesores-de-la-esi-premiados-en-el-congreso-espanol-de-informatica\\\/#primaryimage\"},\"thumbnailUrl\":\"https:\\\/\\\/esi.uclm.es\\\/assets\\\/uploads\\\/2024\\\/06\\\/profesores_esi_web.webp\",\"datePublished\":\"2024-06-27T20:46:17+00:00\",\"dateModified\":\"2024-06-29T17:44:12+00:00\",\"description\":\"La Comisi\u00f3n Mujer en lnform\u00e1tica de la Sociedad Cient\u00edfica lnform\u00e1tica de Espa\u00f1a y el Consejo General de Colegios de Profesionales de Ingenier\u00eda lnform\u00e1tica, en el marco de las XXX Jornadas sobre la Ense\u00f1anza Universitaria de la Inform\u00e1tica (JENUI), han premiado un art\u00edculo sobre perspectiva de g\u00e9nero y \u00e9tica realizado por profesores de la Escuela Superior de Inform\u00e1tica de la Universidad de Castilla-La Mancha (UCLM). Adem\u00e1s, el Congreso Espa\u00f1ol de Inform\u00e1tica ha reconocido otro art\u00edculo del que tambi\u00e9n son autores profesores del mismo centro del campus ciudadreale\u00f1o.\",\"breadcrumb\":{\"@id\":\"https:\\\/\\\/esi.uclm.es\\\/index.php\\\/2024\\\/06\\\/27\\\/profesores-de-la-esi-premiados-en-el-congreso-espanol-de-informatica\\\/#breadcrumb\"},\"inLanguage\":\"es\",\"potentialAction\":[{\"@type\":\"ReadAction\",\"target\":[\"https:\\\/\\\/esi.uclm.es\\\/index.php\\\/2024\\\/06\\\/27\\\/profesores-de-la-esi-premiados-en-el-congreso-espanol-de-informatica\\\/\"]}]},{\"@type\":\"ImageObject\",\"inLanguage\":\"es\",\"@id\":\"https:\\\/\\\/esi.uclm.es\\\/index.php\\\/2024\\\/06\\\/27\\\/profesores-de-la-esi-premiados-en-el-congreso-espanol-de-informatica\\\/#primaryimage\",\"url\":\"https:\\\/\\\/esi.uclm.es\\\/assets\\\/uploads\\\/2024\\\/06\\\/profesores_esi_web.webp\",\"contentUrl\":\"https:\\\/\\\/esi.uclm.es\\\/assets\\\/uploads\\\/2024\\\/06\\\/profesores_esi_web.webp\",\"width\":1300,\"height\":731,\"caption\":\"Los profesores de la ESI premiados\"},{\"@type\":\"BreadcrumbList\",\"@id\":\"https:\\\/\\\/esi.uclm.es\\\/index.php\\\/2024\\\/06\\\/27\\\/profesores-de-la-esi-premiados-en-el-congreso-espanol-de-informatica\\\/#breadcrumb\",\"itemListElement\":[{\"@type\":\"ListItem\",\"position\":1,\"name\":\"Portada\",\"item\":\"https:\\\/\\\/esi.uclm.es\\\/\"},{\"@type\":\"ListItem\",\"position\":2,\"name\":\"Profesores de la ESI premiados en el Congreso Espa\u00f1ol de Inform\u00e1tica\"}]},{\"@type\":\"WebSite\",\"@id\":\"https:\\\/\\\/esi.uclm.es\\\/#website\",\"url\":\"https:\\\/\\\/esi.uclm.es\\\/\",\"name\":\"Escuela Superior de Inform\u00e1tica de UCLM en Ciudad Real, Castilla-La Mancha\",\"description\":\"La Escuela Superior de Inform\u00e1tica de Ciudad Real (Castilla-La Mancha), Universidad de Castilla-La Mancha es un centro universitario que imparte el ciclo completo de Ingenier\u00eda en Inform\u00e1tica: grado, m\u00e1ster y doctorado.\",\"publisher\":{\"@id\":\"https:\\\/\\\/esi.uclm.es\\\/#organization\"},\"potentialAction\":[{\"@type\":\"SearchAction\",\"target\":{\"@type\":\"EntryPoint\",\"urlTemplate\":\"https:\\\/\\\/esi.uclm.es\\\/?s={search_term_string}\"},\"query-input\":{\"@type\":\"PropertyValueSpecification\",\"valueRequired\":true,\"valueName\":\"search_term_string\"}}],\"inLanguage\":\"es\"},{\"@type\":\"Organization\",\"@id\":\"https:\\\/\\\/esi.uclm.es\\\/#organization\",\"name\":\"Escuela Superior de Inform\u00e1tica de UCLM\",\"url\":\"https:\\\/\\\/esi.uclm.es\\\/\",\"logo\":{\"@type\":\"ImageObject\",\"inLanguage\":\"es\",\"@id\":\"https:\\\/\\\/esi.uclm.es\\\/#\\\/schema\\\/logo\\\/image\\\/\",\"url\":\"https:\\\/\\\/esi.uclm.es\\\/assets\\\/uploads\\\/2022\\\/03\\\/LogoESI_cabecera-1.png\",\"contentUrl\":\"https:\\\/\\\/esi.uclm.es\\\/assets\\\/uploads\\\/2022\\\/03\\\/LogoESI_cabecera-1.png\",\"width\":460,\"height\":184,\"caption\":\"Escuela Superior de Inform\u00e1tica de UCLM\"},\"image\":{\"@id\":\"https:\\\/\\\/esi.uclm.es\\\/#\\\/schema\\\/logo\\\/image\\\/\"},\"sameAs\":[\"https:\\\/\\\/www.facebook.com\\\/Escuela-Superior-de-Informtica-543261809027158\",\"https:\\\/\\\/x.com\\\/esiuclm\",\"https:\\\/\\\/www.instagram.com\\\/esiuclm\\\/\",\"https:\\\/\\\/www.youtube.com\\\/user\\\/esiuclm\",\"https:\\\/\\\/www.twitch.tv\\\/esiuclm\",\"https:\\\/\\\/www.linkedin.com\\\/company\\\/12656631\\\/admin\\\/\"]},{\"@type\":\"Person\",\"@id\":\"https:\\\/\\\/esi.uclm.es\\\/#\\\/schema\\\/person\\\/d9a390095e8beeca5aced92acb17a530\",\"name\":\"esiuclm\",\"image\":{\"@type\":\"ImageObject\",\"inLanguage\":\"es\",\"@id\":\"https:\\\/\\\/secure.gravatar.com\\\/avatar\\\/ff32e6f445454691c713484fe154c7002761ecabfa4cfa2fea57c231744892da?s=96&d=mm&r=g\",\"url\":\"https:\\\/\\\/secure.gravatar.com\\\/avatar\\\/ff32e6f445454691c713484fe154c7002761ecabfa4cfa2fea57c231744892da?s=96&d=mm&r=g\",\"contentUrl\":\"https:\\\/\\\/secure.gravatar.com\\\/avatar\\\/ff32e6f445454691c713484fe154c7002761ecabfa4cfa2fea57c231744892da?s=96&d=mm&r=g\",\"caption\":\"esiuclm\"},\"sameAs\":[\"https:\\\/\\\/esi.uclm.es\"],\"url\":\"https:\\\/\\\/esi.uclm.es\\\/index.php\\\/author\\\/esiadmin\\\/\"}]}<\/script>\n<!-- \/ Yoast SEO plugin. -->","yoast_head_json":{"title":"Profesores de la ESI premiados en el Congreso Espa\u00f1ol de Inform\u00e1tica - Escuela Superior de Inform\u00e1tica de UCLM","description":"La Comisi\u00f3n Mujer en lnform\u00e1tica de la Sociedad Cient\u00edfica lnform\u00e1tica de Espa\u00f1a y el Consejo General de Colegios de Profesionales de Ingenier\u00eda lnform\u00e1tica, en el marco de las XXX Jornadas sobre la Ense\u00f1anza Universitaria de la Inform\u00e1tica (JENUI), han premiado un art\u00edculo sobre perspectiva de g\u00e9nero y \u00e9tica realizado por profesores de la Escuela Superior de Inform\u00e1tica de la Universidad de Castilla-La Mancha (UCLM). Adem\u00e1s, el Congreso Espa\u00f1ol de Inform\u00e1tica ha reconocido otro art\u00edculo del que tambi\u00e9n son autores profesores del mismo centro del campus ciudadreale\u00f1o.","robots":{"index":"index","follow":"follow","max-snippet":"max-snippet:-1","max-image-preview":"max-image-preview:large","max-video-preview":"max-video-preview:-1"},"canonical":"https:\/\/esi.uclm.es\/index.php\/2024\/06\/27\/profesores-de-la-esi-premiados-en-el-congreso-espanol-de-informatica\/","og_locale":"es_ES","og_type":"article","og_title":"Profesores de la ESI premiados en el Congreso Espa\u00f1ol de Inform\u00e1tica - Escuela Superior de Inform\u00e1tica de UCLM","og_description":"La Comisi\u00f3n Mujer en lnform\u00e1tica de la Sociedad Cient\u00edfica lnform\u00e1tica de Espa\u00f1a y el Consejo General de Colegios de Profesionales de Ingenier\u00eda lnform\u00e1tica, en el marco de las XXX Jornadas sobre la Ense\u00f1anza Universitaria de la Inform\u00e1tica (JENUI), han premiado un art\u00edculo sobre perspectiva de g\u00e9nero y \u00e9tica realizado por profesores de la Escuela Superior de Inform\u00e1tica de la Universidad de Castilla-La Mancha (UCLM). Adem\u00e1s, el Congreso Espa\u00f1ol de Inform\u00e1tica ha reconocido otro art\u00edculo del que tambi\u00e9n son autores profesores del mismo centro del campus ciudadreale\u00f1o.","og_url":"https:\/\/esi.uclm.es\/index.php\/2024\/06\/27\/profesores-de-la-esi-premiados-en-el-congreso-espanol-de-informatica\/","og_site_name":"Escuela Superior de Inform\u00e1tica de UCLM","article_publisher":"https:\/\/www.facebook.com\/Escuela-Superior-de-Informtica-543261809027158","article_published_time":"2024-06-27T20:46:17+00:00","article_modified_time":"2024-06-29T17:44:12+00:00","og_image":[{"width":1300,"height":731,"url":"http:\/\/esi.uclm.es\/assets\/uploads\/2024\/06\/profesores_esi_web.webp","type":"image\/webp"}],"author":"esiuclm","twitter_card":"summary_large_image","twitter_creator":"@esiuclm","twitter_site":"@esiuclm","twitter_misc":{"Escrito por":"esiuclm","Tiempo de lectura":"3 minutos"},"schema":{"@context":"https:\/\/schema.org","@graph":[{"@type":"Article","@id":"https:\/\/esi.uclm.es\/index.php\/2024\/06\/27\/profesores-de-la-esi-premiados-en-el-congreso-espanol-de-informatica\/#article","isPartOf":{"@id":"https:\/\/esi.uclm.es\/index.php\/2024\/06\/27\/profesores-de-la-esi-premiados-en-el-congreso-espanol-de-informatica\/"},"author":{"name":"esiuclm","@id":"https:\/\/esi.uclm.es\/#\/schema\/person\/d9a390095e8beeca5aced92acb17a530"},"headline":"Profesores de la ESI premiados en el Congreso Espa\u00f1ol de Inform\u00e1tica","datePublished":"2024-06-27T20:46:17+00:00","dateModified":"2024-06-29T17:44:12+00:00","mainEntityOfPage":{"@id":"https:\/\/esi.uclm.es\/index.php\/2024\/06\/27\/profesores-de-la-esi-premiados-en-el-congreso-espanol-de-informatica\/"},"wordCount":598,"commentCount":0,"publisher":{"@id":"https:\/\/esi.uclm.es\/#organization"},"image":{"@id":"https:\/\/esi.uclm.es\/index.php\/2024\/06\/27\/profesores-de-la-esi-premiados-en-el-congreso-espanol-de-informatica\/#primaryimage"},"thumbnailUrl":"https:\/\/esi.uclm.es\/assets\/uploads\/2024\/06\/profesores_esi_web.webp","articleSection":["General"],"inLanguage":"es","potentialAction":[{"@type":"CommentAction","name":"Comment","target":["https:\/\/esi.uclm.es\/index.php\/2024\/06\/27\/profesores-de-la-esi-premiados-en-el-congreso-espanol-de-informatica\/#respond"]}]},{"@type":"WebPage","@id":"https:\/\/esi.uclm.es\/index.php\/2024\/06\/27\/profesores-de-la-esi-premiados-en-el-congreso-espanol-de-informatica\/","url":"https:\/\/esi.uclm.es\/index.php\/2024\/06\/27\/profesores-de-la-esi-premiados-en-el-congreso-espanol-de-informatica\/","name":"Profesores de la ESI premiados en el Congreso Espa\u00f1ol de Inform\u00e1tica - Escuela Superior de Inform\u00e1tica de UCLM","isPartOf":{"@id":"https:\/\/esi.uclm.es\/#website"},"primaryImageOfPage":{"@id":"https:\/\/esi.uclm.es\/index.php\/2024\/06\/27\/profesores-de-la-esi-premiados-en-el-congreso-espanol-de-informatica\/#primaryimage"},"image":{"@id":"https:\/\/esi.uclm.es\/index.php\/2024\/06\/27\/profesores-de-la-esi-premiados-en-el-congreso-espanol-de-informatica\/#primaryimage"},"thumbnailUrl":"https:\/\/esi.uclm.es\/assets\/uploads\/2024\/06\/profesores_esi_web.webp","datePublished":"2024-06-27T20:46:17+00:00","dateModified":"2024-06-29T17:44:12+00:00","description":"La Comisi\u00f3n Mujer en lnform\u00e1tica de la Sociedad Cient\u00edfica lnform\u00e1tica de Espa\u00f1a y el Consejo General de Colegios de Profesionales de Ingenier\u00eda lnform\u00e1tica, en el marco de las XXX Jornadas sobre la Ense\u00f1anza Universitaria de la Inform\u00e1tica (JENUI), han premiado un art\u00edculo sobre perspectiva de g\u00e9nero y \u00e9tica realizado por profesores de la Escuela Superior de Inform\u00e1tica de la Universidad de Castilla-La Mancha (UCLM). Adem\u00e1s, el Congreso Espa\u00f1ol de Inform\u00e1tica ha reconocido otro art\u00edculo del que tambi\u00e9n son autores profesores del mismo centro del campus ciudadreale\u00f1o.","breadcrumb":{"@id":"https:\/\/esi.uclm.es\/index.php\/2024\/06\/27\/profesores-de-la-esi-premiados-en-el-congreso-espanol-de-informatica\/#breadcrumb"},"inLanguage":"es","potentialAction":[{"@type":"ReadAction","target":["https:\/\/esi.uclm.es\/index.php\/2024\/06\/27\/profesores-de-la-esi-premiados-en-el-congreso-espanol-de-informatica\/"]}]},{"@type":"ImageObject","inLanguage":"es","@id":"https:\/\/esi.uclm.es\/index.php\/2024\/06\/27\/profesores-de-la-esi-premiados-en-el-congreso-espanol-de-informatica\/#primaryimage","url":"https:\/\/esi.uclm.es\/assets\/uploads\/2024\/06\/profesores_esi_web.webp","contentUrl":"https:\/\/esi.uclm.es\/assets\/uploads\/2024\/06\/profesores_esi_web.webp","width":1300,"height":731,"caption":"Los profesores de la ESI premiados"},{"@type":"BreadcrumbList","@id":"https:\/\/esi.uclm.es\/index.php\/2024\/06\/27\/profesores-de-la-esi-premiados-en-el-congreso-espanol-de-informatica\/#breadcrumb","itemListElement":[{"@type":"ListItem","position":1,"name":"Portada","item":"https:\/\/esi.uclm.es\/"},{"@type":"ListItem","position":2,"name":"Profesores de la ESI premiados en el Congreso Espa\u00f1ol de Inform\u00e1tica"}]},{"@type":"WebSite","@id":"https:\/\/esi.uclm.es\/#website","url":"https:\/\/esi.uclm.es\/","name":"Escuela Superior de Inform\u00e1tica de UCLM en Ciudad Real, Castilla-La Mancha","description":"La Escuela Superior de Inform\u00e1tica de Ciudad Real (Castilla-La Mancha), Universidad de Castilla-La Mancha es un centro universitario que imparte el ciclo completo de Ingenier\u00eda en Inform\u00e1tica: grado, m\u00e1ster y doctorado.","publisher":{"@id":"https:\/\/esi.uclm.es\/#organization"},"potentialAction":[{"@type":"SearchAction","target":{"@type":"EntryPoint","urlTemplate":"https:\/\/esi.uclm.es\/?s={search_term_string}"},"query-input":{"@type":"PropertyValueSpecification","valueRequired":true,"valueName":"search_term_string"}}],"inLanguage":"es"},{"@type":"Organization","@id":"https:\/\/esi.uclm.es\/#organization","name":"Escuela Superior de Inform\u00e1tica de UCLM","url":"https:\/\/esi.uclm.es\/","logo":{"@type":"ImageObject","inLanguage":"es","@id":"https:\/\/esi.uclm.es\/#\/schema\/logo\/image\/","url":"https:\/\/esi.uclm.es\/assets\/uploads\/2022\/03\/LogoESI_cabecera-1.png","contentUrl":"https:\/\/esi.uclm.es\/assets\/uploads\/2022\/03\/LogoESI_cabecera-1.png","width":460,"height":184,"caption":"Escuela Superior de Inform\u00e1tica de UCLM"},"image":{"@id":"https:\/\/esi.uclm.es\/#\/schema\/logo\/image\/"},"sameAs":["https:\/\/www.facebook.com\/Escuela-Superior-de-Informtica-543261809027158","https:\/\/x.com\/esiuclm","https:\/\/www.instagram.com\/esiuclm\/","https:\/\/www.youtube.com\/user\/esiuclm","https:\/\/www.twitch.tv\/esiuclm","https:\/\/www.linkedin.com\/company\/12656631\/admin\/"]},{"@type":"Person","@id":"https:\/\/esi.uclm.es\/#\/schema\/person\/d9a390095e8beeca5aced92acb17a530","name":"esiuclm","image":{"@type":"ImageObject","inLanguage":"es","@id":"https:\/\/secure.gravatar.com\/avatar\/ff32e6f445454691c713484fe154c7002761ecabfa4cfa2fea57c231744892da?s=96&d=mm&r=g","url":"https:\/\/secure.gravatar.com\/avatar\/ff32e6f445454691c713484fe154c7002761ecabfa4cfa2fea57c231744892da?s=96&d=mm&r=g","contentUrl":"https:\/\/secure.gravatar.com\/avatar\/ff32e6f445454691c713484fe154c7002761ecabfa4cfa2fea57c231744892da?s=96&d=mm&r=g","caption":"esiuclm"},"sameAs":["https:\/\/esi.uclm.es"],"url":"https:\/\/esi.uclm.es\/index.php\/author\/esiadmin\/"}]}},"_links":{"self":[{"href":"https:\/\/esi.uclm.es\/index.php\/wp-json\/wp\/v2\/posts\/18849","targetHints":{"allow":["GET"]}}],"collection":[{"href":"https:\/\/esi.uclm.es\/index.php\/wp-json\/wp\/v2\/posts"}],"about":[{"href":"https:\/\/esi.uclm.es\/index.php\/wp-json\/wp\/v2\/types\/post"}],"author":[{"embeddable":true,"href":"https:\/\/esi.uclm.es\/index.php\/wp-json\/wp\/v2\/users\/1"}],"replies":[{"embeddable":true,"href":"https:\/\/esi.uclm.es\/index.php\/wp-json\/wp\/v2\/comments?post=18849"}],"version-history":[{"count":1,"href":"https:\/\/esi.uclm.es\/index.php\/wp-json\/wp\/v2\/posts\/18849\/revisions"}],"predecessor-version":[{"id":18851,"href":"https:\/\/esi.uclm.es\/index.php\/wp-json\/wp\/v2\/posts\/18849\/revisions\/18851"}],"wp:featuredmedia":[{"embeddable":true,"href":"https:\/\/esi.uclm.es\/index.php\/wp-json\/wp\/v2\/media\/18850"}],"wp:attachment":[{"href":"https:\/\/esi.uclm.es\/index.php\/wp-json\/wp\/v2\/media?parent=18849"}],"wp:term":[{"taxonomy":"category","embeddable":true,"href":"https:\/\/esi.uclm.es\/index.php\/wp-json\/wp\/v2\/categories?post=18849"},{"taxonomy":"post_tag","embeddable":true,"href":"https:\/\/esi.uclm.es\/index.php\/wp-json\/wp\/v2\/tags?post=18849"}],"curies":[{"name":"wp","href":"https:\/\/api.w.org\/{rel}","templated":true}]}}