{"id":18183,"date":"2024-03-06T17:44:33","date_gmt":"2024-03-06T17:44:33","guid":{"rendered":"https:\/\/esi.uclm.es\/?p=18183"},"modified":"2024-04-01T09:19:00","modified_gmt":"2024-04-01T09:19:00","slug":"en-video-conferencia-sobre-ia-responsable","status":"publish","type":"post","link":"https:\/\/esi.uclm.es\/index.php\/2024\/03\/06\/en-video-conferencia-sobre-ia-responsable\/","title":{"rendered":"En v\u00eddeo: conferencia sobre IA responsable"},"content":{"rendered":"\n<p>El mi\u00e9rcoles 6 de marzo nos visit\u00f3&nbsp;<strong>Alberto Jos\u00e9 Bugar\u00edn Diz<\/strong>&nbsp;para impartir la conferencia titulada&nbsp;<em><a href=\"https:\/\/esi.uclm.es\/index.php\/2024\/03\/05\/conferencia-6m-de-que-hablamos-cuando-hablamos-de-ia-responsable\/\">\u00bfDe qu\u00e9 hablamos cuando hablamos de Inteligencia Artificial Responsable?<\/a><\/em>, segunda conferencia del&nbsp;<a href=\"https:\/\/esi.uclm.es\/index.php\/2024\/02\/20\/conferencias-primavera-2024\/\">ciclo de conferencias de primavera 2024<\/a>. A continuaci\u00f3n, en el siguiente v\u00eddeo, puedes disfrutar de la conferencia en su totalidad:<\/p>\n\n\n\n<figure class=\"wp-block-embed is-type-video is-provider-youtube wp-block-embed-youtube wp-embed-aspect-16-9 wp-has-aspect-ratio\"><div class=\"wp-block-embed__wrapper\">\n<iframe loading=\"lazy\" title=\"Conferencia - Inteligencia Artificial Responsable, Alberto Bugar\u00edn Diz\" width=\"1060\" height=\"596\" src=\"https:\/\/www.youtube.com\/embed\/qt8FhN3vjvY?feature=oembed\" frameborder=\"0\" allow=\"accelerometer; autoplay; clipboard-write; encrypted-media; gyroscope; picture-in-picture; web-share\" allowfullscreen><\/iframe>\n<\/div><\/figure>\n\n\n\n<div style=\"height:33px\" aria-hidden=\"true\" class=\"wp-block-spacer\"><\/div>\n\n\n\n<h3 class=\"wp-block-heading\"><strong>Galer\u00eda de fotos<\/strong><\/h3>\n\n\n\n<figure class=\"wp-block-gallery has-nested-images columns-default is-cropped wp-block-gallery-1 is-layout-flex wp-block-gallery-is-layout-flex\">\n<figure class=\"wp-block-image size-large\"><a href=\"https:\/\/esi.uclm.es\/assets\/uploads\/2024\/03\/IMG_1680.png\"><img loading=\"lazy\" decoding=\"async\" width=\"1024\" height=\"576\" data-id=\"18192\" src=\"https:\/\/esi.uclm.es\/assets\/uploads\/2024\/03\/IMG_1680-1024x576.png\" alt=\"\" class=\"wp-image-18192\" srcset=\"https:\/\/esi.uclm.es\/assets\/uploads\/2024\/03\/IMG_1680-1024x576.png 1024w, https:\/\/esi.uclm.es\/assets\/uploads\/2024\/03\/IMG_1680-300x169.png 300w, https:\/\/esi.uclm.es\/assets\/uploads\/2024\/03\/IMG_1680-768x432.png 768w, https:\/\/esi.uclm.es\/assets\/uploads\/2024\/03\/IMG_1680-1300x731.png 1300w, https:\/\/esi.uclm.es\/assets\/uploads\/2024\/03\/IMG_1680-600x337.png 600w, https:\/\/esi.uclm.es\/assets\/uploads\/2024\/03\/IMG_1680.png 1428w\" sizes=\"auto, (max-width: 1024px) 100vw, 1024px\" \/><\/a><\/figure>\n\n\n\n<figure class=\"wp-block-image size-large\"><a href=\"https:\/\/esi.uclm.es\/assets\/uploads\/2024\/03\/estudiantes_Bugarin00503.jpg\"><img loading=\"lazy\" decoding=\"async\" width=\"1024\" height=\"683\" data-id=\"18185\" src=\"https:\/\/esi.uclm.es\/assets\/uploads\/2024\/03\/estudiantes_Bugarin00503-1024x683.jpg\" alt=\"\" class=\"wp-image-18185\" srcset=\"https:\/\/esi.uclm.es\/assets\/uploads\/2024\/03\/estudiantes_Bugarin00503-1024x683.jpg 1024w, https:\/\/esi.uclm.es\/assets\/uploads\/2024\/03\/estudiantes_Bugarin00503-300x200.jpg 300w, https:\/\/esi.uclm.es\/assets\/uploads\/2024\/03\/estudiantes_Bugarin00503-768x512.jpg 768w, https:\/\/esi.uclm.es\/assets\/uploads\/2024\/03\/estudiantes_Bugarin00503-391x260.jpg 391w, https:\/\/esi.uclm.es\/assets\/uploads\/2024\/03\/estudiantes_Bugarin00503-1300x867.jpg 1300w, https:\/\/esi.uclm.es\/assets\/uploads\/2024\/03\/estudiantes_Bugarin00503-128x86.jpg 128w, https:\/\/esi.uclm.es\/assets\/uploads\/2024\/03\/estudiantes_Bugarin00503-600x400.jpg 600w, https:\/\/esi.uclm.es\/assets\/uploads\/2024\/03\/estudiantes_Bugarin00503.jpg 1500w\" sizes=\"auto, (max-width: 1024px) 100vw, 1024px\" \/><\/a><\/figure>\n\n\n\n<figure class=\"wp-block-image size-large\"><a href=\"https:\/\/esi.uclm.es\/assets\/uploads\/2024\/03\/estudiantes_Bugarin00508.jpg\"><img loading=\"lazy\" decoding=\"async\" width=\"1024\" height=\"683\" data-id=\"18184\" src=\"https:\/\/esi.uclm.es\/assets\/uploads\/2024\/03\/estudiantes_Bugarin00508-1024x683.jpg\" alt=\"\" class=\"wp-image-18184\" srcset=\"https:\/\/esi.uclm.es\/assets\/uploads\/2024\/03\/estudiantes_Bugarin00508-1024x683.jpg 1024w, https:\/\/esi.uclm.es\/assets\/uploads\/2024\/03\/estudiantes_Bugarin00508-300x200.jpg 300w, https:\/\/esi.uclm.es\/assets\/uploads\/2024\/03\/estudiantes_Bugarin00508-768x512.jpg 768w, https:\/\/esi.uclm.es\/assets\/uploads\/2024\/03\/estudiantes_Bugarin00508-391x260.jpg 391w, https:\/\/esi.uclm.es\/assets\/uploads\/2024\/03\/estudiantes_Bugarin00508-1300x867.jpg 1300w, https:\/\/esi.uclm.es\/assets\/uploads\/2024\/03\/estudiantes_Bugarin00508-128x86.jpg 128w, https:\/\/esi.uclm.es\/assets\/uploads\/2024\/03\/estudiantes_Bugarin00508-600x400.jpg 600w, https:\/\/esi.uclm.es\/assets\/uploads\/2024\/03\/estudiantes_Bugarin00508.jpg 1500w\" sizes=\"auto, (max-width: 1024px) 100vw, 1024px\" \/><\/a><\/figure>\n\n\n\n<figure class=\"wp-block-image size-large\"><a href=\"https:\/\/esi.uclm.es\/assets\/uploads\/2024\/03\/estudiantes_Bugarin00509.jpg\"><img loading=\"lazy\" decoding=\"async\" width=\"1024\" height=\"683\" data-id=\"18188\" src=\"https:\/\/esi.uclm.es\/assets\/uploads\/2024\/03\/estudiantes_Bugarin00509-1024x683.jpg\" alt=\"\" class=\"wp-image-18188\" srcset=\"https:\/\/esi.uclm.es\/assets\/uploads\/2024\/03\/estudiantes_Bugarin00509-1024x683.jpg 1024w, https:\/\/esi.uclm.es\/assets\/uploads\/2024\/03\/estudiantes_Bugarin00509-300x200.jpg 300w, https:\/\/esi.uclm.es\/assets\/uploads\/2024\/03\/estudiantes_Bugarin00509-768x512.jpg 768w, https:\/\/esi.uclm.es\/assets\/uploads\/2024\/03\/estudiantes_Bugarin00509-391x260.jpg 391w, https:\/\/esi.uclm.es\/assets\/uploads\/2024\/03\/estudiantes_Bugarin00509-1300x867.jpg 1300w, https:\/\/esi.uclm.es\/assets\/uploads\/2024\/03\/estudiantes_Bugarin00509-128x86.jpg 128w, https:\/\/esi.uclm.es\/assets\/uploads\/2024\/03\/estudiantes_Bugarin00509-600x400.jpg 600w, https:\/\/esi.uclm.es\/assets\/uploads\/2024\/03\/estudiantes_Bugarin00509.jpg 1500w\" sizes=\"auto, (max-width: 1024px) 100vw, 1024px\" \/><\/a><\/figure>\n\n\n\n<figure class=\"wp-block-image size-large\"><a href=\"https:\/\/esi.uclm.es\/assets\/uploads\/2024\/03\/estudiantes_Bugarin00510.jpg\"><img loading=\"lazy\" decoding=\"async\" width=\"1024\" height=\"683\" data-id=\"18189\" src=\"https:\/\/esi.uclm.es\/assets\/uploads\/2024\/03\/estudiantes_Bugarin00510-1024x683.jpg\" alt=\"\" class=\"wp-image-18189\" srcset=\"https:\/\/esi.uclm.es\/assets\/uploads\/2024\/03\/estudiantes_Bugarin00510-1024x683.jpg 1024w, https:\/\/esi.uclm.es\/assets\/uploads\/2024\/03\/estudiantes_Bugarin00510-300x200.jpg 300w, https:\/\/esi.uclm.es\/assets\/uploads\/2024\/03\/estudiantes_Bugarin00510-768x512.jpg 768w, https:\/\/esi.uclm.es\/assets\/uploads\/2024\/03\/estudiantes_Bugarin00510-391x260.jpg 391w, https:\/\/esi.uclm.es\/assets\/uploads\/2024\/03\/estudiantes_Bugarin00510-1300x867.jpg 1300w, https:\/\/esi.uclm.es\/assets\/uploads\/2024\/03\/estudiantes_Bugarin00510-128x86.jpg 128w, https:\/\/esi.uclm.es\/assets\/uploads\/2024\/03\/estudiantes_Bugarin00510-600x400.jpg 600w, https:\/\/esi.uclm.es\/assets\/uploads\/2024\/03\/estudiantes_Bugarin00510.jpg 1500w\" sizes=\"auto, (max-width: 1024px) 100vw, 1024px\" \/><\/a><\/figure>\n\n\n\n<figure class=\"wp-block-image size-large\"><a href=\"https:\/\/esi.uclm.es\/assets\/uploads\/2024\/03\/estudiantes_Bugarin00512.jpg\"><img loading=\"lazy\" decoding=\"async\" width=\"1024\" height=\"683\" data-id=\"18187\" src=\"https:\/\/esi.uclm.es\/assets\/uploads\/2024\/03\/estudiantes_Bugarin00512-1024x683.jpg\" alt=\"\" class=\"wp-image-18187\" srcset=\"https:\/\/esi.uclm.es\/assets\/uploads\/2024\/03\/estudiantes_Bugarin00512-1024x683.jpg 1024w, https:\/\/esi.uclm.es\/assets\/uploads\/2024\/03\/estudiantes_Bugarin00512-300x200.jpg 300w, https:\/\/esi.uclm.es\/assets\/uploads\/2024\/03\/estudiantes_Bugarin00512-768x512.jpg 768w, https:\/\/esi.uclm.es\/assets\/uploads\/2024\/03\/estudiantes_Bugarin00512-391x260.jpg 391w, https:\/\/esi.uclm.es\/assets\/uploads\/2024\/03\/estudiantes_Bugarin00512-1300x867.jpg 1300w, https:\/\/esi.uclm.es\/assets\/uploads\/2024\/03\/estudiantes_Bugarin00512-128x86.jpg 128w, https:\/\/esi.uclm.es\/assets\/uploads\/2024\/03\/estudiantes_Bugarin00512-600x400.jpg 600w, https:\/\/esi.uclm.es\/assets\/uploads\/2024\/03\/estudiantes_Bugarin00512.jpg 1500w\" sizes=\"auto, (max-width: 1024px) 100vw, 1024px\" \/><\/a><\/figure>\n\n\n\n<figure class=\"wp-block-image size-large\"><a href=\"https:\/\/esi.uclm.es\/assets\/uploads\/2024\/03\/estudiantes_Bugarin00513.jpg\"><img loading=\"lazy\" decoding=\"async\" width=\"1024\" height=\"683\" data-id=\"18191\" src=\"https:\/\/esi.uclm.es\/assets\/uploads\/2024\/03\/estudiantes_Bugarin00513-1024x683.jpg\" alt=\"\" class=\"wp-image-18191\" srcset=\"https:\/\/esi.uclm.es\/assets\/uploads\/2024\/03\/estudiantes_Bugarin00513-1024x683.jpg 1024w, https:\/\/esi.uclm.es\/assets\/uploads\/2024\/03\/estudiantes_Bugarin00513-300x200.jpg 300w, https:\/\/esi.uclm.es\/assets\/uploads\/2024\/03\/estudiantes_Bugarin00513-768x512.jpg 768w, https:\/\/esi.uclm.es\/assets\/uploads\/2024\/03\/estudiantes_Bugarin00513-391x260.jpg 391w, https:\/\/esi.uclm.es\/assets\/uploads\/2024\/03\/estudiantes_Bugarin00513-1300x867.jpg 1300w, https:\/\/esi.uclm.es\/assets\/uploads\/2024\/03\/estudiantes_Bugarin00513-128x86.jpg 128w, https:\/\/esi.uclm.es\/assets\/uploads\/2024\/03\/estudiantes_Bugarin00513-600x400.jpg 600w, https:\/\/esi.uclm.es\/assets\/uploads\/2024\/03\/estudiantes_Bugarin00513.jpg 1500w\" sizes=\"auto, (max-width: 1024px) 100vw, 1024px\" \/><\/a><\/figure>\n\n\n\n<figure class=\"wp-block-image size-large\"><a href=\"https:\/\/esi.uclm.es\/assets\/uploads\/2024\/03\/estudiantes_Bugarin00515.jpg\"><img loading=\"lazy\" decoding=\"async\" width=\"1024\" height=\"683\" data-id=\"18190\" src=\"https:\/\/esi.uclm.es\/assets\/uploads\/2024\/03\/estudiantes_Bugarin00515-1024x683.jpg\" alt=\"\" class=\"wp-image-18190\" srcset=\"https:\/\/esi.uclm.es\/assets\/uploads\/2024\/03\/estudiantes_Bugarin00515-1024x683.jpg 1024w, https:\/\/esi.uclm.es\/assets\/uploads\/2024\/03\/estudiantes_Bugarin00515-300x200.jpg 300w, https:\/\/esi.uclm.es\/assets\/uploads\/2024\/03\/estudiantes_Bugarin00515-768x512.jpg 768w, https:\/\/esi.uclm.es\/assets\/uploads\/2024\/03\/estudiantes_Bugarin00515-391x260.jpg 391w, https:\/\/esi.uclm.es\/assets\/uploads\/2024\/03\/estudiantes_Bugarin00515-1300x867.jpg 1300w, https:\/\/esi.uclm.es\/assets\/uploads\/2024\/03\/estudiantes_Bugarin00515-128x86.jpg 128w, https:\/\/esi.uclm.es\/assets\/uploads\/2024\/03\/estudiantes_Bugarin00515-600x400.jpg 600w, https:\/\/esi.uclm.es\/assets\/uploads\/2024\/03\/estudiantes_Bugarin00515.jpg 1500w\" sizes=\"auto, (max-width: 1024px) 100vw, 1024px\" \/><\/a><\/figure>\n<\/figure>\n","protected":false},"excerpt":{"rendered":"<p>El mi\u00e9rcoles 6 de marzo nos visit\u00f3&nbsp;Alberto Jos\u00e9 Bugar\u00edn Diz&nbsp;para impartir la conferencia titulada&nbsp;\u00bfDe qu\u00e9 hablamos cuando hablamos de Inteligencia Artificial Responsable?, segunda conferencia del&nbsp;ciclo de conferencias de primavera 2024. A continuaci\u00f3n, en el siguiente v\u00eddeo, puedes disfrutar de la conferencia en su totalidad: Galer\u00eda [&hellip;]<\/p>\n","protected":false},"author":1,"featured_media":18193,"comment_status":"open","ping_status":"open","sticky":false,"template":"","format":"standard","meta":{"footnotes":""},"categories":[743,619],"tags":[],"class_list":["post-18183","post","type-post","status-publish","format-standard","has-post-thumbnail","hentry","category-cultura_y_divulgacion","category-general"],"yoast_head":"<!-- This site is optimized with the Yoast SEO plugin v27.5 - https:\/\/yoast.com\/product\/yoast-seo-wordpress\/ -->\n<title>En v\u00eddeo: conferencia sobre IA responsable - Escuela Superior de Inform\u00e1tica de UCLM<\/title>\n<meta name=\"description\" content=\"El mi\u00e9rcoles 6 de marzo nos visit\u00f3\u00a0Alberto Jos\u00e9 Bugar\u00edn Diz\u00a0para impartir la conferencia titulada\u00a0\u00bfDe qu\u00e9 hablamos cuando hablamos de Inteligencia Artificial Responsable?, segunda conferencia del\u00a0ciclo de conferencias de primavera 2024. A continuaci\u00f3n, en el siguiente v\u00eddeo, puedes disfrutar de la conferencia en su totalidad:\" \/>\n<meta name=\"robots\" content=\"index, follow, max-snippet:-1, max-image-preview:large, max-video-preview:-1\" \/>\n<link rel=\"canonical\" href=\"https:\/\/esi.uclm.es\/index.php\/2024\/03\/06\/en-video-conferencia-sobre-ia-responsable\/\" \/>\n<meta property=\"og:locale\" content=\"es_ES\" \/>\n<meta property=\"og:type\" content=\"article\" \/>\n<meta property=\"og:title\" content=\"En v\u00eddeo: conferencia sobre IA responsable - Escuela Superior de Inform\u00e1tica de UCLM\" \/>\n<meta property=\"og:description\" content=\"El mi\u00e9rcoles 6 de marzo nos visit\u00f3\u00a0Alberto Jos\u00e9 Bugar\u00edn Diz\u00a0para impartir la conferencia titulada\u00a0\u00bfDe qu\u00e9 hablamos cuando hablamos de Inteligencia Artificial Responsable?, segunda conferencia del\u00a0ciclo de conferencias de primavera 2024. A continuaci\u00f3n, en el siguiente v\u00eddeo, puedes disfrutar de la conferencia en su totalidad:\" \/>\n<meta property=\"og:url\" content=\"https:\/\/esi.uclm.es\/index.php\/2024\/03\/06\/en-video-conferencia-sobre-ia-responsable\/\" \/>\n<meta property=\"og:site_name\" content=\"Escuela Superior de Inform\u00e1tica de UCLM\" \/>\n<meta property=\"article:publisher\" content=\"https:\/\/www.facebook.com\/Escuela-Superior-de-Informtica-543261809027158\" \/>\n<meta property=\"article:published_time\" content=\"2024-03-06T17:44:33+00:00\" \/>\n<meta property=\"article:modified_time\" content=\"2024-04-01T09:19:00+00:00\" \/>\n<meta property=\"og:image\" content=\"http:\/\/esi.uclm.es\/assets\/uploads\/2024\/03\/bugarin_video_portada_web.webp\" \/>\n\t<meta property=\"og:image:width\" content=\"1960\" \/>\n\t<meta property=\"og:image:height\" content=\"1103\" \/>\n\t<meta property=\"og:image:type\" content=\"image\/webp\" \/>\n<meta name=\"author\" content=\"esiuclm\" \/>\n<meta name=\"twitter:card\" content=\"summary_large_image\" \/>\n<meta name=\"twitter:creator\" content=\"@esiuclm\" \/>\n<meta name=\"twitter:site\" content=\"@esiuclm\" \/>\n<meta name=\"twitter:label1\" content=\"Escrito por\" \/>\n\t<meta name=\"twitter:data1\" content=\"esiuclm\" \/>\n\t<meta name=\"twitter:label2\" content=\"Tiempo de lectura\" \/>\n\t<meta name=\"twitter:data2\" content=\"3 minutos\" \/>\n<script type=\"application\/ld+json\" class=\"yoast-schema-graph\">{\"@context\":\"https:\\\/\\\/schema.org\",\"@graph\":[{\"@type\":\"Article\",\"@id\":\"https:\\\/\\\/esi.uclm.es\\\/index.php\\\/2024\\\/03\\\/06\\\/en-video-conferencia-sobre-ia-responsable\\\/#article\",\"isPartOf\":{\"@id\":\"https:\\\/\\\/esi.uclm.es\\\/index.php\\\/2024\\\/03\\\/06\\\/en-video-conferencia-sobre-ia-responsable\\\/\"},\"author\":{\"name\":\"esiuclm\",\"@id\":\"https:\\\/\\\/esi.uclm.es\\\/#\\\/schema\\\/person\\\/d9a390095e8beeca5aced92acb17a530\"},\"headline\":\"En v\u00eddeo: conferencia sobre IA responsable\",\"datePublished\":\"2024-03-06T17:44:33+00:00\",\"dateModified\":\"2024-04-01T09:19:00+00:00\",\"mainEntityOfPage\":{\"@id\":\"https:\\\/\\\/esi.uclm.es\\\/index.php\\\/2024\\\/03\\\/06\\\/en-video-conferencia-sobre-ia-responsable\\\/\"},\"wordCount\":71,\"commentCount\":0,\"publisher\":{\"@id\":\"https:\\\/\\\/esi.uclm.es\\\/#organization\"},\"image\":{\"@id\":\"https:\\\/\\\/esi.uclm.es\\\/index.php\\\/2024\\\/03\\\/06\\\/en-video-conferencia-sobre-ia-responsable\\\/#primaryimage\"},\"thumbnailUrl\":\"https:\\\/\\\/esi.uclm.es\\\/assets\\\/uploads\\\/2024\\\/03\\\/bugarin_video_portada_web.webp\",\"articleSection\":[\"Cultura y Divulgaci\u00f3n\",\"General\"],\"inLanguage\":\"es\",\"potentialAction\":[{\"@type\":\"CommentAction\",\"name\":\"Comment\",\"target\":[\"https:\\\/\\\/esi.uclm.es\\\/index.php\\\/2024\\\/03\\\/06\\\/en-video-conferencia-sobre-ia-responsable\\\/#respond\"]}]},{\"@type\":\"WebPage\",\"@id\":\"https:\\\/\\\/esi.uclm.es\\\/index.php\\\/2024\\\/03\\\/06\\\/en-video-conferencia-sobre-ia-responsable\\\/\",\"url\":\"https:\\\/\\\/esi.uclm.es\\\/index.php\\\/2024\\\/03\\\/06\\\/en-video-conferencia-sobre-ia-responsable\\\/\",\"name\":\"En v\u00eddeo: conferencia sobre IA responsable - Escuela Superior de Inform\u00e1tica de UCLM\",\"isPartOf\":{\"@id\":\"https:\\\/\\\/esi.uclm.es\\\/#website\"},\"primaryImageOfPage\":{\"@id\":\"https:\\\/\\\/esi.uclm.es\\\/index.php\\\/2024\\\/03\\\/06\\\/en-video-conferencia-sobre-ia-responsable\\\/#primaryimage\"},\"image\":{\"@id\":\"https:\\\/\\\/esi.uclm.es\\\/index.php\\\/2024\\\/03\\\/06\\\/en-video-conferencia-sobre-ia-responsable\\\/#primaryimage\"},\"thumbnailUrl\":\"https:\\\/\\\/esi.uclm.es\\\/assets\\\/uploads\\\/2024\\\/03\\\/bugarin_video_portada_web.webp\",\"datePublished\":\"2024-03-06T17:44:33+00:00\",\"dateModified\":\"2024-04-01T09:19:00+00:00\",\"description\":\"El mi\u00e9rcoles 6 de marzo nos visit\u00f3\u00a0Alberto Jos\u00e9 Bugar\u00edn Diz\u00a0para impartir la conferencia titulada\u00a0\u00bfDe qu\u00e9 hablamos cuando hablamos de Inteligencia Artificial Responsable?, segunda conferencia del\u00a0ciclo de conferencias de primavera 2024. A continuaci\u00f3n, en el siguiente v\u00eddeo, puedes disfrutar de la conferencia en su totalidad:\",\"breadcrumb\":{\"@id\":\"https:\\\/\\\/esi.uclm.es\\\/index.php\\\/2024\\\/03\\\/06\\\/en-video-conferencia-sobre-ia-responsable\\\/#breadcrumb\"},\"inLanguage\":\"es\",\"potentialAction\":[{\"@type\":\"ReadAction\",\"target\":[\"https:\\\/\\\/esi.uclm.es\\\/index.php\\\/2024\\\/03\\\/06\\\/en-video-conferencia-sobre-ia-responsable\\\/\"]}]},{\"@type\":\"ImageObject\",\"inLanguage\":\"es\",\"@id\":\"https:\\\/\\\/esi.uclm.es\\\/index.php\\\/2024\\\/03\\\/06\\\/en-video-conferencia-sobre-ia-responsable\\\/#primaryimage\",\"url\":\"https:\\\/\\\/esi.uclm.es\\\/assets\\\/uploads\\\/2024\\\/03\\\/bugarin_video_portada_web.webp\",\"contentUrl\":\"https:\\\/\\\/esi.uclm.es\\\/assets\\\/uploads\\\/2024\\\/03\\\/bugarin_video_portada_web.webp\",\"width\":1960,\"height\":1103,\"caption\":\"Sal\u00f3n de actos de la escuela superior de inform\u00e1tica con p\u00fablico\"},{\"@type\":\"BreadcrumbList\",\"@id\":\"https:\\\/\\\/esi.uclm.es\\\/index.php\\\/2024\\\/03\\\/06\\\/en-video-conferencia-sobre-ia-responsable\\\/#breadcrumb\",\"itemListElement\":[{\"@type\":\"ListItem\",\"position\":1,\"name\":\"Portada\",\"item\":\"https:\\\/\\\/esi.uclm.es\\\/\"},{\"@type\":\"ListItem\",\"position\":2,\"name\":\"En v\u00eddeo: conferencia sobre IA responsable\"}]},{\"@type\":\"WebSite\",\"@id\":\"https:\\\/\\\/esi.uclm.es\\\/#website\",\"url\":\"https:\\\/\\\/esi.uclm.es\\\/\",\"name\":\"Escuela Superior de Inform\u00e1tica de UCLM en Ciudad Real, Castilla-La Mancha\",\"description\":\"La Escuela Superior de Inform\u00e1tica de Ciudad Real (Castilla-La Mancha), Universidad de Castilla-La Mancha es un centro universitario que imparte el ciclo completo de Ingenier\u00eda en Inform\u00e1tica: grado, m\u00e1ster y doctorado.\",\"publisher\":{\"@id\":\"https:\\\/\\\/esi.uclm.es\\\/#organization\"},\"potentialAction\":[{\"@type\":\"SearchAction\",\"target\":{\"@type\":\"EntryPoint\",\"urlTemplate\":\"https:\\\/\\\/esi.uclm.es\\\/?s={search_term_string}\"},\"query-input\":{\"@type\":\"PropertyValueSpecification\",\"valueRequired\":true,\"valueName\":\"search_term_string\"}}],\"inLanguage\":\"es\"},{\"@type\":\"Organization\",\"@id\":\"https:\\\/\\\/esi.uclm.es\\\/#organization\",\"name\":\"Escuela Superior de Inform\u00e1tica de UCLM\",\"url\":\"https:\\\/\\\/esi.uclm.es\\\/\",\"logo\":{\"@type\":\"ImageObject\",\"inLanguage\":\"es\",\"@id\":\"https:\\\/\\\/esi.uclm.es\\\/#\\\/schema\\\/logo\\\/image\\\/\",\"url\":\"https:\\\/\\\/esi.uclm.es\\\/assets\\\/uploads\\\/2022\\\/03\\\/LogoESI_cabecera-1.png\",\"contentUrl\":\"https:\\\/\\\/esi.uclm.es\\\/assets\\\/uploads\\\/2022\\\/03\\\/LogoESI_cabecera-1.png\",\"width\":460,\"height\":184,\"caption\":\"Escuela Superior de Inform\u00e1tica de UCLM\"},\"image\":{\"@id\":\"https:\\\/\\\/esi.uclm.es\\\/#\\\/schema\\\/logo\\\/image\\\/\"},\"sameAs\":[\"https:\\\/\\\/www.facebook.com\\\/Escuela-Superior-de-Informtica-543261809027158\",\"https:\\\/\\\/x.com\\\/esiuclm\",\"https:\\\/\\\/www.instagram.com\\\/esiuclm\\\/\",\"https:\\\/\\\/www.youtube.com\\\/user\\\/esiuclm\",\"https:\\\/\\\/www.twitch.tv\\\/esiuclm\",\"https:\\\/\\\/www.linkedin.com\\\/company\\\/12656631\\\/admin\\\/\"]},{\"@type\":\"Person\",\"@id\":\"https:\\\/\\\/esi.uclm.es\\\/#\\\/schema\\\/person\\\/d9a390095e8beeca5aced92acb17a530\",\"name\":\"esiuclm\",\"image\":{\"@type\":\"ImageObject\",\"inLanguage\":\"es\",\"@id\":\"https:\\\/\\\/secure.gravatar.com\\\/avatar\\\/ff32e6f445454691c713484fe154c7002761ecabfa4cfa2fea57c231744892da?s=96&d=mm&r=g\",\"url\":\"https:\\\/\\\/secure.gravatar.com\\\/avatar\\\/ff32e6f445454691c713484fe154c7002761ecabfa4cfa2fea57c231744892da?s=96&d=mm&r=g\",\"contentUrl\":\"https:\\\/\\\/secure.gravatar.com\\\/avatar\\\/ff32e6f445454691c713484fe154c7002761ecabfa4cfa2fea57c231744892da?s=96&d=mm&r=g\",\"caption\":\"esiuclm\"},\"sameAs\":[\"https:\\\/\\\/esi.uclm.es\"],\"url\":\"https:\\\/\\\/esi.uclm.es\\\/index.php\\\/author\\\/esiadmin\\\/\"}]}<\/script>\n<!-- \/ Yoast SEO plugin. -->","yoast_head_json":{"title":"En v\u00eddeo: conferencia sobre IA responsable - Escuela Superior de Inform\u00e1tica de UCLM","description":"El mi\u00e9rcoles 6 de marzo nos visit\u00f3\u00a0Alberto Jos\u00e9 Bugar\u00edn Diz\u00a0para impartir la conferencia titulada\u00a0\u00bfDe qu\u00e9 hablamos cuando hablamos de Inteligencia Artificial Responsable?, segunda conferencia del\u00a0ciclo de conferencias de primavera 2024. A continuaci\u00f3n, en el siguiente v\u00eddeo, puedes disfrutar de la conferencia en su totalidad:","robots":{"index":"index","follow":"follow","max-snippet":"max-snippet:-1","max-image-preview":"max-image-preview:large","max-video-preview":"max-video-preview:-1"},"canonical":"https:\/\/esi.uclm.es\/index.php\/2024\/03\/06\/en-video-conferencia-sobre-ia-responsable\/","og_locale":"es_ES","og_type":"article","og_title":"En v\u00eddeo: conferencia sobre IA responsable - Escuela Superior de Inform\u00e1tica de UCLM","og_description":"El mi\u00e9rcoles 6 de marzo nos visit\u00f3\u00a0Alberto Jos\u00e9 Bugar\u00edn Diz\u00a0para impartir la conferencia titulada\u00a0\u00bfDe qu\u00e9 hablamos cuando hablamos de Inteligencia Artificial Responsable?, segunda conferencia del\u00a0ciclo de conferencias de primavera 2024. A continuaci\u00f3n, en el siguiente v\u00eddeo, puedes disfrutar de la conferencia en su totalidad:","og_url":"https:\/\/esi.uclm.es\/index.php\/2024\/03\/06\/en-video-conferencia-sobre-ia-responsable\/","og_site_name":"Escuela Superior de Inform\u00e1tica de UCLM","article_publisher":"https:\/\/www.facebook.com\/Escuela-Superior-de-Informtica-543261809027158","article_published_time":"2024-03-06T17:44:33+00:00","article_modified_time":"2024-04-01T09:19:00+00:00","og_image":[{"width":1960,"height":1103,"url":"http:\/\/esi.uclm.es\/assets\/uploads\/2024\/03\/bugarin_video_portada_web.webp","type":"image\/webp"}],"author":"esiuclm","twitter_card":"summary_large_image","twitter_creator":"@esiuclm","twitter_site":"@esiuclm","twitter_misc":{"Escrito por":"esiuclm","Tiempo de lectura":"3 minutos"},"schema":{"@context":"https:\/\/schema.org","@graph":[{"@type":"Article","@id":"https:\/\/esi.uclm.es\/index.php\/2024\/03\/06\/en-video-conferencia-sobre-ia-responsable\/#article","isPartOf":{"@id":"https:\/\/esi.uclm.es\/index.php\/2024\/03\/06\/en-video-conferencia-sobre-ia-responsable\/"},"author":{"name":"esiuclm","@id":"https:\/\/esi.uclm.es\/#\/schema\/person\/d9a390095e8beeca5aced92acb17a530"},"headline":"En v\u00eddeo: conferencia sobre IA responsable","datePublished":"2024-03-06T17:44:33+00:00","dateModified":"2024-04-01T09:19:00+00:00","mainEntityOfPage":{"@id":"https:\/\/esi.uclm.es\/index.php\/2024\/03\/06\/en-video-conferencia-sobre-ia-responsable\/"},"wordCount":71,"commentCount":0,"publisher":{"@id":"https:\/\/esi.uclm.es\/#organization"},"image":{"@id":"https:\/\/esi.uclm.es\/index.php\/2024\/03\/06\/en-video-conferencia-sobre-ia-responsable\/#primaryimage"},"thumbnailUrl":"https:\/\/esi.uclm.es\/assets\/uploads\/2024\/03\/bugarin_video_portada_web.webp","articleSection":["Cultura y Divulgaci\u00f3n","General"],"inLanguage":"es","potentialAction":[{"@type":"CommentAction","name":"Comment","target":["https:\/\/esi.uclm.es\/index.php\/2024\/03\/06\/en-video-conferencia-sobre-ia-responsable\/#respond"]}]},{"@type":"WebPage","@id":"https:\/\/esi.uclm.es\/index.php\/2024\/03\/06\/en-video-conferencia-sobre-ia-responsable\/","url":"https:\/\/esi.uclm.es\/index.php\/2024\/03\/06\/en-video-conferencia-sobre-ia-responsable\/","name":"En v\u00eddeo: conferencia sobre IA responsable - Escuela Superior de Inform\u00e1tica de UCLM","isPartOf":{"@id":"https:\/\/esi.uclm.es\/#website"},"primaryImageOfPage":{"@id":"https:\/\/esi.uclm.es\/index.php\/2024\/03\/06\/en-video-conferencia-sobre-ia-responsable\/#primaryimage"},"image":{"@id":"https:\/\/esi.uclm.es\/index.php\/2024\/03\/06\/en-video-conferencia-sobre-ia-responsable\/#primaryimage"},"thumbnailUrl":"https:\/\/esi.uclm.es\/assets\/uploads\/2024\/03\/bugarin_video_portada_web.webp","datePublished":"2024-03-06T17:44:33+00:00","dateModified":"2024-04-01T09:19:00+00:00","description":"El mi\u00e9rcoles 6 de marzo nos visit\u00f3\u00a0Alberto Jos\u00e9 Bugar\u00edn Diz\u00a0para impartir la conferencia titulada\u00a0\u00bfDe qu\u00e9 hablamos cuando hablamos de Inteligencia Artificial Responsable?, segunda conferencia del\u00a0ciclo de conferencias de primavera 2024. A continuaci\u00f3n, en el siguiente v\u00eddeo, puedes disfrutar de la conferencia en su totalidad:","breadcrumb":{"@id":"https:\/\/esi.uclm.es\/index.php\/2024\/03\/06\/en-video-conferencia-sobre-ia-responsable\/#breadcrumb"},"inLanguage":"es","potentialAction":[{"@type":"ReadAction","target":["https:\/\/esi.uclm.es\/index.php\/2024\/03\/06\/en-video-conferencia-sobre-ia-responsable\/"]}]},{"@type":"ImageObject","inLanguage":"es","@id":"https:\/\/esi.uclm.es\/index.php\/2024\/03\/06\/en-video-conferencia-sobre-ia-responsable\/#primaryimage","url":"https:\/\/esi.uclm.es\/assets\/uploads\/2024\/03\/bugarin_video_portada_web.webp","contentUrl":"https:\/\/esi.uclm.es\/assets\/uploads\/2024\/03\/bugarin_video_portada_web.webp","width":1960,"height":1103,"caption":"Sal\u00f3n de actos de la escuela superior de inform\u00e1tica con p\u00fablico"},{"@type":"BreadcrumbList","@id":"https:\/\/esi.uclm.es\/index.php\/2024\/03\/06\/en-video-conferencia-sobre-ia-responsable\/#breadcrumb","itemListElement":[{"@type":"ListItem","position":1,"name":"Portada","item":"https:\/\/esi.uclm.es\/"},{"@type":"ListItem","position":2,"name":"En v\u00eddeo: conferencia sobre IA responsable"}]},{"@type":"WebSite","@id":"https:\/\/esi.uclm.es\/#website","url":"https:\/\/esi.uclm.es\/","name":"Escuela Superior de Inform\u00e1tica de UCLM en Ciudad Real, Castilla-La Mancha","description":"La Escuela Superior de Inform\u00e1tica de Ciudad Real (Castilla-La Mancha), Universidad de Castilla-La Mancha es un centro universitario que imparte el ciclo completo de Ingenier\u00eda en Inform\u00e1tica: grado, m\u00e1ster y doctorado.","publisher":{"@id":"https:\/\/esi.uclm.es\/#organization"},"potentialAction":[{"@type":"SearchAction","target":{"@type":"EntryPoint","urlTemplate":"https:\/\/esi.uclm.es\/?s={search_term_string}"},"query-input":{"@type":"PropertyValueSpecification","valueRequired":true,"valueName":"search_term_string"}}],"inLanguage":"es"},{"@type":"Organization","@id":"https:\/\/esi.uclm.es\/#organization","name":"Escuela Superior de Inform\u00e1tica de UCLM","url":"https:\/\/esi.uclm.es\/","logo":{"@type":"ImageObject","inLanguage":"es","@id":"https:\/\/esi.uclm.es\/#\/schema\/logo\/image\/","url":"https:\/\/esi.uclm.es\/assets\/uploads\/2022\/03\/LogoESI_cabecera-1.png","contentUrl":"https:\/\/esi.uclm.es\/assets\/uploads\/2022\/03\/LogoESI_cabecera-1.png","width":460,"height":184,"caption":"Escuela Superior de Inform\u00e1tica de UCLM"},"image":{"@id":"https:\/\/esi.uclm.es\/#\/schema\/logo\/image\/"},"sameAs":["https:\/\/www.facebook.com\/Escuela-Superior-de-Informtica-543261809027158","https:\/\/x.com\/esiuclm","https:\/\/www.instagram.com\/esiuclm\/","https:\/\/www.youtube.com\/user\/esiuclm","https:\/\/www.twitch.tv\/esiuclm","https:\/\/www.linkedin.com\/company\/12656631\/admin\/"]},{"@type":"Person","@id":"https:\/\/esi.uclm.es\/#\/schema\/person\/d9a390095e8beeca5aced92acb17a530","name":"esiuclm","image":{"@type":"ImageObject","inLanguage":"es","@id":"https:\/\/secure.gravatar.com\/avatar\/ff32e6f445454691c713484fe154c7002761ecabfa4cfa2fea57c231744892da?s=96&d=mm&r=g","url":"https:\/\/secure.gravatar.com\/avatar\/ff32e6f445454691c713484fe154c7002761ecabfa4cfa2fea57c231744892da?s=96&d=mm&r=g","contentUrl":"https:\/\/secure.gravatar.com\/avatar\/ff32e6f445454691c713484fe154c7002761ecabfa4cfa2fea57c231744892da?s=96&d=mm&r=g","caption":"esiuclm"},"sameAs":["https:\/\/esi.uclm.es"],"url":"https:\/\/esi.uclm.es\/index.php\/author\/esiadmin\/"}]}},"_links":{"self":[{"href":"https:\/\/esi.uclm.es\/index.php\/wp-json\/wp\/v2\/posts\/18183","targetHints":{"allow":["GET"]}}],"collection":[{"href":"https:\/\/esi.uclm.es\/index.php\/wp-json\/wp\/v2\/posts"}],"about":[{"href":"https:\/\/esi.uclm.es\/index.php\/wp-json\/wp\/v2\/types\/post"}],"author":[{"embeddable":true,"href":"https:\/\/esi.uclm.es\/index.php\/wp-json\/wp\/v2\/users\/1"}],"replies":[{"embeddable":true,"href":"https:\/\/esi.uclm.es\/index.php\/wp-json\/wp\/v2\/comments?post=18183"}],"version-history":[{"count":2,"href":"https:\/\/esi.uclm.es\/index.php\/wp-json\/wp\/v2\/posts\/18183\/revisions"}],"predecessor-version":[{"id":18198,"href":"https:\/\/esi.uclm.es\/index.php\/wp-json\/wp\/v2\/posts\/18183\/revisions\/18198"}],"wp:featuredmedia":[{"embeddable":true,"href":"https:\/\/esi.uclm.es\/index.php\/wp-json\/wp\/v2\/media\/18193"}],"wp:attachment":[{"href":"https:\/\/esi.uclm.es\/index.php\/wp-json\/wp\/v2\/media?parent=18183"}],"wp:term":[{"taxonomy":"category","embeddable":true,"href":"https:\/\/esi.uclm.es\/index.php\/wp-json\/wp\/v2\/categories?post=18183"},{"taxonomy":"post_tag","embeddable":true,"href":"https:\/\/esi.uclm.es\/index.php\/wp-json\/wp\/v2\/tags?post=18183"}],"curies":[{"name":"wp","href":"https:\/\/api.w.org\/{rel}","templated":true}]}}