{"id":17845,"date":"2024-01-24T11:24:26","date_gmt":"2024-01-24T11:24:26","guid":{"rendered":"https:\/\/esi.uclm.es\/?p=17845"},"modified":"2024-01-24T11:26:12","modified_gmt":"2024-01-24T11:26:12","slug":"bolsa-de-trabajo-diputacion-provincial","status":"publish","type":"post","link":"https:\/\/esi.uclm.es\/index.php\/2024\/01\/24\/bolsa-de-trabajo-diputacion-provincial\/","title":{"rendered":"Bolsa de trabajo Diputaci\u00f3n Provincial de Ciudad Real"},"content":{"rendered":"\n<h3 class=\"wp-block-heading\">Diputaci\u00f3n Provincial de Ciudad Real<\/h3>\n\n\n\n<p>Convocatoria de selecci\u00f3n de PROGRAMADORES DE EXPLOTACI\u00d3N, del Grupo C, Subgrupo C1, nivel 20 de complemento de destino, para empleo temporal de la Diputaci\u00f3n Provincial de Ciudad Real.<\/p>\n\n\n\n<p>Los aspirantes que superen el proceso ingresar\u00e1n en una bolsa de trabajo para la provisi\u00f3n de vacantes, sustituci\u00f3n, baja temporal y\/o futuras vinculaciones temporales.<\/p>\n\n\n\n<div class=\"wp-block-file\"><a id=\"wp-block-file--media-8f288e73-3502-45b7-bae4-d98731d67f8f\" href=\"https:\/\/esi.uclm.es\/assets\/uploads\/2024\/01\/BolsaDeTrabajoDiputacion15_01_24.pdf\">Descargar Bases de la Convocatoria<\/a><a href=\"https:\/\/esi.uclm.es\/assets\/uploads\/2024\/01\/BolsaDeTrabajoDiputacion15_01_24.pdf\" class=\"wp-block-file__button wp-element-button\" download aria-describedby=\"wp-block-file--media-8f288e73-3502-45b7-bae4-d98731d67f8f\">Descarga<\/a><\/div>\n","protected":false},"excerpt":{"rendered":"<p>Diputaci\u00f3n Provincial de Ciudad Real Convocatoria de selecci\u00f3n de PROGRAMADORES DE EXPLOTACI\u00d3N, del Grupo C, Subgrupo C1, nivel 20 de complemento de destino, para empleo temporal de la Diputaci\u00f3n Provincial de Ciudad Real. Los aspirantes que superen el proceso ingresar\u00e1n en una bolsa de trabajo [&hellip;]<\/p>\n","protected":false},"author":4,"featured_media":17847,"comment_status":"open","ping_status":"open","sticky":false,"template":"","format":"standard","meta":{"footnotes":""},"categories":[621],"tags":[],"class_list":["post-17845","post","type-post","status-publish","format-standard","has-post-thumbnail","hentry","category-becas_y_empleo"],"yoast_head":"<!-- This site is optimized with the Yoast SEO plugin v27.4 - https:\/\/yoast.com\/product\/yoast-seo-wordpress\/ -->\n<title>Bolsa de trabajo Diputaci\u00f3n Provincial de Ciudad Real - Escuela Superior de Inform\u00e1tica de UCLM<\/title>\n<meta name=\"robots\" content=\"index, follow, max-snippet:-1, max-image-preview:large, max-video-preview:-1\" \/>\n<link rel=\"canonical\" href=\"https:\/\/esi.uclm.es\/index.php\/2024\/01\/24\/bolsa-de-trabajo-diputacion-provincial\/\" \/>\n<meta property=\"og:locale\" content=\"es_ES\" \/>\n<meta property=\"og:type\" content=\"article\" \/>\n<meta property=\"og:title\" content=\"Bolsa de trabajo Diputaci\u00f3n Provincial de Ciudad Real - Escuela Superior de Inform\u00e1tica de UCLM\" \/>\n<meta property=\"og:description\" content=\"Diputaci\u00f3n Provincial de Ciudad Real Convocatoria de selecci\u00f3n de PROGRAMADORES DE EXPLOTACI\u00d3N, del Grupo C, Subgrupo C1, nivel 20 de complemento de destino, para empleo temporal de la Diputaci\u00f3n Provincial de Ciudad Real. Los aspirantes que superen el proceso ingresar\u00e1n en una bolsa de trabajo [&hellip;]\" \/>\n<meta property=\"og:url\" content=\"https:\/\/esi.uclm.es\/index.php\/2024\/01\/24\/bolsa-de-trabajo-diputacion-provincial\/\" \/>\n<meta property=\"og:site_name\" content=\"Escuela Superior de Inform\u00e1tica de UCLM\" \/>\n<meta property=\"article:publisher\" content=\"https:\/\/www.facebook.com\/Escuela-Superior-de-Informtica-543261809027158\" \/>\n<meta property=\"article:published_time\" content=\"2024-01-24T11:24:26+00:00\" \/>\n<meta property=\"article:modified_time\" content=\"2024-01-24T11:26:12+00:00\" \/>\n<meta property=\"og:image\" content=\"http:\/\/esi.uclm.es\/assets\/uploads\/2024\/01\/diputacion.webp\" \/>\n\t<meta property=\"og:image:width\" content=\"900\" \/>\n\t<meta property=\"og:image:height\" content=\"463\" \/>\n\t<meta property=\"og:image:type\" content=\"image\/webp\" \/>\n<meta name=\"author\" content=\"David Cerrillo\" \/>\n<meta name=\"twitter:card\" content=\"summary_large_image\" \/>\n<meta name=\"twitter:creator\" content=\"@esiuclm\" \/>\n<meta name=\"twitter:site\" content=\"@esiuclm\" \/>\n<meta name=\"twitter:label1\" content=\"Escrito por\" \/>\n\t<meta name=\"twitter:data1\" content=\"David Cerrillo\" \/>\n\t<meta name=\"twitter:label2\" content=\"Tiempo de lectura\" \/>\n\t<meta name=\"twitter:data2\" content=\"1 minuto\" \/>\n<script type=\"application\/ld+json\" class=\"yoast-schema-graph\">{\"@context\":\"https:\\\/\\\/schema.org\",\"@graph\":[{\"@type\":\"Article\",\"@id\":\"https:\\\/\\\/esi.uclm.es\\\/index.php\\\/2024\\\/01\\\/24\\\/bolsa-de-trabajo-diputacion-provincial\\\/#article\",\"isPartOf\":{\"@id\":\"https:\\\/\\\/esi.uclm.es\\\/index.php\\\/2024\\\/01\\\/24\\\/bolsa-de-trabajo-diputacion-provincial\\\/\"},\"author\":{\"name\":\"David Cerrillo\",\"@id\":\"https:\\\/\\\/esi.uclm.es\\\/#\\\/schema\\\/person\\\/e841d0ea8bd5fa307af3980e9fe7664d\"},\"headline\":\"Bolsa de trabajo Diputaci\u00f3n Provincial de Ciudad Real\",\"datePublished\":\"2024-01-24T11:24:26+00:00\",\"dateModified\":\"2024-01-24T11:26:12+00:00\",\"mainEntityOfPage\":{\"@id\":\"https:\\\/\\\/esi.uclm.es\\\/index.php\\\/2024\\\/01\\\/24\\\/bolsa-de-trabajo-diputacion-provincial\\\/\"},\"wordCount\":79,\"commentCount\":0,\"publisher\":{\"@id\":\"https:\\\/\\\/esi.uclm.es\\\/#organization\"},\"image\":{\"@id\":\"https:\\\/\\\/esi.uclm.es\\\/index.php\\\/2024\\\/01\\\/24\\\/bolsa-de-trabajo-diputacion-provincial\\\/#primaryimage\"},\"thumbnailUrl\":\"https:\\\/\\\/esi.uclm.es\\\/assets\\\/uploads\\\/2024\\\/01\\\/diputacion.webp\",\"articleSection\":[\"Becas\\\/Empleo\"],\"inLanguage\":\"es\",\"potentialAction\":[{\"@type\":\"CommentAction\",\"name\":\"Comment\",\"target\":[\"https:\\\/\\\/esi.uclm.es\\\/index.php\\\/2024\\\/01\\\/24\\\/bolsa-de-trabajo-diputacion-provincial\\\/#respond\"]}]},{\"@type\":\"WebPage\",\"@id\":\"https:\\\/\\\/esi.uclm.es\\\/index.php\\\/2024\\\/01\\\/24\\\/bolsa-de-trabajo-diputacion-provincial\\\/\",\"url\":\"https:\\\/\\\/esi.uclm.es\\\/index.php\\\/2024\\\/01\\\/24\\\/bolsa-de-trabajo-diputacion-provincial\\\/\",\"name\":\"Bolsa de trabajo Diputaci\u00f3n Provincial de Ciudad Real - Escuela Superior de Inform\u00e1tica de UCLM\",\"isPartOf\":{\"@id\":\"https:\\\/\\\/esi.uclm.es\\\/#website\"},\"primaryImageOfPage\":{\"@id\":\"https:\\\/\\\/esi.uclm.es\\\/index.php\\\/2024\\\/01\\\/24\\\/bolsa-de-trabajo-diputacion-provincial\\\/#primaryimage\"},\"image\":{\"@id\":\"https:\\\/\\\/esi.uclm.es\\\/index.php\\\/2024\\\/01\\\/24\\\/bolsa-de-trabajo-diputacion-provincial\\\/#primaryimage\"},\"thumbnailUrl\":\"https:\\\/\\\/esi.uclm.es\\\/assets\\\/uploads\\\/2024\\\/01\\\/diputacion.webp\",\"datePublished\":\"2024-01-24T11:24:26+00:00\",\"dateModified\":\"2024-01-24T11:26:12+00:00\",\"breadcrumb\":{\"@id\":\"https:\\\/\\\/esi.uclm.es\\\/index.php\\\/2024\\\/01\\\/24\\\/bolsa-de-trabajo-diputacion-provincial\\\/#breadcrumb\"},\"inLanguage\":\"es\",\"potentialAction\":[{\"@type\":\"ReadAction\",\"target\":[\"https:\\\/\\\/esi.uclm.es\\\/index.php\\\/2024\\\/01\\\/24\\\/bolsa-de-trabajo-diputacion-provincial\\\/\"]}]},{\"@type\":\"ImageObject\",\"inLanguage\":\"es\",\"@id\":\"https:\\\/\\\/esi.uclm.es\\\/index.php\\\/2024\\\/01\\\/24\\\/bolsa-de-trabajo-diputacion-provincial\\\/#primaryimage\",\"url\":\"https:\\\/\\\/esi.uclm.es\\\/assets\\\/uploads\\\/2024\\\/01\\\/diputacion.webp\",\"contentUrl\":\"https:\\\/\\\/esi.uclm.es\\\/assets\\\/uploads\\\/2024\\\/01\\\/diputacion.webp\",\"width\":900,\"height\":463},{\"@type\":\"BreadcrumbList\",\"@id\":\"https:\\\/\\\/esi.uclm.es\\\/index.php\\\/2024\\\/01\\\/24\\\/bolsa-de-trabajo-diputacion-provincial\\\/#breadcrumb\",\"itemListElement\":[{\"@type\":\"ListItem\",\"position\":1,\"name\":\"Portada\",\"item\":\"https:\\\/\\\/esi.uclm.es\\\/\"},{\"@type\":\"ListItem\",\"position\":2,\"name\":\"Bolsa de trabajo Diputaci\u00f3n Provincial de Ciudad Real\"}]},{\"@type\":\"WebSite\",\"@id\":\"https:\\\/\\\/esi.uclm.es\\\/#website\",\"url\":\"https:\\\/\\\/esi.uclm.es\\\/\",\"name\":\"Escuela Superior de Inform\u00e1tica de UCLM en Ciudad Real, Castilla-La Mancha\",\"description\":\"La Escuela Superior de Inform\u00e1tica de Ciudad Real (Castilla-La Mancha), Universidad de Castilla-La Mancha es un centro universitario que imparte el ciclo completo de Ingenier\u00eda en Inform\u00e1tica: grado, m\u00e1ster y doctorado.\",\"publisher\":{\"@id\":\"https:\\\/\\\/esi.uclm.es\\\/#organization\"},\"potentialAction\":[{\"@type\":\"SearchAction\",\"target\":{\"@type\":\"EntryPoint\",\"urlTemplate\":\"https:\\\/\\\/esi.uclm.es\\\/?s={search_term_string}\"},\"query-input\":{\"@type\":\"PropertyValueSpecification\",\"valueRequired\":true,\"valueName\":\"search_term_string\"}}],\"inLanguage\":\"es\"},{\"@type\":\"Organization\",\"@id\":\"https:\\\/\\\/esi.uclm.es\\\/#organization\",\"name\":\"Escuela Superior de Inform\u00e1tica de UCLM\",\"url\":\"https:\\\/\\\/esi.uclm.es\\\/\",\"logo\":{\"@type\":\"ImageObject\",\"inLanguage\":\"es\",\"@id\":\"https:\\\/\\\/esi.uclm.es\\\/#\\\/schema\\\/logo\\\/image\\\/\",\"url\":\"https:\\\/\\\/esi.uclm.es\\\/assets\\\/uploads\\\/2022\\\/03\\\/LogoESI_cabecera-1.png\",\"contentUrl\":\"https:\\\/\\\/esi.uclm.es\\\/assets\\\/uploads\\\/2022\\\/03\\\/LogoESI_cabecera-1.png\",\"width\":460,\"height\":184,\"caption\":\"Escuela Superior de Inform\u00e1tica de UCLM\"},\"image\":{\"@id\":\"https:\\\/\\\/esi.uclm.es\\\/#\\\/schema\\\/logo\\\/image\\\/\"},\"sameAs\":[\"https:\\\/\\\/www.facebook.com\\\/Escuela-Superior-de-Informtica-543261809027158\",\"https:\\\/\\\/x.com\\\/esiuclm\",\"https:\\\/\\\/www.instagram.com\\\/esiuclm\\\/\",\"https:\\\/\\\/www.youtube.com\\\/user\\\/esiuclm\",\"https:\\\/\\\/www.twitch.tv\\\/esiuclm\",\"https:\\\/\\\/www.linkedin.com\\\/company\\\/12656631\\\/admin\\\/\"]},{\"@type\":\"Person\",\"@id\":\"https:\\\/\\\/esi.uclm.es\\\/#\\\/schema\\\/person\\\/e841d0ea8bd5fa307af3980e9fe7664d\",\"name\":\"David Cerrillo\",\"image\":{\"@type\":\"ImageObject\",\"inLanguage\":\"es\",\"@id\":\"https:\\\/\\\/secure.gravatar.com\\\/avatar\\\/9164dcaeb7e8e1042073f22a37bf8c6402e0870104d9c78f5732d36d67e2900b?s=96&d=mm&r=g\",\"url\":\"https:\\\/\\\/secure.gravatar.com\\\/avatar\\\/9164dcaeb7e8e1042073f22a37bf8c6402e0870104d9c78f5732d36d67e2900b?s=96&d=mm&r=g\",\"contentUrl\":\"https:\\\/\\\/secure.gravatar.com\\\/avatar\\\/9164dcaeb7e8e1042073f22a37bf8c6402e0870104d9c78f5732d36d67e2900b?s=96&d=mm&r=g\",\"caption\":\"David Cerrillo\"},\"url\":\"https:\\\/\\\/esi.uclm.es\\\/index.php\\\/author\\\/dcerrillo\\\/\"}]}<\/script>\n<!-- \/ Yoast SEO plugin. -->","yoast_head_json":{"title":"Bolsa de trabajo Diputaci\u00f3n Provincial de Ciudad Real - Escuela Superior de Inform\u00e1tica de UCLM","robots":{"index":"index","follow":"follow","max-snippet":"max-snippet:-1","max-image-preview":"max-image-preview:large","max-video-preview":"max-video-preview:-1"},"canonical":"https:\/\/esi.uclm.es\/index.php\/2024\/01\/24\/bolsa-de-trabajo-diputacion-provincial\/","og_locale":"es_ES","og_type":"article","og_title":"Bolsa de trabajo Diputaci\u00f3n Provincial de Ciudad Real - Escuela Superior de Inform\u00e1tica de UCLM","og_description":"Diputaci\u00f3n Provincial de Ciudad Real Convocatoria de selecci\u00f3n de PROGRAMADORES DE EXPLOTACI\u00d3N, del Grupo C, Subgrupo C1, nivel 20 de complemento de destino, para empleo temporal de la Diputaci\u00f3n Provincial de Ciudad Real. Los aspirantes que superen el proceso ingresar\u00e1n en una bolsa de trabajo [&hellip;]","og_url":"https:\/\/esi.uclm.es\/index.php\/2024\/01\/24\/bolsa-de-trabajo-diputacion-provincial\/","og_site_name":"Escuela Superior de Inform\u00e1tica de UCLM","article_publisher":"https:\/\/www.facebook.com\/Escuela-Superior-de-Informtica-543261809027158","article_published_time":"2024-01-24T11:24:26+00:00","article_modified_time":"2024-01-24T11:26:12+00:00","og_image":[{"width":900,"height":463,"url":"http:\/\/esi.uclm.es\/assets\/uploads\/2024\/01\/diputacion.webp","type":"image\/webp"}],"author":"David Cerrillo","twitter_card":"summary_large_image","twitter_creator":"@esiuclm","twitter_site":"@esiuclm","twitter_misc":{"Escrito por":"David Cerrillo","Tiempo de lectura":"1 minuto"},"schema":{"@context":"https:\/\/schema.org","@graph":[{"@type":"Article","@id":"https:\/\/esi.uclm.es\/index.php\/2024\/01\/24\/bolsa-de-trabajo-diputacion-provincial\/#article","isPartOf":{"@id":"https:\/\/esi.uclm.es\/index.php\/2024\/01\/24\/bolsa-de-trabajo-diputacion-provincial\/"},"author":{"name":"David Cerrillo","@id":"https:\/\/esi.uclm.es\/#\/schema\/person\/e841d0ea8bd5fa307af3980e9fe7664d"},"headline":"Bolsa de trabajo Diputaci\u00f3n Provincial de Ciudad Real","datePublished":"2024-01-24T11:24:26+00:00","dateModified":"2024-01-24T11:26:12+00:00","mainEntityOfPage":{"@id":"https:\/\/esi.uclm.es\/index.php\/2024\/01\/24\/bolsa-de-trabajo-diputacion-provincial\/"},"wordCount":79,"commentCount":0,"publisher":{"@id":"https:\/\/esi.uclm.es\/#organization"},"image":{"@id":"https:\/\/esi.uclm.es\/index.php\/2024\/01\/24\/bolsa-de-trabajo-diputacion-provincial\/#primaryimage"},"thumbnailUrl":"https:\/\/esi.uclm.es\/assets\/uploads\/2024\/01\/diputacion.webp","articleSection":["Becas\/Empleo"],"inLanguage":"es","potentialAction":[{"@type":"CommentAction","name":"Comment","target":["https:\/\/esi.uclm.es\/index.php\/2024\/01\/24\/bolsa-de-trabajo-diputacion-provincial\/#respond"]}]},{"@type":"WebPage","@id":"https:\/\/esi.uclm.es\/index.php\/2024\/01\/24\/bolsa-de-trabajo-diputacion-provincial\/","url":"https:\/\/esi.uclm.es\/index.php\/2024\/01\/24\/bolsa-de-trabajo-diputacion-provincial\/","name":"Bolsa de trabajo Diputaci\u00f3n Provincial de Ciudad Real - Escuela Superior de Inform\u00e1tica de UCLM","isPartOf":{"@id":"https:\/\/esi.uclm.es\/#website"},"primaryImageOfPage":{"@id":"https:\/\/esi.uclm.es\/index.php\/2024\/01\/24\/bolsa-de-trabajo-diputacion-provincial\/#primaryimage"},"image":{"@id":"https:\/\/esi.uclm.es\/index.php\/2024\/01\/24\/bolsa-de-trabajo-diputacion-provincial\/#primaryimage"},"thumbnailUrl":"https:\/\/esi.uclm.es\/assets\/uploads\/2024\/01\/diputacion.webp","datePublished":"2024-01-24T11:24:26+00:00","dateModified":"2024-01-24T11:26:12+00:00","breadcrumb":{"@id":"https:\/\/esi.uclm.es\/index.php\/2024\/01\/24\/bolsa-de-trabajo-diputacion-provincial\/#breadcrumb"},"inLanguage":"es","potentialAction":[{"@type":"ReadAction","target":["https:\/\/esi.uclm.es\/index.php\/2024\/01\/24\/bolsa-de-trabajo-diputacion-provincial\/"]}]},{"@type":"ImageObject","inLanguage":"es","@id":"https:\/\/esi.uclm.es\/index.php\/2024\/01\/24\/bolsa-de-trabajo-diputacion-provincial\/#primaryimage","url":"https:\/\/esi.uclm.es\/assets\/uploads\/2024\/01\/diputacion.webp","contentUrl":"https:\/\/esi.uclm.es\/assets\/uploads\/2024\/01\/diputacion.webp","width":900,"height":463},{"@type":"BreadcrumbList","@id":"https:\/\/esi.uclm.es\/index.php\/2024\/01\/24\/bolsa-de-trabajo-diputacion-provincial\/#breadcrumb","itemListElement":[{"@type":"ListItem","position":1,"name":"Portada","item":"https:\/\/esi.uclm.es\/"},{"@type":"ListItem","position":2,"name":"Bolsa de trabajo Diputaci\u00f3n Provincial de Ciudad Real"}]},{"@type":"WebSite","@id":"https:\/\/esi.uclm.es\/#website","url":"https:\/\/esi.uclm.es\/","name":"Escuela Superior de Inform\u00e1tica de UCLM en Ciudad Real, Castilla-La Mancha","description":"La Escuela Superior de Inform\u00e1tica de Ciudad Real (Castilla-La Mancha), Universidad de Castilla-La Mancha es un centro universitario que imparte el ciclo completo de Ingenier\u00eda en Inform\u00e1tica: grado, m\u00e1ster y doctorado.","publisher":{"@id":"https:\/\/esi.uclm.es\/#organization"},"potentialAction":[{"@type":"SearchAction","target":{"@type":"EntryPoint","urlTemplate":"https:\/\/esi.uclm.es\/?s={search_term_string}"},"query-input":{"@type":"PropertyValueSpecification","valueRequired":true,"valueName":"search_term_string"}}],"inLanguage":"es"},{"@type":"Organization","@id":"https:\/\/esi.uclm.es\/#organization","name":"Escuela Superior de Inform\u00e1tica de UCLM","url":"https:\/\/esi.uclm.es\/","logo":{"@type":"ImageObject","inLanguage":"es","@id":"https:\/\/esi.uclm.es\/#\/schema\/logo\/image\/","url":"https:\/\/esi.uclm.es\/assets\/uploads\/2022\/03\/LogoESI_cabecera-1.png","contentUrl":"https:\/\/esi.uclm.es\/assets\/uploads\/2022\/03\/LogoESI_cabecera-1.png","width":460,"height":184,"caption":"Escuela Superior de Inform\u00e1tica de UCLM"},"image":{"@id":"https:\/\/esi.uclm.es\/#\/schema\/logo\/image\/"},"sameAs":["https:\/\/www.facebook.com\/Escuela-Superior-de-Informtica-543261809027158","https:\/\/x.com\/esiuclm","https:\/\/www.instagram.com\/esiuclm\/","https:\/\/www.youtube.com\/user\/esiuclm","https:\/\/www.twitch.tv\/esiuclm","https:\/\/www.linkedin.com\/company\/12656631\/admin\/"]},{"@type":"Person","@id":"https:\/\/esi.uclm.es\/#\/schema\/person\/e841d0ea8bd5fa307af3980e9fe7664d","name":"David Cerrillo","image":{"@type":"ImageObject","inLanguage":"es","@id":"https:\/\/secure.gravatar.com\/avatar\/9164dcaeb7e8e1042073f22a37bf8c6402e0870104d9c78f5732d36d67e2900b?s=96&d=mm&r=g","url":"https:\/\/secure.gravatar.com\/avatar\/9164dcaeb7e8e1042073f22a37bf8c6402e0870104d9c78f5732d36d67e2900b?s=96&d=mm&r=g","contentUrl":"https:\/\/secure.gravatar.com\/avatar\/9164dcaeb7e8e1042073f22a37bf8c6402e0870104d9c78f5732d36d67e2900b?s=96&d=mm&r=g","caption":"David Cerrillo"},"url":"https:\/\/esi.uclm.es\/index.php\/author\/dcerrillo\/"}]}},"_links":{"self":[{"href":"https:\/\/esi.uclm.es\/index.php\/wp-json\/wp\/v2\/posts\/17845","targetHints":{"allow":["GET"]}}],"collection":[{"href":"https:\/\/esi.uclm.es\/index.php\/wp-json\/wp\/v2\/posts"}],"about":[{"href":"https:\/\/esi.uclm.es\/index.php\/wp-json\/wp\/v2\/types\/post"}],"author":[{"embeddable":true,"href":"https:\/\/esi.uclm.es\/index.php\/wp-json\/wp\/v2\/users\/4"}],"replies":[{"embeddable":true,"href":"https:\/\/esi.uclm.es\/index.php\/wp-json\/wp\/v2\/comments?post=17845"}],"version-history":[{"count":3,"href":"https:\/\/esi.uclm.es\/index.php\/wp-json\/wp\/v2\/posts\/17845\/revisions"}],"predecessor-version":[{"id":17850,"href":"https:\/\/esi.uclm.es\/index.php\/wp-json\/wp\/v2\/posts\/17845\/revisions\/17850"}],"wp:featuredmedia":[{"embeddable":true,"href":"https:\/\/esi.uclm.es\/index.php\/wp-json\/wp\/v2\/media\/17847"}],"wp:attachment":[{"href":"https:\/\/esi.uclm.es\/index.php\/wp-json\/wp\/v2\/media?parent=17845"}],"wp:term":[{"taxonomy":"category","embeddable":true,"href":"https:\/\/esi.uclm.es\/index.php\/wp-json\/wp\/v2\/categories?post=17845"},{"taxonomy":"post_tag","embeddable":true,"href":"https:\/\/esi.uclm.es\/index.php\/wp-json\/wp\/v2\/tags?post=17845"}],"curies":[{"name":"wp","href":"https:\/\/api.w.org\/{rel}","templated":true}]}}