{"id":17816,"date":"2024-01-19T18:25:59","date_gmt":"2024-01-19T18:25:59","guid":{"rendered":"https:\/\/esi.uclm.es\/?p=17816"},"modified":"2024-02-09T13:38:45","modified_gmt":"2024-02-09T13:38:45","slug":"jornadas-de-tecnologias-para-la-inclusion","status":"publish","type":"post","link":"https:\/\/esi.uclm.es\/index.php\/2024\/01\/19\/jornadas-de-tecnologias-para-la-inclusion\/","title":{"rendered":"Jornadas de Tecnolog\u00edas para la Inclusi\u00f3n"},"content":{"rendered":"\n<p>El pasado d\u00eda 15 de enero, la Escuela Superior de Inform\u00e1tica de Ciudad Real acogi\u00f3 las Jornadas sobre \u201c<strong>Tecnolog\u00eda para la inclusi\u00f3n de personas con TEA<\/strong>\u201d, organizadas por las Dras. Ana Isabel Molina D\u00edaz y Carmen Lacave Rodero, miembros del <a href=\"https:\/\/blog.uclm.es\/grupochico\/\">grupo CHICO<\/a> de la <a href=\"http:\/\/www.uclm.es\">Universidad de Castilla \u2013 La Mancha<\/a> e investigadoras principales del proyecto de investigaci\u00f3n APTEA (Ref. TED2021-131956B-I00).<\/p>\n\n\n<div class=\"wp-block-image\">\n<figure class=\"aligncenter size-large\"><img loading=\"lazy\" decoding=\"async\" width=\"1024\" height=\"576\" src=\"https:\/\/esi.uclm.es\/assets\/uploads\/2024\/01\/grupo_chico2-1024x576.jpg\" alt=\"\" class=\"wp-image-17818\" srcset=\"https:\/\/esi.uclm.es\/assets\/uploads\/2024\/01\/grupo_chico2-1024x576.jpg 1024w, https:\/\/esi.uclm.es\/assets\/uploads\/2024\/01\/grupo_chico2-300x169.jpg 300w, https:\/\/esi.uclm.es\/assets\/uploads\/2024\/01\/grupo_chico2-768x432.jpg 768w, https:\/\/esi.uclm.es\/assets\/uploads\/2024\/01\/grupo_chico2-600x338.jpg 600w, https:\/\/esi.uclm.es\/assets\/uploads\/2024\/01\/grupo_chico2.jpg 1200w\" sizes=\"auto, (max-width: 1024px) 100vw, 1024px\" \/><\/figure>\n<\/div>\n\n\n<p>El objetivo de estas jornadas ha sido el de presentar los avances realizados en el desarrollo de varias aplicaciones para personas con TEA, en el contexto de los proyectos de investigaci\u00f3n APTEA (Ref. TED2021-131956B-I00) y PlanTEAAF (Ref. 2022-GRIN-34175), as\u00ed como de los convenios de colaboraci\u00f3n 220413CONV (entre AUTRADE<a href=\"#_ftn1\" id=\"_ftnref1\">[1]<\/a> y la UCLM) y 230405CONV (entre FACLM<a href=\"#_ftn2\" id=\"_ftnref2\">[2]<\/a> y la UCLM).&nbsp;<\/p>\n\n\n\n<p>Para ello, hemos contado con la presencia de representantes de AUTRADE, de la FACLM, que engloba distintas asociaciones de la regi\u00f3n, y de la Federaci\u00f3n Espa\u00f1ola de aSociaciones de padres y madres de Personas con AUtismo (FESPAU), que aglutina a varias federaciones a nivel nacional.<\/p>\n\n\n\n<p>Fruto de estas jornadas, se han definido nuevas l\u00edneas de trabajo sobre las que continuar trabajando para facilitar la vida de las personas con TEA y de su entorno.<\/p>\n\n\n\n<hr class=\"wp-block-separator has-alpha-channel-opacity\"\/>\n\n\n\n<p><a href=\"#_ftnref1\" id=\"_ftn1\">[1]<\/a> Asociaci\u00f3n Regional de Afectados de Autismo y Otros Trastornos del Desarrollo (<a href=\"http:\/\/autrade.info\/\">http:\/\/autrade.info\/<\/a>)<\/p>\n\n\n\n<p><a id=\"_ftn2\" href=\"#_ftnref2\">[2]<\/a> Federaci\u00f3n Autismo Castilla-La Mancha (<a href=\"https:\/\/www.autismocastillalamancha.org\/\">https:\/\/www.autismocastillalamancha.org\/<\/a>)<\/p>\n\n\n<div class=\"wp-block-image\">\n<figure class=\"aligncenter size-large\"><img loading=\"lazy\" decoding=\"async\" width=\"728\" height=\"1024\" src=\"https:\/\/esi.uclm.es\/assets\/uploads\/2024\/01\/cartel_inclusion-728x1024.png\" alt=\"\" class=\"wp-image-17819\" srcset=\"https:\/\/esi.uclm.es\/assets\/uploads\/2024\/01\/cartel_inclusion-728x1024.png 728w, https:\/\/esi.uclm.es\/assets\/uploads\/2024\/01\/cartel_inclusion-213x300.png 213w, https:\/\/esi.uclm.es\/assets\/uploads\/2024\/01\/cartel_inclusion-768x1080.png 768w, https:\/\/esi.uclm.es\/assets\/uploads\/2024\/01\/cartel_inclusion-600x844.png 600w, https:\/\/esi.uclm.es\/assets\/uploads\/2024\/01\/cartel_inclusion.png 782w\" sizes=\"auto, (max-width: 728px) 100vw, 728px\" \/><\/figure>\n<\/div>","protected":false},"excerpt":{"rendered":"<p>El pasado d\u00eda 15 de enero, la Escuela Superior de Inform\u00e1tica de Ciudad Real acogi\u00f3 las Jornadas sobre \u201cTecnolog\u00eda para la inclusi\u00f3n de personas con TEA\u201d, organizadas por las Dras. Ana Isabel Molina D\u00edaz y Carmen Lacave Rodero, miembros del grupo CHICO de la Universidad [&hellip;]<\/p>\n","protected":false},"author":1,"featured_media":17820,"comment_status":"open","ping_status":"open","sticky":false,"template":"","format":"standard","meta":{"footnotes":""},"categories":[620],"tags":[],"class_list":["post-17816","post","type-post","status-publish","format-standard","has-post-thumbnail","hentry","category-investigacion"],"yoast_head":"<!-- This site is optimized with the Yoast SEO plugin v27.4 - https:\/\/yoast.com\/product\/yoast-seo-wordpress\/ -->\n<title>Jornadas de Tecnolog\u00edas para la Inclusi\u00f3n - Escuela Superior de Inform\u00e1tica de UCLM<\/title>\n<meta name=\"description\" content=\"El pasado d\u00eda 15 de enero, la Escuela Superior de Inform\u00e1tica de Ciudad Real acogi\u00f3 las Jornadas sobre \u201cTecnolog\u00eda para la inclusi\u00f3n de personas con TEA\u201d, organizadas por las Dras. Ana Isabel Molina D\u00edaz y Carmen Lacave Rodero, miembros del grupo CHICO de la Universidad de Castilla \u2013 La Mancha e investigadoras principales del proyecto de investigaci\u00f3n APTEA (Ref. TED2021-131956B-I00).\" \/>\n<meta name=\"robots\" content=\"index, follow, max-snippet:-1, max-image-preview:large, max-video-preview:-1\" \/>\n<link rel=\"canonical\" href=\"https:\/\/esi.uclm.es\/index.php\/2024\/01\/19\/jornadas-de-tecnologias-para-la-inclusion\/\" \/>\n<meta property=\"og:locale\" content=\"es_ES\" \/>\n<meta property=\"og:type\" content=\"article\" \/>\n<meta property=\"og:title\" content=\"Jornadas de Tecnolog\u00edas para la Inclusi\u00f3n - Escuela Superior de Inform\u00e1tica de UCLM\" \/>\n<meta property=\"og:description\" content=\"El pasado d\u00eda 15 de enero, la Escuela Superior de Inform\u00e1tica de Ciudad Real acogi\u00f3 las Jornadas sobre \u201cTecnolog\u00eda para la inclusi\u00f3n de personas con TEA\u201d, organizadas por las Dras. Ana Isabel Molina D\u00edaz y Carmen Lacave Rodero, miembros del grupo CHICO de la Universidad de Castilla \u2013 La Mancha e investigadoras principales del proyecto de investigaci\u00f3n APTEA (Ref. TED2021-131956B-I00).\" \/>\n<meta property=\"og:url\" content=\"https:\/\/esi.uclm.es\/index.php\/2024\/01\/19\/jornadas-de-tecnologias-para-la-inclusion\/\" \/>\n<meta property=\"og:site_name\" content=\"Escuela Superior de Inform\u00e1tica de UCLM\" \/>\n<meta property=\"article:publisher\" content=\"https:\/\/www.facebook.com\/Escuela-Superior-de-Informtica-543261809027158\" \/>\n<meta property=\"article:published_time\" content=\"2024-01-19T18:25:59+00:00\" \/>\n<meta property=\"article:modified_time\" content=\"2024-02-09T13:38:45+00:00\" \/>\n<meta property=\"og:image\" content=\"http:\/\/esi.uclm.es\/assets\/uploads\/2024\/01\/grupo_chico.jpg\" \/>\n\t<meta property=\"og:image:width\" content=\"1300\" \/>\n\t<meta property=\"og:image:height\" content=\"731\" \/>\n\t<meta property=\"og:image:type\" content=\"image\/jpeg\" \/>\n<meta name=\"author\" content=\"esiuclm\" \/>\n<meta name=\"twitter:card\" content=\"summary_large_image\" \/>\n<meta name=\"twitter:creator\" content=\"@esiuclm\" \/>\n<meta name=\"twitter:site\" content=\"@esiuclm\" \/>\n<meta name=\"twitter:label1\" content=\"Escrito por\" \/>\n\t<meta name=\"twitter:data1\" content=\"esiuclm\" \/>\n\t<meta name=\"twitter:label2\" content=\"Tiempo de lectura\" \/>\n\t<meta name=\"twitter:data2\" content=\"2 minutos\" \/>\n<script type=\"application\/ld+json\" class=\"yoast-schema-graph\">{\"@context\":\"https:\\\/\\\/schema.org\",\"@graph\":[{\"@type\":\"Article\",\"@id\":\"https:\\\/\\\/esi.uclm.es\\\/index.php\\\/2024\\\/01\\\/19\\\/jornadas-de-tecnologias-para-la-inclusion\\\/#article\",\"isPartOf\":{\"@id\":\"https:\\\/\\\/esi.uclm.es\\\/index.php\\\/2024\\\/01\\\/19\\\/jornadas-de-tecnologias-para-la-inclusion\\\/\"},\"author\":{\"name\":\"esiuclm\",\"@id\":\"https:\\\/\\\/esi.uclm.es\\\/#\\\/schema\\\/person\\\/d9a390095e8beeca5aced92acb17a530\"},\"headline\":\"Jornadas de Tecnolog\u00edas para la Inclusi\u00f3n\",\"datePublished\":\"2024-01-19T18:25:59+00:00\",\"dateModified\":\"2024-02-09T13:38:45+00:00\",\"mainEntityOfPage\":{\"@id\":\"https:\\\/\\\/esi.uclm.es\\\/index.php\\\/2024\\\/01\\\/19\\\/jornadas-de-tecnologias-para-la-inclusion\\\/\"},\"wordCount\":239,\"commentCount\":0,\"publisher\":{\"@id\":\"https:\\\/\\\/esi.uclm.es\\\/#organization\"},\"image\":{\"@id\":\"https:\\\/\\\/esi.uclm.es\\\/index.php\\\/2024\\\/01\\\/19\\\/jornadas-de-tecnologias-para-la-inclusion\\\/#primaryimage\"},\"thumbnailUrl\":\"https:\\\/\\\/esi.uclm.es\\\/assets\\\/uploads\\\/2024\\\/01\\\/grupo_chico.jpg\",\"articleSection\":[\"Investigaci\u00f3n\"],\"inLanguage\":\"es\",\"potentialAction\":[{\"@type\":\"CommentAction\",\"name\":\"Comment\",\"target\":[\"https:\\\/\\\/esi.uclm.es\\\/index.php\\\/2024\\\/01\\\/19\\\/jornadas-de-tecnologias-para-la-inclusion\\\/#respond\"]}]},{\"@type\":\"WebPage\",\"@id\":\"https:\\\/\\\/esi.uclm.es\\\/index.php\\\/2024\\\/01\\\/19\\\/jornadas-de-tecnologias-para-la-inclusion\\\/\",\"url\":\"https:\\\/\\\/esi.uclm.es\\\/index.php\\\/2024\\\/01\\\/19\\\/jornadas-de-tecnologias-para-la-inclusion\\\/\",\"name\":\"Jornadas de Tecnolog\u00edas para la Inclusi\u00f3n - Escuela Superior de Inform\u00e1tica de UCLM\",\"isPartOf\":{\"@id\":\"https:\\\/\\\/esi.uclm.es\\\/#website\"},\"primaryImageOfPage\":{\"@id\":\"https:\\\/\\\/esi.uclm.es\\\/index.php\\\/2024\\\/01\\\/19\\\/jornadas-de-tecnologias-para-la-inclusion\\\/#primaryimage\"},\"image\":{\"@id\":\"https:\\\/\\\/esi.uclm.es\\\/index.php\\\/2024\\\/01\\\/19\\\/jornadas-de-tecnologias-para-la-inclusion\\\/#primaryimage\"},\"thumbnailUrl\":\"https:\\\/\\\/esi.uclm.es\\\/assets\\\/uploads\\\/2024\\\/01\\\/grupo_chico.jpg\",\"datePublished\":\"2024-01-19T18:25:59+00:00\",\"dateModified\":\"2024-02-09T13:38:45+00:00\",\"description\":\"El pasado d\u00eda 15 de enero, la Escuela Superior de Inform\u00e1tica de Ciudad Real acogi\u00f3 las Jornadas sobre \u201cTecnolog\u00eda para la inclusi\u00f3n de personas con TEA\u201d, organizadas por las Dras. Ana Isabel Molina D\u00edaz y Carmen Lacave Rodero, miembros del grupo CHICO de la Universidad de Castilla \u2013 La Mancha e investigadoras principales del proyecto de investigaci\u00f3n APTEA (Ref. TED2021-131956B-I00).\",\"breadcrumb\":{\"@id\":\"https:\\\/\\\/esi.uclm.es\\\/index.php\\\/2024\\\/01\\\/19\\\/jornadas-de-tecnologias-para-la-inclusion\\\/#breadcrumb\"},\"inLanguage\":\"es\",\"potentialAction\":[{\"@type\":\"ReadAction\",\"target\":[\"https:\\\/\\\/esi.uclm.es\\\/index.php\\\/2024\\\/01\\\/19\\\/jornadas-de-tecnologias-para-la-inclusion\\\/\"]}]},{\"@type\":\"ImageObject\",\"inLanguage\":\"es\",\"@id\":\"https:\\\/\\\/esi.uclm.es\\\/index.php\\\/2024\\\/01\\\/19\\\/jornadas-de-tecnologias-para-la-inclusion\\\/#primaryimage\",\"url\":\"https:\\\/\\\/esi.uclm.es\\\/assets\\\/uploads\\\/2024\\\/01\\\/grupo_chico.jpg\",\"contentUrl\":\"https:\\\/\\\/esi.uclm.es\\\/assets\\\/uploads\\\/2024\\\/01\\\/grupo_chico.jpg\",\"width\":1300,\"height\":731,\"caption\":\"Personas asistiendo a las jornadas de tecnolog\u00edas para la inclusi\u00f3n\"},{\"@type\":\"BreadcrumbList\",\"@id\":\"https:\\\/\\\/esi.uclm.es\\\/index.php\\\/2024\\\/01\\\/19\\\/jornadas-de-tecnologias-para-la-inclusion\\\/#breadcrumb\",\"itemListElement\":[{\"@type\":\"ListItem\",\"position\":1,\"name\":\"Portada\",\"item\":\"https:\\\/\\\/esi.uclm.es\\\/\"},{\"@type\":\"ListItem\",\"position\":2,\"name\":\"Jornadas de Tecnolog\u00edas para la Inclusi\u00f3n\"}]},{\"@type\":\"WebSite\",\"@id\":\"https:\\\/\\\/esi.uclm.es\\\/#website\",\"url\":\"https:\\\/\\\/esi.uclm.es\\\/\",\"name\":\"Escuela Superior de Inform\u00e1tica de UCLM en Ciudad Real, Castilla-La Mancha\",\"description\":\"La Escuela Superior de Inform\u00e1tica de Ciudad Real (Castilla-La Mancha), Universidad de Castilla-La Mancha es un centro universitario que imparte el ciclo completo de Ingenier\u00eda en Inform\u00e1tica: grado, m\u00e1ster y doctorado.\",\"publisher\":{\"@id\":\"https:\\\/\\\/esi.uclm.es\\\/#organization\"},\"potentialAction\":[{\"@type\":\"SearchAction\",\"target\":{\"@type\":\"EntryPoint\",\"urlTemplate\":\"https:\\\/\\\/esi.uclm.es\\\/?s={search_term_string}\"},\"query-input\":{\"@type\":\"PropertyValueSpecification\",\"valueRequired\":true,\"valueName\":\"search_term_string\"}}],\"inLanguage\":\"es\"},{\"@type\":\"Organization\",\"@id\":\"https:\\\/\\\/esi.uclm.es\\\/#organization\",\"name\":\"Escuela Superior de Inform\u00e1tica de UCLM\",\"url\":\"https:\\\/\\\/esi.uclm.es\\\/\",\"logo\":{\"@type\":\"ImageObject\",\"inLanguage\":\"es\",\"@id\":\"https:\\\/\\\/esi.uclm.es\\\/#\\\/schema\\\/logo\\\/image\\\/\",\"url\":\"https:\\\/\\\/esi.uclm.es\\\/assets\\\/uploads\\\/2022\\\/03\\\/LogoESI_cabecera-1.png\",\"contentUrl\":\"https:\\\/\\\/esi.uclm.es\\\/assets\\\/uploads\\\/2022\\\/03\\\/LogoESI_cabecera-1.png\",\"width\":460,\"height\":184,\"caption\":\"Escuela Superior de Inform\u00e1tica de UCLM\"},\"image\":{\"@id\":\"https:\\\/\\\/esi.uclm.es\\\/#\\\/schema\\\/logo\\\/image\\\/\"},\"sameAs\":[\"https:\\\/\\\/www.facebook.com\\\/Escuela-Superior-de-Informtica-543261809027158\",\"https:\\\/\\\/x.com\\\/esiuclm\",\"https:\\\/\\\/www.instagram.com\\\/esiuclm\\\/\",\"https:\\\/\\\/www.youtube.com\\\/user\\\/esiuclm\",\"https:\\\/\\\/www.twitch.tv\\\/esiuclm\",\"https:\\\/\\\/www.linkedin.com\\\/company\\\/12656631\\\/admin\\\/\"]},{\"@type\":\"Person\",\"@id\":\"https:\\\/\\\/esi.uclm.es\\\/#\\\/schema\\\/person\\\/d9a390095e8beeca5aced92acb17a530\",\"name\":\"esiuclm\",\"image\":{\"@type\":\"ImageObject\",\"inLanguage\":\"es\",\"@id\":\"https:\\\/\\\/secure.gravatar.com\\\/avatar\\\/ff32e6f445454691c713484fe154c7002761ecabfa4cfa2fea57c231744892da?s=96&d=mm&r=g\",\"url\":\"https:\\\/\\\/secure.gravatar.com\\\/avatar\\\/ff32e6f445454691c713484fe154c7002761ecabfa4cfa2fea57c231744892da?s=96&d=mm&r=g\",\"contentUrl\":\"https:\\\/\\\/secure.gravatar.com\\\/avatar\\\/ff32e6f445454691c713484fe154c7002761ecabfa4cfa2fea57c231744892da?s=96&d=mm&r=g\",\"caption\":\"esiuclm\"},\"sameAs\":[\"https:\\\/\\\/esi.uclm.es\"],\"url\":\"https:\\\/\\\/esi.uclm.es\\\/index.php\\\/author\\\/esiadmin\\\/\"}]}<\/script>\n<!-- \/ Yoast SEO plugin. -->","yoast_head_json":{"title":"Jornadas de Tecnolog\u00edas para la Inclusi\u00f3n - Escuela Superior de Inform\u00e1tica de UCLM","description":"El pasado d\u00eda 15 de enero, la Escuela Superior de Inform\u00e1tica de Ciudad Real acogi\u00f3 las Jornadas sobre \u201cTecnolog\u00eda para la inclusi\u00f3n de personas con TEA\u201d, organizadas por las Dras. Ana Isabel Molina D\u00edaz y Carmen Lacave Rodero, miembros del grupo CHICO de la Universidad de Castilla \u2013 La Mancha e investigadoras principales del proyecto de investigaci\u00f3n APTEA (Ref. TED2021-131956B-I00).","robots":{"index":"index","follow":"follow","max-snippet":"max-snippet:-1","max-image-preview":"max-image-preview:large","max-video-preview":"max-video-preview:-1"},"canonical":"https:\/\/esi.uclm.es\/index.php\/2024\/01\/19\/jornadas-de-tecnologias-para-la-inclusion\/","og_locale":"es_ES","og_type":"article","og_title":"Jornadas de Tecnolog\u00edas para la Inclusi\u00f3n - Escuela Superior de Inform\u00e1tica de UCLM","og_description":"El pasado d\u00eda 15 de enero, la Escuela Superior de Inform\u00e1tica de Ciudad Real acogi\u00f3 las Jornadas sobre \u201cTecnolog\u00eda para la inclusi\u00f3n de personas con TEA\u201d, organizadas por las Dras. Ana Isabel Molina D\u00edaz y Carmen Lacave Rodero, miembros del grupo CHICO de la Universidad de Castilla \u2013 La Mancha e investigadoras principales del proyecto de investigaci\u00f3n APTEA (Ref. TED2021-131956B-I00).","og_url":"https:\/\/esi.uclm.es\/index.php\/2024\/01\/19\/jornadas-de-tecnologias-para-la-inclusion\/","og_site_name":"Escuela Superior de Inform\u00e1tica de UCLM","article_publisher":"https:\/\/www.facebook.com\/Escuela-Superior-de-Informtica-543261809027158","article_published_time":"2024-01-19T18:25:59+00:00","article_modified_time":"2024-02-09T13:38:45+00:00","og_image":[{"width":1300,"height":731,"url":"http:\/\/esi.uclm.es\/assets\/uploads\/2024\/01\/grupo_chico.jpg","type":"image\/jpeg"}],"author":"esiuclm","twitter_card":"summary_large_image","twitter_creator":"@esiuclm","twitter_site":"@esiuclm","twitter_misc":{"Escrito por":"esiuclm","Tiempo de lectura":"2 minutos"},"schema":{"@context":"https:\/\/schema.org","@graph":[{"@type":"Article","@id":"https:\/\/esi.uclm.es\/index.php\/2024\/01\/19\/jornadas-de-tecnologias-para-la-inclusion\/#article","isPartOf":{"@id":"https:\/\/esi.uclm.es\/index.php\/2024\/01\/19\/jornadas-de-tecnologias-para-la-inclusion\/"},"author":{"name":"esiuclm","@id":"https:\/\/esi.uclm.es\/#\/schema\/person\/d9a390095e8beeca5aced92acb17a530"},"headline":"Jornadas de Tecnolog\u00edas para la Inclusi\u00f3n","datePublished":"2024-01-19T18:25:59+00:00","dateModified":"2024-02-09T13:38:45+00:00","mainEntityOfPage":{"@id":"https:\/\/esi.uclm.es\/index.php\/2024\/01\/19\/jornadas-de-tecnologias-para-la-inclusion\/"},"wordCount":239,"commentCount":0,"publisher":{"@id":"https:\/\/esi.uclm.es\/#organization"},"image":{"@id":"https:\/\/esi.uclm.es\/index.php\/2024\/01\/19\/jornadas-de-tecnologias-para-la-inclusion\/#primaryimage"},"thumbnailUrl":"https:\/\/esi.uclm.es\/assets\/uploads\/2024\/01\/grupo_chico.jpg","articleSection":["Investigaci\u00f3n"],"inLanguage":"es","potentialAction":[{"@type":"CommentAction","name":"Comment","target":["https:\/\/esi.uclm.es\/index.php\/2024\/01\/19\/jornadas-de-tecnologias-para-la-inclusion\/#respond"]}]},{"@type":"WebPage","@id":"https:\/\/esi.uclm.es\/index.php\/2024\/01\/19\/jornadas-de-tecnologias-para-la-inclusion\/","url":"https:\/\/esi.uclm.es\/index.php\/2024\/01\/19\/jornadas-de-tecnologias-para-la-inclusion\/","name":"Jornadas de Tecnolog\u00edas para la Inclusi\u00f3n - Escuela Superior de Inform\u00e1tica de UCLM","isPartOf":{"@id":"https:\/\/esi.uclm.es\/#website"},"primaryImageOfPage":{"@id":"https:\/\/esi.uclm.es\/index.php\/2024\/01\/19\/jornadas-de-tecnologias-para-la-inclusion\/#primaryimage"},"image":{"@id":"https:\/\/esi.uclm.es\/index.php\/2024\/01\/19\/jornadas-de-tecnologias-para-la-inclusion\/#primaryimage"},"thumbnailUrl":"https:\/\/esi.uclm.es\/assets\/uploads\/2024\/01\/grupo_chico.jpg","datePublished":"2024-01-19T18:25:59+00:00","dateModified":"2024-02-09T13:38:45+00:00","description":"El pasado d\u00eda 15 de enero, la Escuela Superior de Inform\u00e1tica de Ciudad Real acogi\u00f3 las Jornadas sobre \u201cTecnolog\u00eda para la inclusi\u00f3n de personas con TEA\u201d, organizadas por las Dras. Ana Isabel Molina D\u00edaz y Carmen Lacave Rodero, miembros del grupo CHICO de la Universidad de Castilla \u2013 La Mancha e investigadoras principales del proyecto de investigaci\u00f3n APTEA (Ref. TED2021-131956B-I00).","breadcrumb":{"@id":"https:\/\/esi.uclm.es\/index.php\/2024\/01\/19\/jornadas-de-tecnologias-para-la-inclusion\/#breadcrumb"},"inLanguage":"es","potentialAction":[{"@type":"ReadAction","target":["https:\/\/esi.uclm.es\/index.php\/2024\/01\/19\/jornadas-de-tecnologias-para-la-inclusion\/"]}]},{"@type":"ImageObject","inLanguage":"es","@id":"https:\/\/esi.uclm.es\/index.php\/2024\/01\/19\/jornadas-de-tecnologias-para-la-inclusion\/#primaryimage","url":"https:\/\/esi.uclm.es\/assets\/uploads\/2024\/01\/grupo_chico.jpg","contentUrl":"https:\/\/esi.uclm.es\/assets\/uploads\/2024\/01\/grupo_chico.jpg","width":1300,"height":731,"caption":"Personas asistiendo a las jornadas de tecnolog\u00edas para la inclusi\u00f3n"},{"@type":"BreadcrumbList","@id":"https:\/\/esi.uclm.es\/index.php\/2024\/01\/19\/jornadas-de-tecnologias-para-la-inclusion\/#breadcrumb","itemListElement":[{"@type":"ListItem","position":1,"name":"Portada","item":"https:\/\/esi.uclm.es\/"},{"@type":"ListItem","position":2,"name":"Jornadas de Tecnolog\u00edas para la Inclusi\u00f3n"}]},{"@type":"WebSite","@id":"https:\/\/esi.uclm.es\/#website","url":"https:\/\/esi.uclm.es\/","name":"Escuela Superior de Inform\u00e1tica de UCLM en Ciudad Real, Castilla-La Mancha","description":"La Escuela Superior de Inform\u00e1tica de Ciudad Real (Castilla-La Mancha), Universidad de Castilla-La Mancha es un centro universitario que imparte el ciclo completo de Ingenier\u00eda en Inform\u00e1tica: grado, m\u00e1ster y doctorado.","publisher":{"@id":"https:\/\/esi.uclm.es\/#organization"},"potentialAction":[{"@type":"SearchAction","target":{"@type":"EntryPoint","urlTemplate":"https:\/\/esi.uclm.es\/?s={search_term_string}"},"query-input":{"@type":"PropertyValueSpecification","valueRequired":true,"valueName":"search_term_string"}}],"inLanguage":"es"},{"@type":"Organization","@id":"https:\/\/esi.uclm.es\/#organization","name":"Escuela Superior de Inform\u00e1tica de UCLM","url":"https:\/\/esi.uclm.es\/","logo":{"@type":"ImageObject","inLanguage":"es","@id":"https:\/\/esi.uclm.es\/#\/schema\/logo\/image\/","url":"https:\/\/esi.uclm.es\/assets\/uploads\/2022\/03\/LogoESI_cabecera-1.png","contentUrl":"https:\/\/esi.uclm.es\/assets\/uploads\/2022\/03\/LogoESI_cabecera-1.png","width":460,"height":184,"caption":"Escuela Superior de Inform\u00e1tica de UCLM"},"image":{"@id":"https:\/\/esi.uclm.es\/#\/schema\/logo\/image\/"},"sameAs":["https:\/\/www.facebook.com\/Escuela-Superior-de-Informtica-543261809027158","https:\/\/x.com\/esiuclm","https:\/\/www.instagram.com\/esiuclm\/","https:\/\/www.youtube.com\/user\/esiuclm","https:\/\/www.twitch.tv\/esiuclm","https:\/\/www.linkedin.com\/company\/12656631\/admin\/"]},{"@type":"Person","@id":"https:\/\/esi.uclm.es\/#\/schema\/person\/d9a390095e8beeca5aced92acb17a530","name":"esiuclm","image":{"@type":"ImageObject","inLanguage":"es","@id":"https:\/\/secure.gravatar.com\/avatar\/ff32e6f445454691c713484fe154c7002761ecabfa4cfa2fea57c231744892da?s=96&d=mm&r=g","url":"https:\/\/secure.gravatar.com\/avatar\/ff32e6f445454691c713484fe154c7002761ecabfa4cfa2fea57c231744892da?s=96&d=mm&r=g","contentUrl":"https:\/\/secure.gravatar.com\/avatar\/ff32e6f445454691c713484fe154c7002761ecabfa4cfa2fea57c231744892da?s=96&d=mm&r=g","caption":"esiuclm"},"sameAs":["https:\/\/esi.uclm.es"],"url":"https:\/\/esi.uclm.es\/index.php\/author\/esiadmin\/"}]}},"_links":{"self":[{"href":"https:\/\/esi.uclm.es\/index.php\/wp-json\/wp\/v2\/posts\/17816","targetHints":{"allow":["GET"]}}],"collection":[{"href":"https:\/\/esi.uclm.es\/index.php\/wp-json\/wp\/v2\/posts"}],"about":[{"href":"https:\/\/esi.uclm.es\/index.php\/wp-json\/wp\/v2\/types\/post"}],"author":[{"embeddable":true,"href":"https:\/\/esi.uclm.es\/index.php\/wp-json\/wp\/v2\/users\/1"}],"replies":[{"embeddable":true,"href":"https:\/\/esi.uclm.es\/index.php\/wp-json\/wp\/v2\/comments?post=17816"}],"version-history":[{"count":1,"href":"https:\/\/esi.uclm.es\/index.php\/wp-json\/wp\/v2\/posts\/17816\/revisions"}],"predecessor-version":[{"id":17821,"href":"https:\/\/esi.uclm.es\/index.php\/wp-json\/wp\/v2\/posts\/17816\/revisions\/17821"}],"wp:featuredmedia":[{"embeddable":true,"href":"https:\/\/esi.uclm.es\/index.php\/wp-json\/wp\/v2\/media\/17820"}],"wp:attachment":[{"href":"https:\/\/esi.uclm.es\/index.php\/wp-json\/wp\/v2\/media?parent=17816"}],"wp:term":[{"taxonomy":"category","embeddable":true,"href":"https:\/\/esi.uclm.es\/index.php\/wp-json\/wp\/v2\/categories?post=17816"},{"taxonomy":"post_tag","embeddable":true,"href":"https:\/\/esi.uclm.es\/index.php\/wp-json\/wp\/v2\/tags?post=17816"}],"curies":[{"name":"wp","href":"https:\/\/api.w.org\/{rel}","templated":true}]}}