{"id":17263,"date":"2023-11-06T22:20:00","date_gmt":"2023-11-06T22:20:00","guid":{"rendered":"https:\/\/esi.uclm.es\/?p=17263"},"modified":"2023-11-07T05:37:14","modified_gmt":"2023-11-07T05:37:14","slug":"discurso-de-estudiantes-en-graduacion-2023","status":"publish","type":"post","link":"https:\/\/esi.uclm.es\/index.php\/2023\/11\/06\/discurso-de-estudiantes-en-graduacion-2023\/","title":{"rendered":"Discurso de estudiantes en la Graduaci\u00f3n 2023"},"content":{"rendered":"\n<p><strong>Marta Molina<\/strong> y <strong>Luc\u00eda Marcos <\/strong>han sido las elegidas por sus compa\u00f1eros y compa\u00f1eras para ofrecer el <strong>discurso de estudiantes en la pr\u00f3xima graduaci\u00f3n<\/strong> que se celebrar\u00e1 el 9 de noviembre en el Paraninfo Luis Arroyo a partir de las 19h, y en la que <a href=\"https:\/\/esi.uclm.es\/index.php\/2023\/10\/24\/antonio-vallecillo-padrino-en-la-proxima-graduacion\/\">Antonio Vallecillo ser\u00e1 el padrino<\/a> de las&nbsp;<em>XII y XI promociones de graduado y m\u00e1ster en Ingenier\u00eda Inform\u00e1tica<\/em>. Marta y Luc\u00eda toman as\u00ed el testigo de Laura Villa y Elena Desdentado&nbsp;que pronunciaron el discurso de graduaci\u00f3n en el a\u00f1o 2022. <\/p>\n\n\n\n<div style=\"height:37px\" aria-hidden=\"true\" class=\"wp-block-spacer\"><\/div>\n\n\n\n<p><strong>Laura Villa y Elena Desdentado &#8211; Graduaci\u00f3n 2022<\/strong><\/p>\n\n\n\n<figure class=\"wp-block-embed is-type-video is-provider-youtube wp-block-embed-youtube wp-embed-aspect-16-9 wp-has-aspect-ratio\"><div class=\"wp-block-embed__wrapper\">\n<iframe loading=\"lazy\" title=\"Discurso de Graduaci\u00f3n 2022\" width=\"1060\" height=\"596\" src=\"https:\/\/www.youtube.com\/embed\/Br8J_PCfpw0?feature=oembed\" frameborder=\"0\" allow=\"accelerometer; autoplay; clipboard-write; encrypted-media; gyroscope; picture-in-picture; web-share\" allowfullscreen><\/iframe>\n<\/div><\/figure>\n","protected":false},"excerpt":{"rendered":"<p>Marta Molina y Luc\u00eda Marcos han sido las elegidas por sus compa\u00f1eros y compa\u00f1eras para ofrecer el discurso de estudiantes en la pr\u00f3xima graduaci\u00f3n que se celebrar\u00e1 el 9 de noviembre en el Paraninfo Luis Arroyo a partir de las 19h, y en la que [&hellip;]<\/p>\n","protected":false},"author":1,"featured_media":17268,"comment_status":"open","ping_status":"open","sticky":false,"template":"","format":"standard","meta":{"footnotes":""},"categories":[619],"tags":[],"class_list":["post-17263","post","type-post","status-publish","format-standard","has-post-thumbnail","hentry","category-general"],"yoast_head":"<!-- This site is optimized with the Yoast SEO plugin v27.5 - https:\/\/yoast.com\/product\/yoast-seo-wordpress\/ -->\n<title>Discurso de estudiantes en la Graduaci\u00f3n 2023 - Escuela Superior de Inform\u00e1tica de UCLM<\/title>\n<meta name=\"description\" content=\"Marta Molina y Luc\u00eda Marcos han sido las elegidas por sus compa\u00f1eros y compa\u00f1eras para ofrecer el discurso de estudiantes en la pr\u00f3xima graduaci\u00f3n que se celebrar\u00e1 el 9 de noviembre en el Paraninfo Luis Arroyo, y en la que Antonio Vallecillo ser\u00e1 el padrino de las XII y XI promociones de graduado y m\u00e1ster en Ingenier\u00eda Inform\u00e1tica. Marta y Luc\u00eda toman as\u00ed el testigo de Laura Villa y Elena Desdentado que pronunciaron el discurso de graduaci\u00f3n en el a\u00f1o 2022.\" \/>\n<meta name=\"robots\" content=\"index, follow, max-snippet:-1, max-image-preview:large, max-video-preview:-1\" \/>\n<link rel=\"canonical\" href=\"https:\/\/esi.uclm.es\/index.php\/2023\/11\/06\/discurso-de-estudiantes-en-graduacion-2023\/\" \/>\n<meta property=\"og:locale\" content=\"es_ES\" \/>\n<meta property=\"og:type\" content=\"article\" \/>\n<meta property=\"og:title\" content=\"Discurso de estudiantes en la Graduaci\u00f3n 2023 - Escuela Superior de Inform\u00e1tica de UCLM\" \/>\n<meta property=\"og:description\" content=\"Marta Molina y Luc\u00eda Marcos han sido las elegidas por sus compa\u00f1eros y compa\u00f1eras para ofrecer el discurso de estudiantes en la pr\u00f3xima graduaci\u00f3n que se celebrar\u00e1 el 9 de noviembre en el Paraninfo Luis Arroyo, y en la que Antonio Vallecillo ser\u00e1 el padrino de las XII y XI promociones de graduado y m\u00e1ster en Ingenier\u00eda Inform\u00e1tica. Marta y Luc\u00eda toman as\u00ed el testigo de Laura Villa y Elena Desdentado que pronunciaron el discurso de graduaci\u00f3n en el a\u00f1o 2022.\" \/>\n<meta property=\"og:url\" content=\"https:\/\/esi.uclm.es\/index.php\/2023\/11\/06\/discurso-de-estudiantes-en-graduacion-2023\/\" \/>\n<meta property=\"og:site_name\" content=\"Escuela Superior de Inform\u00e1tica de UCLM\" \/>\n<meta property=\"article:publisher\" content=\"https:\/\/www.facebook.com\/Escuela-Superior-de-Informtica-543261809027158\" \/>\n<meta property=\"article:published_time\" content=\"2023-11-06T22:20:00+00:00\" \/>\n<meta property=\"article:modified_time\" content=\"2023-11-07T05:37:14+00:00\" \/>\n<meta property=\"og:image\" content=\"http:\/\/esi.uclm.es\/assets\/uploads\/2023\/11\/discurso_estudiantes2023_web.webp\" \/>\n\t<meta property=\"og:image:width\" content=\"1300\" \/>\n\t<meta property=\"og:image:height\" content=\"716\" \/>\n\t<meta property=\"og:image:type\" content=\"image\/webp\" \/>\n<meta name=\"author\" content=\"esiuclm\" \/>\n<meta name=\"twitter:card\" content=\"summary_large_image\" \/>\n<meta name=\"twitter:creator\" content=\"@esiuclm\" \/>\n<meta name=\"twitter:site\" content=\"@esiuclm\" \/>\n<meta name=\"twitter:label1\" content=\"Escrito por\" \/>\n\t<meta name=\"twitter:data1\" content=\"esiuclm\" \/>\n\t<meta name=\"twitter:label2\" content=\"Tiempo de lectura\" \/>\n\t<meta name=\"twitter:data2\" content=\"1 minuto\" \/>\n<script type=\"application\/ld+json\" class=\"yoast-schema-graph\">{\"@context\":\"https:\\\/\\\/schema.org\",\"@graph\":[{\"@type\":\"Article\",\"@id\":\"https:\\\/\\\/esi.uclm.es\\\/index.php\\\/2023\\\/11\\\/06\\\/discurso-de-estudiantes-en-graduacion-2023\\\/#article\",\"isPartOf\":{\"@id\":\"https:\\\/\\\/esi.uclm.es\\\/index.php\\\/2023\\\/11\\\/06\\\/discurso-de-estudiantes-en-graduacion-2023\\\/\"},\"author\":{\"name\":\"esiuclm\",\"@id\":\"https:\\\/\\\/esi.uclm.es\\\/#\\\/schema\\\/person\\\/d9a390095e8beeca5aced92acb17a530\"},\"headline\":\"Discurso de estudiantes en la Graduaci\u00f3n 2023\",\"datePublished\":\"2023-11-06T22:20:00+00:00\",\"dateModified\":\"2023-11-07T05:37:14+00:00\",\"mainEntityOfPage\":{\"@id\":\"https:\\\/\\\/esi.uclm.es\\\/index.php\\\/2023\\\/11\\\/06\\\/discurso-de-estudiantes-en-graduacion-2023\\\/\"},\"wordCount\":121,\"commentCount\":0,\"publisher\":{\"@id\":\"https:\\\/\\\/esi.uclm.es\\\/#organization\"},\"image\":{\"@id\":\"https:\\\/\\\/esi.uclm.es\\\/index.php\\\/2023\\\/11\\\/06\\\/discurso-de-estudiantes-en-graduacion-2023\\\/#primaryimage\"},\"thumbnailUrl\":\"https:\\\/\\\/esi.uclm.es\\\/assets\\\/uploads\\\/2023\\\/11\\\/discurso_estudiantes2023_web.webp\",\"articleSection\":[\"General\"],\"inLanguage\":\"es\",\"potentialAction\":[{\"@type\":\"CommentAction\",\"name\":\"Comment\",\"target\":[\"https:\\\/\\\/esi.uclm.es\\\/index.php\\\/2023\\\/11\\\/06\\\/discurso-de-estudiantes-en-graduacion-2023\\\/#respond\"]}]},{\"@type\":\"WebPage\",\"@id\":\"https:\\\/\\\/esi.uclm.es\\\/index.php\\\/2023\\\/11\\\/06\\\/discurso-de-estudiantes-en-graduacion-2023\\\/\",\"url\":\"https:\\\/\\\/esi.uclm.es\\\/index.php\\\/2023\\\/11\\\/06\\\/discurso-de-estudiantes-en-graduacion-2023\\\/\",\"name\":\"Discurso de estudiantes en la Graduaci\u00f3n 2023 - Escuela Superior de Inform\u00e1tica de UCLM\",\"isPartOf\":{\"@id\":\"https:\\\/\\\/esi.uclm.es\\\/#website\"},\"primaryImageOfPage\":{\"@id\":\"https:\\\/\\\/esi.uclm.es\\\/index.php\\\/2023\\\/11\\\/06\\\/discurso-de-estudiantes-en-graduacion-2023\\\/#primaryimage\"},\"image\":{\"@id\":\"https:\\\/\\\/esi.uclm.es\\\/index.php\\\/2023\\\/11\\\/06\\\/discurso-de-estudiantes-en-graduacion-2023\\\/#primaryimage\"},\"thumbnailUrl\":\"https:\\\/\\\/esi.uclm.es\\\/assets\\\/uploads\\\/2023\\\/11\\\/discurso_estudiantes2023_web.webp\",\"datePublished\":\"2023-11-06T22:20:00+00:00\",\"dateModified\":\"2023-11-07T05:37:14+00:00\",\"description\":\"Marta Molina y Luc\u00eda Marcos han sido las elegidas por sus compa\u00f1eros y compa\u00f1eras para ofrecer el discurso de estudiantes en la pr\u00f3xima graduaci\u00f3n que se celebrar\u00e1 el 9 de noviembre en el Paraninfo Luis Arroyo, y en la que Antonio Vallecillo ser\u00e1 el padrino de las XII y XI promociones de graduado y m\u00e1ster en Ingenier\u00eda Inform\u00e1tica. Marta y Luc\u00eda toman as\u00ed el testigo de Laura Villa y Elena Desdentado que pronunciaron el discurso de graduaci\u00f3n en el a\u00f1o 2022.\",\"breadcrumb\":{\"@id\":\"https:\\\/\\\/esi.uclm.es\\\/index.php\\\/2023\\\/11\\\/06\\\/discurso-de-estudiantes-en-graduacion-2023\\\/#breadcrumb\"},\"inLanguage\":\"es\",\"potentialAction\":[{\"@type\":\"ReadAction\",\"target\":[\"https:\\\/\\\/esi.uclm.es\\\/index.php\\\/2023\\\/11\\\/06\\\/discurso-de-estudiantes-en-graduacion-2023\\\/\"]}]},{\"@type\":\"ImageObject\",\"inLanguage\":\"es\",\"@id\":\"https:\\\/\\\/esi.uclm.es\\\/index.php\\\/2023\\\/11\\\/06\\\/discurso-de-estudiantes-en-graduacion-2023\\\/#primaryimage\",\"url\":\"https:\\\/\\\/esi.uclm.es\\\/assets\\\/uploads\\\/2023\\\/11\\\/discurso_estudiantes2023_web.webp\",\"contentUrl\":\"https:\\\/\\\/esi.uclm.es\\\/assets\\\/uploads\\\/2023\\\/11\\\/discurso_estudiantes2023_web.webp\",\"width\":1300,\"height\":716,\"caption\":\"Marta Molina y Luc\u00eda Marcos\"},{\"@type\":\"BreadcrumbList\",\"@id\":\"https:\\\/\\\/esi.uclm.es\\\/index.php\\\/2023\\\/11\\\/06\\\/discurso-de-estudiantes-en-graduacion-2023\\\/#breadcrumb\",\"itemListElement\":[{\"@type\":\"ListItem\",\"position\":1,\"name\":\"Portada\",\"item\":\"https:\\\/\\\/esi.uclm.es\\\/\"},{\"@type\":\"ListItem\",\"position\":2,\"name\":\"Discurso de estudiantes en la Graduaci\u00f3n 2023\"}]},{\"@type\":\"WebSite\",\"@id\":\"https:\\\/\\\/esi.uclm.es\\\/#website\",\"url\":\"https:\\\/\\\/esi.uclm.es\\\/\",\"name\":\"Escuela Superior de Inform\u00e1tica de UCLM en Ciudad Real, Castilla-La Mancha\",\"description\":\"La Escuela Superior de Inform\u00e1tica de Ciudad Real (Castilla-La Mancha), Universidad de Castilla-La Mancha es un centro universitario que imparte el ciclo completo de Ingenier\u00eda en Inform\u00e1tica: grado, m\u00e1ster y doctorado.\",\"publisher\":{\"@id\":\"https:\\\/\\\/esi.uclm.es\\\/#organization\"},\"potentialAction\":[{\"@type\":\"SearchAction\",\"target\":{\"@type\":\"EntryPoint\",\"urlTemplate\":\"https:\\\/\\\/esi.uclm.es\\\/?s={search_term_string}\"},\"query-input\":{\"@type\":\"PropertyValueSpecification\",\"valueRequired\":true,\"valueName\":\"search_term_string\"}}],\"inLanguage\":\"es\"},{\"@type\":\"Organization\",\"@id\":\"https:\\\/\\\/esi.uclm.es\\\/#organization\",\"name\":\"Escuela Superior de Inform\u00e1tica de UCLM\",\"url\":\"https:\\\/\\\/esi.uclm.es\\\/\",\"logo\":{\"@type\":\"ImageObject\",\"inLanguage\":\"es\",\"@id\":\"https:\\\/\\\/esi.uclm.es\\\/#\\\/schema\\\/logo\\\/image\\\/\",\"url\":\"https:\\\/\\\/esi.uclm.es\\\/assets\\\/uploads\\\/2022\\\/03\\\/LogoESI_cabecera-1.png\",\"contentUrl\":\"https:\\\/\\\/esi.uclm.es\\\/assets\\\/uploads\\\/2022\\\/03\\\/LogoESI_cabecera-1.png\",\"width\":460,\"height\":184,\"caption\":\"Escuela Superior de Inform\u00e1tica de UCLM\"},\"image\":{\"@id\":\"https:\\\/\\\/esi.uclm.es\\\/#\\\/schema\\\/logo\\\/image\\\/\"},\"sameAs\":[\"https:\\\/\\\/www.facebook.com\\\/Escuela-Superior-de-Informtica-543261809027158\",\"https:\\\/\\\/x.com\\\/esiuclm\",\"https:\\\/\\\/www.instagram.com\\\/esiuclm\\\/\",\"https:\\\/\\\/www.youtube.com\\\/user\\\/esiuclm\",\"https:\\\/\\\/www.twitch.tv\\\/esiuclm\",\"https:\\\/\\\/www.linkedin.com\\\/company\\\/12656631\\\/admin\\\/\"]},{\"@type\":\"Person\",\"@id\":\"https:\\\/\\\/esi.uclm.es\\\/#\\\/schema\\\/person\\\/d9a390095e8beeca5aced92acb17a530\",\"name\":\"esiuclm\",\"image\":{\"@type\":\"ImageObject\",\"inLanguage\":\"es\",\"@id\":\"https:\\\/\\\/secure.gravatar.com\\\/avatar\\\/ff32e6f445454691c713484fe154c7002761ecabfa4cfa2fea57c231744892da?s=96&d=mm&r=g\",\"url\":\"https:\\\/\\\/secure.gravatar.com\\\/avatar\\\/ff32e6f445454691c713484fe154c7002761ecabfa4cfa2fea57c231744892da?s=96&d=mm&r=g\",\"contentUrl\":\"https:\\\/\\\/secure.gravatar.com\\\/avatar\\\/ff32e6f445454691c713484fe154c7002761ecabfa4cfa2fea57c231744892da?s=96&d=mm&r=g\",\"caption\":\"esiuclm\"},\"sameAs\":[\"https:\\\/\\\/esi.uclm.es\"],\"url\":\"https:\\\/\\\/esi.uclm.es\\\/index.php\\\/author\\\/esiadmin\\\/\"}]}<\/script>\n<!-- \/ Yoast SEO plugin. -->","yoast_head_json":{"title":"Discurso de estudiantes en la Graduaci\u00f3n 2023 - Escuela Superior de Inform\u00e1tica de UCLM","description":"Marta Molina y Luc\u00eda Marcos han sido las elegidas por sus compa\u00f1eros y compa\u00f1eras para ofrecer el discurso de estudiantes en la pr\u00f3xima graduaci\u00f3n que se celebrar\u00e1 el 9 de noviembre en el Paraninfo Luis Arroyo, y en la que Antonio Vallecillo ser\u00e1 el padrino de las XII y XI promociones de graduado y m\u00e1ster en Ingenier\u00eda Inform\u00e1tica. Marta y Luc\u00eda toman as\u00ed el testigo de Laura Villa y Elena Desdentado que pronunciaron el discurso de graduaci\u00f3n en el a\u00f1o 2022.","robots":{"index":"index","follow":"follow","max-snippet":"max-snippet:-1","max-image-preview":"max-image-preview:large","max-video-preview":"max-video-preview:-1"},"canonical":"https:\/\/esi.uclm.es\/index.php\/2023\/11\/06\/discurso-de-estudiantes-en-graduacion-2023\/","og_locale":"es_ES","og_type":"article","og_title":"Discurso de estudiantes en la Graduaci\u00f3n 2023 - Escuela Superior de Inform\u00e1tica de UCLM","og_description":"Marta Molina y Luc\u00eda Marcos han sido las elegidas por sus compa\u00f1eros y compa\u00f1eras para ofrecer el discurso de estudiantes en la pr\u00f3xima graduaci\u00f3n que se celebrar\u00e1 el 9 de noviembre en el Paraninfo Luis Arroyo, y en la que Antonio Vallecillo ser\u00e1 el padrino de las XII y XI promociones de graduado y m\u00e1ster en Ingenier\u00eda Inform\u00e1tica. Marta y Luc\u00eda toman as\u00ed el testigo de Laura Villa y Elena Desdentado que pronunciaron el discurso de graduaci\u00f3n en el a\u00f1o 2022.","og_url":"https:\/\/esi.uclm.es\/index.php\/2023\/11\/06\/discurso-de-estudiantes-en-graduacion-2023\/","og_site_name":"Escuela Superior de Inform\u00e1tica de UCLM","article_publisher":"https:\/\/www.facebook.com\/Escuela-Superior-de-Informtica-543261809027158","article_published_time":"2023-11-06T22:20:00+00:00","article_modified_time":"2023-11-07T05:37:14+00:00","og_image":[{"width":1300,"height":716,"url":"http:\/\/esi.uclm.es\/assets\/uploads\/2023\/11\/discurso_estudiantes2023_web.webp","type":"image\/webp"}],"author":"esiuclm","twitter_card":"summary_large_image","twitter_creator":"@esiuclm","twitter_site":"@esiuclm","twitter_misc":{"Escrito por":"esiuclm","Tiempo de lectura":"1 minuto"},"schema":{"@context":"https:\/\/schema.org","@graph":[{"@type":"Article","@id":"https:\/\/esi.uclm.es\/index.php\/2023\/11\/06\/discurso-de-estudiantes-en-graduacion-2023\/#article","isPartOf":{"@id":"https:\/\/esi.uclm.es\/index.php\/2023\/11\/06\/discurso-de-estudiantes-en-graduacion-2023\/"},"author":{"name":"esiuclm","@id":"https:\/\/esi.uclm.es\/#\/schema\/person\/d9a390095e8beeca5aced92acb17a530"},"headline":"Discurso de estudiantes en la Graduaci\u00f3n 2023","datePublished":"2023-11-06T22:20:00+00:00","dateModified":"2023-11-07T05:37:14+00:00","mainEntityOfPage":{"@id":"https:\/\/esi.uclm.es\/index.php\/2023\/11\/06\/discurso-de-estudiantes-en-graduacion-2023\/"},"wordCount":121,"commentCount":0,"publisher":{"@id":"https:\/\/esi.uclm.es\/#organization"},"image":{"@id":"https:\/\/esi.uclm.es\/index.php\/2023\/11\/06\/discurso-de-estudiantes-en-graduacion-2023\/#primaryimage"},"thumbnailUrl":"https:\/\/esi.uclm.es\/assets\/uploads\/2023\/11\/discurso_estudiantes2023_web.webp","articleSection":["General"],"inLanguage":"es","potentialAction":[{"@type":"CommentAction","name":"Comment","target":["https:\/\/esi.uclm.es\/index.php\/2023\/11\/06\/discurso-de-estudiantes-en-graduacion-2023\/#respond"]}]},{"@type":"WebPage","@id":"https:\/\/esi.uclm.es\/index.php\/2023\/11\/06\/discurso-de-estudiantes-en-graduacion-2023\/","url":"https:\/\/esi.uclm.es\/index.php\/2023\/11\/06\/discurso-de-estudiantes-en-graduacion-2023\/","name":"Discurso de estudiantes en la Graduaci\u00f3n 2023 - Escuela Superior de Inform\u00e1tica de UCLM","isPartOf":{"@id":"https:\/\/esi.uclm.es\/#website"},"primaryImageOfPage":{"@id":"https:\/\/esi.uclm.es\/index.php\/2023\/11\/06\/discurso-de-estudiantes-en-graduacion-2023\/#primaryimage"},"image":{"@id":"https:\/\/esi.uclm.es\/index.php\/2023\/11\/06\/discurso-de-estudiantes-en-graduacion-2023\/#primaryimage"},"thumbnailUrl":"https:\/\/esi.uclm.es\/assets\/uploads\/2023\/11\/discurso_estudiantes2023_web.webp","datePublished":"2023-11-06T22:20:00+00:00","dateModified":"2023-11-07T05:37:14+00:00","description":"Marta Molina y Luc\u00eda Marcos han sido las elegidas por sus compa\u00f1eros y compa\u00f1eras para ofrecer el discurso de estudiantes en la pr\u00f3xima graduaci\u00f3n que se celebrar\u00e1 el 9 de noviembre en el Paraninfo Luis Arroyo, y en la que Antonio Vallecillo ser\u00e1 el padrino de las XII y XI promociones de graduado y m\u00e1ster en Ingenier\u00eda Inform\u00e1tica. Marta y Luc\u00eda toman as\u00ed el testigo de Laura Villa y Elena Desdentado que pronunciaron el discurso de graduaci\u00f3n en el a\u00f1o 2022.","breadcrumb":{"@id":"https:\/\/esi.uclm.es\/index.php\/2023\/11\/06\/discurso-de-estudiantes-en-graduacion-2023\/#breadcrumb"},"inLanguage":"es","potentialAction":[{"@type":"ReadAction","target":["https:\/\/esi.uclm.es\/index.php\/2023\/11\/06\/discurso-de-estudiantes-en-graduacion-2023\/"]}]},{"@type":"ImageObject","inLanguage":"es","@id":"https:\/\/esi.uclm.es\/index.php\/2023\/11\/06\/discurso-de-estudiantes-en-graduacion-2023\/#primaryimage","url":"https:\/\/esi.uclm.es\/assets\/uploads\/2023\/11\/discurso_estudiantes2023_web.webp","contentUrl":"https:\/\/esi.uclm.es\/assets\/uploads\/2023\/11\/discurso_estudiantes2023_web.webp","width":1300,"height":716,"caption":"Marta Molina y Luc\u00eda Marcos"},{"@type":"BreadcrumbList","@id":"https:\/\/esi.uclm.es\/index.php\/2023\/11\/06\/discurso-de-estudiantes-en-graduacion-2023\/#breadcrumb","itemListElement":[{"@type":"ListItem","position":1,"name":"Portada","item":"https:\/\/esi.uclm.es\/"},{"@type":"ListItem","position":2,"name":"Discurso de estudiantes en la Graduaci\u00f3n 2023"}]},{"@type":"WebSite","@id":"https:\/\/esi.uclm.es\/#website","url":"https:\/\/esi.uclm.es\/","name":"Escuela Superior de Inform\u00e1tica de UCLM en Ciudad Real, Castilla-La Mancha","description":"La Escuela Superior de Inform\u00e1tica de Ciudad Real (Castilla-La Mancha), Universidad de Castilla-La Mancha es un centro universitario que imparte el ciclo completo de Ingenier\u00eda en Inform\u00e1tica: grado, m\u00e1ster y doctorado.","publisher":{"@id":"https:\/\/esi.uclm.es\/#organization"},"potentialAction":[{"@type":"SearchAction","target":{"@type":"EntryPoint","urlTemplate":"https:\/\/esi.uclm.es\/?s={search_term_string}"},"query-input":{"@type":"PropertyValueSpecification","valueRequired":true,"valueName":"search_term_string"}}],"inLanguage":"es"},{"@type":"Organization","@id":"https:\/\/esi.uclm.es\/#organization","name":"Escuela Superior de Inform\u00e1tica de UCLM","url":"https:\/\/esi.uclm.es\/","logo":{"@type":"ImageObject","inLanguage":"es","@id":"https:\/\/esi.uclm.es\/#\/schema\/logo\/image\/","url":"https:\/\/esi.uclm.es\/assets\/uploads\/2022\/03\/LogoESI_cabecera-1.png","contentUrl":"https:\/\/esi.uclm.es\/assets\/uploads\/2022\/03\/LogoESI_cabecera-1.png","width":460,"height":184,"caption":"Escuela Superior de Inform\u00e1tica de UCLM"},"image":{"@id":"https:\/\/esi.uclm.es\/#\/schema\/logo\/image\/"},"sameAs":["https:\/\/www.facebook.com\/Escuela-Superior-de-Informtica-543261809027158","https:\/\/x.com\/esiuclm","https:\/\/www.instagram.com\/esiuclm\/","https:\/\/www.youtube.com\/user\/esiuclm","https:\/\/www.twitch.tv\/esiuclm","https:\/\/www.linkedin.com\/company\/12656631\/admin\/"]},{"@type":"Person","@id":"https:\/\/esi.uclm.es\/#\/schema\/person\/d9a390095e8beeca5aced92acb17a530","name":"esiuclm","image":{"@type":"ImageObject","inLanguage":"es","@id":"https:\/\/secure.gravatar.com\/avatar\/ff32e6f445454691c713484fe154c7002761ecabfa4cfa2fea57c231744892da?s=96&d=mm&r=g","url":"https:\/\/secure.gravatar.com\/avatar\/ff32e6f445454691c713484fe154c7002761ecabfa4cfa2fea57c231744892da?s=96&d=mm&r=g","contentUrl":"https:\/\/secure.gravatar.com\/avatar\/ff32e6f445454691c713484fe154c7002761ecabfa4cfa2fea57c231744892da?s=96&d=mm&r=g","caption":"esiuclm"},"sameAs":["https:\/\/esi.uclm.es"],"url":"https:\/\/esi.uclm.es\/index.php\/author\/esiadmin\/"}]}},"_links":{"self":[{"href":"https:\/\/esi.uclm.es\/index.php\/wp-json\/wp\/v2\/posts\/17263","targetHints":{"allow":["GET"]}}],"collection":[{"href":"https:\/\/esi.uclm.es\/index.php\/wp-json\/wp\/v2\/posts"}],"about":[{"href":"https:\/\/esi.uclm.es\/index.php\/wp-json\/wp\/v2\/types\/post"}],"author":[{"embeddable":true,"href":"https:\/\/esi.uclm.es\/index.php\/wp-json\/wp\/v2\/users\/1"}],"replies":[{"embeddable":true,"href":"https:\/\/esi.uclm.es\/index.php\/wp-json\/wp\/v2\/comments?post=17263"}],"version-history":[{"count":4,"href":"https:\/\/esi.uclm.es\/index.php\/wp-json\/wp\/v2\/posts\/17263\/revisions"}],"predecessor-version":[{"id":17273,"href":"https:\/\/esi.uclm.es\/index.php\/wp-json\/wp\/v2\/posts\/17263\/revisions\/17273"}],"wp:featuredmedia":[{"embeddable":true,"href":"https:\/\/esi.uclm.es\/index.php\/wp-json\/wp\/v2\/media\/17268"}],"wp:attachment":[{"href":"https:\/\/esi.uclm.es\/index.php\/wp-json\/wp\/v2\/media?parent=17263"}],"wp:term":[{"taxonomy":"category","embeddable":true,"href":"https:\/\/esi.uclm.es\/index.php\/wp-json\/wp\/v2\/categories?post=17263"},{"taxonomy":"post_tag","embeddable":true,"href":"https:\/\/esi.uclm.es\/index.php\/wp-json\/wp\/v2\/tags?post=17263"}],"curies":[{"name":"wp","href":"https:\/\/api.w.org\/{rel}","templated":true}]}}