{"id":16967,"date":"2023-10-02T12:14:04","date_gmt":"2023-10-02T12:14:04","guid":{"rendered":"https:\/\/esi.uclm.es\/?p=16967"},"modified":"2023-10-09T08:49:38","modified_gmt":"2023-10-09T08:49:38","slug":"presentacion-del-programa-mentor-profesional","status":"publish","type":"post","link":"https:\/\/esi.uclm.es\/index.php\/2023\/10\/02\/presentacion-del-programa-mentor-profesional\/","title":{"rendered":"Presentaci\u00f3n del Programa Mentor Profesional"},"content":{"rendered":"\n<p>\u00bfQuieres que te ayudemos en tu inminente integraci\u00f3n al mercado laboral?&nbsp;Te&nbsp;presentamos el&nbsp;<strong>Programa Mentor&nbsp;Profesional&nbsp;<\/strong>donde egresados&nbsp;de&nbsp;la ESI&nbsp;que&nbsp;est\u00e1n trabajando&nbsp;en&nbsp;empresas&nbsp;de&nbsp;prestigio&nbsp;est\u00e1n&nbsp;deseando compartir su experiencia&nbsp;contigo.&nbsp;Se&nbsp;te&nbsp;asignar\u00e1 un mentor&nbsp;profesional&nbsp;de&nbsp;entre los&nbsp;que&nbsp;<a href=\"https:\/\/esi.uclm.es\/index.php\/vida-en-la-esi\/apoyo-al-estudiante\/programa-mentor-profesional\/quienes-son-los-mentores\/\">ya han confirmado su participaci\u00f3n<\/a>. <\/p>\n\n\n\n<p>Env\u00eda&nbsp;un&nbsp;email&nbsp;a&nbsp;<a href=\"mailto:aurora.vizcaino@uclm.es\">aurora.vizcaino@uclm.es<\/a>&nbsp;<strong>antes&nbsp;del 8&nbsp;de&nbsp;octubre&nbsp;<\/strong>para&nbsp;apuntarte.&nbsp;\u00a1No&nbsp;te&nbsp;pierdas esta&nbsp;oportunidad&nbsp;\u00fanica!<\/p>\n\n\n\n<p><a href=\"https:\/\/esi.uclm.es\/index.php\/vida-en-la-esi\/apoyo-al-estudiante\/programa-mentor-profesional\/\">[+] Programa Mentor Profesional<\/a><\/p>\n\n\n\n<figure class=\"wp-block-embed is-type-video is-provider-youtube wp-block-embed-youtube wp-embed-aspect-16-9 wp-has-aspect-ratio\"><div class=\"wp-block-embed__wrapper\">\n<iframe loading=\"lazy\" title=\"Programa Mentor Profesional\" width=\"1060\" height=\"596\" src=\"https:\/\/www.youtube.com\/embed\/TPQPc-Sf6Mc?feature=oembed\" frameborder=\"0\" allow=\"accelerometer; autoplay; clipboard-write; encrypted-media; gyroscope; picture-in-picture; web-share\" allowfullscreen><\/iframe>\n<\/div><\/figure>\n","protected":false},"excerpt":{"rendered":"<p>\u00bfQuieres que te ayudemos en tu inminente integraci\u00f3n al mercado laboral?&nbsp;Te&nbsp;presentamos el&nbsp;Programa Mentor&nbsp;Profesional&nbsp;donde egresados&nbsp;de&nbsp;la ESI&nbsp;que&nbsp;est\u00e1n trabajando&nbsp;en&nbsp;empresas&nbsp;de&nbsp;prestigio&nbsp;est\u00e1n&nbsp;deseando compartir su experiencia&nbsp;contigo.&nbsp;Se&nbsp;te&nbsp;asignar\u00e1 un mentor&nbsp;profesional&nbsp;de&nbsp;entre los&nbsp;que&nbsp;ya han confirmado su participaci\u00f3n. Env\u00eda&nbsp;un&nbsp;email&nbsp;a&nbsp;aurora.vizcaino@uclm.es&nbsp;antes&nbsp;del 8&nbsp;de&nbsp;octubre&nbsp;para&nbsp;apuntarte.&nbsp;\u00a1No&nbsp;te&nbsp;pierdas esta&nbsp;oportunidad&nbsp;\u00fanica! [+] Programa Mentor Profesional<\/p>\n","protected":false},"author":1,"featured_media":9721,"comment_status":"open","ping_status":"open","sticky":false,"template":"","format":"standard","meta":{"footnotes":""},"categories":[623],"tags":[],"class_list":["post-16967","post","type-post","status-publish","format-standard","has-post-thumbnail","hentry","category-empresas"],"yoast_head":"<!-- This site is optimized with the Yoast SEO plugin v27.5 - https:\/\/yoast.com\/product\/yoast-seo-wordpress\/ -->\n<title>Presentaci\u00f3n del Programa Mentor Profesional - Escuela Superior de Inform\u00e1tica de UCLM<\/title>\n<meta name=\"description\" content=\"\u00bfQuieres que te ayudemos en tu inminente integraci\u00f3n al mercado laboral? Te presentamos el Programa Mentor Profesional (No te pierdas este video: https:\/\/www.youtube.com\/watch?v=TPQPc-Sf6Mc ) donde egresados de la ESI que est\u00e1n trabajando en empresas de prestigio est\u00e1n deseando compartir su experiencia contigo. Se te asignar\u00e1 un mentor profesional de entre los que ya han confirmado su participaci\u00f3n: https:\/\/esi.uclm.es\/index.php\/vida-en-la-esi\/apoyo-al-estudiante\/programa-mentor-profesional\/quienes-son-los-mentores\/ . Env\u00eda un email a aurora.vizcaino@uclm.es antes del 8 de octubre para apuntarte. \u00a1No te pierdas esta oportunidad \u00fanica!\" \/>\n<meta name=\"robots\" content=\"index, follow, max-snippet:-1, max-image-preview:large, max-video-preview:-1\" \/>\n<link rel=\"canonical\" href=\"https:\/\/esi.uclm.es\/index.php\/2023\/10\/02\/presentacion-del-programa-mentor-profesional\/\" \/>\n<meta property=\"og:locale\" content=\"es_ES\" \/>\n<meta property=\"og:type\" content=\"article\" \/>\n<meta property=\"og:title\" content=\"Presentaci\u00f3n del Programa Mentor Profesional - Escuela Superior de Inform\u00e1tica de UCLM\" \/>\n<meta property=\"og:description\" content=\"\u00bfQuieres que te ayudemos en tu inminente integraci\u00f3n al mercado laboral? Te presentamos el Programa Mentor Profesional (No te pierdas este video: https:\/\/www.youtube.com\/watch?v=TPQPc-Sf6Mc ) donde egresados de la ESI que est\u00e1n trabajando en empresas de prestigio est\u00e1n deseando compartir su experiencia contigo. Se te asignar\u00e1 un mentor profesional de entre los que ya han confirmado su participaci\u00f3n: https:\/\/esi.uclm.es\/index.php\/vida-en-la-esi\/apoyo-al-estudiante\/programa-mentor-profesional\/quienes-son-los-mentores\/ . Env\u00eda un email a aurora.vizcaino@uclm.es antes del 8 de octubre para apuntarte. \u00a1No te pierdas esta oportunidad \u00fanica!\" \/>\n<meta property=\"og:url\" content=\"https:\/\/esi.uclm.es\/index.php\/2023\/10\/02\/presentacion-del-programa-mentor-profesional\/\" \/>\n<meta property=\"og:site_name\" content=\"Escuela Superior de Inform\u00e1tica de UCLM\" \/>\n<meta property=\"article:publisher\" content=\"https:\/\/www.facebook.com\/Escuela-Superior-de-Informtica-543261809027158\" \/>\n<meta property=\"article:published_time\" content=\"2023-10-02T12:14:04+00:00\" \/>\n<meta property=\"article:modified_time\" content=\"2023-10-09T08:49:38+00:00\" \/>\n<meta property=\"og:image\" content=\"http:\/\/esi.uclm.es\/assets\/uploads\/2022\/05\/mentor_profesional_r_w.webp\" \/>\n\t<meta property=\"og:image:width\" content=\"1200\" \/>\n\t<meta property=\"og:image:height\" content=\"768\" \/>\n\t<meta property=\"og:image:type\" content=\"image\/webp\" \/>\n<meta name=\"author\" content=\"esiuclm\" \/>\n<meta name=\"twitter:card\" content=\"summary_large_image\" \/>\n<meta name=\"twitter:creator\" content=\"@esiuclm\" \/>\n<meta name=\"twitter:site\" content=\"@esiuclm\" \/>\n<meta name=\"twitter:label1\" content=\"Escrito por\" \/>\n\t<meta name=\"twitter:data1\" content=\"esiuclm\" \/>\n\t<meta name=\"twitter:label2\" content=\"Tiempo de lectura\" \/>\n\t<meta name=\"twitter:data2\" content=\"1 minuto\" \/>\n<script type=\"application\/ld+json\" class=\"yoast-schema-graph\">{\"@context\":\"https:\\\/\\\/schema.org\",\"@graph\":[{\"@type\":\"Article\",\"@id\":\"https:\\\/\\\/esi.uclm.es\\\/index.php\\\/2023\\\/10\\\/02\\\/presentacion-del-programa-mentor-profesional\\\/#article\",\"isPartOf\":{\"@id\":\"https:\\\/\\\/esi.uclm.es\\\/index.php\\\/2023\\\/10\\\/02\\\/presentacion-del-programa-mentor-profesional\\\/\"},\"author\":{\"name\":\"esiuclm\",\"@id\":\"https:\\\/\\\/esi.uclm.es\\\/#\\\/schema\\\/person\\\/d9a390095e8beeca5aced92acb17a530\"},\"headline\":\"Presentaci\u00f3n del Programa Mentor Profesional\",\"datePublished\":\"2023-10-02T12:14:04+00:00\",\"dateModified\":\"2023-10-09T08:49:38+00:00\",\"mainEntityOfPage\":{\"@id\":\"https:\\\/\\\/esi.uclm.es\\\/index.php\\\/2023\\\/10\\\/02\\\/presentacion-del-programa-mentor-profesional\\\/\"},\"wordCount\":131,\"commentCount\":0,\"publisher\":{\"@id\":\"https:\\\/\\\/esi.uclm.es\\\/#organization\"},\"image\":{\"@id\":\"https:\\\/\\\/esi.uclm.es\\\/index.php\\\/2023\\\/10\\\/02\\\/presentacion-del-programa-mentor-profesional\\\/#primaryimage\"},\"thumbnailUrl\":\"https:\\\/\\\/esi.uclm.es\\\/assets\\\/uploads\\\/2022\\\/05\\\/mentor_profesional_r_w.webp\",\"articleSection\":[\"Empresas\"],\"inLanguage\":\"es\",\"potentialAction\":[{\"@type\":\"CommentAction\",\"name\":\"Comment\",\"target\":[\"https:\\\/\\\/esi.uclm.es\\\/index.php\\\/2023\\\/10\\\/02\\\/presentacion-del-programa-mentor-profesional\\\/#respond\"]}]},{\"@type\":\"WebPage\",\"@id\":\"https:\\\/\\\/esi.uclm.es\\\/index.php\\\/2023\\\/10\\\/02\\\/presentacion-del-programa-mentor-profesional\\\/\",\"url\":\"https:\\\/\\\/esi.uclm.es\\\/index.php\\\/2023\\\/10\\\/02\\\/presentacion-del-programa-mentor-profesional\\\/\",\"name\":\"Presentaci\u00f3n del Programa Mentor Profesional - Escuela Superior de Inform\u00e1tica de UCLM\",\"isPartOf\":{\"@id\":\"https:\\\/\\\/esi.uclm.es\\\/#website\"},\"primaryImageOfPage\":{\"@id\":\"https:\\\/\\\/esi.uclm.es\\\/index.php\\\/2023\\\/10\\\/02\\\/presentacion-del-programa-mentor-profesional\\\/#primaryimage\"},\"image\":{\"@id\":\"https:\\\/\\\/esi.uclm.es\\\/index.php\\\/2023\\\/10\\\/02\\\/presentacion-del-programa-mentor-profesional\\\/#primaryimage\"},\"thumbnailUrl\":\"https:\\\/\\\/esi.uclm.es\\\/assets\\\/uploads\\\/2022\\\/05\\\/mentor_profesional_r_w.webp\",\"datePublished\":\"2023-10-02T12:14:04+00:00\",\"dateModified\":\"2023-10-09T08:49:38+00:00\",\"description\":\"\u00bfQuieres que te ayudemos en tu inminente integraci\u00f3n al mercado laboral? Te presentamos el Programa Mentor Profesional (No te pierdas este video: https:\\\/\\\/www.youtube.com\\\/watch?v=TPQPc-Sf6Mc ) donde egresados de la ESI que est\u00e1n trabajando en empresas de prestigio est\u00e1n deseando compartir su experiencia contigo. Se te asignar\u00e1 un mentor profesional de entre los que ya han confirmado su participaci\u00f3n: https:\\\/\\\/esi.uclm.es\\\/index.php\\\/vida-en-la-esi\\\/apoyo-al-estudiante\\\/programa-mentor-profesional\\\/quienes-son-los-mentores\\\/ . Env\u00eda un email a aurora.vizcaino@uclm.es antes del 8 de octubre para apuntarte. \u00a1No te pierdas esta oportunidad \u00fanica!\",\"breadcrumb\":{\"@id\":\"https:\\\/\\\/esi.uclm.es\\\/index.php\\\/2023\\\/10\\\/02\\\/presentacion-del-programa-mentor-profesional\\\/#breadcrumb\"},\"inLanguage\":\"es\",\"potentialAction\":[{\"@type\":\"ReadAction\",\"target\":[\"https:\\\/\\\/esi.uclm.es\\\/index.php\\\/2023\\\/10\\\/02\\\/presentacion-del-programa-mentor-profesional\\\/\"]}]},{\"@type\":\"ImageObject\",\"inLanguage\":\"es\",\"@id\":\"https:\\\/\\\/esi.uclm.es\\\/index.php\\\/2023\\\/10\\\/02\\\/presentacion-del-programa-mentor-profesional\\\/#primaryimage\",\"url\":\"https:\\\/\\\/esi.uclm.es\\\/assets\\\/uploads\\\/2022\\\/05\\\/mentor_profesional_r_w.webp\",\"contentUrl\":\"https:\\\/\\\/esi.uclm.es\\\/assets\\\/uploads\\\/2022\\\/05\\\/mentor_profesional_r_w.webp\",\"width\":1200,\"height\":768,\"caption\":\"Programa mentor profesional\"},{\"@type\":\"BreadcrumbList\",\"@id\":\"https:\\\/\\\/esi.uclm.es\\\/index.php\\\/2023\\\/10\\\/02\\\/presentacion-del-programa-mentor-profesional\\\/#breadcrumb\",\"itemListElement\":[{\"@type\":\"ListItem\",\"position\":1,\"name\":\"Portada\",\"item\":\"https:\\\/\\\/esi.uclm.es\\\/\"},{\"@type\":\"ListItem\",\"position\":2,\"name\":\"Presentaci\u00f3n del Programa Mentor Profesional\"}]},{\"@type\":\"WebSite\",\"@id\":\"https:\\\/\\\/esi.uclm.es\\\/#website\",\"url\":\"https:\\\/\\\/esi.uclm.es\\\/\",\"name\":\"Escuela Superior de Inform\u00e1tica de UCLM en Ciudad Real, Castilla-La Mancha\",\"description\":\"La Escuela Superior de Inform\u00e1tica de Ciudad Real (Castilla-La Mancha), Universidad de Castilla-La Mancha es un centro universitario que imparte el ciclo completo de Ingenier\u00eda en Inform\u00e1tica: grado, m\u00e1ster y doctorado.\",\"publisher\":{\"@id\":\"https:\\\/\\\/esi.uclm.es\\\/#organization\"},\"potentialAction\":[{\"@type\":\"SearchAction\",\"target\":{\"@type\":\"EntryPoint\",\"urlTemplate\":\"https:\\\/\\\/esi.uclm.es\\\/?s={search_term_string}\"},\"query-input\":{\"@type\":\"PropertyValueSpecification\",\"valueRequired\":true,\"valueName\":\"search_term_string\"}}],\"inLanguage\":\"es\"},{\"@type\":\"Organization\",\"@id\":\"https:\\\/\\\/esi.uclm.es\\\/#organization\",\"name\":\"Escuela Superior de Inform\u00e1tica de UCLM\",\"url\":\"https:\\\/\\\/esi.uclm.es\\\/\",\"logo\":{\"@type\":\"ImageObject\",\"inLanguage\":\"es\",\"@id\":\"https:\\\/\\\/esi.uclm.es\\\/#\\\/schema\\\/logo\\\/image\\\/\",\"url\":\"https:\\\/\\\/esi.uclm.es\\\/assets\\\/uploads\\\/2022\\\/03\\\/LogoESI_cabecera-1.png\",\"contentUrl\":\"https:\\\/\\\/esi.uclm.es\\\/assets\\\/uploads\\\/2022\\\/03\\\/LogoESI_cabecera-1.png\",\"width\":460,\"height\":184,\"caption\":\"Escuela Superior de Inform\u00e1tica de UCLM\"},\"image\":{\"@id\":\"https:\\\/\\\/esi.uclm.es\\\/#\\\/schema\\\/logo\\\/image\\\/\"},\"sameAs\":[\"https:\\\/\\\/www.facebook.com\\\/Escuela-Superior-de-Informtica-543261809027158\",\"https:\\\/\\\/x.com\\\/esiuclm\",\"https:\\\/\\\/www.instagram.com\\\/esiuclm\\\/\",\"https:\\\/\\\/www.youtube.com\\\/user\\\/esiuclm\",\"https:\\\/\\\/www.twitch.tv\\\/esiuclm\",\"https:\\\/\\\/www.linkedin.com\\\/company\\\/12656631\\\/admin\\\/\"]},{\"@type\":\"Person\",\"@id\":\"https:\\\/\\\/esi.uclm.es\\\/#\\\/schema\\\/person\\\/d9a390095e8beeca5aced92acb17a530\",\"name\":\"esiuclm\",\"image\":{\"@type\":\"ImageObject\",\"inLanguage\":\"es\",\"@id\":\"https:\\\/\\\/secure.gravatar.com\\\/avatar\\\/ff32e6f445454691c713484fe154c7002761ecabfa4cfa2fea57c231744892da?s=96&d=mm&r=g\",\"url\":\"https:\\\/\\\/secure.gravatar.com\\\/avatar\\\/ff32e6f445454691c713484fe154c7002761ecabfa4cfa2fea57c231744892da?s=96&d=mm&r=g\",\"contentUrl\":\"https:\\\/\\\/secure.gravatar.com\\\/avatar\\\/ff32e6f445454691c713484fe154c7002761ecabfa4cfa2fea57c231744892da?s=96&d=mm&r=g\",\"caption\":\"esiuclm\"},\"sameAs\":[\"https:\\\/\\\/esi.uclm.es\"],\"url\":\"https:\\\/\\\/esi.uclm.es\\\/index.php\\\/author\\\/esiadmin\\\/\"}]}<\/script>\n<!-- \/ Yoast SEO plugin. -->","yoast_head_json":{"title":"Presentaci\u00f3n del Programa Mentor Profesional - Escuela Superior de Inform\u00e1tica de UCLM","description":"\u00bfQuieres que te ayudemos en tu inminente integraci\u00f3n al mercado laboral? Te presentamos el Programa Mentor Profesional (No te pierdas este video: https:\/\/www.youtube.com\/watch?v=TPQPc-Sf6Mc ) donde egresados de la ESI que est\u00e1n trabajando en empresas de prestigio est\u00e1n deseando compartir su experiencia contigo. Se te asignar\u00e1 un mentor profesional de entre los que ya han confirmado su participaci\u00f3n: https:\/\/esi.uclm.es\/index.php\/vida-en-la-esi\/apoyo-al-estudiante\/programa-mentor-profesional\/quienes-son-los-mentores\/ . Env\u00eda un email a aurora.vizcaino@uclm.es antes del 8 de octubre para apuntarte. \u00a1No te pierdas esta oportunidad \u00fanica!","robots":{"index":"index","follow":"follow","max-snippet":"max-snippet:-1","max-image-preview":"max-image-preview:large","max-video-preview":"max-video-preview:-1"},"canonical":"https:\/\/esi.uclm.es\/index.php\/2023\/10\/02\/presentacion-del-programa-mentor-profesional\/","og_locale":"es_ES","og_type":"article","og_title":"Presentaci\u00f3n del Programa Mentor Profesional - Escuela Superior de Inform\u00e1tica de UCLM","og_description":"\u00bfQuieres que te ayudemos en tu inminente integraci\u00f3n al mercado laboral? Te presentamos el Programa Mentor Profesional (No te pierdas este video: https:\/\/www.youtube.com\/watch?v=TPQPc-Sf6Mc ) donde egresados de la ESI que est\u00e1n trabajando en empresas de prestigio est\u00e1n deseando compartir su experiencia contigo. Se te asignar\u00e1 un mentor profesional de entre los que ya han confirmado su participaci\u00f3n: https:\/\/esi.uclm.es\/index.php\/vida-en-la-esi\/apoyo-al-estudiante\/programa-mentor-profesional\/quienes-son-los-mentores\/ . Env\u00eda un email a aurora.vizcaino@uclm.es antes del 8 de octubre para apuntarte. \u00a1No te pierdas esta oportunidad \u00fanica!","og_url":"https:\/\/esi.uclm.es\/index.php\/2023\/10\/02\/presentacion-del-programa-mentor-profesional\/","og_site_name":"Escuela Superior de Inform\u00e1tica de UCLM","article_publisher":"https:\/\/www.facebook.com\/Escuela-Superior-de-Informtica-543261809027158","article_published_time":"2023-10-02T12:14:04+00:00","article_modified_time":"2023-10-09T08:49:38+00:00","og_image":[{"width":1200,"height":768,"url":"http:\/\/esi.uclm.es\/assets\/uploads\/2022\/05\/mentor_profesional_r_w.webp","type":"image\/webp"}],"author":"esiuclm","twitter_card":"summary_large_image","twitter_creator":"@esiuclm","twitter_site":"@esiuclm","twitter_misc":{"Escrito por":"esiuclm","Tiempo de lectura":"1 minuto"},"schema":{"@context":"https:\/\/schema.org","@graph":[{"@type":"Article","@id":"https:\/\/esi.uclm.es\/index.php\/2023\/10\/02\/presentacion-del-programa-mentor-profesional\/#article","isPartOf":{"@id":"https:\/\/esi.uclm.es\/index.php\/2023\/10\/02\/presentacion-del-programa-mentor-profesional\/"},"author":{"name":"esiuclm","@id":"https:\/\/esi.uclm.es\/#\/schema\/person\/d9a390095e8beeca5aced92acb17a530"},"headline":"Presentaci\u00f3n del Programa Mentor Profesional","datePublished":"2023-10-02T12:14:04+00:00","dateModified":"2023-10-09T08:49:38+00:00","mainEntityOfPage":{"@id":"https:\/\/esi.uclm.es\/index.php\/2023\/10\/02\/presentacion-del-programa-mentor-profesional\/"},"wordCount":131,"commentCount":0,"publisher":{"@id":"https:\/\/esi.uclm.es\/#organization"},"image":{"@id":"https:\/\/esi.uclm.es\/index.php\/2023\/10\/02\/presentacion-del-programa-mentor-profesional\/#primaryimage"},"thumbnailUrl":"https:\/\/esi.uclm.es\/assets\/uploads\/2022\/05\/mentor_profesional_r_w.webp","articleSection":["Empresas"],"inLanguage":"es","potentialAction":[{"@type":"CommentAction","name":"Comment","target":["https:\/\/esi.uclm.es\/index.php\/2023\/10\/02\/presentacion-del-programa-mentor-profesional\/#respond"]}]},{"@type":"WebPage","@id":"https:\/\/esi.uclm.es\/index.php\/2023\/10\/02\/presentacion-del-programa-mentor-profesional\/","url":"https:\/\/esi.uclm.es\/index.php\/2023\/10\/02\/presentacion-del-programa-mentor-profesional\/","name":"Presentaci\u00f3n del Programa Mentor Profesional - Escuela Superior de Inform\u00e1tica de UCLM","isPartOf":{"@id":"https:\/\/esi.uclm.es\/#website"},"primaryImageOfPage":{"@id":"https:\/\/esi.uclm.es\/index.php\/2023\/10\/02\/presentacion-del-programa-mentor-profesional\/#primaryimage"},"image":{"@id":"https:\/\/esi.uclm.es\/index.php\/2023\/10\/02\/presentacion-del-programa-mentor-profesional\/#primaryimage"},"thumbnailUrl":"https:\/\/esi.uclm.es\/assets\/uploads\/2022\/05\/mentor_profesional_r_w.webp","datePublished":"2023-10-02T12:14:04+00:00","dateModified":"2023-10-09T08:49:38+00:00","description":"\u00bfQuieres que te ayudemos en tu inminente integraci\u00f3n al mercado laboral? Te presentamos el Programa Mentor Profesional (No te pierdas este video: https:\/\/www.youtube.com\/watch?v=TPQPc-Sf6Mc ) donde egresados de la ESI que est\u00e1n trabajando en empresas de prestigio est\u00e1n deseando compartir su experiencia contigo. Se te asignar\u00e1 un mentor profesional de entre los que ya han confirmado su participaci\u00f3n: https:\/\/esi.uclm.es\/index.php\/vida-en-la-esi\/apoyo-al-estudiante\/programa-mentor-profesional\/quienes-son-los-mentores\/ . Env\u00eda un email a aurora.vizcaino@uclm.es antes del 8 de octubre para apuntarte. \u00a1No te pierdas esta oportunidad \u00fanica!","breadcrumb":{"@id":"https:\/\/esi.uclm.es\/index.php\/2023\/10\/02\/presentacion-del-programa-mentor-profesional\/#breadcrumb"},"inLanguage":"es","potentialAction":[{"@type":"ReadAction","target":["https:\/\/esi.uclm.es\/index.php\/2023\/10\/02\/presentacion-del-programa-mentor-profesional\/"]}]},{"@type":"ImageObject","inLanguage":"es","@id":"https:\/\/esi.uclm.es\/index.php\/2023\/10\/02\/presentacion-del-programa-mentor-profesional\/#primaryimage","url":"https:\/\/esi.uclm.es\/assets\/uploads\/2022\/05\/mentor_profesional_r_w.webp","contentUrl":"https:\/\/esi.uclm.es\/assets\/uploads\/2022\/05\/mentor_profesional_r_w.webp","width":1200,"height":768,"caption":"Programa mentor profesional"},{"@type":"BreadcrumbList","@id":"https:\/\/esi.uclm.es\/index.php\/2023\/10\/02\/presentacion-del-programa-mentor-profesional\/#breadcrumb","itemListElement":[{"@type":"ListItem","position":1,"name":"Portada","item":"https:\/\/esi.uclm.es\/"},{"@type":"ListItem","position":2,"name":"Presentaci\u00f3n del Programa Mentor Profesional"}]},{"@type":"WebSite","@id":"https:\/\/esi.uclm.es\/#website","url":"https:\/\/esi.uclm.es\/","name":"Escuela Superior de Inform\u00e1tica de UCLM en Ciudad Real, Castilla-La Mancha","description":"La Escuela Superior de Inform\u00e1tica de Ciudad Real (Castilla-La Mancha), Universidad de Castilla-La Mancha es un centro universitario que imparte el ciclo completo de Ingenier\u00eda en Inform\u00e1tica: grado, m\u00e1ster y doctorado.","publisher":{"@id":"https:\/\/esi.uclm.es\/#organization"},"potentialAction":[{"@type":"SearchAction","target":{"@type":"EntryPoint","urlTemplate":"https:\/\/esi.uclm.es\/?s={search_term_string}"},"query-input":{"@type":"PropertyValueSpecification","valueRequired":true,"valueName":"search_term_string"}}],"inLanguage":"es"},{"@type":"Organization","@id":"https:\/\/esi.uclm.es\/#organization","name":"Escuela Superior de Inform\u00e1tica de UCLM","url":"https:\/\/esi.uclm.es\/","logo":{"@type":"ImageObject","inLanguage":"es","@id":"https:\/\/esi.uclm.es\/#\/schema\/logo\/image\/","url":"https:\/\/esi.uclm.es\/assets\/uploads\/2022\/03\/LogoESI_cabecera-1.png","contentUrl":"https:\/\/esi.uclm.es\/assets\/uploads\/2022\/03\/LogoESI_cabecera-1.png","width":460,"height":184,"caption":"Escuela Superior de Inform\u00e1tica de UCLM"},"image":{"@id":"https:\/\/esi.uclm.es\/#\/schema\/logo\/image\/"},"sameAs":["https:\/\/www.facebook.com\/Escuela-Superior-de-Informtica-543261809027158","https:\/\/x.com\/esiuclm","https:\/\/www.instagram.com\/esiuclm\/","https:\/\/www.youtube.com\/user\/esiuclm","https:\/\/www.twitch.tv\/esiuclm","https:\/\/www.linkedin.com\/company\/12656631\/admin\/"]},{"@type":"Person","@id":"https:\/\/esi.uclm.es\/#\/schema\/person\/d9a390095e8beeca5aced92acb17a530","name":"esiuclm","image":{"@type":"ImageObject","inLanguage":"es","@id":"https:\/\/secure.gravatar.com\/avatar\/ff32e6f445454691c713484fe154c7002761ecabfa4cfa2fea57c231744892da?s=96&d=mm&r=g","url":"https:\/\/secure.gravatar.com\/avatar\/ff32e6f445454691c713484fe154c7002761ecabfa4cfa2fea57c231744892da?s=96&d=mm&r=g","contentUrl":"https:\/\/secure.gravatar.com\/avatar\/ff32e6f445454691c713484fe154c7002761ecabfa4cfa2fea57c231744892da?s=96&d=mm&r=g","caption":"esiuclm"},"sameAs":["https:\/\/esi.uclm.es"],"url":"https:\/\/esi.uclm.es\/index.php\/author\/esiadmin\/"}]}},"_links":{"self":[{"href":"https:\/\/esi.uclm.es\/index.php\/wp-json\/wp\/v2\/posts\/16967","targetHints":{"allow":["GET"]}}],"collection":[{"href":"https:\/\/esi.uclm.es\/index.php\/wp-json\/wp\/v2\/posts"}],"about":[{"href":"https:\/\/esi.uclm.es\/index.php\/wp-json\/wp\/v2\/types\/post"}],"author":[{"embeddable":true,"href":"https:\/\/esi.uclm.es\/index.php\/wp-json\/wp\/v2\/users\/1"}],"replies":[{"embeddable":true,"href":"https:\/\/esi.uclm.es\/index.php\/wp-json\/wp\/v2\/comments?post=16967"}],"version-history":[{"count":3,"href":"https:\/\/esi.uclm.es\/index.php\/wp-json\/wp\/v2\/posts\/16967\/revisions"}],"predecessor-version":[{"id":16970,"href":"https:\/\/esi.uclm.es\/index.php\/wp-json\/wp\/v2\/posts\/16967\/revisions\/16970"}],"wp:featuredmedia":[{"embeddable":true,"href":"https:\/\/esi.uclm.es\/index.php\/wp-json\/wp\/v2\/media\/9721"}],"wp:attachment":[{"href":"https:\/\/esi.uclm.es\/index.php\/wp-json\/wp\/v2\/media?parent=16967"}],"wp:term":[{"taxonomy":"category","embeddable":true,"href":"https:\/\/esi.uclm.es\/index.php\/wp-json\/wp\/v2\/categories?post=16967"},{"taxonomy":"post_tag","embeddable":true,"href":"https:\/\/esi.uclm.es\/index.php\/wp-json\/wp\/v2\/tags?post=16967"}],"curies":[{"name":"wp","href":"https:\/\/api.w.org\/{rel}","templated":true}]}}