{"id":16392,"date":"2023-07-13T21:24:57","date_gmt":"2023-07-13T21:24:57","guid":{"rendered":"https:\/\/esi.uclm.es\/?p=16392"},"modified":"2023-07-19T07:49:16","modified_gmt":"2023-07-19T07:49:16","slug":"cinco-profesoras-de-la-esi-en-el-ranking-csic-2023","status":"publish","type":"post","link":"https:\/\/esi.uclm.es\/index.php\/2023\/07\/13\/cinco-profesoras-de-la-esi-en-el-ranking-csic-2023\/","title":{"rendered":"Cinco profesoras de la ESI en el ranking CSIC 2023"},"content":{"rendered":"\n<p><strong>Aumenta la presencia de la Escuela Superior de Inform\u00e1tica de Ciudad Real en el prestigioso ranking del CSIC<\/strong> <strong>de mujeres investigadoras<\/strong>.<\/p>\n\n\n\n<p>Ciudad Real, 13 de julio de 2023 \u2013 El <a href=\"https:\/\/www.csic.es\/es\">Consejo Superior de Investigaciones Cient\u00edficas (CSIC)<\/a> ha publicado la <a href=\"https:\/\/www.webometrics.info\/en\/investigadoras\">segunda edici\u00f3n del Ranking de investigadoras espa\u00f1olas y extranjeras que trabajan en Espa\u00f1a<\/a>, bas\u00e1ndose en los datos proporcionados por Google Scholar. En esta edici\u00f3n, cinco profesoras de la Escuela Superior de Inform\u00e1tica de Ciudad Real, pertenecientes a la <a href=\"http:\/\/www.uclm.es\">Universidad de Castilla-La Mancha<\/a>, han sido incluidas, reafirmando as\u00ed la presencia y contribuci\u00f3n de la Escuela en la investigaci\u00f3n cient\u00edfica y tecnol\u00f3gica de alto nivel.<\/p>\n\n\n\n<p>Las profesoras destacadas son Coral Calero (puesto 860), Marcela Genero (puesto 1214), Aurora Vizca\u00edno (puesto 3652), Ana Isabel Molina (puesto 6999) y Mari \u00c1ngeles Moraga (puesto 7341), todas ellas contribuyendo al prestigio de la instituci\u00f3n y al avance del conocimiento en el campo de la inform\u00e1tica.<\/p>\n\n\n\n<p>El ranking, que incluye a las 8107 investigadoras con mayor \u00edndice h (18 o mayor) y secundariamente por n\u00famero de citas, busca incrementar la visibilidad de las investigadoras en Espa\u00f1a. Cabe recalcar que la presencia de la Escuela Superior de Inform\u00e1tica de Ciudad Real en este ranking ha crecido de tres profesoras en 2022 a cinco en 2023. <\/p>\n\n\n\n<p>Adem\u00e1s, a nivel de toda la Universidad de Castilla-La Mancha, se ha experimentado un considerable incremento en el n\u00famero de profesoras incluidas en este ranking, pasando de 42 en 2022 a 95 en 2023. Este dato reafirma el compromiso de la Universidad con las pol\u00edticas de igualdad de g\u00e9nero y la relevancia de su labor investigadora.<\/p>\n\n\n\n<p>Desde la Escuela Superior de Inform\u00e1tica, felicitamos a nuestras profesoras y resto de compa\u00f1eras de la UCLM por su inclusi\u00f3n en este prestigioso ranking. La lista de profesoras e investigadoras de la Universidad de Castilla-La Mancha que aparecen en el ranking es la siguiente:<\/p>\n\n\n\n<figure class=\"wp-block-table\"><table><tbody><tr><td><strong>POSICI\u00d3N<\/strong><\/td><td><strong>INVESTIGADORA<\/strong><\/td><td><strong>\u00cdNDICE H<\/strong><\/td><td><strong>CITAS<\/strong><\/td><\/tr><tr><td><strong>218<\/strong><\/td><td><a href=\"https:\/\/scholar.google.es\/citations?user=eM7CXjoAAAAJ\">Cristina S\u00e1ez<\/a><\/td><td>60<\/td><td>13665<\/td><\/tr><tr><td><strong>689<\/strong><\/td><td><a href=\"https:\/\/scholar.google.es\/citations?user=c39h5REAAAAJ\">Ester V\u00e1zquez<\/a><\/td><td>45<\/td><td>8409<\/td><\/tr><tr><td><strong>740<\/strong><\/td><td><a href=\"https:\/\/scholar.google.es\/citations?user=C8iNNWcAAAAJ\">Mar\u00eda Antonia Herrero Chamorro<\/a><\/td><td>44<\/td><td>27880<\/td><\/tr><tr><td><strong>847<\/strong><\/td><td><a href=\"https:\/\/scholar.google.es\/citations?user=B3YJpsYAAAAJ\">Ursula H\u00f6fle<\/a><\/td><td>43<\/td><td>6077<\/td><\/tr><tr><td><strong>860<\/strong><\/td><td><a href=\"https:\/\/scholar.google.es\/citations?user=1YD0jqAAAAAJ\">Coral Calero<\/a><\/td><td>43<\/td><td>5541<\/td><\/tr><tr><td><strong>959<\/strong><\/td><td><a href=\"https:\/\/scholar.google.es\/citations?user=SHBXOFwAAAAJ\">Amaya Romero Izquierdo<\/a><\/td><td>42<\/td><td>4788<\/td><\/tr><tr><td><strong>964<\/strong><\/td><td><a href=\"https:\/\/scholar.google.es\/citations?user=AZzG22MAAAAJ\">Ana Josefa Soler<\/a><\/td><td>42<\/td><td>4508<\/td><\/tr><tr><td><strong>1041<\/strong><\/td><td><a href=\"https:\/\/scholar.google.es\/citations?user=B24HKxYAAAAJ\">Lourdes G\u00f3mez G\u00f3mez<\/a><\/td><td>40<\/td><td>12319<\/td><\/tr><tr><td><strong>1125<\/strong><\/td><td><a href=\"https:\/\/scholar.google.es\/citations?user=O9qJCVsAAAAJ\">Roc\u00edo Fern\u00e1ndez Santos<\/a><\/td><td>40<\/td><td>3459<\/td><\/tr><tr><td><strong>1194<\/strong><\/td><td><a href=\"https:\/\/scholar.google.es\/citations?user=UwOhEBsAAAAJ\">M Desamparados Salvador<\/a><\/td><td>39<\/td><td>5202<\/td><\/tr><tr><td><strong>1214<\/strong><\/td><td><a href=\"https:\/\/scholar.google.es\/citations?user=Ro6Q_GcAAAAJ\">Marcela Genero<\/a><\/td><td>39<\/td><td>4559<\/td><\/tr><tr><td><strong>1431<\/strong><\/td><td><a href=\"https:\/\/scholar.google.es\/citations?user=j2dlD2wAAAAJ\">Mairena S\u00e1nchez L\u00f3pez<\/a><\/td><td>37<\/td><td>4719<\/td><\/tr><tr><td><strong>1684<\/strong><\/td><td><a href=\"https:\/\/scholar.google.es\/citations?user=6It45hkAAAAJ\">Celia \u00c1lvarez Bueno<\/a><\/td><td>35<\/td><td>4874<\/td><\/tr><tr><td><strong>1693<\/strong><\/td><td><a href=\"https:\/\/scholar.google.es\/citations?user=RBAHhUgAAAAJ\">Luz S\u00e1nchez Silva<\/a><\/td><td>35<\/td><td>4532<\/td><\/tr><tr><td><strong>1845<\/strong><\/td><td><a href=\"https:\/\/scholar.google.es\/citations?user=9ozddPUAAAAJ\">Juana Rodr\u00edguez Flores<\/a><\/td><td>34<\/td><td>4675<\/td><\/tr><tr><td><strong>1870<\/strong><\/td><td><a href=\"https:\/\/scholar.google.es\/citations?user=aeV4gX4AAAAJ\">Susana Aznar<\/a><\/td><td>34<\/td><td>4267<\/td><\/tr><tr><td><strong>1949<\/strong><\/td><td><a href=\"https:\/\/scholar.google.es\/citations?user=vs7UOZQAAAAJ\">Blanca R Manzano Manrique<\/a><\/td><td>34<\/td><td>2963<\/td><\/tr><tr><td><strong>2045<\/strong><\/td><td><a href=\"https:\/\/scholar.google.es\/citations?user=R-1NEyoAAAAJ\">Carolina Escobar<\/a><\/td><td>33<\/td><td>4133<\/td><\/tr><tr><td><strong>2134<\/strong><\/td><td><a href=\"https:\/\/scholar.google.es\/citations?user=kjFwX50AAAAJ\">Isabel L\u00f3pez Solera<\/a><\/td><td>33<\/td><td>2900<\/td><\/tr><tr><td><strong>2150<\/strong><\/td><td><a href=\"https:\/\/scholar.google.es\/citations?user=y_ZwyxgAAAAJ\">Gloria Bueno<\/a><\/td><td>32<\/td><td>7519<\/td><\/tr><tr><td><strong>2245<\/strong><\/td><td><a href=\"https:\/\/scholar.google.es\/citations?user=9xSjf_kAAAAJ\">Mar\u00eda Pilar Mart\u00ednez Ruiz<\/a><\/td><td>32<\/td><td>3612<\/td><\/tr><tr><td><strong>2249<\/strong><\/td><td><a href=\"https:\/\/scholar.google.es\/citations?user=WJ0cq0oAAAAJ\">Fabiola Mart\u00ednez<\/a><\/td><td>32<\/td><td>3523<\/td><\/tr><tr><td><strong>2472<\/strong><\/td><td><a href=\"https:\/\/scholar.google.es\/citations?user=CRNW6XgAAAAJ\">Carmen Fenoll<\/a><\/td><td>31<\/td><td>3214<\/td><\/tr><tr><td><strong>3158<\/strong><\/td><td><a href=\"https:\/\/scholar.google.es\/citations?user=yHnii14AAAAJ\">Amelia Guadalupe Grau<\/a><\/td><td>28<\/td><td>2936<\/td><\/tr><tr><td><strong>3556<\/strong><\/td><td><a href=\"https:\/\/scholar.google.es\/citations?user=GMi_gJcAAAAJ\">Rosa P\u00e9rez Badia<\/a><\/td><td>27<\/td><td>2066<\/td><\/tr><tr><td><strong>3604<\/strong><\/td><td><a href=\"https:\/\/scholar.google.es\/citations?user=PRbaCUMAAAAJ\">Carmen D\u00edaz Delgado<\/a><\/td><td>26<\/td><td>4925<\/td><\/tr><tr><td><strong>3608<\/strong><\/td><td><a href=\"https:\/\/scholar.google.es\/citations?user=oUwB_wIAAAAJ\">Mar\u00eda Jes\u00fas Ramos<\/a><\/td><td>26<\/td><td>4620<\/td><\/tr><tr><td><strong>3652<\/strong><\/td><td><a href=\"https:\/\/scholar.google.es\/citations?user=6QWUv4kAAAAJ\">Aurora Vizca\u00edno<\/a><\/td><td>26<\/td><td>3279<\/td><\/tr><tr><td><strong>3690<\/strong><\/td><td><a href=\"https:\/\/scholar.google.es\/citations?user=imksnYIAAAAJ\">Inmaculada Posadas<\/a><\/td><td>26<\/td><td>2782<\/td><\/tr><tr><td><strong>3779<\/strong><\/td><td><a href=\"https:\/\/scholar.google.es\/citations?user=QAceekMAAAAJ\">M Victoria G\u00f3mez<\/a><\/td><td>26<\/td><td>2327<\/td><\/tr><tr><td><strong>3835<\/strong><\/td><td><a href=\"https:\/\/scholar.google.es\/citations?user=o1Bm0yQAAAAJ\">Rena C Yu<\/a><\/td><td>26<\/td><td>2105<\/td><\/tr><tr><td><strong>3864<\/strong><\/td><td><a href=\"https:\/\/scholar.google.es\/citations?user=7grBUDgAAAAJ\">Elena Jim\u00e9nez<\/a><\/td><td>26<\/td><td>2010<\/td><\/tr><tr><td><strong>3881<\/strong><\/td><td><a href=\"https:\/\/scholar.google.es\/citations?user=bXdvfOYAAAAJ\">Edelmira Valero<\/a><\/td><td>26<\/td><td>1919<\/td><\/tr><tr><td><strong>3903<\/strong><\/td><td><a href=\"https:\/\/scholar.google.es\/citations?user=tIdosvMAAAAJ\">Olga Garc\u00eda \u00c1lvarez<\/a><\/td><td>26<\/td><td>1765<\/td><\/tr><tr><td><strong>4024<\/strong><\/td><td><a href=\"https:\/\/scholar.google.es\/citations?user=MCLD39EAAAAJ\">Mar G\u00f3mez Rico<\/a><\/td><td>25<\/td><td>2679<\/td><\/tr><tr><td><strong>4303<\/strong><\/td><td><a href=\"https:\/\/scholar.google.es\/citations?user=dYj-pE8AAAAJ\">Silvia Llorens Folgado<\/a><\/td><td>25<\/td><td>1482<\/td><\/tr><tr><td><strong>4391<\/strong><\/td><td><a href=\"https:\/\/scholar.google.es\/citations?user=ggjBuL8AAAAJ\">Sonia Merino<\/a><\/td><td>24<\/td><td>2755<\/td><\/tr><tr><td><strong>4619<\/strong><\/td><td><a href=\"https:\/\/scholar.google.es\/citations?user=kmZ4AaoAAAAJ\">Mar\u00eda Jim\u00e9nez Moreno<\/a><\/td><td>24<\/td><td>1821<\/td><\/tr><tr><td><strong>4656<\/strong><\/td><td><a href=\"https:\/\/scholar.google.es\/citations?user=t2nwhRkAAAAJ\">Laura Ros<\/a><\/td><td>24<\/td><td>1719<\/td><\/tr><tr><td><strong>4667<\/strong><\/td><td><a href=\"https:\/\/scholar.google.es\/citations?user=ntALUToAAAAJ\">Isabel Ubeda<\/a><\/td><td>24<\/td><td>1674<\/td><\/tr><tr><td><strong>4759<\/strong><\/td><td><a href=\"https:\/\/scholar.google.es\/citations?user=Bb8N3EQAAAAJ\">Natalia Alguacil<\/a><\/td><td>23<\/td><td>3532<\/td><\/tr><tr><td><strong>4791<\/strong><\/td><td><a href=\"https:\/\/scholar.google.es\/citations?user=HC_j51sAAAAJ\">Ana Ben\u00edtez L\u00f3pez<\/a><\/td><td>23<\/td><td>2966<\/td><\/tr><tr><td><strong>4871<\/strong><\/td><td><a href=\"https:\/\/scholar.google.es\/citations?user=MeUlcV4AAAAJ\">Rosario Ballesteros<\/a><\/td><td>23<\/td><td>2292<\/td><\/tr><tr><td><strong>4879<\/strong><\/td><td><a href=\"https:\/\/scholar.google.es\/citations?user=Fl7_aP4AAAAJ\">F\u00e1tima Guadamillas<\/a><\/td><td>23<\/td><td>2238<\/td><\/tr><tr><td><strong>4894<\/strong><\/td><td><a href=\"https:\/\/scholar.google.es\/citations?user=qMt1tyEAAAAJ\">Mar\u00eda Dolores Lozano<\/a><\/td><td>23<\/td><td>2194<\/td><\/tr><tr><td><strong>4927<\/strong><\/td><td><a href=\"https:\/\/scholar.google.es\/citations?user=V1eKmSIAAAAJ\">Dulce Romero Ayuso<\/a><\/td><td>23<\/td><td>2089<\/td><\/tr><tr><td><strong>4927<\/strong><\/td><td><a href=\"https:\/\/scholar.google.es\/citations?user=2ZS0OcQAAAAJ\">Eva Rubio<\/a><\/td><td>23<\/td><td>2089<\/td><\/tr><tr><td><strong>5000<\/strong><\/td><td><a href=\"https:\/\/scholar.google.es\/citations?user=O8q_B90AAAAJ\">Teresa Cuberes<\/a><\/td><td>23<\/td><td>1871<\/td><\/tr><tr><td><strong>5061<\/strong><\/td><td><a href=\"https:\/\/scholar.google.es\/citations?user=B6-8Q74AAAAJ\">Mar\u00eda T L\u00f3pez<\/a><\/td><td>23<\/td><td>1715<\/td><\/tr><tr><td><strong>5062<\/strong><\/td><td><a href=\"https:\/\/scholar.google.es\/citations?user=z1OBY58AAAAJ\">Engracia Lacasa<\/a><\/td><td>23<\/td><td>1714<\/td><\/tr><tr><td><strong>5249<\/strong><\/td><td><a href=\"https:\/\/scholar.google.es\/citations?user=2vHwsAUAAAAJ\">Reyes Garc\u00eda Contreras<\/a><\/td><td>22<\/td><td>2619<\/td><\/tr><tr><td><strong>5417<\/strong><\/td><td><a href=\"https:\/\/scholar.google.es\/citations?user=yRSZkSUAAAAJ\">Elena Navarro<\/a><\/td><td>22<\/td><td>1867<\/td><\/tr><tr><td><strong>5527<\/strong><\/td><td><a href=\"https:\/\/scholar.google.es\/citations?user=E14FVfQAAAAJ\">Beatriz Rodr\u00edguez Mart\u00edn 1<\/a><\/td><td>22<\/td><td>1638<\/td><\/tr><tr><td><strong>5538<\/strong><\/td><td><a href=\"https:\/\/scholar.google.es\/citations?user=x2vKurkAAAAJ\">Estrella D\u00edaz<\/a><\/td><td>22<\/td><td>1623<\/td><\/tr><tr><td><strong>5627<\/strong><\/td><td><a href=\"https:\/\/scholar.google.es\/citations?user=uZZ1bKcAAAAJ\">Eva Mar\u00eda Galan Moya<\/a><\/td><td>22<\/td><td>1395<\/td><\/tr><tr><td><strong>5676<\/strong><\/td><td><a href=\"https:\/\/scholar.google.es\/citations?user=-VMqIUUAAAAJ\">Mar\u00eda Teresa Baeza Romero<\/a><\/td><td>22<\/td><td>1143<\/td><\/tr><tr><td><strong>5769<\/strong><\/td><td><a href=\"https:\/\/scholar.google.es\/citations?user=mxvoCP0AAAAJ\">Isabel Mart\u00ednez 1<\/a><\/td><td>21<\/td><td>2358<\/td><\/tr><tr><td><strong>5818<\/strong><\/td><td><a href=\"https:\/\/scholar.google.es\/citations?user=M5GWsH0AAAAJ\">Mar\u00eda Jos\u00e9 Ruiz Ortega<\/a><\/td><td>21<\/td><td>2047<\/td><\/tr><tr><td><strong>5833<\/strong><\/td><td><a href=\"https:\/\/scholar.google.es\/citations?user=aM45DBoAAAAJ\">Mar\u00eda Soledad Casta\u00f1o Mart\u00ednez<\/a><\/td><td>21<\/td><td>1995<\/td><\/tr><tr><td><strong>5840<\/strong><\/td><td><a href=\"https:\/\/scholar.google.es\/citations?user=lENdLUoAAAAJ\">Ascensi\u00f3n Palomares Ruiz<\/a><\/td><td>21<\/td><td>1971<\/td><\/tr><tr><td><strong>5900<\/strong><\/td><td><a href=\"https:\/\/scholar.google.es\/citations?user=Kyc0md8AAAAJ\">Luz Mar\u00eda Pe\u00f1a Longobardo<\/a><\/td><td>21<\/td><td>1782<\/td><\/tr><tr><td><strong>5941<\/strong><\/td><td><a href=\"https:\/\/scholar.google.es\/citations?user=tySiPp0AAAAJ\">Gloria Parra Requena<\/a><\/td><td>21<\/td><td>1697<\/td><\/tr><tr><td><strong>5955<\/strong><\/td><td><a href=\"https:\/\/scholar.google.es\/citations?user=eWelnZoAAAAJ\">Camelia Mu\u00f1oz Caro<\/a><\/td><td>21<\/td><td>1664<\/td><\/tr><tr><td><strong>6097<\/strong><\/td><td><a href=\"https:\/\/scholar.google.es\/citations?user=X9oHc5IAAAAJ\">Mar\u00eda \u00c1ngeles Cadarso Vecina<\/a><\/td><td>21<\/td><td>1383<\/td><\/tr><tr><td><strong>6176<\/strong><\/td><td><a href=\"https:\/\/scholar.google.es\/citations?user=_DG5KmgAAAAJ\">Lourdes Mateos<\/a><\/td><td>21<\/td><td>1227<\/td><\/tr><tr><td><strong>6189<\/strong><\/td><td><a href=\"https:\/\/scholar.google.es\/citations?user=KR5jgwkAAAAJ\">Ana Mar\u00eda S\u00e1nchez Migallon<\/a><\/td><td>21<\/td><td>1175<\/td><\/tr><tr><td><strong>6261<\/strong><\/td><td><a href=\"https:\/\/scholar.google.es\/citations?user=SKIxA48AAAAJ\">Raquel Garc\u00eda Bertrand<\/a><\/td><td>20<\/td><td>3074<\/td><\/tr><tr><td><strong>6277<\/strong><\/td><td><a href=\"https:\/\/scholar.google.es\/citations?user=SHFe3jMAAAAJ\">Virginia Barba S\u00e1nchez<\/a><\/td><td>20<\/td><td>2693<\/td><\/tr><tr><td><strong>6278<\/strong><\/td><td><a href=\"https:\/\/scholar.google.es\/citations?user=HNHjNZgAAAAJ\">\u00c1ngela Triguero<\/a><\/td><td>20<\/td><td>2682<\/td><\/tr><tr><td><strong>6284<\/strong><\/td><td><a href=\"https:\/\/scholar.google.es\/citations?user=Nbjz03gAAAAJ\">Agueda Esteban Talaya<\/a><\/td><td>20<\/td><td>2605<\/td><\/tr><tr><td><strong>6311<\/strong><\/td><td><a href=\"https:\/\/scholar.google.es\/citations?user=ioI6mqEAAAAJ\">Mar\u00eda A Davia<\/a><\/td><td>20<\/td><td>2304<\/td><\/tr><tr><td><strong>6341<\/strong><\/td><td><a href=\"https:\/\/scholar.google.es\/citations?user=iLs52w4AAAAJ\">Olga Viedma<\/a><\/td><td>20<\/td><td>2042<\/td><\/tr><tr><td><strong>6406<\/strong><\/td><td><a href=\"https:\/\/scholar.google.es\/citations?user=1HUCn7EAAAAJ\">Mar\u00eda Trinidad S\u00e1nchez N\u00fa\u00f1ez<\/a><\/td><td>20<\/td><td>1795<\/td><\/tr><tr><td><strong>6417<\/strong><\/td><td><a href=\"https:\/\/scholar.google.es\/citations?user=ZYLIoUgAAAAJ\">Rosa M Carrasco<\/a><\/td><td>20<\/td><td>1763<\/td><\/tr><tr><td><strong>6431<\/strong><\/td><td><a href=\"https:\/\/scholar.google.es\/citations?user=sTtaTYgAAAAJ\">Marta Mar\u00eda Moreno Valencia<\/a><\/td><td>20<\/td><td>1727<\/td><\/tr><tr><td><strong>6598<\/strong><\/td><td><a href=\"https:\/\/scholar.google.es\/citations?user=4Yc2l-oAAAAJ\">Ana Raquel de la Osa<\/a><\/td><td>20<\/td><td>1415<\/td><\/tr><tr><td><strong>6631<\/strong><\/td><td><a href=\"https:\/\/scholar.google.es\/citations?user=Tgt_b0kAAAAJ\">Carmen D\u00edaz Roldan<\/a><\/td><td>20<\/td><td>1359<\/td><\/tr><tr><td><strong>6682<\/strong><\/td><td><a href=\"https:\/\/scholar.google.es\/citations?user=55mBGa8AAAAJ\">Esther Fern\u00e1ndez Molina<\/a><\/td><td>20<\/td><td>1289<\/td><\/tr><tr><td><strong>6701<\/strong><\/td><td><a href=\"https:\/\/scholar.google.es\/citations?user=B-X9AjAAAAAJ\">Sandra D\u00edaz S\u00e1nchez<\/a><\/td><td>20<\/td><td>1261<\/td><\/tr><tr><td><strong>6829<\/strong><\/td><td><a href=\"https:\/\/scholar.google.es\/citations?user=zVgTmXYAAAAJ\">Ver\u00f3nica Fuentes Santamar\u00eda<\/a><\/td><td>20<\/td><td>976<\/td><\/tr><tr><td><strong>6866<\/strong><\/td><td><a href=\"https:\/\/scholar.google.es\/citations?user=5IFfplcAAAAJ\">Mar\u00eda Jos\u00e9 Aguilar Id\u00e1\u00f1ez<\/a><\/td><td>19<\/td><td>2690<\/td><\/tr><tr><td><strong>6891<\/strong><\/td><td><a href=\"https:\/\/scholar.google.es\/citations?user=XSoq_9UAAAAJ\">M Bel\u00e9n Hinojosa<\/a><\/td><td>19<\/td><td>2327<\/td><\/tr><tr><td><strong>6999<\/strong><\/td><td><a href=\"https:\/\/scholar.google.es\/citations?user=mv7hmfoAAAAJ\">Ana Isabel Molina<\/a><\/td><td>19<\/td><td>1676<\/td><\/tr><tr><td><strong>7341<\/strong><\/td><td><a href=\"https:\/\/scholar.google.es\/citations?user=DFRWEcYAAAAJ\">Mar\u00eda \u00c1ngeles Moraga<\/a><\/td><td>19<\/td><td>1078<\/td><\/tr><tr><td><strong>7373<\/strong><\/td><td><a href=\"https:\/\/scholar.google.es\/citations?user=tRnR9rcAAAAJ\">Ana Rivas<\/a><\/td><td>19<\/td><td>1045<\/td><\/tr><tr><td><strong>7478<\/strong><\/td><td><a href=\"https:\/\/scholar.google.es\/citations?user=XDZSq4sAAAAJ\">Cristina D\u00edaz 2<\/a><\/td><td>18<\/td><td>3066<\/td><\/tr><tr><td><strong>7523<\/strong><\/td><td><a href=\"https:\/\/scholar.google.es\/citations?user=h0mBSCUAAAAJ\">Mar\u00eda del Mar Arroyo Jim\u00e9nez<\/a><\/td><td>18<\/td><td>2018<\/td><\/tr><tr><td><strong>7554<\/strong><\/td><td><a href=\"https:\/\/scholar.google.es\/citations?user=e3WggoYAAAAJ\">Inmaculada Ballesteros Y\u00e1\u00f1ez<\/a><\/td><td>18<\/td><td>1786<\/td><\/tr><tr><td><strong>7571<\/strong><\/td><td><a href=\"https:\/\/scholar.google.es\/citations?user=sRDM5F0AAAAJ\">Raquel Bartolom\u00e9 Guti\u00e9rrez<\/a><\/td><td>18<\/td><td>1698<\/td><\/tr><tr><td><strong>7623<\/strong><\/td><td><a href=\"https:\/\/scholar.google.es\/citations?user=_t83psYAAAAJ\">Pilar Cruz Luque<\/a><\/td><td>18<\/td><td>1531<\/td><\/tr><tr><td><strong>7890<\/strong><\/td><td><a href=\"https:\/\/scholar.google.es\/citations?user=52ZlJqcAAAAJ\">Carolina Aguado<\/a><\/td><td>18<\/td><td>1107<\/td><\/tr><tr><td><strong>7927<\/strong><\/td><td><a href=\"https:\/\/scholar.google.es\/citations?user=1xILdCMAAAAJ\">Ana Isabel Cobo Cuenca<\/a><\/td><td>18<\/td><td>1067<\/td><\/tr><tr><td><strong>7932<\/strong><\/td><td><a href=\"https:\/\/scholar.google.es\/citations?user=ONGZfLAAAAAJ\">Beatriz P\u00e9rez Ramos<\/a><\/td><td>18<\/td><td>1055<\/td><\/tr><tr><td><strong>7947<\/strong><\/td><td><a href=\"https:\/\/scholar.google.es\/citations?user=ZaweC4kAAAAJ\">Mar\u00eda Jos\u00e9 Ruiz Garc\u00eda<\/a><\/td><td>18<\/td><td>1036<\/td><\/tr><tr><td><strong>8051<\/strong><\/td><td><a href=\"https:\/\/scholar.google.es\/citations?user=LlAFfkTS_NoC\">Ana D\u00edez Fern\u00e1ndez<\/a><\/td><td>18<\/td><td>862<\/td><\/tr><\/tbody><\/table><\/figure>\n","protected":false},"excerpt":{"rendered":"<p>Aumenta la presencia de profesoras de la ESI de tres en 2022 a cinco en 2023, en el prestigioso ranking de investigadoras del CSIC. Coral Calero, Marcela G\u00e9nero, Aurora Vizca\u00edno, Ana I. Molina y M\u00aa \u00c1ngeles Moraga son las profesoras de la Escuela que aparecen en el ranking. <\/p>\n","protected":false},"author":1,"featured_media":16400,"comment_status":"open","ping_status":"open","sticky":false,"template":"","format":"standard","meta":{"footnotes":""},"categories":[619,620],"tags":[],"class_list":["post-16392","post","type-post","status-publish","format-standard","has-post-thumbnail","hentry","category-general","category-investigacion"],"yoast_head":"<!-- This site is optimized with the Yoast SEO plugin v27.5 - https:\/\/yoast.com\/product\/yoast-seo-wordpress\/ -->\n<title>Cinco profesoras de la ESI en el ranking CSIC 2023 - Escuela Superior de Inform\u00e1tica de UCLM<\/title>\n<meta name=\"description\" content=\"El Consejo Superior de Investigaciones Cient\u00edficas (CSIC) ha publicado la segunda edici\u00f3n del Ranking de investigadoras espa\u00f1olas y extranjeras que trabajan en Espa\u00f1a, bas\u00e1ndose en los datos proporcionados por Google Scholar. En esta edici\u00f3n, cinco profesoras de la Escuela Superior de Inform\u00e1tica de Ciudad Real, perteneciente a la Universidad de Castilla-La Mancha, han sido incluidas, reafirmando as\u00ed la presencia y contribuci\u00f3n de la Escuela en la investigaci\u00f3n cient\u00edfica y tecnol\u00f3gica de alto nivel.\" \/>\n<meta name=\"robots\" content=\"index, follow, max-snippet:-1, max-image-preview:large, max-video-preview:-1\" \/>\n<link rel=\"canonical\" href=\"https:\/\/esi.uclm.es\/index.php\/2023\/07\/13\/cinco-profesoras-de-la-esi-en-el-ranking-csic-2023\/\" \/>\n<meta property=\"og:locale\" content=\"es_ES\" \/>\n<meta property=\"og:type\" content=\"article\" \/>\n<meta property=\"og:title\" content=\"Cinco profesoras de la ESI en el ranking CSIC 2023 - Escuela Superior de Inform\u00e1tica de UCLM\" \/>\n<meta property=\"og:description\" content=\"El Consejo Superior de Investigaciones Cient\u00edficas (CSIC) ha publicado la segunda edici\u00f3n del Ranking de investigadoras espa\u00f1olas y extranjeras que trabajan en Espa\u00f1a, bas\u00e1ndose en los datos proporcionados por Google Scholar. En esta edici\u00f3n, cinco profesoras de la Escuela Superior de Inform\u00e1tica de Ciudad Real, perteneciente a la Universidad de Castilla-La Mancha, han sido incluidas, reafirmando as\u00ed la presencia y contribuci\u00f3n de la Escuela en la investigaci\u00f3n cient\u00edfica y tecnol\u00f3gica de alto nivel.\" \/>\n<meta property=\"og:url\" content=\"https:\/\/esi.uclm.es\/index.php\/2023\/07\/13\/cinco-profesoras-de-la-esi-en-el-ranking-csic-2023\/\" \/>\n<meta property=\"og:site_name\" content=\"Escuela Superior de Inform\u00e1tica de UCLM\" \/>\n<meta property=\"article:publisher\" content=\"https:\/\/www.facebook.com\/Escuela-Superior-de-Informtica-543261809027158\" \/>\n<meta property=\"article:published_time\" content=\"2023-07-13T21:24:57+00:00\" \/>\n<meta property=\"article:modified_time\" content=\"2023-07-19T07:49:16+00:00\" \/>\n<meta property=\"og:image\" content=\"http:\/\/esi.uclm.es\/assets\/uploads\/2023\/07\/esi_investigadoras-1.webp\" \/>\n\t<meta property=\"og:image:width\" content=\"1960\" \/>\n\t<meta property=\"og:image:height\" content=\"1080\" \/>\n\t<meta property=\"og:image:type\" content=\"image\/webp\" \/>\n<meta name=\"author\" content=\"esiuclm\" \/>\n<meta name=\"twitter:card\" content=\"summary_large_image\" \/>\n<meta name=\"twitter:creator\" content=\"@esiuclm\" \/>\n<meta name=\"twitter:site\" content=\"@esiuclm\" \/>\n<meta name=\"twitter:label1\" content=\"Escrito por\" \/>\n\t<meta name=\"twitter:data1\" content=\"esiuclm\" \/>\n\t<meta name=\"twitter:label2\" content=\"Tiempo de lectura\" \/>\n\t<meta name=\"twitter:data2\" content=\"4 minutos\" \/>\n<script type=\"application\/ld+json\" class=\"yoast-schema-graph\">{\"@context\":\"https:\\\/\\\/schema.org\",\"@graph\":[{\"@type\":\"Article\",\"@id\":\"https:\\\/\\\/esi.uclm.es\\\/index.php\\\/2023\\\/07\\\/13\\\/cinco-profesoras-de-la-esi-en-el-ranking-csic-2023\\\/#article\",\"isPartOf\":{\"@id\":\"https:\\\/\\\/esi.uclm.es\\\/index.php\\\/2023\\\/07\\\/13\\\/cinco-profesoras-de-la-esi-en-el-ranking-csic-2023\\\/\"},\"author\":{\"name\":\"esiuclm\",\"@id\":\"https:\\\/\\\/esi.uclm.es\\\/#\\\/schema\\\/person\\\/d9a390095e8beeca5aced92acb17a530\"},\"headline\":\"Cinco profesoras de la ESI en el ranking CSIC 2023\",\"datePublished\":\"2023-07-13T21:24:57+00:00\",\"dateModified\":\"2023-07-19T07:49:16+00:00\",\"mainEntityOfPage\":{\"@id\":\"https:\\\/\\\/esi.uclm.es\\\/index.php\\\/2023\\\/07\\\/13\\\/cinco-profesoras-de-la-esi-en-el-ranking-csic-2023\\\/\"},\"wordCount\":680,\"commentCount\":0,\"publisher\":{\"@id\":\"https:\\\/\\\/esi.uclm.es\\\/#organization\"},\"image\":{\"@id\":\"https:\\\/\\\/esi.uclm.es\\\/index.php\\\/2023\\\/07\\\/13\\\/cinco-profesoras-de-la-esi-en-el-ranking-csic-2023\\\/#primaryimage\"},\"thumbnailUrl\":\"https:\\\/\\\/esi.uclm.es\\\/assets\\\/uploads\\\/2023\\\/07\\\/esi_investigadoras-1.webp\",\"articleSection\":[\"General\",\"Investigaci\u00f3n\"],\"inLanguage\":\"es\",\"potentialAction\":[{\"@type\":\"CommentAction\",\"name\":\"Comment\",\"target\":[\"https:\\\/\\\/esi.uclm.es\\\/index.php\\\/2023\\\/07\\\/13\\\/cinco-profesoras-de-la-esi-en-el-ranking-csic-2023\\\/#respond\"]}]},{\"@type\":\"WebPage\",\"@id\":\"https:\\\/\\\/esi.uclm.es\\\/index.php\\\/2023\\\/07\\\/13\\\/cinco-profesoras-de-la-esi-en-el-ranking-csic-2023\\\/\",\"url\":\"https:\\\/\\\/esi.uclm.es\\\/index.php\\\/2023\\\/07\\\/13\\\/cinco-profesoras-de-la-esi-en-el-ranking-csic-2023\\\/\",\"name\":\"Cinco profesoras de la ESI en el ranking CSIC 2023 - Escuela Superior de Inform\u00e1tica de UCLM\",\"isPartOf\":{\"@id\":\"https:\\\/\\\/esi.uclm.es\\\/#website\"},\"primaryImageOfPage\":{\"@id\":\"https:\\\/\\\/esi.uclm.es\\\/index.php\\\/2023\\\/07\\\/13\\\/cinco-profesoras-de-la-esi-en-el-ranking-csic-2023\\\/#primaryimage\"},\"image\":{\"@id\":\"https:\\\/\\\/esi.uclm.es\\\/index.php\\\/2023\\\/07\\\/13\\\/cinco-profesoras-de-la-esi-en-el-ranking-csic-2023\\\/#primaryimage\"},\"thumbnailUrl\":\"https:\\\/\\\/esi.uclm.es\\\/assets\\\/uploads\\\/2023\\\/07\\\/esi_investigadoras-1.webp\",\"datePublished\":\"2023-07-13T21:24:57+00:00\",\"dateModified\":\"2023-07-19T07:49:16+00:00\",\"description\":\"El Consejo Superior de Investigaciones Cient\u00edficas (CSIC) ha publicado la segunda edici\u00f3n del Ranking de investigadoras espa\u00f1olas y extranjeras que trabajan en Espa\u00f1a, bas\u00e1ndose en los datos proporcionados por Google Scholar. En esta edici\u00f3n, cinco profesoras de la Escuela Superior de Inform\u00e1tica de Ciudad Real, perteneciente a la Universidad de Castilla-La Mancha, han sido incluidas, reafirmando as\u00ed la presencia y contribuci\u00f3n de la Escuela en la investigaci\u00f3n cient\u00edfica y tecnol\u00f3gica de alto nivel.\",\"breadcrumb\":{\"@id\":\"https:\\\/\\\/esi.uclm.es\\\/index.php\\\/2023\\\/07\\\/13\\\/cinco-profesoras-de-la-esi-en-el-ranking-csic-2023\\\/#breadcrumb\"},\"inLanguage\":\"es\",\"potentialAction\":[{\"@type\":\"ReadAction\",\"target\":[\"https:\\\/\\\/esi.uclm.es\\\/index.php\\\/2023\\\/07\\\/13\\\/cinco-profesoras-de-la-esi-en-el-ranking-csic-2023\\\/\"]}]},{\"@type\":\"ImageObject\",\"inLanguage\":\"es\",\"@id\":\"https:\\\/\\\/esi.uclm.es\\\/index.php\\\/2023\\\/07\\\/13\\\/cinco-profesoras-de-la-esi-en-el-ranking-csic-2023\\\/#primaryimage\",\"url\":\"https:\\\/\\\/esi.uclm.es\\\/assets\\\/uploads\\\/2023\\\/07\\\/esi_investigadoras-1.webp\",\"contentUrl\":\"https:\\\/\\\/esi.uclm.es\\\/assets\\\/uploads\\\/2023\\\/07\\\/esi_investigadoras-1.webp\",\"width\":1960,\"height\":1080,\"caption\":\"Investigadoras de la esi en las columnas de la fachada de la escuela\"},{\"@type\":\"BreadcrumbList\",\"@id\":\"https:\\\/\\\/esi.uclm.es\\\/index.php\\\/2023\\\/07\\\/13\\\/cinco-profesoras-de-la-esi-en-el-ranking-csic-2023\\\/#breadcrumb\",\"itemListElement\":[{\"@type\":\"ListItem\",\"position\":1,\"name\":\"Portada\",\"item\":\"https:\\\/\\\/esi.uclm.es\\\/\"},{\"@type\":\"ListItem\",\"position\":2,\"name\":\"Cinco profesoras de la ESI en el ranking CSIC 2023\"}]},{\"@type\":\"WebSite\",\"@id\":\"https:\\\/\\\/esi.uclm.es\\\/#website\",\"url\":\"https:\\\/\\\/esi.uclm.es\\\/\",\"name\":\"Escuela Superior de Inform\u00e1tica de UCLM en Ciudad Real, Castilla-La Mancha\",\"description\":\"La Escuela Superior de Inform\u00e1tica de Ciudad Real (Castilla-La Mancha), Universidad de Castilla-La Mancha es un centro universitario que imparte el ciclo completo de Ingenier\u00eda en Inform\u00e1tica: grado, m\u00e1ster y doctorado.\",\"publisher\":{\"@id\":\"https:\\\/\\\/esi.uclm.es\\\/#organization\"},\"potentialAction\":[{\"@type\":\"SearchAction\",\"target\":{\"@type\":\"EntryPoint\",\"urlTemplate\":\"https:\\\/\\\/esi.uclm.es\\\/?s={search_term_string}\"},\"query-input\":{\"@type\":\"PropertyValueSpecification\",\"valueRequired\":true,\"valueName\":\"search_term_string\"}}],\"inLanguage\":\"es\"},{\"@type\":\"Organization\",\"@id\":\"https:\\\/\\\/esi.uclm.es\\\/#organization\",\"name\":\"Escuela Superior de Inform\u00e1tica de UCLM\",\"url\":\"https:\\\/\\\/esi.uclm.es\\\/\",\"logo\":{\"@type\":\"ImageObject\",\"inLanguage\":\"es\",\"@id\":\"https:\\\/\\\/esi.uclm.es\\\/#\\\/schema\\\/logo\\\/image\\\/\",\"url\":\"https:\\\/\\\/esi.uclm.es\\\/assets\\\/uploads\\\/2022\\\/03\\\/LogoESI_cabecera-1.png\",\"contentUrl\":\"https:\\\/\\\/esi.uclm.es\\\/assets\\\/uploads\\\/2022\\\/03\\\/LogoESI_cabecera-1.png\",\"width\":460,\"height\":184,\"caption\":\"Escuela Superior de Inform\u00e1tica de UCLM\"},\"image\":{\"@id\":\"https:\\\/\\\/esi.uclm.es\\\/#\\\/schema\\\/logo\\\/image\\\/\"},\"sameAs\":[\"https:\\\/\\\/www.facebook.com\\\/Escuela-Superior-de-Informtica-543261809027158\",\"https:\\\/\\\/x.com\\\/esiuclm\",\"https:\\\/\\\/www.instagram.com\\\/esiuclm\\\/\",\"https:\\\/\\\/www.youtube.com\\\/user\\\/esiuclm\",\"https:\\\/\\\/www.twitch.tv\\\/esiuclm\",\"https:\\\/\\\/www.linkedin.com\\\/company\\\/12656631\\\/admin\\\/\"]},{\"@type\":\"Person\",\"@id\":\"https:\\\/\\\/esi.uclm.es\\\/#\\\/schema\\\/person\\\/d9a390095e8beeca5aced92acb17a530\",\"name\":\"esiuclm\",\"image\":{\"@type\":\"ImageObject\",\"inLanguage\":\"es\",\"@id\":\"https:\\\/\\\/secure.gravatar.com\\\/avatar\\\/ff32e6f445454691c713484fe154c7002761ecabfa4cfa2fea57c231744892da?s=96&d=mm&r=g\",\"url\":\"https:\\\/\\\/secure.gravatar.com\\\/avatar\\\/ff32e6f445454691c713484fe154c7002761ecabfa4cfa2fea57c231744892da?s=96&d=mm&r=g\",\"contentUrl\":\"https:\\\/\\\/secure.gravatar.com\\\/avatar\\\/ff32e6f445454691c713484fe154c7002761ecabfa4cfa2fea57c231744892da?s=96&d=mm&r=g\",\"caption\":\"esiuclm\"},\"sameAs\":[\"https:\\\/\\\/esi.uclm.es\"],\"url\":\"https:\\\/\\\/esi.uclm.es\\\/index.php\\\/author\\\/esiadmin\\\/\"}]}<\/script>\n<!-- \/ Yoast SEO plugin. -->","yoast_head_json":{"title":"Cinco profesoras de la ESI en el ranking CSIC 2023 - Escuela Superior de Inform\u00e1tica de UCLM","description":"El Consejo Superior de Investigaciones Cient\u00edficas (CSIC) ha publicado la segunda edici\u00f3n del Ranking de investigadoras espa\u00f1olas y extranjeras que trabajan en Espa\u00f1a, bas\u00e1ndose en los datos proporcionados por Google Scholar. En esta edici\u00f3n, cinco profesoras de la Escuela Superior de Inform\u00e1tica de Ciudad Real, perteneciente a la Universidad de Castilla-La Mancha, han sido incluidas, reafirmando as\u00ed la presencia y contribuci\u00f3n de la Escuela en la investigaci\u00f3n cient\u00edfica y tecnol\u00f3gica de alto nivel.","robots":{"index":"index","follow":"follow","max-snippet":"max-snippet:-1","max-image-preview":"max-image-preview:large","max-video-preview":"max-video-preview:-1"},"canonical":"https:\/\/esi.uclm.es\/index.php\/2023\/07\/13\/cinco-profesoras-de-la-esi-en-el-ranking-csic-2023\/","og_locale":"es_ES","og_type":"article","og_title":"Cinco profesoras de la ESI en el ranking CSIC 2023 - Escuela Superior de Inform\u00e1tica de UCLM","og_description":"El Consejo Superior de Investigaciones Cient\u00edficas (CSIC) ha publicado la segunda edici\u00f3n del Ranking de investigadoras espa\u00f1olas y extranjeras que trabajan en Espa\u00f1a, bas\u00e1ndose en los datos proporcionados por Google Scholar. En esta edici\u00f3n, cinco profesoras de la Escuela Superior de Inform\u00e1tica de Ciudad Real, perteneciente a la Universidad de Castilla-La Mancha, han sido incluidas, reafirmando as\u00ed la presencia y contribuci\u00f3n de la Escuela en la investigaci\u00f3n cient\u00edfica y tecnol\u00f3gica de alto nivel.","og_url":"https:\/\/esi.uclm.es\/index.php\/2023\/07\/13\/cinco-profesoras-de-la-esi-en-el-ranking-csic-2023\/","og_site_name":"Escuela Superior de Inform\u00e1tica de UCLM","article_publisher":"https:\/\/www.facebook.com\/Escuela-Superior-de-Informtica-543261809027158","article_published_time":"2023-07-13T21:24:57+00:00","article_modified_time":"2023-07-19T07:49:16+00:00","og_image":[{"width":1960,"height":1080,"url":"http:\/\/esi.uclm.es\/assets\/uploads\/2023\/07\/esi_investigadoras-1.webp","type":"image\/webp"}],"author":"esiuclm","twitter_card":"summary_large_image","twitter_creator":"@esiuclm","twitter_site":"@esiuclm","twitter_misc":{"Escrito por":"esiuclm","Tiempo de lectura":"4 minutos"},"schema":{"@context":"https:\/\/schema.org","@graph":[{"@type":"Article","@id":"https:\/\/esi.uclm.es\/index.php\/2023\/07\/13\/cinco-profesoras-de-la-esi-en-el-ranking-csic-2023\/#article","isPartOf":{"@id":"https:\/\/esi.uclm.es\/index.php\/2023\/07\/13\/cinco-profesoras-de-la-esi-en-el-ranking-csic-2023\/"},"author":{"name":"esiuclm","@id":"https:\/\/esi.uclm.es\/#\/schema\/person\/d9a390095e8beeca5aced92acb17a530"},"headline":"Cinco profesoras de la ESI en el ranking CSIC 2023","datePublished":"2023-07-13T21:24:57+00:00","dateModified":"2023-07-19T07:49:16+00:00","mainEntityOfPage":{"@id":"https:\/\/esi.uclm.es\/index.php\/2023\/07\/13\/cinco-profesoras-de-la-esi-en-el-ranking-csic-2023\/"},"wordCount":680,"commentCount":0,"publisher":{"@id":"https:\/\/esi.uclm.es\/#organization"},"image":{"@id":"https:\/\/esi.uclm.es\/index.php\/2023\/07\/13\/cinco-profesoras-de-la-esi-en-el-ranking-csic-2023\/#primaryimage"},"thumbnailUrl":"https:\/\/esi.uclm.es\/assets\/uploads\/2023\/07\/esi_investigadoras-1.webp","articleSection":["General","Investigaci\u00f3n"],"inLanguage":"es","potentialAction":[{"@type":"CommentAction","name":"Comment","target":["https:\/\/esi.uclm.es\/index.php\/2023\/07\/13\/cinco-profesoras-de-la-esi-en-el-ranking-csic-2023\/#respond"]}]},{"@type":"WebPage","@id":"https:\/\/esi.uclm.es\/index.php\/2023\/07\/13\/cinco-profesoras-de-la-esi-en-el-ranking-csic-2023\/","url":"https:\/\/esi.uclm.es\/index.php\/2023\/07\/13\/cinco-profesoras-de-la-esi-en-el-ranking-csic-2023\/","name":"Cinco profesoras de la ESI en el ranking CSIC 2023 - Escuela Superior de Inform\u00e1tica de UCLM","isPartOf":{"@id":"https:\/\/esi.uclm.es\/#website"},"primaryImageOfPage":{"@id":"https:\/\/esi.uclm.es\/index.php\/2023\/07\/13\/cinco-profesoras-de-la-esi-en-el-ranking-csic-2023\/#primaryimage"},"image":{"@id":"https:\/\/esi.uclm.es\/index.php\/2023\/07\/13\/cinco-profesoras-de-la-esi-en-el-ranking-csic-2023\/#primaryimage"},"thumbnailUrl":"https:\/\/esi.uclm.es\/assets\/uploads\/2023\/07\/esi_investigadoras-1.webp","datePublished":"2023-07-13T21:24:57+00:00","dateModified":"2023-07-19T07:49:16+00:00","description":"El Consejo Superior de Investigaciones Cient\u00edficas (CSIC) ha publicado la segunda edici\u00f3n del Ranking de investigadoras espa\u00f1olas y extranjeras que trabajan en Espa\u00f1a, bas\u00e1ndose en los datos proporcionados por Google Scholar. En esta edici\u00f3n, cinco profesoras de la Escuela Superior de Inform\u00e1tica de Ciudad Real, perteneciente a la Universidad de Castilla-La Mancha, han sido incluidas, reafirmando as\u00ed la presencia y contribuci\u00f3n de la Escuela en la investigaci\u00f3n cient\u00edfica y tecnol\u00f3gica de alto nivel.","breadcrumb":{"@id":"https:\/\/esi.uclm.es\/index.php\/2023\/07\/13\/cinco-profesoras-de-la-esi-en-el-ranking-csic-2023\/#breadcrumb"},"inLanguage":"es","potentialAction":[{"@type":"ReadAction","target":["https:\/\/esi.uclm.es\/index.php\/2023\/07\/13\/cinco-profesoras-de-la-esi-en-el-ranking-csic-2023\/"]}]},{"@type":"ImageObject","inLanguage":"es","@id":"https:\/\/esi.uclm.es\/index.php\/2023\/07\/13\/cinco-profesoras-de-la-esi-en-el-ranking-csic-2023\/#primaryimage","url":"https:\/\/esi.uclm.es\/assets\/uploads\/2023\/07\/esi_investigadoras-1.webp","contentUrl":"https:\/\/esi.uclm.es\/assets\/uploads\/2023\/07\/esi_investigadoras-1.webp","width":1960,"height":1080,"caption":"Investigadoras de la esi en las columnas de la fachada de la escuela"},{"@type":"BreadcrumbList","@id":"https:\/\/esi.uclm.es\/index.php\/2023\/07\/13\/cinco-profesoras-de-la-esi-en-el-ranking-csic-2023\/#breadcrumb","itemListElement":[{"@type":"ListItem","position":1,"name":"Portada","item":"https:\/\/esi.uclm.es\/"},{"@type":"ListItem","position":2,"name":"Cinco profesoras de la ESI en el ranking CSIC 2023"}]},{"@type":"WebSite","@id":"https:\/\/esi.uclm.es\/#website","url":"https:\/\/esi.uclm.es\/","name":"Escuela Superior de Inform\u00e1tica de UCLM en Ciudad Real, Castilla-La Mancha","description":"La Escuela Superior de Inform\u00e1tica de Ciudad Real (Castilla-La Mancha), Universidad de Castilla-La Mancha es un centro universitario que imparte el ciclo completo de Ingenier\u00eda en Inform\u00e1tica: grado, m\u00e1ster y doctorado.","publisher":{"@id":"https:\/\/esi.uclm.es\/#organization"},"potentialAction":[{"@type":"SearchAction","target":{"@type":"EntryPoint","urlTemplate":"https:\/\/esi.uclm.es\/?s={search_term_string}"},"query-input":{"@type":"PropertyValueSpecification","valueRequired":true,"valueName":"search_term_string"}}],"inLanguage":"es"},{"@type":"Organization","@id":"https:\/\/esi.uclm.es\/#organization","name":"Escuela Superior de Inform\u00e1tica de UCLM","url":"https:\/\/esi.uclm.es\/","logo":{"@type":"ImageObject","inLanguage":"es","@id":"https:\/\/esi.uclm.es\/#\/schema\/logo\/image\/","url":"https:\/\/esi.uclm.es\/assets\/uploads\/2022\/03\/LogoESI_cabecera-1.png","contentUrl":"https:\/\/esi.uclm.es\/assets\/uploads\/2022\/03\/LogoESI_cabecera-1.png","width":460,"height":184,"caption":"Escuela Superior de Inform\u00e1tica de UCLM"},"image":{"@id":"https:\/\/esi.uclm.es\/#\/schema\/logo\/image\/"},"sameAs":["https:\/\/www.facebook.com\/Escuela-Superior-de-Informtica-543261809027158","https:\/\/x.com\/esiuclm","https:\/\/www.instagram.com\/esiuclm\/","https:\/\/www.youtube.com\/user\/esiuclm","https:\/\/www.twitch.tv\/esiuclm","https:\/\/www.linkedin.com\/company\/12656631\/admin\/"]},{"@type":"Person","@id":"https:\/\/esi.uclm.es\/#\/schema\/person\/d9a390095e8beeca5aced92acb17a530","name":"esiuclm","image":{"@type":"ImageObject","inLanguage":"es","@id":"https:\/\/secure.gravatar.com\/avatar\/ff32e6f445454691c713484fe154c7002761ecabfa4cfa2fea57c231744892da?s=96&d=mm&r=g","url":"https:\/\/secure.gravatar.com\/avatar\/ff32e6f445454691c713484fe154c7002761ecabfa4cfa2fea57c231744892da?s=96&d=mm&r=g","contentUrl":"https:\/\/secure.gravatar.com\/avatar\/ff32e6f445454691c713484fe154c7002761ecabfa4cfa2fea57c231744892da?s=96&d=mm&r=g","caption":"esiuclm"},"sameAs":["https:\/\/esi.uclm.es"],"url":"https:\/\/esi.uclm.es\/index.php\/author\/esiadmin\/"}]}},"_links":{"self":[{"href":"https:\/\/esi.uclm.es\/index.php\/wp-json\/wp\/v2\/posts\/16392","targetHints":{"allow":["GET"]}}],"collection":[{"href":"https:\/\/esi.uclm.es\/index.php\/wp-json\/wp\/v2\/posts"}],"about":[{"href":"https:\/\/esi.uclm.es\/index.php\/wp-json\/wp\/v2\/types\/post"}],"author":[{"embeddable":true,"href":"https:\/\/esi.uclm.es\/index.php\/wp-json\/wp\/v2\/users\/1"}],"replies":[{"embeddable":true,"href":"https:\/\/esi.uclm.es\/index.php\/wp-json\/wp\/v2\/comments?post=16392"}],"version-history":[{"count":7,"href":"https:\/\/esi.uclm.es\/index.php\/wp-json\/wp\/v2\/posts\/16392\/revisions"}],"predecessor-version":[{"id":16403,"href":"https:\/\/esi.uclm.es\/index.php\/wp-json\/wp\/v2\/posts\/16392\/revisions\/16403"}],"wp:featuredmedia":[{"embeddable":true,"href":"https:\/\/esi.uclm.es\/index.php\/wp-json\/wp\/v2\/media\/16400"}],"wp:attachment":[{"href":"https:\/\/esi.uclm.es\/index.php\/wp-json\/wp\/v2\/media?parent=16392"}],"wp:term":[{"taxonomy":"category","embeddable":true,"href":"https:\/\/esi.uclm.es\/index.php\/wp-json\/wp\/v2\/categories?post=16392"},{"taxonomy":"post_tag","embeddable":true,"href":"https:\/\/esi.uclm.es\/index.php\/wp-json\/wp\/v2\/tags?post=16392"}],"curies":[{"name":"wp","href":"https:\/\/api.w.org\/{rel}","templated":true}]}}