{"id":15105,"date":"2023-04-04T08:44:10","date_gmt":"2023-04-04T08:44:10","guid":{"rendered":"https:\/\/esi.uclm.es\/?p=15105"},"modified":"2023-04-16T18:19:52","modified_gmt":"2023-04-16T18:19:52","slug":"16-de-abril-jornada-de-puertas-abiertas","status":"publish","type":"post","link":"https:\/\/esi.uclm.es\/index.php\/2023\/04\/04\/16-de-abril-jornada-de-puertas-abiertas\/","title":{"rendered":"16 de abril \u2013 Jornada de Puertas Abiertas, \u00a1ap\u00fantate!"},"content":{"rendered":"\n<p>El <strong>domingo 16 de abril de 2023<\/strong> recibiremos a las <strong>familias de futuros y futuras estudiantes de la Escuela Superior de Inform\u00e1tica <\/strong>(Universidad de Castilla-La Mancha)<strong> para el curso 2023-2024<\/strong> en la Jornada de Puertas Abiertas y <a href=\"https:\/\/eventos.uclm.es\/93110\/detail\/feria-estudia-en-la-uclm-2023\">participaremos en la Feria Estudia en la UCLM<\/a>. Durante vuestra visita os hablaremos sobre la profesi\u00f3n de ingeniero e ingeniera en inform\u00e1tica, su presente y futuro, haremos un recorrido por las instalaciones: aulas, laboratorios docentes, museo de la inform\u00e1tica, laboratorios de investigaci\u00f3n y el centro de datos. Adem\u00e1s podr\u00e1s disfrutar de diversas demostraciones sobre tecnolog\u00edas inform\u00e1ticas de \u00faltima generaci\u00f3n en el TechLab. Te estamos esperando \ud83d\ude42<\/p>\n\n\n<div class=\"su-note\"  style=\"border-color:#dbdbdb;border-radius:3px;-moz-border-radius:3px;-webkit-border-radius:3px;\"><div class=\"su-note-inner su-u-clearfix su-u-trim\" style=\"background-color:#f5f5f5;border-color:#ffffff;color:#333333;border-radius:3px;-moz-border-radius:3px;-webkit-border-radius:3px;\"><div class=\"su-service\"><div class=\"su-service-title\" style=\"padding-left:46px;min-height:32px;line-height:32px\"><i class=\"sui sui-pencil-square-o\" style=\"font-size:32px;color:#333\"><\/i> Inscripci\u00f3n<\/div><div class=\"su-service-content su-u-clearfix su-u-trim\" style=\"padding-left:46px\">Para poder visitarnos es <a href=\"https:\/\/eventos.uclm.es\/93110\/detail\/feria-estudia-en-la-uclm-2023\">necesario que te inscribas en el evento<\/a>, \u00a1Ap\u00fantate!<\/div><\/div><\/div><\/div>\n\n\n<div class=\"wp-block-image\">\n<figure class=\"aligncenter size-large\"><img loading=\"lazy\" decoding=\"async\" width=\"1024\" height=\"678\" src=\"https:\/\/esi.uclm.es\/assets\/uploads\/2023\/03\/jornada_de_puertas_abiertas_2023_redes-1024x678.webp\" alt=\"\" class=\"wp-image-15106\" srcset=\"https:\/\/esi.uclm.es\/assets\/uploads\/2023\/03\/jornada_de_puertas_abiertas_2023_redes-1024x678.webp 1024w, https:\/\/esi.uclm.es\/assets\/uploads\/2023\/03\/jornada_de_puertas_abiertas_2023_redes-300x199.webp 300w, https:\/\/esi.uclm.es\/assets\/uploads\/2023\/03\/jornada_de_puertas_abiertas_2023_redes-768x509.webp 768w, https:\/\/esi.uclm.es\/assets\/uploads\/2023\/03\/jornada_de_puertas_abiertas_2023_redes-391x260.webp 391w, https:\/\/esi.uclm.es\/assets\/uploads\/2023\/03\/jornada_de_puertas_abiertas_2023_redes-1300x861.webp 1300w, https:\/\/esi.uclm.es\/assets\/uploads\/2023\/03\/jornada_de_puertas_abiertas_2023_redes-128x86.webp 128w, https:\/\/esi.uclm.es\/assets\/uploads\/2023\/03\/jornada_de_puertas_abiertas_2023_redes-600x397.webp 600w, https:\/\/esi.uclm.es\/assets\/uploads\/2023\/03\/jornada_de_puertas_abiertas_2023_redes.webp 1400w\" sizes=\"auto, (max-width: 1024px) 100vw, 1024px\" \/><figcaption class=\"wp-element-caption\">Lynx la mascota de la ESI. <\/figcaption><\/figure>\n<\/div>\n\n\n<p>Computer Lynx act\u00faa como una segunda marca de la Escuela Superior de Inform\u00e1tica en cuanto a la promoci\u00f3n de sus t\u00edtulos, como gesto de preocupaci\u00f3n por el <strong>medioambiente<\/strong> y la <strong>naturaleza<\/strong>, expresando apego y compromiso con nuestra <strong>regi\u00f3n<\/strong>, por representar caracter\u00edsticas destacables como la <strong>astucia<\/strong>, <strong>agilidad<\/strong>, <strong>velocidad<\/strong>, <strong>resistencia<\/strong> y <strong>trabajo en equipo<\/strong>, y por la conexi\u00f3n de esta palabra con la <strong>Inform\u00e1tica<\/strong> y sus or\u00edgenes (<em>lynx<\/em> es el nombre de un sistema operativo de la d\u00e9cada de los 80 y es tambi\u00e9n una palabra parecida a Linux, n\u00facleo de GNU Linux\u00bb).<\/p>\n\n\n\n<h2 class=\"wp-block-heading\"><strong>Enlaces relacionados<\/strong><\/h2>\n\n\n\n<p><a href=\"https:\/\/esi.uclm.es\/index.php\/oferta-academica\/\">[+] Oferta Acad\u00e9mica<\/a><\/p>\n\n\n\n<p><a href=\"https:\/\/esi.uclm.es\/index.php\/2023\/01\/12\/tour-2023-comienzan-las-visitas-a-la-escuela\/\">[+] Tour 2023 &#8211; visitas de IES a la ESI<\/a><\/p>\n\n\n\n<p><a href=\"https:\/\/esi.uclm.es\/index.php\/2022\/03\/13\/la-esi-recibe-mas-de-100-visitantes-en-la-jornada-de-puertas-abiertas\/\">[+] Jornada de Puertas Abiertas 2022<\/a><\/p>\n\n\n\n<p><a href=\"https:\/\/esi.uclm.es\/index.php\/2022\/05\/28\/informatica-mayor-tasa-de-empleo-estabilidad-y-salario-segun-el-ultimo-informe-de-la-cyd\/\">[+] Inform\u00e1tica: mayor tasa de empleo, estabilidad y salario<\/a><\/p>\n\n\n\n<h2 class=\"wp-block-heading\"><strong>Ayuda a difundir el evento<\/strong><\/h2>\n\n\n\n<div class=\"wp-block-columns is-layout-flex wp-container-core-columns-is-layout-9d6595d7 wp-block-columns-is-layout-flex\">\n<div class=\"wp-block-column is-layout-flow wp-block-column-is-layout-flow\">\n<blockquote class=\"twitter-tweet\"><p lang=\"es\" dir=\"ltr\">\ud83d\udc4b \u00a1FAMILIAS! &#8211; el 16 de abril \ud83d\uddd3\ufe0f os recibiremos con los brazos abiertos en la Jornada de Puertas Abiertas y la Feria Estudia en <a href=\"https:\/\/twitter.com\/hashtag\/UCLM?src=hash&amp;ref_src=twsrc%5Etfw\">#UCLM<\/a>. \u00bfDeseas estudiar <a href=\"https:\/\/twitter.com\/hashtag\/Ingenier%C3%ADaInform%C3%A1tica?src=hash&amp;ref_src=twsrc%5Etfw\">#Ingenier\u00edaInform\u00e1tica<\/a> el curso 2023-2024? <a href=\"https:\/\/twitter.com\/hashtag\/PuertasAbiertasUCLM?src=hash&amp;ref_src=twsrc%5Etfw\">#PuertasAbiertasUCLM<\/a><br><br>\u00a1Ap\u00fantate! \ud83d\udc49 <a href=\"https:\/\/t.co\/ECiqXCicxp\">https:\/\/t.co\/ECiqXCicxp<\/a><br><br>Difunde \u2764\ufe0f\ud83d\udd01 (\ud83c\udf81-24h) <a href=\"https:\/\/t.co\/o2dczDlzLe\">pic.twitter.com\/o2dczDlzLe<\/a><\/p>\u2014 ES. Inform\u00e1tica UCLM (@esiuclm) <a href=\"https:\/\/twitter.com\/esiuclm\/status\/1639914819187818497?ref_src=twsrc%5Etfw\">March 26, 2023<\/a><\/blockquote> <script async=\"\" src=\"https:\/\/platform.twitter.com\/widgets.js\" charset=\"utf-8\"><\/script>\n<\/div>\n\n\n\n<div class=\"wp-block-column is-layout-flow wp-block-column-is-layout-flow\">\n<blockquote class=\"instagram-media\" data-instgrm-captioned=\"\" data-instgrm-permalink=\"https:\/\/www.instagram.com\/p\/CqPw-2wDGPr\/?utm_source=ig_embed&amp;utm_campaign=loading\" data-instgrm-version=\"14\" style=\" background:#FFF; border:0; border-radius:3px; box-shadow:0 0 1px 0 rgba(0,0,0,0.5),0 1px 10px 0 rgba(0,0,0,0.15); margin: 1px; max-width:540px; min-width:326px; padding:0; width:99.375%; width:-webkit-calc(100% - 2px); width:calc(100% - 2px);\"><div style=\"padding:16px;\"> <a href=\"https:\/\/www.instagram.com\/p\/CqPw-2wDGPr\/?utm_source=ig_embed&amp;utm_campaign=loading\" style=\" background:#FFFFFF; line-height:0; padding:0 0; text-align:center; text-decoration:none; width:100%;\" target=\"_blank\" rel=\"noopener\"> <div style=\" display: flex; flex-direction: row; align-items: center;\"> <div style=\"background-color: #F4F4F4; border-radius: 50%; flex-grow: 0; height: 40px; margin-right: 14px; width: 40px;\"><\/div> <div style=\"display: flex; flex-direction: column; flex-grow: 1; justify-content: center;\"> <div style=\" background-color: #F4F4F4; border-radius: 4px; flex-grow: 0; height: 14px; margin-bottom: 6px; width: 100px;\"><\/div> <div style=\" background-color: #F4F4F4; border-radius: 4px; flex-grow: 0; height: 14px; width: 60px;\"><\/div><\/div><\/div><div style=\"padding: 19% 0;\"><\/div> <div style=\"display:block; height:50px; margin:0 auto 12px; width:50px;\"><svg width=\"50px\" height=\"50px\" viewBox=\"0 0 60 60\" version=\"1.1\" xmlns=\"https:\/\/www.w3.org\/2000\/svg\" xmlns:xlink=\"https:\/\/www.w3.org\/1999\/xlink\"><g stroke=\"none\" stroke-width=\"1\" fill=\"none\" fill-rule=\"evenodd\"><g transform=\"translate(-511.000000, -20.000000)\" fill=\"#000000\"><g><path d=\"M556.869,30.41 C554.814,30.41 553.148,32.076 553.148,34.131 C553.148,36.186 554.814,37.852 556.869,37.852 C558.924,37.852 560.59,36.186 560.59,34.131 C560.59,32.076 558.924,30.41 556.869,30.41 M541,60.657 C535.114,60.657 530.342,55.887 530.342,50 C530.342,44.114 535.114,39.342 541,39.342 C546.887,39.342 551.658,44.114 551.658,50 C551.658,55.887 546.887,60.657 541,60.657 M541,33.886 C532.1,33.886 524.886,41.1 524.886,50 C524.886,58.899 532.1,66.113 541,66.113 C549.9,66.113 557.115,58.899 557.115,50 C557.115,41.1 549.9,33.886 541,33.886 M565.378,62.101 C565.244,65.022 564.756,66.606 564.346,67.663 C563.803,69.06 563.154,70.057 562.106,71.106 C561.058,72.155 560.06,72.803 558.662,73.347 C557.607,73.757 556.021,74.244 553.102,74.378 C549.944,74.521 548.997,74.552 541,74.552 C533.003,74.552 532.056,74.521 528.898,74.378 C525.979,74.244 524.393,73.757 523.338,73.347 C521.94,72.803 520.942,72.155 519.894,71.106 C518.846,70.057 518.197,69.06 517.654,67.663 C517.244,66.606 516.755,65.022 516.623,62.101 C516.479,58.943 516.448,57.996 516.448,50 C516.448,42.003 516.479,41.056 516.623,37.899 C516.755,34.978 517.244,33.391 517.654,32.338 C518.197,30.938 518.846,29.942 519.894,28.894 C520.942,27.846 521.94,27.196 523.338,26.654 C524.393,26.244 525.979,25.756 528.898,25.623 C532.057,25.479 533.004,25.448 541,25.448 C548.997,25.448 549.943,25.479 553.102,25.623 C556.021,25.756 557.607,26.244 558.662,26.654 C560.06,27.196 561.058,27.846 562.106,28.894 C563.154,29.942 563.803,30.938 564.346,32.338 C564.756,33.391 565.244,34.978 565.378,37.899 C565.522,41.056 565.552,42.003 565.552,50 C565.552,57.996 565.522,58.943 565.378,62.101 M570.82,37.631 C570.674,34.438 570.167,32.258 569.425,30.349 C568.659,28.377 567.633,26.702 565.965,25.035 C564.297,23.368 562.623,22.342 560.652,21.575 C558.743,20.834 556.562,20.326 553.369,20.18 C550.169,20.033 549.148,20 541,20 C532.853,20 531.831,20.033 528.631,20.18 C525.438,20.326 523.257,20.834 521.349,21.575 C519.376,22.342 517.703,23.368 516.035,25.035 C514.368,26.702 513.342,28.377 512.574,30.349 C511.834,32.258 511.326,34.438 511.181,37.631 C511.035,40.831 511,41.851 511,50 C511,58.147 511.035,59.17 511.181,62.369 C511.326,65.562 511.834,67.743 512.574,69.651 C513.342,71.625 514.368,73.296 516.035,74.965 C517.703,76.634 519.376,77.658 521.349,78.425 C523.257,79.167 525.438,79.673 528.631,79.82 C531.831,79.965 532.853,80.001 541,80.001 C549.148,80.001 550.169,79.965 553.369,79.82 C556.562,79.673 558.743,79.167 560.652,78.425 C562.623,77.658 564.297,76.634 565.965,74.965 C567.633,73.296 568.659,71.625 569.425,69.651 C570.167,67.743 570.674,65.562 570.82,62.369 C570.966,59.17 571,58.147 571,50 C571,41.851 570.966,40.831 570.82,37.631\"><\/path><\/g><\/g><\/g><\/svg><\/div><div style=\"padding-top: 8px;\"> <div style=\" color:#3897f0; font-family:Arial,sans-serif; font-size:14px; font-style:normal; font-weight:550; line-height:18px;\">Ver esta publicaci\u00f3n en Instagram<\/div><\/div><div style=\"padding: 12.5% 0;\"><\/div> <div style=\"display: flex; flex-direction: row; margin-bottom: 14px; align-items: center;\"><div> <div style=\"background-color: #F4F4F4; border-radius: 50%; height: 12.5px; width: 12.5px; transform: translateX(0px) translateY(7px);\"><\/div> <div style=\"background-color: #F4F4F4; height: 12.5px; transform: rotate(-45deg) translateX(3px) translateY(1px); width: 12.5px; flex-grow: 0; margin-right: 14px; margin-left: 2px;\"><\/div> <div style=\"background-color: #F4F4F4; border-radius: 50%; height: 12.5px; width: 12.5px; transform: translateX(9px) translateY(-18px);\"><\/div><\/div><div style=\"margin-left: 8px;\"> <div style=\" background-color: #F4F4F4; border-radius: 50%; flex-grow: 0; height: 20px; width: 20px;\"><\/div> <div style=\" width: 0; height: 0; border-top: 2px solid transparent; border-left: 6px solid #f4f4f4; border-bottom: 2px solid transparent; transform: translateX(16px) translateY(-4px) rotate(30deg)\"><\/div><\/div><div style=\"margin-left: auto;\"> <div style=\" width: 0px; border-top: 8px solid #F4F4F4; border-right: 8px solid transparent; transform: translateY(16px);\"><\/div> <div style=\" background-color: #F4F4F4; flex-grow: 0; height: 12px; width: 16px; transform: translateY(-4px);\"><\/div> <div style=\" width: 0; height: 0; border-top: 8px solid #F4F4F4; border-left: 8px solid transparent; transform: translateY(-4px) translateX(8px);\"><\/div><\/div><\/div> <div style=\"display: flex; flex-direction: column; flex-grow: 1; justify-content: center; margin-bottom: 24px;\"> <div style=\" background-color: #F4F4F4; border-radius: 4px; flex-grow: 0; height: 14px; margin-bottom: 6px; width: 224px;\"><\/div> <div style=\" background-color: #F4F4F4; border-radius: 4px; flex-grow: 0; height: 14px; width: 144px;\"><\/div><\/div><\/a><p style=\" color:#c9c8cd; font-family:Arial,sans-serif; font-size:14px; line-height:17px; margin-bottom:0; margin-top:8px; overflow:hidden; padding:8px 0 7px; text-align:center; text-overflow:ellipsis; white-space:nowrap;\"><a href=\"https:\/\/www.instagram.com\/p\/CqPw-2wDGPr\/?utm_source=ig_embed&amp;utm_campaign=loading\" style=\" color:#c9c8cd; font-family:Arial,sans-serif; font-size:14px; font-style:normal; font-weight:normal; line-height:17px; text-decoration:none;\" target=\"_blank\" rel=\"noopener\">Una publicaci\u00f3n compartida por ESI (@esiuclm)<\/a><\/p><\/div><\/blockquote> <script async=\"\" src=\"\/\/www.instagram.com\/embed.js\"><\/script>\n<\/div>\n<\/div>\n\n\n<div class=\"wp-block-image\">\n<figure class=\"aligncenter size-large\"><img loading=\"lazy\" decoding=\"async\" width=\"1024\" height=\"574\" src=\"http:\/\/esi.uclm.es\/assets\/uploads\/2023\/04\/fachadaESI_jornadasabiertas_r-1024x574.webp\" alt=\"Personas accediendo a la Escuela Superior de Inform\u00e1tica\" class=\"wp-image-15177\" srcset=\"https:\/\/esi.uclm.es\/assets\/uploads\/2023\/04\/fachadaESI_jornadasabiertas_r-1024x574.webp 1024w, https:\/\/esi.uclm.es\/assets\/uploads\/2023\/04\/fachadaESI_jornadasabiertas_r-300x168.webp 300w, https:\/\/esi.uclm.es\/assets\/uploads\/2023\/04\/fachadaESI_jornadasabiertas_r-768x431.webp 768w, https:\/\/esi.uclm.es\/assets\/uploads\/2023\/04\/fachadaESI_jornadasabiertas_r-600x337.webp 600w, https:\/\/esi.uclm.es\/assets\/uploads\/2023\/04\/fachadaESI_jornadasabiertas_r.webp 1200w\" sizes=\"auto, (max-width: 1024px) 100vw, 1024px\" \/><\/figure>\n<\/div>","protected":false},"excerpt":{"rendered":"<p>El domingo 16 de abril de 2023 recibiremos a las familias de futuros y futuras estudiantes de la Escuela Superior de Inform\u00e1tica (Universidad de Castilla-La Mancha) para el curso 2023-2024 en la Jornada de Puertas Abiertas y participaremos en la Feria Estudia en la UCLM. [&hellip;]<\/p>\n","protected":false},"author":1,"featured_media":15191,"comment_status":"open","ping_status":"open","sticky":false,"template":"","format":"standard","meta":{"footnotes":""},"categories":[619],"tags":[],"class_list":["post-15105","post","type-post","status-publish","format-standard","has-post-thumbnail","hentry","category-general"],"yoast_head":"<!-- This site is optimized with the Yoast SEO plugin v27.5 - https:\/\/yoast.com\/product\/yoast-seo-wordpress\/ -->\n<title>16 de abril \u2013 Jornada de Puertas Abiertas, \u00a1ap\u00fantate! - Escuela Superior de Inform\u00e1tica de UCLM<\/title>\n<meta name=\"description\" content=\"Recibiremos a las familias de los futuros y futuras estudiantes de ingenier\u00eda inform\u00e1tica para hablarles de la profesi\u00f3n y ense\u00f1arles nuestras instalaciones\" \/>\n<meta name=\"robots\" content=\"index, follow, max-snippet:-1, max-image-preview:large, max-video-preview:-1\" \/>\n<link rel=\"canonical\" href=\"https:\/\/esi.uclm.es\/index.php\/2023\/04\/04\/16-de-abril-jornada-de-puertas-abiertas\/\" \/>\n<meta property=\"og:locale\" content=\"es_ES\" \/>\n<meta property=\"og:type\" content=\"article\" \/>\n<meta property=\"og:title\" content=\"16 de abril \u2013 Jornada de Puertas Abiertas, \u00a1ap\u00fantate! - Escuela Superior de Inform\u00e1tica de UCLM\" \/>\n<meta property=\"og:description\" content=\"Recibiremos a las familias de los futuros y futuras estudiantes de ingenier\u00eda inform\u00e1tica para hablarles de la profesi\u00f3n y ense\u00f1arles nuestras instalaciones\" \/>\n<meta property=\"og:url\" content=\"https:\/\/esi.uclm.es\/index.php\/2023\/04\/04\/16-de-abril-jornada-de-puertas-abiertas\/\" \/>\n<meta property=\"og:site_name\" content=\"Escuela Superior de Inform\u00e1tica de UCLM\" \/>\n<meta property=\"article:publisher\" content=\"https:\/\/www.facebook.com\/Escuela-Superior-de-Informtica-543261809027158\" \/>\n<meta property=\"article:published_time\" content=\"2023-04-04T08:44:10+00:00\" \/>\n<meta property=\"article:modified_time\" content=\"2023-04-16T18:19:52+00:00\" \/>\n<meta property=\"og:image\" content=\"http:\/\/esi.uclm.es\/assets\/uploads\/2023\/04\/fachada_centrada.jpg\" \/>\n\t<meta property=\"og:image:width\" content=\"1130\" \/>\n\t<meta property=\"og:image:height\" content=\"807\" \/>\n\t<meta property=\"og:image:type\" content=\"image\/jpeg\" \/>\n<meta name=\"author\" content=\"esiuclm\" \/>\n<meta name=\"twitter:card\" content=\"summary_large_image\" \/>\n<meta name=\"twitter:creator\" content=\"@esiuclm\" \/>\n<meta name=\"twitter:site\" content=\"@esiuclm\" \/>\n<meta name=\"twitter:label1\" content=\"Escrito por\" \/>\n\t<meta name=\"twitter:data1\" content=\"esiuclm\" \/>\n\t<meta name=\"twitter:label2\" content=\"Tiempo de lectura\" \/>\n\t<meta name=\"twitter:data2\" content=\"2 minutos\" \/>\n<script type=\"application\/ld+json\" class=\"yoast-schema-graph\">{\"@context\":\"https:\\\/\\\/schema.org\",\"@graph\":[{\"@type\":\"Article\",\"@id\":\"https:\\\/\\\/esi.uclm.es\\\/index.php\\\/2023\\\/04\\\/04\\\/16-de-abril-jornada-de-puertas-abiertas\\\/#article\",\"isPartOf\":{\"@id\":\"https:\\\/\\\/esi.uclm.es\\\/index.php\\\/2023\\\/04\\\/04\\\/16-de-abril-jornada-de-puertas-abiertas\\\/\"},\"author\":{\"name\":\"esiuclm\",\"@id\":\"https:\\\/\\\/esi.uclm.es\\\/#\\\/schema\\\/person\\\/d9a390095e8beeca5aced92acb17a530\"},\"headline\":\"16 de abril \u2013 Jornada de Puertas Abiertas, \u00a1ap\u00fantate!\",\"datePublished\":\"2023-04-04T08:44:10+00:00\",\"dateModified\":\"2023-04-16T18:19:52+00:00\",\"mainEntityOfPage\":{\"@id\":\"https:\\\/\\\/esi.uclm.es\\\/index.php\\\/2023\\\/04\\\/04\\\/16-de-abril-jornada-de-puertas-abiertas\\\/\"},\"wordCount\":355,\"commentCount\":0,\"publisher\":{\"@id\":\"https:\\\/\\\/esi.uclm.es\\\/#organization\"},\"image\":{\"@id\":\"https:\\\/\\\/esi.uclm.es\\\/index.php\\\/2023\\\/04\\\/04\\\/16-de-abril-jornada-de-puertas-abiertas\\\/#primaryimage\"},\"thumbnailUrl\":\"https:\\\/\\\/esi.uclm.es\\\/assets\\\/uploads\\\/2023\\\/04\\\/fachada_centrada.jpg\",\"articleSection\":[\"General\"],\"inLanguage\":\"es\",\"potentialAction\":[{\"@type\":\"CommentAction\",\"name\":\"Comment\",\"target\":[\"https:\\\/\\\/esi.uclm.es\\\/index.php\\\/2023\\\/04\\\/04\\\/16-de-abril-jornada-de-puertas-abiertas\\\/#respond\"]}]},{\"@type\":\"WebPage\",\"@id\":\"https:\\\/\\\/esi.uclm.es\\\/index.php\\\/2023\\\/04\\\/04\\\/16-de-abril-jornada-de-puertas-abiertas\\\/\",\"url\":\"https:\\\/\\\/esi.uclm.es\\\/index.php\\\/2023\\\/04\\\/04\\\/16-de-abril-jornada-de-puertas-abiertas\\\/\",\"name\":\"16 de abril \u2013 Jornada de Puertas Abiertas, \u00a1ap\u00fantate! - Escuela Superior de Inform\u00e1tica de UCLM\",\"isPartOf\":{\"@id\":\"https:\\\/\\\/esi.uclm.es\\\/#website\"},\"primaryImageOfPage\":{\"@id\":\"https:\\\/\\\/esi.uclm.es\\\/index.php\\\/2023\\\/04\\\/04\\\/16-de-abril-jornada-de-puertas-abiertas\\\/#primaryimage\"},\"image\":{\"@id\":\"https:\\\/\\\/esi.uclm.es\\\/index.php\\\/2023\\\/04\\\/04\\\/16-de-abril-jornada-de-puertas-abiertas\\\/#primaryimage\"},\"thumbnailUrl\":\"https:\\\/\\\/esi.uclm.es\\\/assets\\\/uploads\\\/2023\\\/04\\\/fachada_centrada.jpg\",\"datePublished\":\"2023-04-04T08:44:10+00:00\",\"dateModified\":\"2023-04-16T18:19:52+00:00\",\"description\":\"Recibiremos a las familias de los futuros y futuras estudiantes de ingenier\u00eda inform\u00e1tica para hablarles de la profesi\u00f3n y ense\u00f1arles nuestras instalaciones\",\"breadcrumb\":{\"@id\":\"https:\\\/\\\/esi.uclm.es\\\/index.php\\\/2023\\\/04\\\/04\\\/16-de-abril-jornada-de-puertas-abiertas\\\/#breadcrumb\"},\"inLanguage\":\"es\",\"potentialAction\":[{\"@type\":\"ReadAction\",\"target\":[\"https:\\\/\\\/esi.uclm.es\\\/index.php\\\/2023\\\/04\\\/04\\\/16-de-abril-jornada-de-puertas-abiertas\\\/\"]}]},{\"@type\":\"ImageObject\",\"inLanguage\":\"es\",\"@id\":\"https:\\\/\\\/esi.uclm.es\\\/index.php\\\/2023\\\/04\\\/04\\\/16-de-abril-jornada-de-puertas-abiertas\\\/#primaryimage\",\"url\":\"https:\\\/\\\/esi.uclm.es\\\/assets\\\/uploads\\\/2023\\\/04\\\/fachada_centrada.jpg\",\"contentUrl\":\"https:\\\/\\\/esi.uclm.es\\\/assets\\\/uploads\\\/2023\\\/04\\\/fachada_centrada.jpg\",\"width\":1130,\"height\":807,\"caption\":\"Facchada de la Escuela Superior de Inform\u00e1tica\"},{\"@type\":\"BreadcrumbList\",\"@id\":\"https:\\\/\\\/esi.uclm.es\\\/index.php\\\/2023\\\/04\\\/04\\\/16-de-abril-jornada-de-puertas-abiertas\\\/#breadcrumb\",\"itemListElement\":[{\"@type\":\"ListItem\",\"position\":1,\"name\":\"Portada\",\"item\":\"https:\\\/\\\/esi.uclm.es\\\/\"},{\"@type\":\"ListItem\",\"position\":2,\"name\":\"16 de abril \u2013 Jornada de Puertas Abiertas, \u00a1ap\u00fantate!\"}]},{\"@type\":\"WebSite\",\"@id\":\"https:\\\/\\\/esi.uclm.es\\\/#website\",\"url\":\"https:\\\/\\\/esi.uclm.es\\\/\",\"name\":\"Escuela Superior de Inform\u00e1tica de UCLM en Ciudad Real, Castilla-La Mancha\",\"description\":\"La Escuela Superior de Inform\u00e1tica de Ciudad Real (Castilla-La Mancha), Universidad de Castilla-La Mancha es un centro universitario que imparte el ciclo completo de Ingenier\u00eda en Inform\u00e1tica: grado, m\u00e1ster y doctorado.\",\"publisher\":{\"@id\":\"https:\\\/\\\/esi.uclm.es\\\/#organization\"},\"potentialAction\":[{\"@type\":\"SearchAction\",\"target\":{\"@type\":\"EntryPoint\",\"urlTemplate\":\"https:\\\/\\\/esi.uclm.es\\\/?s={search_term_string}\"},\"query-input\":{\"@type\":\"PropertyValueSpecification\",\"valueRequired\":true,\"valueName\":\"search_term_string\"}}],\"inLanguage\":\"es\"},{\"@type\":\"Organization\",\"@id\":\"https:\\\/\\\/esi.uclm.es\\\/#organization\",\"name\":\"Escuela Superior de Inform\u00e1tica de UCLM\",\"url\":\"https:\\\/\\\/esi.uclm.es\\\/\",\"logo\":{\"@type\":\"ImageObject\",\"inLanguage\":\"es\",\"@id\":\"https:\\\/\\\/esi.uclm.es\\\/#\\\/schema\\\/logo\\\/image\\\/\",\"url\":\"https:\\\/\\\/esi.uclm.es\\\/assets\\\/uploads\\\/2022\\\/03\\\/LogoESI_cabecera-1.png\",\"contentUrl\":\"https:\\\/\\\/esi.uclm.es\\\/assets\\\/uploads\\\/2022\\\/03\\\/LogoESI_cabecera-1.png\",\"width\":460,\"height\":184,\"caption\":\"Escuela Superior de Inform\u00e1tica de UCLM\"},\"image\":{\"@id\":\"https:\\\/\\\/esi.uclm.es\\\/#\\\/schema\\\/logo\\\/image\\\/\"},\"sameAs\":[\"https:\\\/\\\/www.facebook.com\\\/Escuela-Superior-de-Informtica-543261809027158\",\"https:\\\/\\\/x.com\\\/esiuclm\",\"https:\\\/\\\/www.instagram.com\\\/esiuclm\\\/\",\"https:\\\/\\\/www.youtube.com\\\/user\\\/esiuclm\",\"https:\\\/\\\/www.twitch.tv\\\/esiuclm\",\"https:\\\/\\\/www.linkedin.com\\\/company\\\/12656631\\\/admin\\\/\"]},{\"@type\":\"Person\",\"@id\":\"https:\\\/\\\/esi.uclm.es\\\/#\\\/schema\\\/person\\\/d9a390095e8beeca5aced92acb17a530\",\"name\":\"esiuclm\",\"image\":{\"@type\":\"ImageObject\",\"inLanguage\":\"es\",\"@id\":\"https:\\\/\\\/secure.gravatar.com\\\/avatar\\\/ff32e6f445454691c713484fe154c7002761ecabfa4cfa2fea57c231744892da?s=96&d=mm&r=g\",\"url\":\"https:\\\/\\\/secure.gravatar.com\\\/avatar\\\/ff32e6f445454691c713484fe154c7002761ecabfa4cfa2fea57c231744892da?s=96&d=mm&r=g\",\"contentUrl\":\"https:\\\/\\\/secure.gravatar.com\\\/avatar\\\/ff32e6f445454691c713484fe154c7002761ecabfa4cfa2fea57c231744892da?s=96&d=mm&r=g\",\"caption\":\"esiuclm\"},\"sameAs\":[\"https:\\\/\\\/esi.uclm.es\"],\"url\":\"https:\\\/\\\/esi.uclm.es\\\/index.php\\\/author\\\/esiadmin\\\/\"}]}<\/script>\n<!-- \/ Yoast SEO plugin. -->","yoast_head_json":{"title":"16 de abril \u2013 Jornada de Puertas Abiertas, \u00a1ap\u00fantate! - Escuela Superior de Inform\u00e1tica de UCLM","description":"Recibiremos a las familias de los futuros y futuras estudiantes de ingenier\u00eda inform\u00e1tica para hablarles de la profesi\u00f3n y ense\u00f1arles nuestras instalaciones","robots":{"index":"index","follow":"follow","max-snippet":"max-snippet:-1","max-image-preview":"max-image-preview:large","max-video-preview":"max-video-preview:-1"},"canonical":"https:\/\/esi.uclm.es\/index.php\/2023\/04\/04\/16-de-abril-jornada-de-puertas-abiertas\/","og_locale":"es_ES","og_type":"article","og_title":"16 de abril \u2013 Jornada de Puertas Abiertas, \u00a1ap\u00fantate! - Escuela Superior de Inform\u00e1tica de UCLM","og_description":"Recibiremos a las familias de los futuros y futuras estudiantes de ingenier\u00eda inform\u00e1tica para hablarles de la profesi\u00f3n y ense\u00f1arles nuestras instalaciones","og_url":"https:\/\/esi.uclm.es\/index.php\/2023\/04\/04\/16-de-abril-jornada-de-puertas-abiertas\/","og_site_name":"Escuela Superior de Inform\u00e1tica de UCLM","article_publisher":"https:\/\/www.facebook.com\/Escuela-Superior-de-Informtica-543261809027158","article_published_time":"2023-04-04T08:44:10+00:00","article_modified_time":"2023-04-16T18:19:52+00:00","og_image":[{"width":1130,"height":807,"url":"http:\/\/esi.uclm.es\/assets\/uploads\/2023\/04\/fachada_centrada.jpg","type":"image\/jpeg"}],"author":"esiuclm","twitter_card":"summary_large_image","twitter_creator":"@esiuclm","twitter_site":"@esiuclm","twitter_misc":{"Escrito por":"esiuclm","Tiempo de lectura":"2 minutos"},"schema":{"@context":"https:\/\/schema.org","@graph":[{"@type":"Article","@id":"https:\/\/esi.uclm.es\/index.php\/2023\/04\/04\/16-de-abril-jornada-de-puertas-abiertas\/#article","isPartOf":{"@id":"https:\/\/esi.uclm.es\/index.php\/2023\/04\/04\/16-de-abril-jornada-de-puertas-abiertas\/"},"author":{"name":"esiuclm","@id":"https:\/\/esi.uclm.es\/#\/schema\/person\/d9a390095e8beeca5aced92acb17a530"},"headline":"16 de abril \u2013 Jornada de Puertas Abiertas, \u00a1ap\u00fantate!","datePublished":"2023-04-04T08:44:10+00:00","dateModified":"2023-04-16T18:19:52+00:00","mainEntityOfPage":{"@id":"https:\/\/esi.uclm.es\/index.php\/2023\/04\/04\/16-de-abril-jornada-de-puertas-abiertas\/"},"wordCount":355,"commentCount":0,"publisher":{"@id":"https:\/\/esi.uclm.es\/#organization"},"image":{"@id":"https:\/\/esi.uclm.es\/index.php\/2023\/04\/04\/16-de-abril-jornada-de-puertas-abiertas\/#primaryimage"},"thumbnailUrl":"https:\/\/esi.uclm.es\/assets\/uploads\/2023\/04\/fachada_centrada.jpg","articleSection":["General"],"inLanguage":"es","potentialAction":[{"@type":"CommentAction","name":"Comment","target":["https:\/\/esi.uclm.es\/index.php\/2023\/04\/04\/16-de-abril-jornada-de-puertas-abiertas\/#respond"]}]},{"@type":"WebPage","@id":"https:\/\/esi.uclm.es\/index.php\/2023\/04\/04\/16-de-abril-jornada-de-puertas-abiertas\/","url":"https:\/\/esi.uclm.es\/index.php\/2023\/04\/04\/16-de-abril-jornada-de-puertas-abiertas\/","name":"16 de abril \u2013 Jornada de Puertas Abiertas, \u00a1ap\u00fantate! - Escuela Superior de Inform\u00e1tica de UCLM","isPartOf":{"@id":"https:\/\/esi.uclm.es\/#website"},"primaryImageOfPage":{"@id":"https:\/\/esi.uclm.es\/index.php\/2023\/04\/04\/16-de-abril-jornada-de-puertas-abiertas\/#primaryimage"},"image":{"@id":"https:\/\/esi.uclm.es\/index.php\/2023\/04\/04\/16-de-abril-jornada-de-puertas-abiertas\/#primaryimage"},"thumbnailUrl":"https:\/\/esi.uclm.es\/assets\/uploads\/2023\/04\/fachada_centrada.jpg","datePublished":"2023-04-04T08:44:10+00:00","dateModified":"2023-04-16T18:19:52+00:00","description":"Recibiremos a las familias de los futuros y futuras estudiantes de ingenier\u00eda inform\u00e1tica para hablarles de la profesi\u00f3n y ense\u00f1arles nuestras instalaciones","breadcrumb":{"@id":"https:\/\/esi.uclm.es\/index.php\/2023\/04\/04\/16-de-abril-jornada-de-puertas-abiertas\/#breadcrumb"},"inLanguage":"es","potentialAction":[{"@type":"ReadAction","target":["https:\/\/esi.uclm.es\/index.php\/2023\/04\/04\/16-de-abril-jornada-de-puertas-abiertas\/"]}]},{"@type":"ImageObject","inLanguage":"es","@id":"https:\/\/esi.uclm.es\/index.php\/2023\/04\/04\/16-de-abril-jornada-de-puertas-abiertas\/#primaryimage","url":"https:\/\/esi.uclm.es\/assets\/uploads\/2023\/04\/fachada_centrada.jpg","contentUrl":"https:\/\/esi.uclm.es\/assets\/uploads\/2023\/04\/fachada_centrada.jpg","width":1130,"height":807,"caption":"Facchada de la Escuela Superior de Inform\u00e1tica"},{"@type":"BreadcrumbList","@id":"https:\/\/esi.uclm.es\/index.php\/2023\/04\/04\/16-de-abril-jornada-de-puertas-abiertas\/#breadcrumb","itemListElement":[{"@type":"ListItem","position":1,"name":"Portada","item":"https:\/\/esi.uclm.es\/"},{"@type":"ListItem","position":2,"name":"16 de abril \u2013 Jornada de Puertas Abiertas, \u00a1ap\u00fantate!"}]},{"@type":"WebSite","@id":"https:\/\/esi.uclm.es\/#website","url":"https:\/\/esi.uclm.es\/","name":"Escuela Superior de Inform\u00e1tica de UCLM en Ciudad Real, Castilla-La Mancha","description":"La Escuela Superior de Inform\u00e1tica de Ciudad Real (Castilla-La Mancha), Universidad de Castilla-La Mancha es un centro universitario que imparte el ciclo completo de Ingenier\u00eda en Inform\u00e1tica: grado, m\u00e1ster y doctorado.","publisher":{"@id":"https:\/\/esi.uclm.es\/#organization"},"potentialAction":[{"@type":"SearchAction","target":{"@type":"EntryPoint","urlTemplate":"https:\/\/esi.uclm.es\/?s={search_term_string}"},"query-input":{"@type":"PropertyValueSpecification","valueRequired":true,"valueName":"search_term_string"}}],"inLanguage":"es"},{"@type":"Organization","@id":"https:\/\/esi.uclm.es\/#organization","name":"Escuela Superior de Inform\u00e1tica de UCLM","url":"https:\/\/esi.uclm.es\/","logo":{"@type":"ImageObject","inLanguage":"es","@id":"https:\/\/esi.uclm.es\/#\/schema\/logo\/image\/","url":"https:\/\/esi.uclm.es\/assets\/uploads\/2022\/03\/LogoESI_cabecera-1.png","contentUrl":"https:\/\/esi.uclm.es\/assets\/uploads\/2022\/03\/LogoESI_cabecera-1.png","width":460,"height":184,"caption":"Escuela Superior de Inform\u00e1tica de UCLM"},"image":{"@id":"https:\/\/esi.uclm.es\/#\/schema\/logo\/image\/"},"sameAs":["https:\/\/www.facebook.com\/Escuela-Superior-de-Informtica-543261809027158","https:\/\/x.com\/esiuclm","https:\/\/www.instagram.com\/esiuclm\/","https:\/\/www.youtube.com\/user\/esiuclm","https:\/\/www.twitch.tv\/esiuclm","https:\/\/www.linkedin.com\/company\/12656631\/admin\/"]},{"@type":"Person","@id":"https:\/\/esi.uclm.es\/#\/schema\/person\/d9a390095e8beeca5aced92acb17a530","name":"esiuclm","image":{"@type":"ImageObject","inLanguage":"es","@id":"https:\/\/secure.gravatar.com\/avatar\/ff32e6f445454691c713484fe154c7002761ecabfa4cfa2fea57c231744892da?s=96&d=mm&r=g","url":"https:\/\/secure.gravatar.com\/avatar\/ff32e6f445454691c713484fe154c7002761ecabfa4cfa2fea57c231744892da?s=96&d=mm&r=g","contentUrl":"https:\/\/secure.gravatar.com\/avatar\/ff32e6f445454691c713484fe154c7002761ecabfa4cfa2fea57c231744892da?s=96&d=mm&r=g","caption":"esiuclm"},"sameAs":["https:\/\/esi.uclm.es"],"url":"https:\/\/esi.uclm.es\/index.php\/author\/esiadmin\/"}]}},"_links":{"self":[{"href":"https:\/\/esi.uclm.es\/index.php\/wp-json\/wp\/v2\/posts\/15105","targetHints":{"allow":["GET"]}}],"collection":[{"href":"https:\/\/esi.uclm.es\/index.php\/wp-json\/wp\/v2\/posts"}],"about":[{"href":"https:\/\/esi.uclm.es\/index.php\/wp-json\/wp\/v2\/types\/post"}],"author":[{"embeddable":true,"href":"https:\/\/esi.uclm.es\/index.php\/wp-json\/wp\/v2\/users\/1"}],"replies":[{"embeddable":true,"href":"https:\/\/esi.uclm.es\/index.php\/wp-json\/wp\/v2\/comments?post=15105"}],"version-history":[{"count":11,"href":"https:\/\/esi.uclm.es\/index.php\/wp-json\/wp\/v2\/posts\/15105\/revisions"}],"predecessor-version":[{"id":18334,"href":"https:\/\/esi.uclm.es\/index.php\/wp-json\/wp\/v2\/posts\/15105\/revisions\/18334"}],"wp:featuredmedia":[{"embeddable":true,"href":"https:\/\/esi.uclm.es\/index.php\/wp-json\/wp\/v2\/media\/15191"}],"wp:attachment":[{"href":"https:\/\/esi.uclm.es\/index.php\/wp-json\/wp\/v2\/media?parent=15105"}],"wp:term":[{"taxonomy":"category","embeddable":true,"href":"https:\/\/esi.uclm.es\/index.php\/wp-json\/wp\/v2\/categories?post=15105"},{"taxonomy":"post_tag","embeddable":true,"href":"https:\/\/esi.uclm.es\/index.php\/wp-json\/wp\/v2\/tags?post=15105"}],"curies":[{"name":"wp","href":"https:\/\/api.w.org\/{rel}","templated":true}]}}