{"id":14675,"date":"2023-03-06T12:43:56","date_gmt":"2023-03-06T12:43:56","guid":{"rendered":"https:\/\/esi.uclm.es\/?p=14675"},"modified":"2023-03-06T12:43:58","modified_gmt":"2023-03-06T12:43:58","slug":"convocatoria-erasmus-practicas","status":"publish","type":"post","link":"https:\/\/esi.uclm.es\/index.php\/2023\/03\/06\/convocatoria-erasmus-practicas\/","title":{"rendered":"Convocatoria Erasmus+ pr\u00e1cticas."},"content":{"rendered":"\n<h2 class=\"wp-block-heading\">Asociaci\u00f3n de cient\u00edficos espa\u00f1oles en B\u00e9lgica, Alemania, Noruega e Irlanda<\/h2>\n\n\n\n<p>La presente convocatoria se enmarca dentro de los convenios suscritos con la Asociaci\u00f3n de Cient\u00edficos Espa\u00f1oles en B\u00e9lgica (CEBE), la Asociaci\u00f3n de Cient\u00edficos Espa\u00f1oles en Alemania (CERFA), la Asociaci\u00f3n de Cient\u00edficos Espa\u00f1oles en Noruega (SFNO) y la Asociaci\u00f3n de Cient\u00edficos Espa\u00f1oles en Irlanda en \u00e1reas relacionadas con la biotecnolog\u00eda, bioqu\u00edmica, qu\u00edmica, ingenier\u00eda qu\u00edmica, farmacia, f\u00edsica, ingenier\u00eda mec\u00e1nica, ingenier\u00eda inform\u00e1tica, ciencias del medio ambiente ingenier\u00eda agroalimentaria o la medicina entre otras.<\/p>\n\n\n\n<p><strong>Plazo de presentaci\u00f3n de solicitudes hasta el 15 de marzo de 2023<\/strong><\/p>\n\n\n\n<p><a href=\"https:\/\/www.uclm.es\/global\/promotores\/organos-de-gobierno\/vicerrectorado-de-internacionalizacion-y-formacion-permanente\/ori_publicaciones\/2023-03-01-convocatoria-pce-2023\">Bases de la convocatoria y presentaci\u00f3n de solicitudes<\/a><\/p>\n","protected":false},"excerpt":{"rendered":"<p>Asociaci\u00f3n de cient\u00edficos espa\u00f1oles en B\u00e9lgica, Alemania, Noruega e Irlanda La presente convocatoria se enmarca dentro de los convenios suscritos con la Asociaci\u00f3n de Cient\u00edficos Espa\u00f1oles en B\u00e9lgica (CEBE), la Asociaci\u00f3n de Cient\u00edficos Espa\u00f1oles en Alemania (CERFA), la Asociaci\u00f3n de Cient\u00edficos Espa\u00f1oles en Noruega (SFNO) [&hellip;]<\/p>\n","protected":false},"author":4,"featured_media":14676,"comment_status":"open","ping_status":"open","sticky":false,"template":"","format":"standard","meta":{"footnotes":""},"categories":[621],"tags":[],"class_list":["post-14675","post","type-post","status-publish","format-standard","has-post-thumbnail","hentry","category-becas_y_empleo"],"yoast_head":"<!-- This site is optimized with the Yoast SEO plugin v27.4 - https:\/\/yoast.com\/product\/yoast-seo-wordpress\/ -->\n<title>Convocatoria Erasmus+ pr\u00e1cticas. - Escuela Superior de Inform\u00e1tica de UCLM<\/title>\n<meta name=\"robots\" content=\"index, follow, max-snippet:-1, max-image-preview:large, max-video-preview:-1\" \/>\n<link rel=\"canonical\" href=\"https:\/\/esi.uclm.es\/index.php\/2023\/03\/06\/convocatoria-erasmus-practicas\/\" \/>\n<meta property=\"og:locale\" content=\"es_ES\" \/>\n<meta property=\"og:type\" content=\"article\" \/>\n<meta property=\"og:title\" content=\"Convocatoria Erasmus+ pr\u00e1cticas. - Escuela Superior de Inform\u00e1tica de UCLM\" \/>\n<meta property=\"og:description\" content=\"Asociaci\u00f3n de cient\u00edficos espa\u00f1oles en B\u00e9lgica, Alemania, Noruega e Irlanda La presente convocatoria se enmarca dentro de los convenios suscritos con la Asociaci\u00f3n de Cient\u00edficos Espa\u00f1oles en B\u00e9lgica (CEBE), la Asociaci\u00f3n de Cient\u00edficos Espa\u00f1oles en Alemania (CERFA), la Asociaci\u00f3n de Cient\u00edficos Espa\u00f1oles en Noruega (SFNO) [&hellip;]\" \/>\n<meta property=\"og:url\" content=\"https:\/\/esi.uclm.es\/index.php\/2023\/03\/06\/convocatoria-erasmus-practicas\/\" \/>\n<meta property=\"og:site_name\" content=\"Escuela Superior de Inform\u00e1tica de UCLM\" \/>\n<meta property=\"article:publisher\" content=\"https:\/\/www.facebook.com\/Escuela-Superior-de-Informtica-543261809027158\" \/>\n<meta property=\"article:published_time\" content=\"2023-03-06T12:43:56+00:00\" \/>\n<meta property=\"article:modified_time\" content=\"2023-03-06T12:43:58+00:00\" \/>\n<meta property=\"og:image\" content=\"https:\/\/esi.uclm.es\/assets\/uploads\/2023\/03\/PCE-202324.webp\" \/>\n\t<meta property=\"og:image:width\" content=\"640\" \/>\n\t<meta property=\"og:image:height\" content=\"318\" \/>\n\t<meta property=\"og:image:type\" content=\"image\/webp\" \/>\n<meta name=\"author\" content=\"David Cerrillo\" \/>\n<meta name=\"twitter:card\" content=\"summary_large_image\" \/>\n<meta name=\"twitter:creator\" content=\"@esiuclm\" \/>\n<meta name=\"twitter:site\" content=\"@esiuclm\" \/>\n<meta name=\"twitter:label1\" content=\"Escrito por\" \/>\n\t<meta name=\"twitter:data1\" content=\"David Cerrillo\" \/>\n\t<meta name=\"twitter:label2\" content=\"Tiempo de lectura\" \/>\n\t<meta name=\"twitter:data2\" content=\"1 minuto\" \/>\n<script type=\"application\/ld+json\" class=\"yoast-schema-graph\">{\"@context\":\"https:\\\/\\\/schema.org\",\"@graph\":[{\"@type\":\"Article\",\"@id\":\"https:\\\/\\\/esi.uclm.es\\\/index.php\\\/2023\\\/03\\\/06\\\/convocatoria-erasmus-practicas\\\/#article\",\"isPartOf\":{\"@id\":\"https:\\\/\\\/esi.uclm.es\\\/index.php\\\/2023\\\/03\\\/06\\\/convocatoria-erasmus-practicas\\\/\"},\"author\":{\"name\":\"David Cerrillo\",\"@id\":\"https:\\\/\\\/esi.uclm.es\\\/#\\\/schema\\\/person\\\/e841d0ea8bd5fa307af3980e9fe7664d\"},\"headline\":\"Convocatoria Erasmus+ pr\u00e1cticas.\",\"datePublished\":\"2023-03-06T12:43:56+00:00\",\"dateModified\":\"2023-03-06T12:43:58+00:00\",\"mainEntityOfPage\":{\"@id\":\"https:\\\/\\\/esi.uclm.es\\\/index.php\\\/2023\\\/03\\\/06\\\/convocatoria-erasmus-practicas\\\/\"},\"wordCount\":132,\"commentCount\":0,\"publisher\":{\"@id\":\"https:\\\/\\\/esi.uclm.es\\\/#organization\"},\"image\":{\"@id\":\"https:\\\/\\\/esi.uclm.es\\\/index.php\\\/2023\\\/03\\\/06\\\/convocatoria-erasmus-practicas\\\/#primaryimage\"},\"thumbnailUrl\":\"https:\\\/\\\/esi.uclm.es\\\/assets\\\/uploads\\\/2023\\\/03\\\/PCE-202324.webp\",\"articleSection\":[\"Becas\\\/Empleo\"],\"inLanguage\":\"es\",\"potentialAction\":[{\"@type\":\"CommentAction\",\"name\":\"Comment\",\"target\":[\"https:\\\/\\\/esi.uclm.es\\\/index.php\\\/2023\\\/03\\\/06\\\/convocatoria-erasmus-practicas\\\/#respond\"]}]},{\"@type\":\"WebPage\",\"@id\":\"https:\\\/\\\/esi.uclm.es\\\/index.php\\\/2023\\\/03\\\/06\\\/convocatoria-erasmus-practicas\\\/\",\"url\":\"https:\\\/\\\/esi.uclm.es\\\/index.php\\\/2023\\\/03\\\/06\\\/convocatoria-erasmus-practicas\\\/\",\"name\":\"Convocatoria Erasmus+ pr\u00e1cticas. - Escuela Superior de Inform\u00e1tica de UCLM\",\"isPartOf\":{\"@id\":\"https:\\\/\\\/esi.uclm.es\\\/#website\"},\"primaryImageOfPage\":{\"@id\":\"https:\\\/\\\/esi.uclm.es\\\/index.php\\\/2023\\\/03\\\/06\\\/convocatoria-erasmus-practicas\\\/#primaryimage\"},\"image\":{\"@id\":\"https:\\\/\\\/esi.uclm.es\\\/index.php\\\/2023\\\/03\\\/06\\\/convocatoria-erasmus-practicas\\\/#primaryimage\"},\"thumbnailUrl\":\"https:\\\/\\\/esi.uclm.es\\\/assets\\\/uploads\\\/2023\\\/03\\\/PCE-202324.webp\",\"datePublished\":\"2023-03-06T12:43:56+00:00\",\"dateModified\":\"2023-03-06T12:43:58+00:00\",\"breadcrumb\":{\"@id\":\"https:\\\/\\\/esi.uclm.es\\\/index.php\\\/2023\\\/03\\\/06\\\/convocatoria-erasmus-practicas\\\/#breadcrumb\"},\"inLanguage\":\"es\",\"potentialAction\":[{\"@type\":\"ReadAction\",\"target\":[\"https:\\\/\\\/esi.uclm.es\\\/index.php\\\/2023\\\/03\\\/06\\\/convocatoria-erasmus-practicas\\\/\"]}]},{\"@type\":\"ImageObject\",\"inLanguage\":\"es\",\"@id\":\"https:\\\/\\\/esi.uclm.es\\\/index.php\\\/2023\\\/03\\\/06\\\/convocatoria-erasmus-practicas\\\/#primaryimage\",\"url\":\"https:\\\/\\\/esi.uclm.es\\\/assets\\\/uploads\\\/2023\\\/03\\\/PCE-202324.webp\",\"contentUrl\":\"https:\\\/\\\/esi.uclm.es\\\/assets\\\/uploads\\\/2023\\\/03\\\/PCE-202324.webp\",\"width\":640,\"height\":318},{\"@type\":\"BreadcrumbList\",\"@id\":\"https:\\\/\\\/esi.uclm.es\\\/index.php\\\/2023\\\/03\\\/06\\\/convocatoria-erasmus-practicas\\\/#breadcrumb\",\"itemListElement\":[{\"@type\":\"ListItem\",\"position\":1,\"name\":\"Portada\",\"item\":\"https:\\\/\\\/esi.uclm.es\\\/\"},{\"@type\":\"ListItem\",\"position\":2,\"name\":\"Convocatoria Erasmus+ pr\u00e1cticas.\"}]},{\"@type\":\"WebSite\",\"@id\":\"https:\\\/\\\/esi.uclm.es\\\/#website\",\"url\":\"https:\\\/\\\/esi.uclm.es\\\/\",\"name\":\"Escuela Superior de Inform\u00e1tica de UCLM en Ciudad Real, Castilla-La Mancha\",\"description\":\"La Escuela Superior de Inform\u00e1tica de Ciudad Real (Castilla-La Mancha), Universidad de Castilla-La Mancha es un centro universitario que imparte el ciclo completo de Ingenier\u00eda en Inform\u00e1tica: grado, m\u00e1ster y doctorado.\",\"publisher\":{\"@id\":\"https:\\\/\\\/esi.uclm.es\\\/#organization\"},\"potentialAction\":[{\"@type\":\"SearchAction\",\"target\":{\"@type\":\"EntryPoint\",\"urlTemplate\":\"https:\\\/\\\/esi.uclm.es\\\/?s={search_term_string}\"},\"query-input\":{\"@type\":\"PropertyValueSpecification\",\"valueRequired\":true,\"valueName\":\"search_term_string\"}}],\"inLanguage\":\"es\"},{\"@type\":\"Organization\",\"@id\":\"https:\\\/\\\/esi.uclm.es\\\/#organization\",\"name\":\"Escuela Superior de Inform\u00e1tica de UCLM\",\"url\":\"https:\\\/\\\/esi.uclm.es\\\/\",\"logo\":{\"@type\":\"ImageObject\",\"inLanguage\":\"es\",\"@id\":\"https:\\\/\\\/esi.uclm.es\\\/#\\\/schema\\\/logo\\\/image\\\/\",\"url\":\"https:\\\/\\\/esi.uclm.es\\\/assets\\\/uploads\\\/2022\\\/03\\\/LogoESI_cabecera-1.png\",\"contentUrl\":\"https:\\\/\\\/esi.uclm.es\\\/assets\\\/uploads\\\/2022\\\/03\\\/LogoESI_cabecera-1.png\",\"width\":460,\"height\":184,\"caption\":\"Escuela Superior de Inform\u00e1tica de UCLM\"},\"image\":{\"@id\":\"https:\\\/\\\/esi.uclm.es\\\/#\\\/schema\\\/logo\\\/image\\\/\"},\"sameAs\":[\"https:\\\/\\\/www.facebook.com\\\/Escuela-Superior-de-Informtica-543261809027158\",\"https:\\\/\\\/x.com\\\/esiuclm\",\"https:\\\/\\\/www.instagram.com\\\/esiuclm\\\/\",\"https:\\\/\\\/www.youtube.com\\\/user\\\/esiuclm\",\"https:\\\/\\\/www.twitch.tv\\\/esiuclm\",\"https:\\\/\\\/www.linkedin.com\\\/company\\\/12656631\\\/admin\\\/\"]},{\"@type\":\"Person\",\"@id\":\"https:\\\/\\\/esi.uclm.es\\\/#\\\/schema\\\/person\\\/e841d0ea8bd5fa307af3980e9fe7664d\",\"name\":\"David Cerrillo\",\"image\":{\"@type\":\"ImageObject\",\"inLanguage\":\"es\",\"@id\":\"https:\\\/\\\/secure.gravatar.com\\\/avatar\\\/9164dcaeb7e8e1042073f22a37bf8c6402e0870104d9c78f5732d36d67e2900b?s=96&d=mm&r=g\",\"url\":\"https:\\\/\\\/secure.gravatar.com\\\/avatar\\\/9164dcaeb7e8e1042073f22a37bf8c6402e0870104d9c78f5732d36d67e2900b?s=96&d=mm&r=g\",\"contentUrl\":\"https:\\\/\\\/secure.gravatar.com\\\/avatar\\\/9164dcaeb7e8e1042073f22a37bf8c6402e0870104d9c78f5732d36d67e2900b?s=96&d=mm&r=g\",\"caption\":\"David Cerrillo\"},\"url\":\"https:\\\/\\\/esi.uclm.es\\\/index.php\\\/author\\\/dcerrillo\\\/\"}]}<\/script>\n<!-- \/ Yoast SEO plugin. -->","yoast_head_json":{"title":"Convocatoria Erasmus+ pr\u00e1cticas. - Escuela Superior de Inform\u00e1tica de UCLM","robots":{"index":"index","follow":"follow","max-snippet":"max-snippet:-1","max-image-preview":"max-image-preview:large","max-video-preview":"max-video-preview:-1"},"canonical":"https:\/\/esi.uclm.es\/index.php\/2023\/03\/06\/convocatoria-erasmus-practicas\/","og_locale":"es_ES","og_type":"article","og_title":"Convocatoria Erasmus+ pr\u00e1cticas. - Escuela Superior de Inform\u00e1tica de UCLM","og_description":"Asociaci\u00f3n de cient\u00edficos espa\u00f1oles en B\u00e9lgica, Alemania, Noruega e Irlanda La presente convocatoria se enmarca dentro de los convenios suscritos con la Asociaci\u00f3n de Cient\u00edficos Espa\u00f1oles en B\u00e9lgica (CEBE), la Asociaci\u00f3n de Cient\u00edficos Espa\u00f1oles en Alemania (CERFA), la Asociaci\u00f3n de Cient\u00edficos Espa\u00f1oles en Noruega (SFNO) [&hellip;]","og_url":"https:\/\/esi.uclm.es\/index.php\/2023\/03\/06\/convocatoria-erasmus-practicas\/","og_site_name":"Escuela Superior de Inform\u00e1tica de UCLM","article_publisher":"https:\/\/www.facebook.com\/Escuela-Superior-de-Informtica-543261809027158","article_published_time":"2023-03-06T12:43:56+00:00","article_modified_time":"2023-03-06T12:43:58+00:00","og_image":[{"width":640,"height":318,"url":"https:\/\/esi.uclm.es\/assets\/uploads\/2023\/03\/PCE-202324.webp","type":"image\/webp"}],"author":"David Cerrillo","twitter_card":"summary_large_image","twitter_creator":"@esiuclm","twitter_site":"@esiuclm","twitter_misc":{"Escrito por":"David Cerrillo","Tiempo de lectura":"1 minuto"},"schema":{"@context":"https:\/\/schema.org","@graph":[{"@type":"Article","@id":"https:\/\/esi.uclm.es\/index.php\/2023\/03\/06\/convocatoria-erasmus-practicas\/#article","isPartOf":{"@id":"https:\/\/esi.uclm.es\/index.php\/2023\/03\/06\/convocatoria-erasmus-practicas\/"},"author":{"name":"David Cerrillo","@id":"https:\/\/esi.uclm.es\/#\/schema\/person\/e841d0ea8bd5fa307af3980e9fe7664d"},"headline":"Convocatoria Erasmus+ pr\u00e1cticas.","datePublished":"2023-03-06T12:43:56+00:00","dateModified":"2023-03-06T12:43:58+00:00","mainEntityOfPage":{"@id":"https:\/\/esi.uclm.es\/index.php\/2023\/03\/06\/convocatoria-erasmus-practicas\/"},"wordCount":132,"commentCount":0,"publisher":{"@id":"https:\/\/esi.uclm.es\/#organization"},"image":{"@id":"https:\/\/esi.uclm.es\/index.php\/2023\/03\/06\/convocatoria-erasmus-practicas\/#primaryimage"},"thumbnailUrl":"https:\/\/esi.uclm.es\/assets\/uploads\/2023\/03\/PCE-202324.webp","articleSection":["Becas\/Empleo"],"inLanguage":"es","potentialAction":[{"@type":"CommentAction","name":"Comment","target":["https:\/\/esi.uclm.es\/index.php\/2023\/03\/06\/convocatoria-erasmus-practicas\/#respond"]}]},{"@type":"WebPage","@id":"https:\/\/esi.uclm.es\/index.php\/2023\/03\/06\/convocatoria-erasmus-practicas\/","url":"https:\/\/esi.uclm.es\/index.php\/2023\/03\/06\/convocatoria-erasmus-practicas\/","name":"Convocatoria Erasmus+ pr\u00e1cticas. - Escuela Superior de Inform\u00e1tica de UCLM","isPartOf":{"@id":"https:\/\/esi.uclm.es\/#website"},"primaryImageOfPage":{"@id":"https:\/\/esi.uclm.es\/index.php\/2023\/03\/06\/convocatoria-erasmus-practicas\/#primaryimage"},"image":{"@id":"https:\/\/esi.uclm.es\/index.php\/2023\/03\/06\/convocatoria-erasmus-practicas\/#primaryimage"},"thumbnailUrl":"https:\/\/esi.uclm.es\/assets\/uploads\/2023\/03\/PCE-202324.webp","datePublished":"2023-03-06T12:43:56+00:00","dateModified":"2023-03-06T12:43:58+00:00","breadcrumb":{"@id":"https:\/\/esi.uclm.es\/index.php\/2023\/03\/06\/convocatoria-erasmus-practicas\/#breadcrumb"},"inLanguage":"es","potentialAction":[{"@type":"ReadAction","target":["https:\/\/esi.uclm.es\/index.php\/2023\/03\/06\/convocatoria-erasmus-practicas\/"]}]},{"@type":"ImageObject","inLanguage":"es","@id":"https:\/\/esi.uclm.es\/index.php\/2023\/03\/06\/convocatoria-erasmus-practicas\/#primaryimage","url":"https:\/\/esi.uclm.es\/assets\/uploads\/2023\/03\/PCE-202324.webp","contentUrl":"https:\/\/esi.uclm.es\/assets\/uploads\/2023\/03\/PCE-202324.webp","width":640,"height":318},{"@type":"BreadcrumbList","@id":"https:\/\/esi.uclm.es\/index.php\/2023\/03\/06\/convocatoria-erasmus-practicas\/#breadcrumb","itemListElement":[{"@type":"ListItem","position":1,"name":"Portada","item":"https:\/\/esi.uclm.es\/"},{"@type":"ListItem","position":2,"name":"Convocatoria Erasmus+ pr\u00e1cticas."}]},{"@type":"WebSite","@id":"https:\/\/esi.uclm.es\/#website","url":"https:\/\/esi.uclm.es\/","name":"Escuela Superior de Inform\u00e1tica de UCLM en Ciudad Real, Castilla-La Mancha","description":"La Escuela Superior de Inform\u00e1tica de Ciudad Real (Castilla-La Mancha), Universidad de Castilla-La Mancha es un centro universitario que imparte el ciclo completo de Ingenier\u00eda en Inform\u00e1tica: grado, m\u00e1ster y doctorado.","publisher":{"@id":"https:\/\/esi.uclm.es\/#organization"},"potentialAction":[{"@type":"SearchAction","target":{"@type":"EntryPoint","urlTemplate":"https:\/\/esi.uclm.es\/?s={search_term_string}"},"query-input":{"@type":"PropertyValueSpecification","valueRequired":true,"valueName":"search_term_string"}}],"inLanguage":"es"},{"@type":"Organization","@id":"https:\/\/esi.uclm.es\/#organization","name":"Escuela Superior de Inform\u00e1tica de UCLM","url":"https:\/\/esi.uclm.es\/","logo":{"@type":"ImageObject","inLanguage":"es","@id":"https:\/\/esi.uclm.es\/#\/schema\/logo\/image\/","url":"https:\/\/esi.uclm.es\/assets\/uploads\/2022\/03\/LogoESI_cabecera-1.png","contentUrl":"https:\/\/esi.uclm.es\/assets\/uploads\/2022\/03\/LogoESI_cabecera-1.png","width":460,"height":184,"caption":"Escuela Superior de Inform\u00e1tica de UCLM"},"image":{"@id":"https:\/\/esi.uclm.es\/#\/schema\/logo\/image\/"},"sameAs":["https:\/\/www.facebook.com\/Escuela-Superior-de-Informtica-543261809027158","https:\/\/x.com\/esiuclm","https:\/\/www.instagram.com\/esiuclm\/","https:\/\/www.youtube.com\/user\/esiuclm","https:\/\/www.twitch.tv\/esiuclm","https:\/\/www.linkedin.com\/company\/12656631\/admin\/"]},{"@type":"Person","@id":"https:\/\/esi.uclm.es\/#\/schema\/person\/e841d0ea8bd5fa307af3980e9fe7664d","name":"David Cerrillo","image":{"@type":"ImageObject","inLanguage":"es","@id":"https:\/\/secure.gravatar.com\/avatar\/9164dcaeb7e8e1042073f22a37bf8c6402e0870104d9c78f5732d36d67e2900b?s=96&d=mm&r=g","url":"https:\/\/secure.gravatar.com\/avatar\/9164dcaeb7e8e1042073f22a37bf8c6402e0870104d9c78f5732d36d67e2900b?s=96&d=mm&r=g","contentUrl":"https:\/\/secure.gravatar.com\/avatar\/9164dcaeb7e8e1042073f22a37bf8c6402e0870104d9c78f5732d36d67e2900b?s=96&d=mm&r=g","caption":"David Cerrillo"},"url":"https:\/\/esi.uclm.es\/index.php\/author\/dcerrillo\/"}]}},"_links":{"self":[{"href":"https:\/\/esi.uclm.es\/index.php\/wp-json\/wp\/v2\/posts\/14675","targetHints":{"allow":["GET"]}}],"collection":[{"href":"https:\/\/esi.uclm.es\/index.php\/wp-json\/wp\/v2\/posts"}],"about":[{"href":"https:\/\/esi.uclm.es\/index.php\/wp-json\/wp\/v2\/types\/post"}],"author":[{"embeddable":true,"href":"https:\/\/esi.uclm.es\/index.php\/wp-json\/wp\/v2\/users\/4"}],"replies":[{"embeddable":true,"href":"https:\/\/esi.uclm.es\/index.php\/wp-json\/wp\/v2\/comments?post=14675"}],"version-history":[{"count":1,"href":"https:\/\/esi.uclm.es\/index.php\/wp-json\/wp\/v2\/posts\/14675\/revisions"}],"predecessor-version":[{"id":14677,"href":"https:\/\/esi.uclm.es\/index.php\/wp-json\/wp\/v2\/posts\/14675\/revisions\/14677"}],"wp:featuredmedia":[{"embeddable":true,"href":"https:\/\/esi.uclm.es\/index.php\/wp-json\/wp\/v2\/media\/14676"}],"wp:attachment":[{"href":"https:\/\/esi.uclm.es\/index.php\/wp-json\/wp\/v2\/media?parent=14675"}],"wp:term":[{"taxonomy":"category","embeddable":true,"href":"https:\/\/esi.uclm.es\/index.php\/wp-json\/wp\/v2\/categories?post=14675"},{"taxonomy":"post_tag","embeddable":true,"href":"https:\/\/esi.uclm.es\/index.php\/wp-json\/wp\/v2\/tags?post=14675"}],"curies":[{"name":"wp","href":"https:\/\/api.w.org\/{rel}","templated":true}]}}