{"id":14182,"date":"2023-04-26T17:06:25","date_gmt":"2023-04-26T17:06:25","guid":{"rendered":"https:\/\/esi.uclm.es\/?p=14182"},"modified":"2023-09-23T20:33:12","modified_gmt":"2023-09-23T20:33:12","slug":"ciclo-de-conferencias-primavera-2023","status":"publish","type":"post","link":"https:\/\/esi.uclm.es\/index.php\/2023\/04\/26\/ciclo-de-conferencias-primavera-2023\/","title":{"rendered":"En v\u00eddeo, Conferencias 2023"},"content":{"rendered":"<div class='white' style='background:rgba(0,0,0,0); border:solid 0px rgba(0,0,0,0); border-radius:0px; padding:0px 0px 0px 0px;'>\n<div id='slider_15595' class='owl-carousel sa_owl_theme owl-pagination-true autohide-arrows' data-slider-id='slider_15595' style='visibility:hidden;'>\n<div id='slider_15595_slide01' class='sa_hover_container' style='padding:5% 5%; margin:0px 0%; '><div class='sa_hover_fullslide'><a class='sa_slide_link_icon' href='https:\/\/esi.uclm.es\/index.php\/2023\/02\/20\/22f-nos-visita-pedro-mujica\/' target='_self' title='' aria-label=''><\/a><\/div>\n<p><img loading=\"lazy\" decoding=\"async\" class=\"alignnone size-full wp-image-15599\" src=\"http:\/\/esi.uclm.es\/assets\/uploads\/2023\/04\/conferencia1_pmujica-2.png\" alt=\"\" width=\"402\" height=\"181\" srcset=\"https:\/\/esi.uclm.es\/assets\/uploads\/2023\/04\/conferencia1_pmujica-2.png 402w, https:\/\/esi.uclm.es\/assets\/uploads\/2023\/04\/conferencia1_pmujica-2-300x135.png 300w\" sizes=\"auto, (max-width: 402px) 100vw, 402px\" \/><\/p><\/div>\n<div id='slider_15595_slide02' class='sa_hover_container' style='padding:5% 5%; margin:0px 0%; '><div class='sa_hover_fullslide'><a class='sa_slide_link_icon' href='https:\/\/esi.uclm.es\/index.php\/2023\/03\/08\/grabacion-presente-y-futuro-del-software-cuantico\/' target='_self' title='' aria-label=''><\/a><\/div>\n<p><img loading=\"lazy\" decoding=\"async\" class=\"alignnone size-full wp-image-15600\" src=\"http:\/\/esi.uclm.es\/assets\/uploads\/2023\/04\/conferencia2_Guido.png\" alt=\"\" width=\"402\" height=\"181\" srcset=\"https:\/\/esi.uclm.es\/assets\/uploads\/2023\/04\/conferencia2_Guido.png 402w, https:\/\/esi.uclm.es\/assets\/uploads\/2023\/04\/conferencia2_Guido-300x135.png 300w\" sizes=\"auto, (max-width: 402px) 100vw, 402px\" \/><\/p><\/div>\n<div id='slider_15595_slide03' class='sa_hover_container' style='padding:5% 5%; margin:0px 0%; '><div class='sa_hover_fullslide'><a class='sa_slide_link_icon' href='https:\/\/esi.uclm.es\/index.php\/2023\/03\/15\/grabacion-de-la-conferencia-del-15m\/' target='_self' title='' aria-label=''><\/a><\/div>\n<p><img loading=\"lazy\" decoding=\"async\" class=\"alignnone size-full wp-image-15601\" src=\"http:\/\/esi.uclm.es\/assets\/uploads\/2023\/04\/conferencia3_Juanjo.png\" alt=\"\" width=\"402\" height=\"181\" srcset=\"https:\/\/esi.uclm.es\/assets\/uploads\/2023\/04\/conferencia3_Juanjo.png 402w, https:\/\/esi.uclm.es\/assets\/uploads\/2023\/04\/conferencia3_Juanjo-300x135.png 300w\" sizes=\"auto, (max-width: 402px) 100vw, 402px\" \/><\/p><\/div>\n<div id='slider_15595_slide04' class='sa_hover_container' style='padding:5% 5%; margin:0px 0%; '><div class='sa_hover_fullslide'><a class='sa_slide_link_icon' href='https:\/\/esi.uclm.es\/index.php\/2023\/03\/22\/dale-al-play-conferencia-sobre-bases-de-datos\/' target='_self' title='' aria-label=''><\/a><\/div>\n<p><img loading=\"lazy\" decoding=\"async\" class=\"alignnone size-full wp-image-15602\" src=\"http:\/\/esi.uclm.es\/assets\/uploads\/2023\/04\/conferencia4_pedro.png\" alt=\"\" width=\"345\" height=\"155\" srcset=\"https:\/\/esi.uclm.es\/assets\/uploads\/2023\/04\/conferencia4_pedro.png 345w, https:\/\/esi.uclm.es\/assets\/uploads\/2023\/04\/conferencia4_pedro-300x135.png 300w\" sizes=\"auto, (max-width: 345px) 100vw, 345px\" \/><\/p><\/div>\n<div id='slider_15595_slide05' class='sa_hover_container' style='padding:5% 5%; margin:0px 0%; '><div class='sa_hover_fullslide'><a class='sa_slide_link_icon' href='https:\/\/esi.uclm.es\/index.php\/2023\/04\/14\/ya-disponible-en-video-clara-grima-en-busca-del-grafo-perdido\/' target='_self' title='' aria-label=''><\/a><\/div>\n<p><img loading=\"lazy\" decoding=\"async\" class=\"alignnone size-full wp-image-15603\" src=\"http:\/\/esi.uclm.es\/assets\/uploads\/2023\/04\/conferencia5_cgrima.png\" alt=\"\" width=\"345\" height=\"155\" srcset=\"https:\/\/esi.uclm.es\/assets\/uploads\/2023\/04\/conferencia5_cgrima.png 345w, https:\/\/esi.uclm.es\/assets\/uploads\/2023\/04\/conferencia5_cgrima-300x135.png 300w\" sizes=\"auto, (max-width: 345px) 100vw, 345px\" \/><\/p><\/div>\n<div id='slider_15595_slide06' class='sa_hover_container' style='padding:5% 5%; margin:0px 0%; '><div class='sa_hover_fullslide'><a class='sa_slide_link_icon' href='https:\/\/esi.uclm.es\/index.php\/2023\/04\/17\/video-completo-detox-de-moviles-tabletas-y-consolas\/' target='_self' title='' aria-label=''><\/a><\/div>\n<p><img loading=\"lazy\" decoding=\"async\" class=\"alignnone size-full wp-image-15604\" src=\"http:\/\/esi.uclm.es\/assets\/uploads\/2023\/04\/conferencia6_morci.png\" alt=\"\" width=\"345\" height=\"155\" srcset=\"https:\/\/esi.uclm.es\/assets\/uploads\/2023\/04\/conferencia6_morci.png 345w, https:\/\/esi.uclm.es\/assets\/uploads\/2023\/04\/conferencia6_morci-300x135.png 300w\" sizes=\"auto, (max-width: 345px) 100vw, 345px\" \/><\/p><\/div>\n<\/div>\n<\/div>\n<script type='text\/javascript'>\n\tjQuery(document).ready(function() {\n\t\tjQuery('#slider_15595').owlCarousel({\n\t\t\tresponsive:{\n\t\t\t\t0:{ items:1 },\n\t\t\t\t480:{ items:2 },\n\t\t\t\t768:{ items:3 },\n\t\t\t\t980:{ items:4 },\n\t\t\t\t1200:{ items:4 },\n\t\t\t\t1500:{ items:4 }\n\t\t\t},\n\t\t\tautoplay : true,\n\t\t\tautoplayTimeout : 2300,\n\t\t\tautoplayHoverPause : true,\n\t\t\tsmartSpeed : 200,\n\t\t\tfluidSpeed : 200,\n\t\t\tautoplaySpeed : 200,\n\t\t\tnavSpeed : 200,\n\t\t\tdotsSpeed : 200,\n\t\t\tloop : true,\n\t\t\tnav : true,\n\t\t\tnavText : ['Previous','Next'],\n\t\t\tdots : true,\n\t\t\tresponsiveRefreshRate : 200,\n\t\t\tslideBy : 1,\n\t\t\tmergeFit : true,\n\t\t\tautoHeight : false,\n\t\t\tmouseDrag : false,\n\t\t\ttouchDrag : true\n\t\t});\n\t\tjQuery('#slider_15595').css('visibility', 'visible');\n\t\tsa_resize_slider_15595();\n\t\twindow.addEventListener('resize', sa_resize_slider_15595);\n\t\tfunction sa_resize_slider_15595() {\n\t\t\tvar min_height = '50';\n\t\t\tvar win_width = jQuery(window).width();\n\t\t\tvar slider_width = jQuery('#slider_15595').width();\n\t\t\tif (win_width < 480) {\n\t\t\t\tvar slide_width = slider_width \/ 1;\n\t\t\t} else if (win_width < 768) {\n\t\t\t\tvar slide_width = slider_width \/ 2;\n\t\t\t} else if (win_width < 980) {\n\t\t\t\tvar slide_width = slider_width \/ 3;\n\t\t\t} else if (win_width < 1200) {\n\t\t\t\tvar slide_width = slider_width \/ 4;\n\t\t\t} else if (win_width < 1500) {\n\t\t\t\tvar slide_width = slider_width \/ 4;\n\t\t\t} else {\n\t\t\t\tvar slide_width = slider_width \/ 4;\n\t\t\t}\n\t\t\tslide_width = Math.round(slide_width);\n\t\t\tvar slide_height = '0';\n\t\t\tif (min_height == 'aspect43') {\n\t\t\t\tslide_height = (slide_width \/ 4) * 3;\t\t\t\tslide_height = Math.round(slide_height);\n\t\t\t} else if (min_height == 'aspect169') {\n\t\t\t\tslide_height = (slide_width \/ 16) * 9;\t\t\t\tslide_height = Math.round(slide_height);\n\t\t\t} else {\n\t\t\t\tslide_height = (slide_width \/ 100) * min_height;\t\t\t\tslide_height = Math.round(slide_height);\n\t\t\t}\n\t\t\tjQuery('#slider_15595 .owl-item .sa_hover_container').css('min-height', slide_height+'px');\n\t\t}\n\t\tvar owl_goto = jQuery('#slider_15595');\n\t\tjQuery('.slider_15595_goto1').click(function(event){\n\t\t\towl_goto.trigger('to.owl.carousel', 0);\n\t\t});\n\t\tjQuery('.slider_15595_goto2').click(function(event){\n\t\t\towl_goto.trigger('to.owl.carousel', 1);\n\t\t});\n\t\tjQuery('.slider_15595_goto3').click(function(event){\n\t\t\towl_goto.trigger('to.owl.carousel', 2);\n\t\t});\n\t\tjQuery('.slider_15595_goto4').click(function(event){\n\t\t\towl_goto.trigger('to.owl.carousel', 3);\n\t\t});\n\t\tjQuery('.slider_15595_goto5').click(function(event){\n\t\t\towl_goto.trigger('to.owl.carousel', 4);\n\t\t});\n\t\tjQuery('.slider_15595_goto6').click(function(event){\n\t\t\towl_goto.trigger('to.owl.carousel', 5);\n\t\t});\n\t\tvar resize_15595 = jQuery('.owl-carousel');\n\t\tresize_15595.on('initialized.owl.carousel', function(e) {\n\t\t\tif (typeof(Event) === 'function') {\n\t\t\t\twindow.dispatchEvent(new Event('resize'));\n\t\t\t} else {\n\t\t\t\tvar evt = window.document.createEvent('UIEvents');\n\t\t\t\tevt.initUIEvent('resize', true, false, window, 0);\n\t\t\t\twindow.dispatchEvent(evt);\n\t\t\t}\n\t\t});\n\t});\n<\/script>\n\n\n\n\n<p>Finalizado el <strong>Ciclo de Conferencias de Primavera de 2023<\/strong> en la ESI, tienes a tu disposici\u00f3n informaci\u00f3n detallada sobre cada una de las conferencias y la grabaci\u00f3n completa, que podr\u00e1s disfrutar a trav\u00e9s de este medio o bien en <a href=\"https:\/\/www.youtube.com\/user\/esiuclm\">nuestro canal de Youtube.<\/a><\/p>\n\n\n\n<h2 class=\"wp-block-heading\"><strong>Programa<\/strong><\/h2>\n\n\n\n<hr class=\"wp-block-separator has-text-color has-vivid-cyan-blue-color has-alpha-channel-opacity has-vivid-cyan-blue-background-color has-background\"\/>\n\n\n\n<ul class=\"wp-block-list\">\n<li>[22 FEBRERO]<strong> <a href=\"https:\/\/esi.uclm.es\/index.php\/2023\/02\/20\/22f-nos-visita-pedro-mujica\/\" data-type=\"post\" data-id=\"14010\">Ma\u00f1ana es hoy: Metaverso e Inteligencia Artificial<\/a><\/strong>. Pedro M\u00fajica (Experto en IA y Metaverso, Tecnohumanista) <\/li>\n\n\n\n<li>[8 MARZO] <strong><a href=\"https:\/\/esi.uclm.es\/index.php\/2023\/03\/08\/grabacion-presente-y-futuro-del-software-cuantico\/\" data-type=\"post\" data-id=\"14760\">Presente y futuro del software cu\u00e1ntico<\/a><\/strong>. Guido Peterssen Nodarse (Fundador de aQuantum &amp; CEO, Director de I+D de alhambraIT). <\/li>\n\n\n\n<li>[15 MARZO] <strong><a href=\"https:\/\/esi.uclm.es\/index.php\/2023\/03\/15\/grabacion-de-la-conferencia-del-15m\/\" data-type=\"post\" data-id=\"14916\">\u00bfCu\u00e1l es la diferencia entre un buen ingeniero y un buen ingeniero con \u00e9xito? La persuasi\u00f3n<\/a><\/strong>. Juan Jos\u00e9 Escribano (Profesor, Universidad Francisco de Vitoria, Madrid)<\/li>\n\n\n\n<li>[22 MARZO] <strong><a href=\"https:\/\/esi.uclm.es\/index.php\/2023\/03\/22\/dale-al-play-conferencia-sobre-bases-de-datos\/\">Oracle Autonomous Database: La \u00fanica base de datos autogestionada<\/a><\/strong>. Pedro Yag\u00fce Alonso (Director Consulting Expert, CGI)<\/li>\n\n\n\n<li>[12 ABRIL] <strong><a href=\"https:\/\/esi.uclm.es\/index.php\/2023\/04\/14\/ya-disponible-en-video-clara-grima-en-busca-del-grafo-perdido\/\">En busca del grafo perdido<\/a><\/strong>. Clara Grima (Profesora Titular, Universidad de Sevilla)<\/li>\n\n\n\n<li>[18 ABRIL] <a href=\"https:\/\/esi.uclm.es\/index.php\/2023\/04\/19\/video-completo-detox-de-moviles-tabletas-y-consolas\/\">DetoX de m\u00f3viles, tabletas y consolas<\/a>, gu\u00eda pr\u00e1ctica para padres y madres. Combatiendo la adicci\u00f3n a las pantallitas y c\u00f3mo reconectar con el mundo real. Carlos Gonz\u00e1lez Morcillo (Catedr\u00e1tico, Universidad de Castilla-La Mancha)<\/li>\n<\/ul>\n\n\n\n<p><\/p>\n\n\n\n<p><\/p>\n","protected":false},"excerpt":{"rendered":"<p>Finalizado el Ciclo de Conferencias de Primavera de 2023 en la ESI, tienes a tu disposici\u00f3n informaci\u00f3n detallada sobre cada una de las conferencias y la grabaci\u00f3n completa, que podr\u00e1s disfrutar a trav\u00e9s de este medio o bien en nuestro canal de Youtube. Programa<\/p>\n","protected":false},"author":1,"featured_media":15573,"comment_status":"open","ping_status":"open","sticky":false,"template":"","format":"standard","meta":{"footnotes":""},"categories":[619],"tags":[],"class_list":["post-14182","post","type-post","status-publish","format-standard","has-post-thumbnail","hentry","category-general"],"yoast_head":"<!-- This site is optimized with the Yoast SEO plugin v27.5 - https:\/\/yoast.com\/product\/yoast-seo-wordpress\/ -->\n<title>En v\u00eddeo, Conferencias 2023 - Escuela Superior de Inform\u00e1tica de UCLM<\/title>\n<meta name=\"description\" content=\"Ya tienes a tu disposici\u00f3n la grabaci\u00f3n de cada una de las conferencias que se han celebrado en la Escuela Superior de Inform\u00e1tica durante la primavera de 2023\" \/>\n<meta name=\"robots\" content=\"index, follow, max-snippet:-1, max-image-preview:large, max-video-preview:-1\" \/>\n<link rel=\"canonical\" href=\"https:\/\/esi.uclm.es\/index.php\/2023\/04\/26\/ciclo-de-conferencias-primavera-2023\/\" \/>\n<meta property=\"og:locale\" content=\"es_ES\" \/>\n<meta property=\"og:type\" content=\"article\" \/>\n<meta property=\"og:title\" content=\"En v\u00eddeo, Conferencias 2023 - Escuela Superior de Inform\u00e1tica de UCLM\" \/>\n<meta property=\"og:description\" content=\"Ya tienes a tu disposici\u00f3n la grabaci\u00f3n de cada una de las conferencias que se han celebrado en la Escuela Superior de Inform\u00e1tica durante la primavera de 2023\" \/>\n<meta property=\"og:url\" content=\"https:\/\/esi.uclm.es\/index.php\/2023\/04\/26\/ciclo-de-conferencias-primavera-2023\/\" \/>\n<meta property=\"og:site_name\" content=\"Escuela Superior de Inform\u00e1tica de UCLM\" \/>\n<meta property=\"article:publisher\" content=\"https:\/\/www.facebook.com\/Escuela-Superior-de-Informtica-543261809027158\" \/>\n<meta property=\"article:published_time\" content=\"2023-04-26T17:06:25+00:00\" \/>\n<meta property=\"article:modified_time\" content=\"2023-09-23T20:33:12+00:00\" \/>\n<meta property=\"og:image\" content=\"http:\/\/esi.uclm.es\/assets\/uploads\/2023\/05\/Conferencias_primavera2023_v2.webp\" \/>\n\t<meta property=\"og:image:width\" content=\"1400\" \/>\n\t<meta property=\"og:image:height\" content=\"900\" \/>\n\t<meta property=\"og:image:type\" content=\"image\/webp\" \/>\n<meta name=\"author\" content=\"esiuclm\" \/>\n<meta name=\"twitter:card\" content=\"summary_large_image\" \/>\n<meta name=\"twitter:creator\" content=\"@esiuclm\" \/>\n<meta name=\"twitter:site\" content=\"@esiuclm\" \/>\n<meta name=\"twitter:label1\" content=\"Escrito por\" \/>\n\t<meta name=\"twitter:data1\" content=\"esiuclm\" \/>\n\t<meta name=\"twitter:label2\" content=\"Tiempo de lectura\" \/>\n\t<meta name=\"twitter:data2\" content=\"1 minuto\" \/>\n<script type=\"application\/ld+json\" class=\"yoast-schema-graph\">{\"@context\":\"https:\\\/\\\/schema.org\",\"@graph\":[{\"@type\":\"Article\",\"@id\":\"https:\\\/\\\/esi.uclm.es\\\/index.php\\\/2023\\\/04\\\/26\\\/ciclo-de-conferencias-primavera-2023\\\/#article\",\"isPartOf\":{\"@id\":\"https:\\\/\\\/esi.uclm.es\\\/index.php\\\/2023\\\/04\\\/26\\\/ciclo-de-conferencias-primavera-2023\\\/\"},\"author\":{\"name\":\"esiuclm\",\"@id\":\"https:\\\/\\\/esi.uclm.es\\\/#\\\/schema\\\/person\\\/d9a390095e8beeca5aced92acb17a530\"},\"headline\":\"En v\u00eddeo, Conferencias 2023\",\"datePublished\":\"2023-04-26T17:06:25+00:00\",\"dateModified\":\"2023-09-23T20:33:12+00:00\",\"mainEntityOfPage\":{\"@id\":\"https:\\\/\\\/esi.uclm.es\\\/index.php\\\/2023\\\/04\\\/26\\\/ciclo-de-conferencias-primavera-2023\\\/\"},\"wordCount\":194,\"commentCount\":0,\"publisher\":{\"@id\":\"https:\\\/\\\/esi.uclm.es\\\/#organization\"},\"image\":{\"@id\":\"https:\\\/\\\/esi.uclm.es\\\/index.php\\\/2023\\\/04\\\/26\\\/ciclo-de-conferencias-primavera-2023\\\/#primaryimage\"},\"thumbnailUrl\":\"https:\\\/\\\/esi.uclm.es\\\/assets\\\/uploads\\\/2023\\\/05\\\/Conferencias_primavera2023_v2.webp\",\"articleSection\":[\"General\"],\"inLanguage\":\"es\",\"potentialAction\":[{\"@type\":\"CommentAction\",\"name\":\"Comment\",\"target\":[\"https:\\\/\\\/esi.uclm.es\\\/index.php\\\/2023\\\/04\\\/26\\\/ciclo-de-conferencias-primavera-2023\\\/#respond\"]}]},{\"@type\":\"WebPage\",\"@id\":\"https:\\\/\\\/esi.uclm.es\\\/index.php\\\/2023\\\/04\\\/26\\\/ciclo-de-conferencias-primavera-2023\\\/\",\"url\":\"https:\\\/\\\/esi.uclm.es\\\/index.php\\\/2023\\\/04\\\/26\\\/ciclo-de-conferencias-primavera-2023\\\/\",\"name\":\"En v\u00eddeo, Conferencias 2023 - Escuela Superior de Inform\u00e1tica de UCLM\",\"isPartOf\":{\"@id\":\"https:\\\/\\\/esi.uclm.es\\\/#website\"},\"primaryImageOfPage\":{\"@id\":\"https:\\\/\\\/esi.uclm.es\\\/index.php\\\/2023\\\/04\\\/26\\\/ciclo-de-conferencias-primavera-2023\\\/#primaryimage\"},\"image\":{\"@id\":\"https:\\\/\\\/esi.uclm.es\\\/index.php\\\/2023\\\/04\\\/26\\\/ciclo-de-conferencias-primavera-2023\\\/#primaryimage\"},\"thumbnailUrl\":\"https:\\\/\\\/esi.uclm.es\\\/assets\\\/uploads\\\/2023\\\/05\\\/Conferencias_primavera2023_v2.webp\",\"datePublished\":\"2023-04-26T17:06:25+00:00\",\"dateModified\":\"2023-09-23T20:33:12+00:00\",\"description\":\"Ya tienes a tu disposici\u00f3n la grabaci\u00f3n de cada una de las conferencias que se han celebrado en la Escuela Superior de Inform\u00e1tica durante la primavera de 2023\",\"breadcrumb\":{\"@id\":\"https:\\\/\\\/esi.uclm.es\\\/index.php\\\/2023\\\/04\\\/26\\\/ciclo-de-conferencias-primavera-2023\\\/#breadcrumb\"},\"inLanguage\":\"es\",\"potentialAction\":[{\"@type\":\"ReadAction\",\"target\":[\"https:\\\/\\\/esi.uclm.es\\\/index.php\\\/2023\\\/04\\\/26\\\/ciclo-de-conferencias-primavera-2023\\\/\"]}]},{\"@type\":\"ImageObject\",\"inLanguage\":\"es\",\"@id\":\"https:\\\/\\\/esi.uclm.es\\\/index.php\\\/2023\\\/04\\\/26\\\/ciclo-de-conferencias-primavera-2023\\\/#primaryimage\",\"url\":\"https:\\\/\\\/esi.uclm.es\\\/assets\\\/uploads\\\/2023\\\/05\\\/Conferencias_primavera2023_v2.webp\",\"contentUrl\":\"https:\\\/\\\/esi.uclm.es\\\/assets\\\/uploads\\\/2023\\\/05\\\/Conferencias_primavera2023_v2.webp\",\"width\":1400,\"height\":900,\"caption\":\"Ciclo de conferencias primavera 2023 en la ESI. Tel\u00e9fonos m\u00f3viles con fotos de los conferenciantes.\"},{\"@type\":\"BreadcrumbList\",\"@id\":\"https:\\\/\\\/esi.uclm.es\\\/index.php\\\/2023\\\/04\\\/26\\\/ciclo-de-conferencias-primavera-2023\\\/#breadcrumb\",\"itemListElement\":[{\"@type\":\"ListItem\",\"position\":1,\"name\":\"Portada\",\"item\":\"https:\\\/\\\/esi.uclm.es\\\/\"},{\"@type\":\"ListItem\",\"position\":2,\"name\":\"En v\u00eddeo, Conferencias 2023\"}]},{\"@type\":\"WebSite\",\"@id\":\"https:\\\/\\\/esi.uclm.es\\\/#website\",\"url\":\"https:\\\/\\\/esi.uclm.es\\\/\",\"name\":\"Escuela Superior de Inform\u00e1tica de UCLM en Ciudad Real, Castilla-La Mancha\",\"description\":\"La Escuela Superior de Inform\u00e1tica de Ciudad Real (Castilla-La Mancha), Universidad de Castilla-La Mancha es un centro universitario que imparte el ciclo completo de Ingenier\u00eda en Inform\u00e1tica: grado, m\u00e1ster y doctorado.\",\"publisher\":{\"@id\":\"https:\\\/\\\/esi.uclm.es\\\/#organization\"},\"potentialAction\":[{\"@type\":\"SearchAction\",\"target\":{\"@type\":\"EntryPoint\",\"urlTemplate\":\"https:\\\/\\\/esi.uclm.es\\\/?s={search_term_string}\"},\"query-input\":{\"@type\":\"PropertyValueSpecification\",\"valueRequired\":true,\"valueName\":\"search_term_string\"}}],\"inLanguage\":\"es\"},{\"@type\":\"Organization\",\"@id\":\"https:\\\/\\\/esi.uclm.es\\\/#organization\",\"name\":\"Escuela Superior de Inform\u00e1tica de UCLM\",\"url\":\"https:\\\/\\\/esi.uclm.es\\\/\",\"logo\":{\"@type\":\"ImageObject\",\"inLanguage\":\"es\",\"@id\":\"https:\\\/\\\/esi.uclm.es\\\/#\\\/schema\\\/logo\\\/image\\\/\",\"url\":\"https:\\\/\\\/esi.uclm.es\\\/assets\\\/uploads\\\/2022\\\/03\\\/LogoESI_cabecera-1.png\",\"contentUrl\":\"https:\\\/\\\/esi.uclm.es\\\/assets\\\/uploads\\\/2022\\\/03\\\/LogoESI_cabecera-1.png\",\"width\":460,\"height\":184,\"caption\":\"Escuela Superior de Inform\u00e1tica de UCLM\"},\"image\":{\"@id\":\"https:\\\/\\\/esi.uclm.es\\\/#\\\/schema\\\/logo\\\/image\\\/\"},\"sameAs\":[\"https:\\\/\\\/www.facebook.com\\\/Escuela-Superior-de-Informtica-543261809027158\",\"https:\\\/\\\/x.com\\\/esiuclm\",\"https:\\\/\\\/www.instagram.com\\\/esiuclm\\\/\",\"https:\\\/\\\/www.youtube.com\\\/user\\\/esiuclm\",\"https:\\\/\\\/www.twitch.tv\\\/esiuclm\",\"https:\\\/\\\/www.linkedin.com\\\/company\\\/12656631\\\/admin\\\/\"]},{\"@type\":\"Person\",\"@id\":\"https:\\\/\\\/esi.uclm.es\\\/#\\\/schema\\\/person\\\/d9a390095e8beeca5aced92acb17a530\",\"name\":\"esiuclm\",\"image\":{\"@type\":\"ImageObject\",\"inLanguage\":\"es\",\"@id\":\"https:\\\/\\\/secure.gravatar.com\\\/avatar\\\/ff32e6f445454691c713484fe154c7002761ecabfa4cfa2fea57c231744892da?s=96&d=mm&r=g\",\"url\":\"https:\\\/\\\/secure.gravatar.com\\\/avatar\\\/ff32e6f445454691c713484fe154c7002761ecabfa4cfa2fea57c231744892da?s=96&d=mm&r=g\",\"contentUrl\":\"https:\\\/\\\/secure.gravatar.com\\\/avatar\\\/ff32e6f445454691c713484fe154c7002761ecabfa4cfa2fea57c231744892da?s=96&d=mm&r=g\",\"caption\":\"esiuclm\"},\"sameAs\":[\"https:\\\/\\\/esi.uclm.es\"],\"url\":\"https:\\\/\\\/esi.uclm.es\\\/index.php\\\/author\\\/esiadmin\\\/\"}]}<\/script>\n<!-- \/ Yoast SEO plugin. -->","yoast_head_json":{"title":"En v\u00eddeo, Conferencias 2023 - Escuela Superior de Inform\u00e1tica de UCLM","description":"Ya tienes a tu disposici\u00f3n la grabaci\u00f3n de cada una de las conferencias que se han celebrado en la Escuela Superior de Inform\u00e1tica durante la primavera de 2023","robots":{"index":"index","follow":"follow","max-snippet":"max-snippet:-1","max-image-preview":"max-image-preview:large","max-video-preview":"max-video-preview:-1"},"canonical":"https:\/\/esi.uclm.es\/index.php\/2023\/04\/26\/ciclo-de-conferencias-primavera-2023\/","og_locale":"es_ES","og_type":"article","og_title":"En v\u00eddeo, Conferencias 2023 - Escuela Superior de Inform\u00e1tica de UCLM","og_description":"Ya tienes a tu disposici\u00f3n la grabaci\u00f3n de cada una de las conferencias que se han celebrado en la Escuela Superior de Inform\u00e1tica durante la primavera de 2023","og_url":"https:\/\/esi.uclm.es\/index.php\/2023\/04\/26\/ciclo-de-conferencias-primavera-2023\/","og_site_name":"Escuela Superior de Inform\u00e1tica de UCLM","article_publisher":"https:\/\/www.facebook.com\/Escuela-Superior-de-Informtica-543261809027158","article_published_time":"2023-04-26T17:06:25+00:00","article_modified_time":"2023-09-23T20:33:12+00:00","og_image":[{"width":1400,"height":900,"url":"http:\/\/esi.uclm.es\/assets\/uploads\/2023\/05\/Conferencias_primavera2023_v2.webp","type":"image\/webp"}],"author":"esiuclm","twitter_card":"summary_large_image","twitter_creator":"@esiuclm","twitter_site":"@esiuclm","twitter_misc":{"Escrito por":"esiuclm","Tiempo de lectura":"1 minuto"},"schema":{"@context":"https:\/\/schema.org","@graph":[{"@type":"Article","@id":"https:\/\/esi.uclm.es\/index.php\/2023\/04\/26\/ciclo-de-conferencias-primavera-2023\/#article","isPartOf":{"@id":"https:\/\/esi.uclm.es\/index.php\/2023\/04\/26\/ciclo-de-conferencias-primavera-2023\/"},"author":{"name":"esiuclm","@id":"https:\/\/esi.uclm.es\/#\/schema\/person\/d9a390095e8beeca5aced92acb17a530"},"headline":"En v\u00eddeo, Conferencias 2023","datePublished":"2023-04-26T17:06:25+00:00","dateModified":"2023-09-23T20:33:12+00:00","mainEntityOfPage":{"@id":"https:\/\/esi.uclm.es\/index.php\/2023\/04\/26\/ciclo-de-conferencias-primavera-2023\/"},"wordCount":194,"commentCount":0,"publisher":{"@id":"https:\/\/esi.uclm.es\/#organization"},"image":{"@id":"https:\/\/esi.uclm.es\/index.php\/2023\/04\/26\/ciclo-de-conferencias-primavera-2023\/#primaryimage"},"thumbnailUrl":"https:\/\/esi.uclm.es\/assets\/uploads\/2023\/05\/Conferencias_primavera2023_v2.webp","articleSection":["General"],"inLanguage":"es","potentialAction":[{"@type":"CommentAction","name":"Comment","target":["https:\/\/esi.uclm.es\/index.php\/2023\/04\/26\/ciclo-de-conferencias-primavera-2023\/#respond"]}]},{"@type":"WebPage","@id":"https:\/\/esi.uclm.es\/index.php\/2023\/04\/26\/ciclo-de-conferencias-primavera-2023\/","url":"https:\/\/esi.uclm.es\/index.php\/2023\/04\/26\/ciclo-de-conferencias-primavera-2023\/","name":"En v\u00eddeo, Conferencias 2023 - Escuela Superior de Inform\u00e1tica de UCLM","isPartOf":{"@id":"https:\/\/esi.uclm.es\/#website"},"primaryImageOfPage":{"@id":"https:\/\/esi.uclm.es\/index.php\/2023\/04\/26\/ciclo-de-conferencias-primavera-2023\/#primaryimage"},"image":{"@id":"https:\/\/esi.uclm.es\/index.php\/2023\/04\/26\/ciclo-de-conferencias-primavera-2023\/#primaryimage"},"thumbnailUrl":"https:\/\/esi.uclm.es\/assets\/uploads\/2023\/05\/Conferencias_primavera2023_v2.webp","datePublished":"2023-04-26T17:06:25+00:00","dateModified":"2023-09-23T20:33:12+00:00","description":"Ya tienes a tu disposici\u00f3n la grabaci\u00f3n de cada una de las conferencias que se han celebrado en la Escuela Superior de Inform\u00e1tica durante la primavera de 2023","breadcrumb":{"@id":"https:\/\/esi.uclm.es\/index.php\/2023\/04\/26\/ciclo-de-conferencias-primavera-2023\/#breadcrumb"},"inLanguage":"es","potentialAction":[{"@type":"ReadAction","target":["https:\/\/esi.uclm.es\/index.php\/2023\/04\/26\/ciclo-de-conferencias-primavera-2023\/"]}]},{"@type":"ImageObject","inLanguage":"es","@id":"https:\/\/esi.uclm.es\/index.php\/2023\/04\/26\/ciclo-de-conferencias-primavera-2023\/#primaryimage","url":"https:\/\/esi.uclm.es\/assets\/uploads\/2023\/05\/Conferencias_primavera2023_v2.webp","contentUrl":"https:\/\/esi.uclm.es\/assets\/uploads\/2023\/05\/Conferencias_primavera2023_v2.webp","width":1400,"height":900,"caption":"Ciclo de conferencias primavera 2023 en la ESI. Tel\u00e9fonos m\u00f3viles con fotos de los conferenciantes."},{"@type":"BreadcrumbList","@id":"https:\/\/esi.uclm.es\/index.php\/2023\/04\/26\/ciclo-de-conferencias-primavera-2023\/#breadcrumb","itemListElement":[{"@type":"ListItem","position":1,"name":"Portada","item":"https:\/\/esi.uclm.es\/"},{"@type":"ListItem","position":2,"name":"En v\u00eddeo, Conferencias 2023"}]},{"@type":"WebSite","@id":"https:\/\/esi.uclm.es\/#website","url":"https:\/\/esi.uclm.es\/","name":"Escuela Superior de Inform\u00e1tica de UCLM en Ciudad Real, Castilla-La Mancha","description":"La Escuela Superior de Inform\u00e1tica de Ciudad Real (Castilla-La Mancha), Universidad de Castilla-La Mancha es un centro universitario que imparte el ciclo completo de Ingenier\u00eda en Inform\u00e1tica: grado, m\u00e1ster y doctorado.","publisher":{"@id":"https:\/\/esi.uclm.es\/#organization"},"potentialAction":[{"@type":"SearchAction","target":{"@type":"EntryPoint","urlTemplate":"https:\/\/esi.uclm.es\/?s={search_term_string}"},"query-input":{"@type":"PropertyValueSpecification","valueRequired":true,"valueName":"search_term_string"}}],"inLanguage":"es"},{"@type":"Organization","@id":"https:\/\/esi.uclm.es\/#organization","name":"Escuela Superior de Inform\u00e1tica de UCLM","url":"https:\/\/esi.uclm.es\/","logo":{"@type":"ImageObject","inLanguage":"es","@id":"https:\/\/esi.uclm.es\/#\/schema\/logo\/image\/","url":"https:\/\/esi.uclm.es\/assets\/uploads\/2022\/03\/LogoESI_cabecera-1.png","contentUrl":"https:\/\/esi.uclm.es\/assets\/uploads\/2022\/03\/LogoESI_cabecera-1.png","width":460,"height":184,"caption":"Escuela Superior de Inform\u00e1tica de UCLM"},"image":{"@id":"https:\/\/esi.uclm.es\/#\/schema\/logo\/image\/"},"sameAs":["https:\/\/www.facebook.com\/Escuela-Superior-de-Informtica-543261809027158","https:\/\/x.com\/esiuclm","https:\/\/www.instagram.com\/esiuclm\/","https:\/\/www.youtube.com\/user\/esiuclm","https:\/\/www.twitch.tv\/esiuclm","https:\/\/www.linkedin.com\/company\/12656631\/admin\/"]},{"@type":"Person","@id":"https:\/\/esi.uclm.es\/#\/schema\/person\/d9a390095e8beeca5aced92acb17a530","name":"esiuclm","image":{"@type":"ImageObject","inLanguage":"es","@id":"https:\/\/secure.gravatar.com\/avatar\/ff32e6f445454691c713484fe154c7002761ecabfa4cfa2fea57c231744892da?s=96&d=mm&r=g","url":"https:\/\/secure.gravatar.com\/avatar\/ff32e6f445454691c713484fe154c7002761ecabfa4cfa2fea57c231744892da?s=96&d=mm&r=g","contentUrl":"https:\/\/secure.gravatar.com\/avatar\/ff32e6f445454691c713484fe154c7002761ecabfa4cfa2fea57c231744892da?s=96&d=mm&r=g","caption":"esiuclm"},"sameAs":["https:\/\/esi.uclm.es"],"url":"https:\/\/esi.uclm.es\/index.php\/author\/esiadmin\/"}]}},"_links":{"self":[{"href":"https:\/\/esi.uclm.es\/index.php\/wp-json\/wp\/v2\/posts\/14182","targetHints":{"allow":["GET"]}}],"collection":[{"href":"https:\/\/esi.uclm.es\/index.php\/wp-json\/wp\/v2\/posts"}],"about":[{"href":"https:\/\/esi.uclm.es\/index.php\/wp-json\/wp\/v2\/types\/post"}],"author":[{"embeddable":true,"href":"https:\/\/esi.uclm.es\/index.php\/wp-json\/wp\/v2\/users\/1"}],"replies":[{"embeddable":true,"href":"https:\/\/esi.uclm.es\/index.php\/wp-json\/wp\/v2\/comments?post=14182"}],"version-history":[{"count":31,"href":"https:\/\/esi.uclm.es\/index.php\/wp-json\/wp\/v2\/posts\/14182\/revisions"}],"predecessor-version":[{"id":15606,"href":"https:\/\/esi.uclm.es\/index.php\/wp-json\/wp\/v2\/posts\/14182\/revisions\/15606"}],"wp:featuredmedia":[{"embeddable":true,"href":"https:\/\/esi.uclm.es\/index.php\/wp-json\/wp\/v2\/media\/15573"}],"wp:attachment":[{"href":"https:\/\/esi.uclm.es\/index.php\/wp-json\/wp\/v2\/media?parent=14182"}],"wp:term":[{"taxonomy":"category","embeddable":true,"href":"https:\/\/esi.uclm.es\/index.php\/wp-json\/wp\/v2\/categories?post=14182"},{"taxonomy":"post_tag","embeddable":true,"href":"https:\/\/esi.uclm.es\/index.php\/wp-json\/wp\/v2\/tags?post=14182"}],"curies":[{"name":"wp","href":"https:\/\/api.w.org\/{rel}","templated":true}]}}