{"id":13691,"date":"2023-04-27T16:48:00","date_gmt":"2023-04-27T16:48:00","guid":{"rendered":"https:\/\/esi.uclm.es\/?p=13691"},"modified":"2023-05-12T16:11:24","modified_gmt":"2023-05-12T16:11:24","slug":"descarga-calendario-esi-2023","status":"publish","type":"post","link":"https:\/\/esi.uclm.es\/index.php\/2023\/04\/27\/descarga-calendario-esi-2023\/","title":{"rendered":"Calendario ESI 2023"},"content":{"rendered":"\n<p>\u00a1Listo para imprimir! Ahora puedes descargarte el calendario 2023 de la Escuela Superior de Inform\u00e1tica en varios formatos EXCEL y PDF. En este calendario se marcan algunos eventos claves directamente relacionados con la Escuela, y efem\u00e9rides relacionadas con la tecnolog\u00eda y el \u00e1mbito de la Inform\u00e1tica.  <\/p>\n\n\n<span class=\"su-label su-label-type-important\">\u00daltima actualizaci\u00f3n: 12\/05\/2023; actualizados los meses de enero y junio <\/span>\n\n\n\n<div class=\"wp-block-file\"><a id=\"wp-block-file--media-25a9df2e-a914-4499-9647-81089f5a3ccd\" href=\"https:\/\/esi.uclm.es\/assets\/uploads\/2023\/01\/calendario2023_esi.pdf\">CALENDARIO 2023 ESI [PDF]<\/a><a href=\"https:\/\/esi.uclm.es\/assets\/uploads\/2023\/01\/calendario2023_esi.pdf\" class=\"wp-block-file__button wp-element-button\" download aria-describedby=\"wp-block-file--media-25a9df2e-a914-4499-9647-81089f5a3ccd\">Descarga<\/a><\/div>\n\n\n\n<div class=\"wp-block-file\"><a id=\"wp-block-file--media-9b24e83d-04fd-4d07-8150-7edb66382872\" href=\"https:\/\/esi.uclm.es\/assets\/uploads\/2023\/01\/CalendarioESI2023.xlsx\">CALENDARIO 2023 ESI [XLSX]<\/a><a href=\"https:\/\/esi.uclm.es\/assets\/uploads\/2023\/01\/CalendarioESI2023.xlsx\" class=\"wp-block-file__button wp-element-button\" download aria-describedby=\"wp-block-file--media-9b24e83d-04fd-4d07-8150-7edb66382872\">Descarga<\/a><\/div>\n\n\n\n<div style=\"height:23px\" aria-hidden=\"true\" class=\"wp-block-spacer\"><\/div>\n\n\n<div class=\"su-note\"  style=\"border-color:#dbdbdb;border-radius:3px;-moz-border-radius:3px;-webkit-border-radius:3px;\"><div class=\"su-note-inner su-u-clearfix su-u-trim\" style=\"background-color:#f5f5f5;border-color:#ffffff;color:#333333;border-radius:3px;-moz-border-radius:3px;-webkit-border-radius:3px;\"><div class=\"su-service\"><div class=\"su-service-title\" style=\"padding-left:46px;min-height:32px;line-height:32px\"><i class=\"sui sui-group\" style=\"font-size:32px;color:#333\"><\/i> \u00bfTe gustar\u00eda colaborar?<\/div><div class=\"su-service-content su-u-clearfix su-u-trim\" style=\"padding-left:46px\">\u00bfEchas en falta alg\u00fan d\u00eda clave?, el calendario de la ESI es un calendario VIVO, abierto; si consideras que puede ser interesante destacar alg\u00fan d\u00eda m\u00e1s contacta con nosotros a trav\u00e9s de javieralonso.albusac@uclm.es<\/div><\/div><\/div><\/div>\n\n\n\n<div style=\"height:25px\" aria-hidden=\"true\" class=\"wp-block-spacer\"><\/div>\n\n\n\n<figure class=\"wp-block-gallery has-nested-images columns-default is-cropped wp-block-gallery-1 is-layout-flex wp-block-gallery-is-layout-flex\">\n<figure class=\"wp-block-image size-large\"><a href=\"https:\/\/esi.uclm.es\/assets\/uploads\/2023\/01\/enero2023.png\"><img loading=\"lazy\" decoding=\"async\" width=\"724\" height=\"1024\" data-id=\"13744\" src=\"https:\/\/esi.uclm.es\/assets\/uploads\/2023\/01\/enero2023-724x1024.png\" alt=\"\" class=\"wp-image-13744\" srcset=\"https:\/\/esi.uclm.es\/assets\/uploads\/2023\/01\/enero2023-724x1024.png 724w, https:\/\/esi.uclm.es\/assets\/uploads\/2023\/01\/enero2023-212x300.png 212w, https:\/\/esi.uclm.es\/assets\/uploads\/2023\/01\/enero2023-768x1086.png 768w, https:\/\/esi.uclm.es\/assets\/uploads\/2023\/01\/enero2023-1086x1536.png 1086w, https:\/\/esi.uclm.es\/assets\/uploads\/2023\/01\/enero2023-1448x2048.png 1448w, https:\/\/esi.uclm.es\/assets\/uploads\/2023\/01\/enero2023-1300x1839.png 1300w, https:\/\/esi.uclm.es\/assets\/uploads\/2023\/01\/enero2023-600x849.png 600w\" sizes=\"auto, (max-width: 724px) 100vw, 724px\" \/><\/a><\/figure>\n\n\n\n<figure class=\"wp-block-image size-large\"><a href=\"https:\/\/esi.uclm.es\/assets\/uploads\/2023\/01\/febrero-1.png\"><img loading=\"lazy\" decoding=\"async\" width=\"724\" height=\"1024\" data-id=\"13709\" src=\"https:\/\/esi.uclm.es\/assets\/uploads\/2023\/01\/febrero-1-724x1024.png\" alt=\"\" class=\"wp-image-13709\" srcset=\"https:\/\/esi.uclm.es\/assets\/uploads\/2023\/01\/febrero-1-724x1024.png 724w, https:\/\/esi.uclm.es\/assets\/uploads\/2023\/01\/febrero-1-212x300.png 212w, https:\/\/esi.uclm.es\/assets\/uploads\/2023\/01\/febrero-1-768x1086.png 768w, https:\/\/esi.uclm.es\/assets\/uploads\/2023\/01\/febrero-1-1086x1536.png 1086w, https:\/\/esi.uclm.es\/assets\/uploads\/2023\/01\/febrero-1-1448x2048.png 1448w, https:\/\/esi.uclm.es\/assets\/uploads\/2023\/01\/febrero-1-1300x1839.png 1300w, https:\/\/esi.uclm.es\/assets\/uploads\/2023\/01\/febrero-1-600x849.png 600w\" sizes=\"auto, (max-width: 724px) 100vw, 724px\" \/><\/a><\/figure>\n\n\n\n<figure class=\"wp-block-image size-large\"><a href=\"https:\/\/esi.uclm.es\/assets\/uploads\/2023\/01\/marzo.png\"><img loading=\"lazy\" decoding=\"async\" width=\"724\" height=\"1024\" data-id=\"13704\" src=\"http:\/\/esi.uclm.es\/assets\/uploads\/2023\/01\/marzo-724x1024.png\" alt=\"\" class=\"wp-image-13704\" srcset=\"https:\/\/esi.uclm.es\/assets\/uploads\/2023\/01\/marzo-724x1024.png 724w, https:\/\/esi.uclm.es\/assets\/uploads\/2023\/01\/marzo-212x300.png 212w, https:\/\/esi.uclm.es\/assets\/uploads\/2023\/01\/marzo-768x1086.png 768w, https:\/\/esi.uclm.es\/assets\/uploads\/2023\/01\/marzo-1086x1536.png 1086w, https:\/\/esi.uclm.es\/assets\/uploads\/2023\/01\/marzo-1448x2048.png 1448w, https:\/\/esi.uclm.es\/assets\/uploads\/2023\/01\/marzo-1300x1839.png 1300w, https:\/\/esi.uclm.es\/assets\/uploads\/2023\/01\/marzo-600x849.png 600w\" sizes=\"auto, (max-width: 724px) 100vw, 724px\" \/><\/a><\/figure>\n\n\n\n<figure class=\"wp-block-image size-large\"><a href=\"https:\/\/esi.uclm.es\/assets\/uploads\/2023\/01\/abril.png\"><img loading=\"lazy\" decoding=\"async\" width=\"724\" height=\"1024\" data-id=\"13698\" src=\"http:\/\/esi.uclm.es\/assets\/uploads\/2023\/01\/abril-724x1024.png\" alt=\"\" class=\"wp-image-13698\" srcset=\"https:\/\/esi.uclm.es\/assets\/uploads\/2023\/01\/abril-724x1024.png 724w, https:\/\/esi.uclm.es\/assets\/uploads\/2023\/01\/abril-212x300.png 212w, https:\/\/esi.uclm.es\/assets\/uploads\/2023\/01\/abril-768x1086.png 768w, https:\/\/esi.uclm.es\/assets\/uploads\/2023\/01\/abril-1086x1536.png 1086w, https:\/\/esi.uclm.es\/assets\/uploads\/2023\/01\/abril-1448x2048.png 1448w, https:\/\/esi.uclm.es\/assets\/uploads\/2023\/01\/abril-1300x1839.png 1300w, https:\/\/esi.uclm.es\/assets\/uploads\/2023\/01\/abril-600x849.png 600w\" sizes=\"auto, (max-width: 724px) 100vw, 724px\" \/><\/a><\/figure>\n\n\n\n<figure class=\"wp-block-image size-large\"><a href=\"https:\/\/esi.uclm.es\/assets\/uploads\/2023\/01\/5_mayo.png\"><img loading=\"lazy\" decoding=\"async\" width=\"724\" height=\"1024\" data-id=\"13723\" src=\"https:\/\/esi.uclm.es\/assets\/uploads\/2023\/01\/5_mayo-724x1024.png\" alt=\"\" class=\"wp-image-13723\" srcset=\"https:\/\/esi.uclm.es\/assets\/uploads\/2023\/01\/5_mayo-724x1024.png 724w, https:\/\/esi.uclm.es\/assets\/uploads\/2023\/01\/5_mayo-212x300.png 212w, https:\/\/esi.uclm.es\/assets\/uploads\/2023\/01\/5_mayo-768x1086.png 768w, https:\/\/esi.uclm.es\/assets\/uploads\/2023\/01\/5_mayo-1086x1536.png 1086w, https:\/\/esi.uclm.es\/assets\/uploads\/2023\/01\/5_mayo-1448x2048.png 1448w, https:\/\/esi.uclm.es\/assets\/uploads\/2023\/01\/5_mayo-1300x1839.png 1300w, https:\/\/esi.uclm.es\/assets\/uploads\/2023\/01\/5_mayo-600x849.png 600w\" sizes=\"auto, (max-width: 724px) 100vw, 724px\" \/><\/a><\/figure>\n\n\n\n<figure class=\"wp-block-image size-large\"><a href=\"https:\/\/esi.uclm.es\/assets\/uploads\/2023\/01\/6_junio-1.png\"><img loading=\"lazy\" decoding=\"async\" width=\"724\" height=\"1024\" data-id=\"13745\" src=\"https:\/\/esi.uclm.es\/assets\/uploads\/2023\/01\/6_junio-1-724x1024.png\" alt=\"\" class=\"wp-image-13745\" srcset=\"https:\/\/esi.uclm.es\/assets\/uploads\/2023\/01\/6_junio-1-724x1024.png 724w, https:\/\/esi.uclm.es\/assets\/uploads\/2023\/01\/6_junio-1-212x300.png 212w, https:\/\/esi.uclm.es\/assets\/uploads\/2023\/01\/6_junio-1-768x1086.png 768w, https:\/\/esi.uclm.es\/assets\/uploads\/2023\/01\/6_junio-1-1086x1536.png 1086w, https:\/\/esi.uclm.es\/assets\/uploads\/2023\/01\/6_junio-1-1448x2048.png 1448w, https:\/\/esi.uclm.es\/assets\/uploads\/2023\/01\/6_junio-1-1300x1839.png 1300w, https:\/\/esi.uclm.es\/assets\/uploads\/2023\/01\/6_junio-1-600x849.png 600w\" sizes=\"auto, (max-width: 724px) 100vw, 724px\" \/><\/a><\/figure>\n\n\n\n<figure class=\"wp-block-image size-large\"><a href=\"https:\/\/esi.uclm.es\/assets\/uploads\/2023\/01\/julio.png\"><img loading=\"lazy\" decoding=\"async\" width=\"724\" height=\"1024\" data-id=\"13696\" src=\"http:\/\/esi.uclm.es\/assets\/uploads\/2023\/01\/julio-724x1024.png\" alt=\"\" class=\"wp-image-13696\" srcset=\"https:\/\/esi.uclm.es\/assets\/uploads\/2023\/01\/julio-724x1024.png 724w, https:\/\/esi.uclm.es\/assets\/uploads\/2023\/01\/julio-212x300.png 212w, https:\/\/esi.uclm.es\/assets\/uploads\/2023\/01\/julio-768x1086.png 768w, https:\/\/esi.uclm.es\/assets\/uploads\/2023\/01\/julio-1086x1536.png 1086w, https:\/\/esi.uclm.es\/assets\/uploads\/2023\/01\/julio-1448x2048.png 1448w, https:\/\/esi.uclm.es\/assets\/uploads\/2023\/01\/julio-1300x1839.png 1300w, https:\/\/esi.uclm.es\/assets\/uploads\/2023\/01\/julio-600x849.png 600w\" sizes=\"auto, (max-width: 724px) 100vw, 724px\" \/><\/a><\/figure>\n\n\n\n<figure class=\"wp-block-image size-large\"><a href=\"https:\/\/esi.uclm.es\/assets\/uploads\/2023\/01\/agosto.png\"><img loading=\"lazy\" decoding=\"async\" width=\"724\" height=\"1024\" data-id=\"13699\" src=\"http:\/\/esi.uclm.es\/assets\/uploads\/2023\/01\/agosto-724x1024.png\" alt=\"\" class=\"wp-image-13699\" srcset=\"https:\/\/esi.uclm.es\/assets\/uploads\/2023\/01\/agosto-724x1024.png 724w, https:\/\/esi.uclm.es\/assets\/uploads\/2023\/01\/agosto-212x300.png 212w, https:\/\/esi.uclm.es\/assets\/uploads\/2023\/01\/agosto-768x1086.png 768w, https:\/\/esi.uclm.es\/assets\/uploads\/2023\/01\/agosto-1086x1536.png 1086w, https:\/\/esi.uclm.es\/assets\/uploads\/2023\/01\/agosto-1448x2048.png 1448w, https:\/\/esi.uclm.es\/assets\/uploads\/2023\/01\/agosto-1300x1839.png 1300w, https:\/\/esi.uclm.es\/assets\/uploads\/2023\/01\/agosto-600x849.png 600w\" sizes=\"auto, (max-width: 724px) 100vw, 724px\" \/><\/a><\/figure>\n\n\n\n<figure class=\"wp-block-image size-large\"><a href=\"https:\/\/esi.uclm.es\/assets\/uploads\/2023\/01\/septiembre.png\"><img loading=\"lazy\" decoding=\"async\" width=\"724\" height=\"1024\" data-id=\"13705\" src=\"http:\/\/esi.uclm.es\/assets\/uploads\/2023\/01\/septiembre-724x1024.png\" alt=\"\" class=\"wp-image-13705\" srcset=\"https:\/\/esi.uclm.es\/assets\/uploads\/2023\/01\/septiembre-724x1024.png 724w, https:\/\/esi.uclm.es\/assets\/uploads\/2023\/01\/septiembre-212x300.png 212w, https:\/\/esi.uclm.es\/assets\/uploads\/2023\/01\/septiembre-768x1086.png 768w, https:\/\/esi.uclm.es\/assets\/uploads\/2023\/01\/septiembre-1086x1536.png 1086w, https:\/\/esi.uclm.es\/assets\/uploads\/2023\/01\/septiembre-1448x2048.png 1448w, https:\/\/esi.uclm.es\/assets\/uploads\/2023\/01\/septiembre-1300x1839.png 1300w, https:\/\/esi.uclm.es\/assets\/uploads\/2023\/01\/septiembre-600x849.png 600w\" sizes=\"auto, (max-width: 724px) 100vw, 724px\" \/><\/a><\/figure>\n\n\n\n<figure class=\"wp-block-image size-large\"><a href=\"https:\/\/esi.uclm.es\/assets\/uploads\/2023\/01\/octubre.png\"><img loading=\"lazy\" decoding=\"async\" width=\"724\" height=\"1024\" data-id=\"13703\" src=\"http:\/\/esi.uclm.es\/assets\/uploads\/2023\/01\/octubre-724x1024.png\" alt=\"\" class=\"wp-image-13703\" srcset=\"https:\/\/esi.uclm.es\/assets\/uploads\/2023\/01\/octubre-724x1024.png 724w, https:\/\/esi.uclm.es\/assets\/uploads\/2023\/01\/octubre-212x300.png 212w, https:\/\/esi.uclm.es\/assets\/uploads\/2023\/01\/octubre-768x1086.png 768w, https:\/\/esi.uclm.es\/assets\/uploads\/2023\/01\/octubre-1086x1536.png 1086w, https:\/\/esi.uclm.es\/assets\/uploads\/2023\/01\/octubre-1448x2048.png 1448w, https:\/\/esi.uclm.es\/assets\/uploads\/2023\/01\/octubre-1300x1839.png 1300w, https:\/\/esi.uclm.es\/assets\/uploads\/2023\/01\/octubre-600x849.png 600w\" sizes=\"auto, (max-width: 724px) 100vw, 724px\" \/><\/a><\/figure>\n\n\n\n<figure class=\"wp-block-image size-large\"><a href=\"https:\/\/esi.uclm.es\/assets\/uploads\/2023\/01\/noviembre.png\"><img loading=\"lazy\" decoding=\"async\" width=\"724\" height=\"1024\" data-id=\"13707\" src=\"http:\/\/esi.uclm.es\/assets\/uploads\/2023\/01\/noviembre-724x1024.png\" alt=\"\" class=\"wp-image-13707\" srcset=\"https:\/\/esi.uclm.es\/assets\/uploads\/2023\/01\/noviembre-724x1024.png 724w, https:\/\/esi.uclm.es\/assets\/uploads\/2023\/01\/noviembre-212x300.png 212w, https:\/\/esi.uclm.es\/assets\/uploads\/2023\/01\/noviembre-768x1086.png 768w, https:\/\/esi.uclm.es\/assets\/uploads\/2023\/01\/noviembre-1086x1536.png 1086w, https:\/\/esi.uclm.es\/assets\/uploads\/2023\/01\/noviembre-1448x2048.png 1448w, https:\/\/esi.uclm.es\/assets\/uploads\/2023\/01\/noviembre-1300x1839.png 1300w, https:\/\/esi.uclm.es\/assets\/uploads\/2023\/01\/noviembre-600x849.png 600w\" sizes=\"auto, (max-width: 724px) 100vw, 724px\" \/><\/a><\/figure>\n\n\n\n<figure class=\"wp-block-image size-large\"><a href=\"https:\/\/esi.uclm.es\/assets\/uploads\/2023\/01\/diciembre2023.png\"><img loading=\"lazy\" decoding=\"async\" width=\"724\" height=\"1024\" data-id=\"13701\" src=\"http:\/\/esi.uclm.es\/assets\/uploads\/2023\/01\/diciembre2023-724x1024.png\" alt=\"\" class=\"wp-image-13701\" srcset=\"https:\/\/esi.uclm.es\/assets\/uploads\/2023\/01\/diciembre2023-724x1024.png 724w, https:\/\/esi.uclm.es\/assets\/uploads\/2023\/01\/diciembre2023-212x300.png 212w, https:\/\/esi.uclm.es\/assets\/uploads\/2023\/01\/diciembre2023-768x1086.png 768w, https:\/\/esi.uclm.es\/assets\/uploads\/2023\/01\/diciembre2023-1086x1536.png 1086w, https:\/\/esi.uclm.es\/assets\/uploads\/2023\/01\/diciembre2023-1448x2048.png 1448w, https:\/\/esi.uclm.es\/assets\/uploads\/2023\/01\/diciembre2023-1300x1839.png 1300w, https:\/\/esi.uclm.es\/assets\/uploads\/2023\/01\/diciembre2023-600x849.png 600w\" sizes=\"auto, (max-width: 724px) 100vw, 724px\" \/><\/a><\/figure>\n<\/figure>\n","protected":false},"excerpt":{"rendered":"<p>\u00a1Listo para imprimir! Ahora puedes descargarte el calendario 2023 de la Escuela Superior de Inform\u00e1tica en varios formatos EXCEL y PDF. En este calendario se marcan algunos eventos claves directamente relacionados con la Escuela, y efem\u00e9rides relacionadas con la tecnolog\u00eda y el \u00e1mbito de la [&hellip;]<\/p>\n","protected":false},"author":1,"featured_media":13741,"comment_status":"open","ping_status":"open","sticky":false,"template":"","format":"standard","meta":{"footnotes":""},"categories":[619],"tags":[],"class_list":["post-13691","post","type-post","status-publish","format-standard","has-post-thumbnail","hentry","category-general"],"yoast_head":"<!-- This site is optimized with the Yoast SEO plugin v27.4 - https:\/\/yoast.com\/product\/yoast-seo-wordpress\/ -->\n<title>Calendario ESI 2023 - Escuela Superior de Inform\u00e1tica de UCLM<\/title>\n<meta name=\"robots\" content=\"index, follow, max-snippet:-1, max-image-preview:large, max-video-preview:-1\" \/>\n<link rel=\"canonical\" href=\"https:\/\/esi.uclm.es\/index.php\/2023\/04\/27\/descarga-calendario-esi-2023\/\" \/>\n<meta property=\"og:locale\" content=\"es_ES\" \/>\n<meta property=\"og:type\" content=\"article\" \/>\n<meta property=\"og:title\" content=\"Calendario ESI 2023 - Escuela Superior de Inform\u00e1tica de UCLM\" \/>\n<meta property=\"og:description\" content=\"\u00a1Listo para imprimir! Ahora puedes descargarte el calendario 2023 de la Escuela Superior de Inform\u00e1tica en varios formatos EXCEL y PDF. En este calendario se marcan algunos eventos claves directamente relacionados con la Escuela, y efem\u00e9rides relacionadas con la tecnolog\u00eda y el \u00e1mbito de la [&hellip;]\" \/>\n<meta property=\"og:url\" content=\"https:\/\/esi.uclm.es\/index.php\/2023\/04\/27\/descarga-calendario-esi-2023\/\" \/>\n<meta property=\"og:site_name\" content=\"Escuela Superior de Inform\u00e1tica de UCLM\" \/>\n<meta property=\"article:publisher\" content=\"https:\/\/www.facebook.com\/Escuela-Superior-de-Informtica-543261809027158\" \/>\n<meta property=\"article:published_time\" content=\"2023-04-27T16:48:00+00:00\" \/>\n<meta property=\"article:modified_time\" content=\"2023-05-12T16:11:24+00:00\" \/>\n<meta property=\"og:image\" content=\"http:\/\/esi.uclm.es\/assets\/uploads\/2023\/01\/todos_meses2023_inclinados_v2.webp\" \/>\n\t<meta property=\"og:image:width\" content=\"2480\" \/>\n\t<meta property=\"og:image:height\" content=\"1200\" \/>\n\t<meta property=\"og:image:type\" content=\"image\/webp\" \/>\n<meta name=\"author\" content=\"esiuclm\" \/>\n<meta name=\"twitter:card\" content=\"summary_large_image\" \/>\n<meta name=\"twitter:creator\" content=\"@esiuclm\" \/>\n<meta name=\"twitter:site\" content=\"@esiuclm\" \/>\n<meta name=\"twitter:label1\" content=\"Escrito por\" \/>\n\t<meta name=\"twitter:data1\" content=\"esiuclm\" \/>\n\t<meta name=\"twitter:label2\" content=\"Tiempo de lectura\" \/>\n\t<meta name=\"twitter:data2\" content=\"3 minutos\" \/>\n<script type=\"application\/ld+json\" class=\"yoast-schema-graph\">{\"@context\":\"https:\\\/\\\/schema.org\",\"@graph\":[{\"@type\":\"Article\",\"@id\":\"https:\\\/\\\/esi.uclm.es\\\/index.php\\\/2023\\\/04\\\/27\\\/descarga-calendario-esi-2023\\\/#article\",\"isPartOf\":{\"@id\":\"https:\\\/\\\/esi.uclm.es\\\/index.php\\\/2023\\\/04\\\/27\\\/descarga-calendario-esi-2023\\\/\"},\"author\":{\"name\":\"esiuclm\",\"@id\":\"https:\\\/\\\/esi.uclm.es\\\/#\\\/schema\\\/person\\\/d9a390095e8beeca5aced92acb17a530\"},\"headline\":\"Calendario ESI 2023\",\"datePublished\":\"2023-04-27T16:48:00+00:00\",\"dateModified\":\"2023-05-12T16:11:24+00:00\",\"mainEntityOfPage\":{\"@id\":\"https:\\\/\\\/esi.uclm.es\\\/index.php\\\/2023\\\/04\\\/27\\\/descarga-calendario-esi-2023\\\/\"},\"wordCount\":138,\"commentCount\":0,\"publisher\":{\"@id\":\"https:\\\/\\\/esi.uclm.es\\\/#organization\"},\"image\":{\"@id\":\"https:\\\/\\\/esi.uclm.es\\\/index.php\\\/2023\\\/04\\\/27\\\/descarga-calendario-esi-2023\\\/#primaryimage\"},\"thumbnailUrl\":\"https:\\\/\\\/esi.uclm.es\\\/assets\\\/uploads\\\/2023\\\/01\\\/todos_meses2023_inclinados_v2.webp\",\"articleSection\":[\"General\"],\"inLanguage\":\"es\",\"potentialAction\":[{\"@type\":\"CommentAction\",\"name\":\"Comment\",\"target\":[\"https:\\\/\\\/esi.uclm.es\\\/index.php\\\/2023\\\/04\\\/27\\\/descarga-calendario-esi-2023\\\/#respond\"]}]},{\"@type\":\"WebPage\",\"@id\":\"https:\\\/\\\/esi.uclm.es\\\/index.php\\\/2023\\\/04\\\/27\\\/descarga-calendario-esi-2023\\\/\",\"url\":\"https:\\\/\\\/esi.uclm.es\\\/index.php\\\/2023\\\/04\\\/27\\\/descarga-calendario-esi-2023\\\/\",\"name\":\"Calendario ESI 2023 - Escuela Superior de Inform\u00e1tica de UCLM\",\"isPartOf\":{\"@id\":\"https:\\\/\\\/esi.uclm.es\\\/#website\"},\"primaryImageOfPage\":{\"@id\":\"https:\\\/\\\/esi.uclm.es\\\/index.php\\\/2023\\\/04\\\/27\\\/descarga-calendario-esi-2023\\\/#primaryimage\"},\"image\":{\"@id\":\"https:\\\/\\\/esi.uclm.es\\\/index.php\\\/2023\\\/04\\\/27\\\/descarga-calendario-esi-2023\\\/#primaryimage\"},\"thumbnailUrl\":\"https:\\\/\\\/esi.uclm.es\\\/assets\\\/uploads\\\/2023\\\/01\\\/todos_meses2023_inclinados_v2.webp\",\"datePublished\":\"2023-04-27T16:48:00+00:00\",\"dateModified\":\"2023-05-12T16:11:24+00:00\",\"breadcrumb\":{\"@id\":\"https:\\\/\\\/esi.uclm.es\\\/index.php\\\/2023\\\/04\\\/27\\\/descarga-calendario-esi-2023\\\/#breadcrumb\"},\"inLanguage\":\"es\",\"potentialAction\":[{\"@type\":\"ReadAction\",\"target\":[\"https:\\\/\\\/esi.uclm.es\\\/index.php\\\/2023\\\/04\\\/27\\\/descarga-calendario-esi-2023\\\/\"]}]},{\"@type\":\"ImageObject\",\"inLanguage\":\"es\",\"@id\":\"https:\\\/\\\/esi.uclm.es\\\/index.php\\\/2023\\\/04\\\/27\\\/descarga-calendario-esi-2023\\\/#primaryimage\",\"url\":\"https:\\\/\\\/esi.uclm.es\\\/assets\\\/uploads\\\/2023\\\/01\\\/todos_meses2023_inclinados_v2.webp\",\"contentUrl\":\"https:\\\/\\\/esi.uclm.es\\\/assets\\\/uploads\\\/2023\\\/01\\\/todos_meses2023_inclinados_v2.webp\",\"width\":2480,\"height\":1200,\"caption\":\"calendario 2023, escuela superior de inform\u00e1tica, uclm\"},{\"@type\":\"BreadcrumbList\",\"@id\":\"https:\\\/\\\/esi.uclm.es\\\/index.php\\\/2023\\\/04\\\/27\\\/descarga-calendario-esi-2023\\\/#breadcrumb\",\"itemListElement\":[{\"@type\":\"ListItem\",\"position\":1,\"name\":\"Portada\",\"item\":\"https:\\\/\\\/esi.uclm.es\\\/\"},{\"@type\":\"ListItem\",\"position\":2,\"name\":\"Calendario ESI 2023\"}]},{\"@type\":\"WebSite\",\"@id\":\"https:\\\/\\\/esi.uclm.es\\\/#website\",\"url\":\"https:\\\/\\\/esi.uclm.es\\\/\",\"name\":\"Escuela Superior de Inform\u00e1tica de UCLM en Ciudad Real, Castilla-La Mancha\",\"description\":\"La Escuela Superior de Inform\u00e1tica de Ciudad Real (Castilla-La Mancha), Universidad de Castilla-La Mancha es un centro universitario que imparte el ciclo completo de Ingenier\u00eda en Inform\u00e1tica: grado, m\u00e1ster y doctorado.\",\"publisher\":{\"@id\":\"https:\\\/\\\/esi.uclm.es\\\/#organization\"},\"potentialAction\":[{\"@type\":\"SearchAction\",\"target\":{\"@type\":\"EntryPoint\",\"urlTemplate\":\"https:\\\/\\\/esi.uclm.es\\\/?s={search_term_string}\"},\"query-input\":{\"@type\":\"PropertyValueSpecification\",\"valueRequired\":true,\"valueName\":\"search_term_string\"}}],\"inLanguage\":\"es\"},{\"@type\":\"Organization\",\"@id\":\"https:\\\/\\\/esi.uclm.es\\\/#organization\",\"name\":\"Escuela Superior de Inform\u00e1tica de UCLM\",\"url\":\"https:\\\/\\\/esi.uclm.es\\\/\",\"logo\":{\"@type\":\"ImageObject\",\"inLanguage\":\"es\",\"@id\":\"https:\\\/\\\/esi.uclm.es\\\/#\\\/schema\\\/logo\\\/image\\\/\",\"url\":\"https:\\\/\\\/esi.uclm.es\\\/assets\\\/uploads\\\/2022\\\/03\\\/LogoESI_cabecera-1.png\",\"contentUrl\":\"https:\\\/\\\/esi.uclm.es\\\/assets\\\/uploads\\\/2022\\\/03\\\/LogoESI_cabecera-1.png\",\"width\":460,\"height\":184,\"caption\":\"Escuela Superior de Inform\u00e1tica de UCLM\"},\"image\":{\"@id\":\"https:\\\/\\\/esi.uclm.es\\\/#\\\/schema\\\/logo\\\/image\\\/\"},\"sameAs\":[\"https:\\\/\\\/www.facebook.com\\\/Escuela-Superior-de-Informtica-543261809027158\",\"https:\\\/\\\/x.com\\\/esiuclm\",\"https:\\\/\\\/www.instagram.com\\\/esiuclm\\\/\",\"https:\\\/\\\/www.youtube.com\\\/user\\\/esiuclm\",\"https:\\\/\\\/www.twitch.tv\\\/esiuclm\",\"https:\\\/\\\/www.linkedin.com\\\/company\\\/12656631\\\/admin\\\/\"]},{\"@type\":\"Person\",\"@id\":\"https:\\\/\\\/esi.uclm.es\\\/#\\\/schema\\\/person\\\/d9a390095e8beeca5aced92acb17a530\",\"name\":\"esiuclm\",\"image\":{\"@type\":\"ImageObject\",\"inLanguage\":\"es\",\"@id\":\"https:\\\/\\\/secure.gravatar.com\\\/avatar\\\/ff32e6f445454691c713484fe154c7002761ecabfa4cfa2fea57c231744892da?s=96&d=mm&r=g\",\"url\":\"https:\\\/\\\/secure.gravatar.com\\\/avatar\\\/ff32e6f445454691c713484fe154c7002761ecabfa4cfa2fea57c231744892da?s=96&d=mm&r=g\",\"contentUrl\":\"https:\\\/\\\/secure.gravatar.com\\\/avatar\\\/ff32e6f445454691c713484fe154c7002761ecabfa4cfa2fea57c231744892da?s=96&d=mm&r=g\",\"caption\":\"esiuclm\"},\"sameAs\":[\"https:\\\/\\\/esi.uclm.es\"],\"url\":\"https:\\\/\\\/esi.uclm.es\\\/index.php\\\/author\\\/esiadmin\\\/\"}]}<\/script>\n<!-- \/ Yoast SEO plugin. -->","yoast_head_json":{"title":"Calendario ESI 2023 - Escuela Superior de Inform\u00e1tica de UCLM","robots":{"index":"index","follow":"follow","max-snippet":"max-snippet:-1","max-image-preview":"max-image-preview:large","max-video-preview":"max-video-preview:-1"},"canonical":"https:\/\/esi.uclm.es\/index.php\/2023\/04\/27\/descarga-calendario-esi-2023\/","og_locale":"es_ES","og_type":"article","og_title":"Calendario ESI 2023 - Escuela Superior de Inform\u00e1tica de UCLM","og_description":"\u00a1Listo para imprimir! Ahora puedes descargarte el calendario 2023 de la Escuela Superior de Inform\u00e1tica en varios formatos EXCEL y PDF. En este calendario se marcan algunos eventos claves directamente relacionados con la Escuela, y efem\u00e9rides relacionadas con la tecnolog\u00eda y el \u00e1mbito de la [&hellip;]","og_url":"https:\/\/esi.uclm.es\/index.php\/2023\/04\/27\/descarga-calendario-esi-2023\/","og_site_name":"Escuela Superior de Inform\u00e1tica de UCLM","article_publisher":"https:\/\/www.facebook.com\/Escuela-Superior-de-Informtica-543261809027158","article_published_time":"2023-04-27T16:48:00+00:00","article_modified_time":"2023-05-12T16:11:24+00:00","og_image":[{"width":2480,"height":1200,"url":"http:\/\/esi.uclm.es\/assets\/uploads\/2023\/01\/todos_meses2023_inclinados_v2.webp","type":"image\/webp"}],"author":"esiuclm","twitter_card":"summary_large_image","twitter_creator":"@esiuclm","twitter_site":"@esiuclm","twitter_misc":{"Escrito por":"esiuclm","Tiempo de lectura":"3 minutos"},"schema":{"@context":"https:\/\/schema.org","@graph":[{"@type":"Article","@id":"https:\/\/esi.uclm.es\/index.php\/2023\/04\/27\/descarga-calendario-esi-2023\/#article","isPartOf":{"@id":"https:\/\/esi.uclm.es\/index.php\/2023\/04\/27\/descarga-calendario-esi-2023\/"},"author":{"name":"esiuclm","@id":"https:\/\/esi.uclm.es\/#\/schema\/person\/d9a390095e8beeca5aced92acb17a530"},"headline":"Calendario ESI 2023","datePublished":"2023-04-27T16:48:00+00:00","dateModified":"2023-05-12T16:11:24+00:00","mainEntityOfPage":{"@id":"https:\/\/esi.uclm.es\/index.php\/2023\/04\/27\/descarga-calendario-esi-2023\/"},"wordCount":138,"commentCount":0,"publisher":{"@id":"https:\/\/esi.uclm.es\/#organization"},"image":{"@id":"https:\/\/esi.uclm.es\/index.php\/2023\/04\/27\/descarga-calendario-esi-2023\/#primaryimage"},"thumbnailUrl":"https:\/\/esi.uclm.es\/assets\/uploads\/2023\/01\/todos_meses2023_inclinados_v2.webp","articleSection":["General"],"inLanguage":"es","potentialAction":[{"@type":"CommentAction","name":"Comment","target":["https:\/\/esi.uclm.es\/index.php\/2023\/04\/27\/descarga-calendario-esi-2023\/#respond"]}]},{"@type":"WebPage","@id":"https:\/\/esi.uclm.es\/index.php\/2023\/04\/27\/descarga-calendario-esi-2023\/","url":"https:\/\/esi.uclm.es\/index.php\/2023\/04\/27\/descarga-calendario-esi-2023\/","name":"Calendario ESI 2023 - Escuela Superior de Inform\u00e1tica de UCLM","isPartOf":{"@id":"https:\/\/esi.uclm.es\/#website"},"primaryImageOfPage":{"@id":"https:\/\/esi.uclm.es\/index.php\/2023\/04\/27\/descarga-calendario-esi-2023\/#primaryimage"},"image":{"@id":"https:\/\/esi.uclm.es\/index.php\/2023\/04\/27\/descarga-calendario-esi-2023\/#primaryimage"},"thumbnailUrl":"https:\/\/esi.uclm.es\/assets\/uploads\/2023\/01\/todos_meses2023_inclinados_v2.webp","datePublished":"2023-04-27T16:48:00+00:00","dateModified":"2023-05-12T16:11:24+00:00","breadcrumb":{"@id":"https:\/\/esi.uclm.es\/index.php\/2023\/04\/27\/descarga-calendario-esi-2023\/#breadcrumb"},"inLanguage":"es","potentialAction":[{"@type":"ReadAction","target":["https:\/\/esi.uclm.es\/index.php\/2023\/04\/27\/descarga-calendario-esi-2023\/"]}]},{"@type":"ImageObject","inLanguage":"es","@id":"https:\/\/esi.uclm.es\/index.php\/2023\/04\/27\/descarga-calendario-esi-2023\/#primaryimage","url":"https:\/\/esi.uclm.es\/assets\/uploads\/2023\/01\/todos_meses2023_inclinados_v2.webp","contentUrl":"https:\/\/esi.uclm.es\/assets\/uploads\/2023\/01\/todos_meses2023_inclinados_v2.webp","width":2480,"height":1200,"caption":"calendario 2023, escuela superior de inform\u00e1tica, uclm"},{"@type":"BreadcrumbList","@id":"https:\/\/esi.uclm.es\/index.php\/2023\/04\/27\/descarga-calendario-esi-2023\/#breadcrumb","itemListElement":[{"@type":"ListItem","position":1,"name":"Portada","item":"https:\/\/esi.uclm.es\/"},{"@type":"ListItem","position":2,"name":"Calendario ESI 2023"}]},{"@type":"WebSite","@id":"https:\/\/esi.uclm.es\/#website","url":"https:\/\/esi.uclm.es\/","name":"Escuela Superior de Inform\u00e1tica de UCLM en Ciudad Real, Castilla-La Mancha","description":"La Escuela Superior de Inform\u00e1tica de Ciudad Real (Castilla-La Mancha), Universidad de Castilla-La Mancha es un centro universitario que imparte el ciclo completo de Ingenier\u00eda en Inform\u00e1tica: grado, m\u00e1ster y doctorado.","publisher":{"@id":"https:\/\/esi.uclm.es\/#organization"},"potentialAction":[{"@type":"SearchAction","target":{"@type":"EntryPoint","urlTemplate":"https:\/\/esi.uclm.es\/?s={search_term_string}"},"query-input":{"@type":"PropertyValueSpecification","valueRequired":true,"valueName":"search_term_string"}}],"inLanguage":"es"},{"@type":"Organization","@id":"https:\/\/esi.uclm.es\/#organization","name":"Escuela Superior de Inform\u00e1tica de UCLM","url":"https:\/\/esi.uclm.es\/","logo":{"@type":"ImageObject","inLanguage":"es","@id":"https:\/\/esi.uclm.es\/#\/schema\/logo\/image\/","url":"https:\/\/esi.uclm.es\/assets\/uploads\/2022\/03\/LogoESI_cabecera-1.png","contentUrl":"https:\/\/esi.uclm.es\/assets\/uploads\/2022\/03\/LogoESI_cabecera-1.png","width":460,"height":184,"caption":"Escuela Superior de Inform\u00e1tica de UCLM"},"image":{"@id":"https:\/\/esi.uclm.es\/#\/schema\/logo\/image\/"},"sameAs":["https:\/\/www.facebook.com\/Escuela-Superior-de-Informtica-543261809027158","https:\/\/x.com\/esiuclm","https:\/\/www.instagram.com\/esiuclm\/","https:\/\/www.youtube.com\/user\/esiuclm","https:\/\/www.twitch.tv\/esiuclm","https:\/\/www.linkedin.com\/company\/12656631\/admin\/"]},{"@type":"Person","@id":"https:\/\/esi.uclm.es\/#\/schema\/person\/d9a390095e8beeca5aced92acb17a530","name":"esiuclm","image":{"@type":"ImageObject","inLanguage":"es","@id":"https:\/\/secure.gravatar.com\/avatar\/ff32e6f445454691c713484fe154c7002761ecabfa4cfa2fea57c231744892da?s=96&d=mm&r=g","url":"https:\/\/secure.gravatar.com\/avatar\/ff32e6f445454691c713484fe154c7002761ecabfa4cfa2fea57c231744892da?s=96&d=mm&r=g","contentUrl":"https:\/\/secure.gravatar.com\/avatar\/ff32e6f445454691c713484fe154c7002761ecabfa4cfa2fea57c231744892da?s=96&d=mm&r=g","caption":"esiuclm"},"sameAs":["https:\/\/esi.uclm.es"],"url":"https:\/\/esi.uclm.es\/index.php\/author\/esiadmin\/"}]}},"_links":{"self":[{"href":"https:\/\/esi.uclm.es\/index.php\/wp-json\/wp\/v2\/posts\/13691","targetHints":{"allow":["GET"]}}],"collection":[{"href":"https:\/\/esi.uclm.es\/index.php\/wp-json\/wp\/v2\/posts"}],"about":[{"href":"https:\/\/esi.uclm.es\/index.php\/wp-json\/wp\/v2\/types\/post"}],"author":[{"embeddable":true,"href":"https:\/\/esi.uclm.es\/index.php\/wp-json\/wp\/v2\/users\/1"}],"replies":[{"embeddable":true,"href":"https:\/\/esi.uclm.es\/index.php\/wp-json\/wp\/v2\/comments?post=13691"}],"version-history":[{"count":8,"href":"https:\/\/esi.uclm.es\/index.php\/wp-json\/wp\/v2\/posts\/13691\/revisions"}],"predecessor-version":[{"id":15702,"href":"https:\/\/esi.uclm.es\/index.php\/wp-json\/wp\/v2\/posts\/13691\/revisions\/15702"}],"wp:featuredmedia":[{"embeddable":true,"href":"https:\/\/esi.uclm.es\/index.php\/wp-json\/wp\/v2\/media\/13741"}],"wp:attachment":[{"href":"https:\/\/esi.uclm.es\/index.php\/wp-json\/wp\/v2\/media?parent=13691"}],"wp:term":[{"taxonomy":"category","embeddable":true,"href":"https:\/\/esi.uclm.es\/index.php\/wp-json\/wp\/v2\/categories?post=13691"},{"taxonomy":"post_tag","embeddable":true,"href":"https:\/\/esi.uclm.es\/index.php\/wp-json\/wp\/v2\/tags?post=13691"}],"curies":[{"name":"wp","href":"https:\/\/api.w.org\/{rel}","templated":true}]}}