{"id":13591,"date":"2022-12-16T12:22:21","date_gmt":"2022-12-16T12:22:21","guid":{"rendered":"https:\/\/esi.uclm.es\/?p=13591"},"modified":"2023-01-14T16:14:09","modified_gmt":"2023-01-14T16:14:09","slug":"firma-de-nueva-aula-aturnos-uclm","status":"publish","type":"post","link":"https:\/\/esi.uclm.es\/index.php\/2022\/12\/16\/firma-de-nueva-aula-aturnos-uclm\/","title":{"rendered":"Firma de nueva aula aTurnos &#8211; UCLM"},"content":{"rendered":"\n<p>El 16 de noviembre de 2022 se firm\u00f3 el convenio de colaboraci\u00f3n entre la empresa <a rel=\"noreferrer noopener\" href=\"https:\/\/www.aturnos.com\/\" target=\"_blank\">aTurnos<\/a> y la <a href=\"http:\/\/www.uclm.es\" target=\"_blank\" rel=\"noreferrer noopener\">Universidad de Castilla-La Mancha<\/a> para la creaci\u00f3n del aula \u00ab<em>aTurnos-UCLM: Algoritmos &amp; Inteligencia Artificial para la nueva gesti\u00f3n de personal<\/em>\u00ab. Como representantes de ambas instituciones comparecieron D. Jos\u00e9 Juli\u00e1n Garde L\u00f3pez-Brea como Rector de la Universidad de Castilla-La Mancha y D. Pablo Garc\u00eda Ansola en representaci\u00f3n de aTurnos Solutions SL, acompa\u00f1ados por D\u00aa \u00c1ngela Gonz\u00e1lez Moreno (Vicerrectora de Innovaci\u00f3n, Empleo y Emprendimiento), D. Crescencio Bravo Santos (Director de la Escuela Superior de Inform\u00e1tica) y D. Jes\u00fas Serrano Guerrero (Secretario de la Escuela Superior de Inform\u00e1tica).<\/p>\n\n\n\n<iframe loading=\"lazy\" width=\"560\" height=\"315\" src=\"https:\/\/www.youtube.com\/embed\/_XxLNDYbv8Q\" title=\"YouTube video player\" frameborder=\"0\" allow=\"accelerometer; autoplay; clipboard-write; encrypted-media; gyroscope; picture-in-picture\" allowfullscreen=\"\"><\/iframe>\n\n\n\n<p>aTurnos Solutions SL, empresa tecnol\u00f3gica de \u00e1mbito internacional con una sede en Castilla-La Mancha, entiende que el talento es el elemento clave para el cumplimiento de sus objetivos y desarrollo de su actividad y que, en esa variable, la UCLM desempe\u00f1a un papel fundamental a trav\u00e9s de su Escuela Superior de Inform\u00e1tica, no solo para la incorporaci\u00f3n de sus egresados en la Empresa, sino tambi\u00e9n como aliado estrat\u00e9gico para configurar y fortalecer las \u00e1reas y l\u00edneas estrat\u00e9gicas de su actividad de desarrollo de software y provisi\u00f3n de servicios tecnol\u00f3gicos.<\/p>\n\n\n\n<figure class=\"wp-block-gallery aligncenter has-nested-images columns-default is-cropped wp-block-gallery-1 is-layout-flex wp-block-gallery-is-layout-flex\">\n<figure class=\"wp-block-image size-large\"><a href=\"https:\/\/esi.uclm.es\/assets\/uploads\/2022\/12\/DSC_5325.jpg\"><img loading=\"lazy\" decoding=\"async\" width=\"1024\" height=\"678\" data-id=\"13595\" src=\"https:\/\/esi.uclm.es\/assets\/uploads\/2022\/12\/DSC_5325-1024x678.jpg\" alt=\"\" class=\"wp-image-13595\" srcset=\"https:\/\/esi.uclm.es\/assets\/uploads\/2022\/12\/DSC_5325-1024x678.jpg 1024w, https:\/\/esi.uclm.es\/assets\/uploads\/2022\/12\/DSC_5325-300x199.jpg 300w, https:\/\/esi.uclm.es\/assets\/uploads\/2022\/12\/DSC_5325-768x509.jpg 768w, https:\/\/esi.uclm.es\/assets\/uploads\/2022\/12\/DSC_5325-391x260.jpg 391w, https:\/\/esi.uclm.es\/assets\/uploads\/2022\/12\/DSC_5325-128x86.jpg 128w, https:\/\/esi.uclm.es\/assets\/uploads\/2022\/12\/DSC_5325-600x397.jpg 600w, https:\/\/esi.uclm.es\/assets\/uploads\/2022\/12\/DSC_5325.jpg 1300w\" sizes=\"auto, (max-width: 1024px) 100vw, 1024px\" \/><\/a><\/figure>\n\n\n\n<figure class=\"wp-block-image size-large\"><a href=\"https:\/\/esi.uclm.es\/assets\/uploads\/2022\/12\/DSC_5328.jpg\"><img loading=\"lazy\" decoding=\"async\" width=\"1024\" height=\"678\" data-id=\"13596\" src=\"https:\/\/esi.uclm.es\/assets\/uploads\/2022\/12\/DSC_5328-1024x678.jpg\" alt=\"\" class=\"wp-image-13596\" srcset=\"https:\/\/esi.uclm.es\/assets\/uploads\/2022\/12\/DSC_5328-1024x678.jpg 1024w, https:\/\/esi.uclm.es\/assets\/uploads\/2022\/12\/DSC_5328-300x199.jpg 300w, https:\/\/esi.uclm.es\/assets\/uploads\/2022\/12\/DSC_5328-768x509.jpg 768w, https:\/\/esi.uclm.es\/assets\/uploads\/2022\/12\/DSC_5328-391x260.jpg 391w, https:\/\/esi.uclm.es\/assets\/uploads\/2022\/12\/DSC_5328-128x86.jpg 128w, https:\/\/esi.uclm.es\/assets\/uploads\/2022\/12\/DSC_5328-600x397.jpg 600w, https:\/\/esi.uclm.es\/assets\/uploads\/2022\/12\/DSC_5328.jpg 1300w\" sizes=\"auto, (max-width: 1024px) 100vw, 1024px\" \/><\/a><\/figure>\n\n\n\n<figure class=\"wp-block-image size-large\"><a href=\"https:\/\/esi.uclm.es\/assets\/uploads\/2022\/12\/DSC_5334.jpg\"><img loading=\"lazy\" decoding=\"async\" width=\"1024\" height=\"678\" data-id=\"13598\" src=\"https:\/\/esi.uclm.es\/assets\/uploads\/2022\/12\/DSC_5334-1024x678.jpg\" alt=\"\" class=\"wp-image-13598\" srcset=\"https:\/\/esi.uclm.es\/assets\/uploads\/2022\/12\/DSC_5334-1024x678.jpg 1024w, https:\/\/esi.uclm.es\/assets\/uploads\/2022\/12\/DSC_5334-300x199.jpg 300w, https:\/\/esi.uclm.es\/assets\/uploads\/2022\/12\/DSC_5334-768x509.jpg 768w, https:\/\/esi.uclm.es\/assets\/uploads\/2022\/12\/DSC_5334-391x260.jpg 391w, https:\/\/esi.uclm.es\/assets\/uploads\/2022\/12\/DSC_5334-128x86.jpg 128w, https:\/\/esi.uclm.es\/assets\/uploads\/2022\/12\/DSC_5334-600x397.jpg 600w, https:\/\/esi.uclm.es\/assets\/uploads\/2022\/12\/DSC_5334.jpg 1300w\" sizes=\"auto, (max-width: 1024px) 100vw, 1024px\" \/><\/a><\/figure>\n\n\n\n<figure class=\"wp-block-image size-large\"><a href=\"https:\/\/esi.uclm.es\/assets\/uploads\/2022\/12\/DSC_5336.jpg\"><img loading=\"lazy\" decoding=\"async\" width=\"1024\" height=\"678\" data-id=\"13597\" src=\"https:\/\/esi.uclm.es\/assets\/uploads\/2022\/12\/DSC_5336-1024x678.jpg\" alt=\"\" class=\"wp-image-13597\" srcset=\"https:\/\/esi.uclm.es\/assets\/uploads\/2022\/12\/DSC_5336-1024x678.jpg 1024w, https:\/\/esi.uclm.es\/assets\/uploads\/2022\/12\/DSC_5336-300x199.jpg 300w, https:\/\/esi.uclm.es\/assets\/uploads\/2022\/12\/DSC_5336-768x509.jpg 768w, https:\/\/esi.uclm.es\/assets\/uploads\/2022\/12\/DSC_5336-391x260.jpg 391w, https:\/\/esi.uclm.es\/assets\/uploads\/2022\/12\/DSC_5336-128x86.jpg 128w, https:\/\/esi.uclm.es\/assets\/uploads\/2022\/12\/DSC_5336-600x397.jpg 600w, https:\/\/esi.uclm.es\/assets\/uploads\/2022\/12\/DSC_5336.jpg 1300w\" sizes=\"auto, (max-width: 1024px) 100vw, 1024px\" \/><\/a><\/figure>\n<\/figure>\n\n\n\n<p>Bajo este convenio se pretenden desarrollar actividades de los siguientes tipos:<\/p>\n\n\n\n<ul class=\"wp-block-list\">\n<li>Oferta de becas o contratos retribuidos, con fines formativos, para los alumnos del Grado\/M\u00e1ster en Ingenier\u00eda Inform\u00e1tica de la ESI de Ciudad Real o de otro de sus centros.<\/li>\n\n\n\n<li>Creaci\u00f3n del premio \u201caTurnos: Mejor TFG en Inteligencia Artificial y Algoritmos\u201d al mejor Trabajo Fin de Grado\/M\u00e1ster, otorgable anualmente bajo los mecanismos que se establezcan.<\/li>\n\n\n\n<li>Organizaci\u00f3n de una jornada anual (charlas, taller, jornada de divulgaci\u00f3n&#8230;) sobre un tema de inter\u00e9s com\u00fan de las partes. <\/li>\n\n\n\n<li>Colaboraci\u00f3n en las ramas de inteligencia artificial para la b\u00fasqueda de financiaci\u00f3n mutua en proyectos de \u00e1mbito nacional y europeo<\/li>\n<\/ul>\n","protected":false},"excerpt":{"rendered":"<p>El 16 de noviembre de 2022 se firm\u00f3 el convenio de colaboraci\u00f3n entre la empresa aTurnos y la Universidad de Castilla-La Mancha para la creaci\u00f3n del aula \u00abaTurnos-UCLM: Algoritmos &amp; Inteligencia Artificial para la nueva gesti\u00f3n de personal\u00ab. Como representantes de ambas instituciones comparecieron D. [&hellip;]<\/p>\n","protected":false},"author":1,"featured_media":13600,"comment_status":"open","ping_status":"open","sticky":false,"template":"","format":"standard","meta":{"footnotes":""},"categories":[623],"tags":[],"class_list":["post-13591","post","type-post","status-publish","format-standard","has-post-thumbnail","hentry","category-empresas"],"yoast_head":"<!-- This site is optimized with the Yoast SEO plugin v27.5 - https:\/\/yoast.com\/product\/yoast-seo-wordpress\/ -->\n<title>Firma de nueva aula aTurnos &#8211; UCLM - Escuela Superior de Inform\u00e1tica de UCLM<\/title>\n<meta name=\"robots\" content=\"index, follow, max-snippet:-1, max-image-preview:large, max-video-preview:-1\" \/>\n<link rel=\"canonical\" href=\"https:\/\/esi.uclm.es\/index.php\/2022\/12\/16\/firma-de-nueva-aula-aturnos-uclm\/\" \/>\n<meta property=\"og:locale\" content=\"es_ES\" \/>\n<meta property=\"og:type\" content=\"article\" \/>\n<meta property=\"og:title\" content=\"Firma de nueva aula aTurnos &#8211; UCLM - Escuela Superior de Inform\u00e1tica de UCLM\" \/>\n<meta property=\"og:description\" content=\"El 16 de noviembre de 2022 se firm\u00f3 el convenio de colaboraci\u00f3n entre la empresa aTurnos y la Universidad de Castilla-La Mancha para la creaci\u00f3n del aula \u00abaTurnos-UCLM: Algoritmos &amp; Inteligencia Artificial para la nueva gesti\u00f3n de personal\u00ab. Como representantes de ambas instituciones comparecieron D. [&hellip;]\" \/>\n<meta property=\"og:url\" content=\"https:\/\/esi.uclm.es\/index.php\/2022\/12\/16\/firma-de-nueva-aula-aturnos-uclm\/\" \/>\n<meta property=\"og:site_name\" content=\"Escuela Superior de Inform\u00e1tica de UCLM\" \/>\n<meta property=\"article:publisher\" content=\"https:\/\/www.facebook.com\/Escuela-Superior-de-Informtica-543261809027158\" \/>\n<meta property=\"article:published_time\" content=\"2022-12-16T12:22:21+00:00\" \/>\n<meta property=\"article:modified_time\" content=\"2023-01-14T16:14:09+00:00\" \/>\n<meta property=\"og:image\" content=\"https:\/\/esi.uclm.es\/assets\/uploads\/2022\/12\/firma_autornos_web_v2.webp\" \/>\n\t<meta property=\"og:image:width\" content=\"2400\" \/>\n\t<meta property=\"og:image:height\" content=\"1475\" \/>\n\t<meta property=\"og:image:type\" content=\"image\/webp\" \/>\n<meta name=\"author\" content=\"esiuclm\" \/>\n<meta name=\"twitter:card\" content=\"summary_large_image\" \/>\n<meta name=\"twitter:creator\" content=\"@esiuclm\" \/>\n<meta name=\"twitter:site\" content=\"@esiuclm\" \/>\n<meta name=\"twitter:label1\" content=\"Escrito por\" \/>\n\t<meta name=\"twitter:data1\" content=\"esiuclm\" \/>\n\t<meta name=\"twitter:label2\" content=\"Tiempo de lectura\" \/>\n\t<meta name=\"twitter:data2\" content=\"2 minutos\" \/>\n<script type=\"application\/ld+json\" class=\"yoast-schema-graph\">{\"@context\":\"https:\\\/\\\/schema.org\",\"@graph\":[{\"@type\":\"Article\",\"@id\":\"https:\\\/\\\/esi.uclm.es\\\/index.php\\\/2022\\\/12\\\/16\\\/firma-de-nueva-aula-aturnos-uclm\\\/#article\",\"isPartOf\":{\"@id\":\"https:\\\/\\\/esi.uclm.es\\\/index.php\\\/2022\\\/12\\\/16\\\/firma-de-nueva-aula-aturnos-uclm\\\/\"},\"author\":{\"name\":\"esiuclm\",\"@id\":\"https:\\\/\\\/esi.uclm.es\\\/#\\\/schema\\\/person\\\/d9a390095e8beeca5aced92acb17a530\"},\"headline\":\"Firma de nueva aula aTurnos &#8211; UCLM\",\"datePublished\":\"2022-12-16T12:22:21+00:00\",\"dateModified\":\"2023-01-14T16:14:09+00:00\",\"mainEntityOfPage\":{\"@id\":\"https:\\\/\\\/esi.uclm.es\\\/index.php\\\/2022\\\/12\\\/16\\\/firma-de-nueva-aula-aturnos-uclm\\\/\"},\"wordCount\":338,\"commentCount\":0,\"publisher\":{\"@id\":\"https:\\\/\\\/esi.uclm.es\\\/#organization\"},\"image\":{\"@id\":\"https:\\\/\\\/esi.uclm.es\\\/index.php\\\/2022\\\/12\\\/16\\\/firma-de-nueva-aula-aturnos-uclm\\\/#primaryimage\"},\"thumbnailUrl\":\"https:\\\/\\\/esi.uclm.es\\\/assets\\\/uploads\\\/2022\\\/12\\\/firma_autornos_web_v2.webp\",\"articleSection\":[\"Empresas\"],\"inLanguage\":\"es\",\"potentialAction\":[{\"@type\":\"CommentAction\",\"name\":\"Comment\",\"target\":[\"https:\\\/\\\/esi.uclm.es\\\/index.php\\\/2022\\\/12\\\/16\\\/firma-de-nueva-aula-aturnos-uclm\\\/#respond\"]}]},{\"@type\":\"WebPage\",\"@id\":\"https:\\\/\\\/esi.uclm.es\\\/index.php\\\/2022\\\/12\\\/16\\\/firma-de-nueva-aula-aturnos-uclm\\\/\",\"url\":\"https:\\\/\\\/esi.uclm.es\\\/index.php\\\/2022\\\/12\\\/16\\\/firma-de-nueva-aula-aturnos-uclm\\\/\",\"name\":\"Firma de nueva aula aTurnos &#8211; UCLM - Escuela Superior de Inform\u00e1tica de UCLM\",\"isPartOf\":{\"@id\":\"https:\\\/\\\/esi.uclm.es\\\/#website\"},\"primaryImageOfPage\":{\"@id\":\"https:\\\/\\\/esi.uclm.es\\\/index.php\\\/2022\\\/12\\\/16\\\/firma-de-nueva-aula-aturnos-uclm\\\/#primaryimage\"},\"image\":{\"@id\":\"https:\\\/\\\/esi.uclm.es\\\/index.php\\\/2022\\\/12\\\/16\\\/firma-de-nueva-aula-aturnos-uclm\\\/#primaryimage\"},\"thumbnailUrl\":\"https:\\\/\\\/esi.uclm.es\\\/assets\\\/uploads\\\/2022\\\/12\\\/firma_autornos_web_v2.webp\",\"datePublished\":\"2022-12-16T12:22:21+00:00\",\"dateModified\":\"2023-01-14T16:14:09+00:00\",\"breadcrumb\":{\"@id\":\"https:\\\/\\\/esi.uclm.es\\\/index.php\\\/2022\\\/12\\\/16\\\/firma-de-nueva-aula-aturnos-uclm\\\/#breadcrumb\"},\"inLanguage\":\"es\",\"potentialAction\":[{\"@type\":\"ReadAction\",\"target\":[\"https:\\\/\\\/esi.uclm.es\\\/index.php\\\/2022\\\/12\\\/16\\\/firma-de-nueva-aula-aturnos-uclm\\\/\"]}]},{\"@type\":\"ImageObject\",\"inLanguage\":\"es\",\"@id\":\"https:\\\/\\\/esi.uclm.es\\\/index.php\\\/2022\\\/12\\\/16\\\/firma-de-nueva-aula-aturnos-uclm\\\/#primaryimage\",\"url\":\"https:\\\/\\\/esi.uclm.es\\\/assets\\\/uploads\\\/2022\\\/12\\\/firma_autornos_web_v2.webp\",\"contentUrl\":\"https:\\\/\\\/esi.uclm.es\\\/assets\\\/uploads\\\/2022\\\/12\\\/firma_autornos_web_v2.webp\",\"width\":2400,\"height\":1475,\"caption\":\"Firma aTurnos. Jes\u00fas Serrano, Crescencio Bravo, Juli\u00e1n Garde, Pablo Ansola y \u00c1ngela Gonz\u00e1lez\"},{\"@type\":\"BreadcrumbList\",\"@id\":\"https:\\\/\\\/esi.uclm.es\\\/index.php\\\/2022\\\/12\\\/16\\\/firma-de-nueva-aula-aturnos-uclm\\\/#breadcrumb\",\"itemListElement\":[{\"@type\":\"ListItem\",\"position\":1,\"name\":\"Portada\",\"item\":\"https:\\\/\\\/esi.uclm.es\\\/\"},{\"@type\":\"ListItem\",\"position\":2,\"name\":\"Firma de nueva aula aTurnos &#8211; UCLM\"}]},{\"@type\":\"WebSite\",\"@id\":\"https:\\\/\\\/esi.uclm.es\\\/#website\",\"url\":\"https:\\\/\\\/esi.uclm.es\\\/\",\"name\":\"Escuela Superior de Inform\u00e1tica de UCLM en Ciudad Real, Castilla-La Mancha\",\"description\":\"La Escuela Superior de Inform\u00e1tica de Ciudad Real (Castilla-La Mancha), Universidad de Castilla-La Mancha es un centro universitario que imparte el ciclo completo de Ingenier\u00eda en Inform\u00e1tica: grado, m\u00e1ster y doctorado.\",\"publisher\":{\"@id\":\"https:\\\/\\\/esi.uclm.es\\\/#organization\"},\"potentialAction\":[{\"@type\":\"SearchAction\",\"target\":{\"@type\":\"EntryPoint\",\"urlTemplate\":\"https:\\\/\\\/esi.uclm.es\\\/?s={search_term_string}\"},\"query-input\":{\"@type\":\"PropertyValueSpecification\",\"valueRequired\":true,\"valueName\":\"search_term_string\"}}],\"inLanguage\":\"es\"},{\"@type\":\"Organization\",\"@id\":\"https:\\\/\\\/esi.uclm.es\\\/#organization\",\"name\":\"Escuela Superior de Inform\u00e1tica de UCLM\",\"url\":\"https:\\\/\\\/esi.uclm.es\\\/\",\"logo\":{\"@type\":\"ImageObject\",\"inLanguage\":\"es\",\"@id\":\"https:\\\/\\\/esi.uclm.es\\\/#\\\/schema\\\/logo\\\/image\\\/\",\"url\":\"https:\\\/\\\/esi.uclm.es\\\/assets\\\/uploads\\\/2022\\\/03\\\/LogoESI_cabecera-1.png\",\"contentUrl\":\"https:\\\/\\\/esi.uclm.es\\\/assets\\\/uploads\\\/2022\\\/03\\\/LogoESI_cabecera-1.png\",\"width\":460,\"height\":184,\"caption\":\"Escuela Superior de Inform\u00e1tica de UCLM\"},\"image\":{\"@id\":\"https:\\\/\\\/esi.uclm.es\\\/#\\\/schema\\\/logo\\\/image\\\/\"},\"sameAs\":[\"https:\\\/\\\/www.facebook.com\\\/Escuela-Superior-de-Informtica-543261809027158\",\"https:\\\/\\\/x.com\\\/esiuclm\",\"https:\\\/\\\/www.instagram.com\\\/esiuclm\\\/\",\"https:\\\/\\\/www.youtube.com\\\/user\\\/esiuclm\",\"https:\\\/\\\/www.twitch.tv\\\/esiuclm\",\"https:\\\/\\\/www.linkedin.com\\\/company\\\/12656631\\\/admin\\\/\"]},{\"@type\":\"Person\",\"@id\":\"https:\\\/\\\/esi.uclm.es\\\/#\\\/schema\\\/person\\\/d9a390095e8beeca5aced92acb17a530\",\"name\":\"esiuclm\",\"image\":{\"@type\":\"ImageObject\",\"inLanguage\":\"es\",\"@id\":\"https:\\\/\\\/secure.gravatar.com\\\/avatar\\\/ff32e6f445454691c713484fe154c7002761ecabfa4cfa2fea57c231744892da?s=96&d=mm&r=g\",\"url\":\"https:\\\/\\\/secure.gravatar.com\\\/avatar\\\/ff32e6f445454691c713484fe154c7002761ecabfa4cfa2fea57c231744892da?s=96&d=mm&r=g\",\"contentUrl\":\"https:\\\/\\\/secure.gravatar.com\\\/avatar\\\/ff32e6f445454691c713484fe154c7002761ecabfa4cfa2fea57c231744892da?s=96&d=mm&r=g\",\"caption\":\"esiuclm\"},\"sameAs\":[\"https:\\\/\\\/esi.uclm.es\"],\"url\":\"https:\\\/\\\/esi.uclm.es\\\/index.php\\\/author\\\/esiadmin\\\/\"}]}<\/script>\n<!-- \/ Yoast SEO plugin. -->","yoast_head_json":{"title":"Firma de nueva aula aTurnos &#8211; UCLM - Escuela Superior de Inform\u00e1tica de UCLM","robots":{"index":"index","follow":"follow","max-snippet":"max-snippet:-1","max-image-preview":"max-image-preview:large","max-video-preview":"max-video-preview:-1"},"canonical":"https:\/\/esi.uclm.es\/index.php\/2022\/12\/16\/firma-de-nueva-aula-aturnos-uclm\/","og_locale":"es_ES","og_type":"article","og_title":"Firma de nueva aula aTurnos &#8211; UCLM - Escuela Superior de Inform\u00e1tica de UCLM","og_description":"El 16 de noviembre de 2022 se firm\u00f3 el convenio de colaboraci\u00f3n entre la empresa aTurnos y la Universidad de Castilla-La Mancha para la creaci\u00f3n del aula \u00abaTurnos-UCLM: Algoritmos &amp; Inteligencia Artificial para la nueva gesti\u00f3n de personal\u00ab. Como representantes de ambas instituciones comparecieron D. [&hellip;]","og_url":"https:\/\/esi.uclm.es\/index.php\/2022\/12\/16\/firma-de-nueva-aula-aturnos-uclm\/","og_site_name":"Escuela Superior de Inform\u00e1tica de UCLM","article_publisher":"https:\/\/www.facebook.com\/Escuela-Superior-de-Informtica-543261809027158","article_published_time":"2022-12-16T12:22:21+00:00","article_modified_time":"2023-01-14T16:14:09+00:00","og_image":[{"width":2400,"height":1475,"url":"https:\/\/esi.uclm.es\/assets\/uploads\/2022\/12\/firma_autornos_web_v2.webp","type":"image\/webp"}],"author":"esiuclm","twitter_card":"summary_large_image","twitter_creator":"@esiuclm","twitter_site":"@esiuclm","twitter_misc":{"Escrito por":"esiuclm","Tiempo de lectura":"2 minutos"},"schema":{"@context":"https:\/\/schema.org","@graph":[{"@type":"Article","@id":"https:\/\/esi.uclm.es\/index.php\/2022\/12\/16\/firma-de-nueva-aula-aturnos-uclm\/#article","isPartOf":{"@id":"https:\/\/esi.uclm.es\/index.php\/2022\/12\/16\/firma-de-nueva-aula-aturnos-uclm\/"},"author":{"name":"esiuclm","@id":"https:\/\/esi.uclm.es\/#\/schema\/person\/d9a390095e8beeca5aced92acb17a530"},"headline":"Firma de nueva aula aTurnos &#8211; UCLM","datePublished":"2022-12-16T12:22:21+00:00","dateModified":"2023-01-14T16:14:09+00:00","mainEntityOfPage":{"@id":"https:\/\/esi.uclm.es\/index.php\/2022\/12\/16\/firma-de-nueva-aula-aturnos-uclm\/"},"wordCount":338,"commentCount":0,"publisher":{"@id":"https:\/\/esi.uclm.es\/#organization"},"image":{"@id":"https:\/\/esi.uclm.es\/index.php\/2022\/12\/16\/firma-de-nueva-aula-aturnos-uclm\/#primaryimage"},"thumbnailUrl":"https:\/\/esi.uclm.es\/assets\/uploads\/2022\/12\/firma_autornos_web_v2.webp","articleSection":["Empresas"],"inLanguage":"es","potentialAction":[{"@type":"CommentAction","name":"Comment","target":["https:\/\/esi.uclm.es\/index.php\/2022\/12\/16\/firma-de-nueva-aula-aturnos-uclm\/#respond"]}]},{"@type":"WebPage","@id":"https:\/\/esi.uclm.es\/index.php\/2022\/12\/16\/firma-de-nueva-aula-aturnos-uclm\/","url":"https:\/\/esi.uclm.es\/index.php\/2022\/12\/16\/firma-de-nueva-aula-aturnos-uclm\/","name":"Firma de nueva aula aTurnos &#8211; UCLM - Escuela Superior de Inform\u00e1tica de UCLM","isPartOf":{"@id":"https:\/\/esi.uclm.es\/#website"},"primaryImageOfPage":{"@id":"https:\/\/esi.uclm.es\/index.php\/2022\/12\/16\/firma-de-nueva-aula-aturnos-uclm\/#primaryimage"},"image":{"@id":"https:\/\/esi.uclm.es\/index.php\/2022\/12\/16\/firma-de-nueva-aula-aturnos-uclm\/#primaryimage"},"thumbnailUrl":"https:\/\/esi.uclm.es\/assets\/uploads\/2022\/12\/firma_autornos_web_v2.webp","datePublished":"2022-12-16T12:22:21+00:00","dateModified":"2023-01-14T16:14:09+00:00","breadcrumb":{"@id":"https:\/\/esi.uclm.es\/index.php\/2022\/12\/16\/firma-de-nueva-aula-aturnos-uclm\/#breadcrumb"},"inLanguage":"es","potentialAction":[{"@type":"ReadAction","target":["https:\/\/esi.uclm.es\/index.php\/2022\/12\/16\/firma-de-nueva-aula-aturnos-uclm\/"]}]},{"@type":"ImageObject","inLanguage":"es","@id":"https:\/\/esi.uclm.es\/index.php\/2022\/12\/16\/firma-de-nueva-aula-aturnos-uclm\/#primaryimage","url":"https:\/\/esi.uclm.es\/assets\/uploads\/2022\/12\/firma_autornos_web_v2.webp","contentUrl":"https:\/\/esi.uclm.es\/assets\/uploads\/2022\/12\/firma_autornos_web_v2.webp","width":2400,"height":1475,"caption":"Firma aTurnos. Jes\u00fas Serrano, Crescencio Bravo, Juli\u00e1n Garde, Pablo Ansola y \u00c1ngela Gonz\u00e1lez"},{"@type":"BreadcrumbList","@id":"https:\/\/esi.uclm.es\/index.php\/2022\/12\/16\/firma-de-nueva-aula-aturnos-uclm\/#breadcrumb","itemListElement":[{"@type":"ListItem","position":1,"name":"Portada","item":"https:\/\/esi.uclm.es\/"},{"@type":"ListItem","position":2,"name":"Firma de nueva aula aTurnos &#8211; UCLM"}]},{"@type":"WebSite","@id":"https:\/\/esi.uclm.es\/#website","url":"https:\/\/esi.uclm.es\/","name":"Escuela Superior de Inform\u00e1tica de UCLM en Ciudad Real, Castilla-La Mancha","description":"La Escuela Superior de Inform\u00e1tica de Ciudad Real (Castilla-La Mancha), Universidad de Castilla-La Mancha es un centro universitario que imparte el ciclo completo de Ingenier\u00eda en Inform\u00e1tica: grado, m\u00e1ster y doctorado.","publisher":{"@id":"https:\/\/esi.uclm.es\/#organization"},"potentialAction":[{"@type":"SearchAction","target":{"@type":"EntryPoint","urlTemplate":"https:\/\/esi.uclm.es\/?s={search_term_string}"},"query-input":{"@type":"PropertyValueSpecification","valueRequired":true,"valueName":"search_term_string"}}],"inLanguage":"es"},{"@type":"Organization","@id":"https:\/\/esi.uclm.es\/#organization","name":"Escuela Superior de Inform\u00e1tica de UCLM","url":"https:\/\/esi.uclm.es\/","logo":{"@type":"ImageObject","inLanguage":"es","@id":"https:\/\/esi.uclm.es\/#\/schema\/logo\/image\/","url":"https:\/\/esi.uclm.es\/assets\/uploads\/2022\/03\/LogoESI_cabecera-1.png","contentUrl":"https:\/\/esi.uclm.es\/assets\/uploads\/2022\/03\/LogoESI_cabecera-1.png","width":460,"height":184,"caption":"Escuela Superior de Inform\u00e1tica de UCLM"},"image":{"@id":"https:\/\/esi.uclm.es\/#\/schema\/logo\/image\/"},"sameAs":["https:\/\/www.facebook.com\/Escuela-Superior-de-Informtica-543261809027158","https:\/\/x.com\/esiuclm","https:\/\/www.instagram.com\/esiuclm\/","https:\/\/www.youtube.com\/user\/esiuclm","https:\/\/www.twitch.tv\/esiuclm","https:\/\/www.linkedin.com\/company\/12656631\/admin\/"]},{"@type":"Person","@id":"https:\/\/esi.uclm.es\/#\/schema\/person\/d9a390095e8beeca5aced92acb17a530","name":"esiuclm","image":{"@type":"ImageObject","inLanguage":"es","@id":"https:\/\/secure.gravatar.com\/avatar\/ff32e6f445454691c713484fe154c7002761ecabfa4cfa2fea57c231744892da?s=96&d=mm&r=g","url":"https:\/\/secure.gravatar.com\/avatar\/ff32e6f445454691c713484fe154c7002761ecabfa4cfa2fea57c231744892da?s=96&d=mm&r=g","contentUrl":"https:\/\/secure.gravatar.com\/avatar\/ff32e6f445454691c713484fe154c7002761ecabfa4cfa2fea57c231744892da?s=96&d=mm&r=g","caption":"esiuclm"},"sameAs":["https:\/\/esi.uclm.es"],"url":"https:\/\/esi.uclm.es\/index.php\/author\/esiadmin\/"}]}},"_links":{"self":[{"href":"https:\/\/esi.uclm.es\/index.php\/wp-json\/wp\/v2\/posts\/13591","targetHints":{"allow":["GET"]}}],"collection":[{"href":"https:\/\/esi.uclm.es\/index.php\/wp-json\/wp\/v2\/posts"}],"about":[{"href":"https:\/\/esi.uclm.es\/index.php\/wp-json\/wp\/v2\/types\/post"}],"author":[{"embeddable":true,"href":"https:\/\/esi.uclm.es\/index.php\/wp-json\/wp\/v2\/users\/1"}],"replies":[{"embeddable":true,"href":"https:\/\/esi.uclm.es\/index.php\/wp-json\/wp\/v2\/comments?post=13591"}],"version-history":[{"count":5,"href":"https:\/\/esi.uclm.es\/index.php\/wp-json\/wp\/v2\/posts\/13591\/revisions"}],"predecessor-version":[{"id":13603,"href":"https:\/\/esi.uclm.es\/index.php\/wp-json\/wp\/v2\/posts\/13591\/revisions\/13603"}],"wp:featuredmedia":[{"embeddable":true,"href":"https:\/\/esi.uclm.es\/index.php\/wp-json\/wp\/v2\/media\/13600"}],"wp:attachment":[{"href":"https:\/\/esi.uclm.es\/index.php\/wp-json\/wp\/v2\/media?parent=13591"}],"wp:term":[{"taxonomy":"category","embeddable":true,"href":"https:\/\/esi.uclm.es\/index.php\/wp-json\/wp\/v2\/categories?post=13591"},{"taxonomy":"post_tag","embeddable":true,"href":"https:\/\/esi.uclm.es\/index.php\/wp-json\/wp\/v2\/tags?post=13591"}],"curies":[{"name":"wp","href":"https:\/\/api.w.org\/{rel}","templated":true}]}}