{"id":12088,"date":"2025-09-12T11:54:23","date_gmt":"2025-09-12T11:54:23","guid":{"rendered":"https:\/\/esi.uclm.es\/?p=12088"},"modified":"2026-09-01T09:26:51","modified_gmt":"2026-09-01T09:26:51","slug":"solicitud-de-cambio-de-grupo-de-clase","status":"publish","type":"post","link":"https:\/\/esi.uclm.es\/index.php\/2025\/09\/12\/solicitud-de-cambio-de-grupo-de-clase\/","title":{"rendered":"Solicitud de cambio de grupo de clase"},"content":{"rendered":"\n<ul class=\"wp-block-list\">\n<li><strong>\u00bfQu\u00e9 causas est\u00e1n justificadas para solicitar el cambio oficial de grupo?<\/strong><\/li>\n<\/ul>\n\n\n\n<p class=\"wp-block-paragraph\">Aquellos alumnos que, mediante justificaci\u00f3n motivada (contrato de trabajo, horarios medio de transporte\u2026), necesiten estar en otro grupo distinto al asignado en la matr\u00edcula. Cualquier otra circunstancia deber\u00e1 ser analizada previamente antes de conceder el cambio de grupo.<\/p>\n\n\n\n<ul class=\"wp-block-list\">\n<li><strong>\u00bfCu\u00e1ndo y c\u00f3mo se puede solicitar el cambio oficial de grupo?<\/strong><\/li>\n<\/ul>\n\n\n\n<p class=\"wp-block-paragraph\">Al comienzo de las clases,&nbsp;<a href=\"https:\/\/forms.office.com\/pages\/responsepage.aspx?id=5rosxPRhjEmRB2qM9fAeVtCOJeA4CrxLnWQMnu2wRopUQVNZOUlUTUYyTlM5VzVZV05SMFpETlRPRi4u\">a trav\u00e9s de este formulario.<\/a><\/p>\n","protected":false},"excerpt":{"rendered":"<p>Aquellos alumnos que, mediante justificaci\u00f3n motivada (contrato de trabajo, horarios medio de transporte\u2026), necesiten estar en otro grupo distinto al asignado en la matr\u00edcula. Cualquier otra circunstancia deber\u00e1 ser analizada previamente antes de conceder el cambio de grupo. Al comienzo de las clases,&nbsp;a trav\u00e9s de [&hellip;]<\/p>\n","protected":false},"author":1,"featured_media":12089,"comment_status":"open","ping_status":"open","sticky":false,"template":"","format":"standard","meta":{"footnotes":""},"categories":[622,619],"tags":[],"class_list":["post-12088","post","type-post","status-publish","format-standard","has-post-thumbnail","hentry","category-docencia","category-general"],"yoast_head":"<!-- This site is optimized with the Yoast SEO plugin v28.4 - https:\/\/yoast.com\/product\/yoast-seo-wordpress\/ -->\n<title>Solicitud de cambio de grupo de clase - Escuela Superior de Inform\u00e1tica de UCLM<\/title>\n<meta name=\"robots\" content=\"index, follow, max-snippet:-1, max-image-preview:large, max-video-preview:-1\" \/>\n<link rel=\"canonical\" href=\"https:\/\/esi.uclm.es\/index.php\/2025\/09\/12\/solicitud-de-cambio-de-grupo-de-clase\/\" \/>\n<meta property=\"og:locale\" content=\"es_ES\" \/>\n<meta property=\"og:type\" content=\"article\" \/>\n<meta property=\"og:title\" content=\"Solicitud de cambio de grupo de clase - Escuela Superior de Inform\u00e1tica de UCLM\" \/>\n<meta property=\"og:description\" content=\"Aquellos alumnos que, mediante justificaci\u00f3n motivada (contrato de trabajo, horarios medio de transporte\u2026), necesiten estar en otro grupo distinto al asignado en la matr\u00edcula. Cualquier otra circunstancia deber\u00e1 ser analizada previamente antes de conceder el cambio de grupo. Al comienzo de las clases,&nbsp;a trav\u00e9s de [&hellip;]\" \/>\n<meta property=\"og:url\" content=\"https:\/\/esi.uclm.es\/index.php\/2025\/09\/12\/solicitud-de-cambio-de-grupo-de-clase\/\" \/>\n<meta property=\"og:site_name\" content=\"Escuela Superior de Inform\u00e1tica de UCLM\" \/>\n<meta property=\"article:publisher\" content=\"https:\/\/www.facebook.com\/Escuela-Superior-de-Informtica-543261809027158\" \/>\n<meta property=\"article:published_time\" content=\"2025-09-12T11:54:23+00:00\" \/>\n<meta property=\"article:modified_time\" content=\"2026-09-01T09:26:51+00:00\" \/>\n<meta property=\"og:image\" content=\"http:\/\/esi.uclm.es\/assets\/uploads\/2022\/09\/alumnos_aula.jpeg\" \/>\n\t<meta property=\"og:image:width\" content=\"1600\" \/>\n\t<meta property=\"og:image:height\" content=\"902\" \/>\n\t<meta property=\"og:image:type\" content=\"image\/jpeg\" \/>\n<meta name=\"author\" content=\"esiuclm\" \/>\n<meta name=\"twitter:card\" content=\"summary_large_image\" \/>\n<meta name=\"twitter:creator\" content=\"@esiuclm\" \/>\n<meta name=\"twitter:site\" content=\"@esiuclm\" \/>\n<meta name=\"twitter:label1\" content=\"Escrito por\" \/>\n\t<meta name=\"twitter:data1\" content=\"esiuclm\" \/>\n\t<meta name=\"twitter:label2\" content=\"Tiempo de lectura\" \/>\n\t<meta name=\"twitter:data2\" content=\"1 minuto\" \/>\n<script type=\"application\/ld+json\" class=\"yoast-schema-graph\">{\"@context\":\"https:\\\/\\\/schema.org\",\"@graph\":[{\"@type\":\"Article\",\"@id\":\"https:\\\/\\\/esi.uclm.es\\\/index.php\\\/2025\\\/09\\\/12\\\/solicitud-de-cambio-de-grupo-de-clase\\\/#article\",\"isPartOf\":{\"@id\":\"https:\\\/\\\/esi.uclm.es\\\/index.php\\\/2025\\\/09\\\/12\\\/solicitud-de-cambio-de-grupo-de-clase\\\/\"},\"author\":{\"name\":\"esiuclm\",\"@id\":\"https:\\\/\\\/esi.uclm.es\\\/#\\\/schema\\\/person\\\/d9a390095e8beeca5aced92acb17a530\"},\"headline\":\"Solicitud de cambio de grupo de clase\",\"datePublished\":\"2025-09-12T11:54:23+00:00\",\"dateModified\":\"2026-09-01T09:26:51+00:00\",\"mainEntityOfPage\":{\"@id\":\"https:\\\/\\\/esi.uclm.es\\\/index.php\\\/2025\\\/09\\\/12\\\/solicitud-de-cambio-de-grupo-de-clase\\\/\"},\"wordCount\":84,\"commentCount\":0,\"publisher\":{\"@id\":\"https:\\\/\\\/esi.uclm.es\\\/#organization\"},\"image\":{\"@id\":\"https:\\\/\\\/esi.uclm.es\\\/index.php\\\/2025\\\/09\\\/12\\\/solicitud-de-cambio-de-grupo-de-clase\\\/#primaryimage\"},\"thumbnailUrl\":\"https:\\\/\\\/esi.uclm.es\\\/assets\\\/uploads\\\/2022\\\/09\\\/alumnos_aula.jpeg\",\"articleSection\":[\"Docencia\",\"General\"],\"inLanguage\":\"es\",\"potentialAction\":[{\"@type\":\"CommentAction\",\"name\":\"Comment\",\"target\":[\"https:\\\/\\\/esi.uclm.es\\\/index.php\\\/2025\\\/09\\\/12\\\/solicitud-de-cambio-de-grupo-de-clase\\\/#respond\"]}]},{\"@type\":\"WebPage\",\"@id\":\"https:\\\/\\\/esi.uclm.es\\\/index.php\\\/2025\\\/09\\\/12\\\/solicitud-de-cambio-de-grupo-de-clase\\\/\",\"url\":\"https:\\\/\\\/esi.uclm.es\\\/index.php\\\/2025\\\/09\\\/12\\\/solicitud-de-cambio-de-grupo-de-clase\\\/\",\"name\":\"Solicitud de cambio de grupo de clase - Escuela Superior de Inform\u00e1tica de UCLM\",\"isPartOf\":{\"@id\":\"https:\\\/\\\/esi.uclm.es\\\/#website\"},\"primaryImageOfPage\":{\"@id\":\"https:\\\/\\\/esi.uclm.es\\\/index.php\\\/2025\\\/09\\\/12\\\/solicitud-de-cambio-de-grupo-de-clase\\\/#primaryimage\"},\"image\":{\"@id\":\"https:\\\/\\\/esi.uclm.es\\\/index.php\\\/2025\\\/09\\\/12\\\/solicitud-de-cambio-de-grupo-de-clase\\\/#primaryimage\"},\"thumbnailUrl\":\"https:\\\/\\\/esi.uclm.es\\\/assets\\\/uploads\\\/2022\\\/09\\\/alumnos_aula.jpeg\",\"datePublished\":\"2025-09-12T11:54:23+00:00\",\"dateModified\":\"2026-09-01T09:26:51+00:00\",\"breadcrumb\":{\"@id\":\"https:\\\/\\\/esi.uclm.es\\\/index.php\\\/2025\\\/09\\\/12\\\/solicitud-de-cambio-de-grupo-de-clase\\\/#breadcrumb\"},\"inLanguage\":\"es\",\"potentialAction\":[{\"@type\":\"ReadAction\",\"target\":[\"https:\\\/\\\/esi.uclm.es\\\/index.php\\\/2025\\\/09\\\/12\\\/solicitud-de-cambio-de-grupo-de-clase\\\/\"]}]},{\"@type\":\"ImageObject\",\"inLanguage\":\"es\",\"@id\":\"https:\\\/\\\/esi.uclm.es\\\/index.php\\\/2025\\\/09\\\/12\\\/solicitud-de-cambio-de-grupo-de-clase\\\/#primaryimage\",\"url\":\"https:\\\/\\\/esi.uclm.es\\\/assets\\\/uploads\\\/2022\\\/09\\\/alumnos_aula.jpeg\",\"contentUrl\":\"https:\\\/\\\/esi.uclm.es\\\/assets\\\/uploads\\\/2022\\\/09\\\/alumnos_aula.jpeg\",\"width\":1600,\"height\":902,\"caption\":\"Estudiantes en el aula de la esi uclm\"},{\"@type\":\"BreadcrumbList\",\"@id\":\"https:\\\/\\\/esi.uclm.es\\\/index.php\\\/2025\\\/09\\\/12\\\/solicitud-de-cambio-de-grupo-de-clase\\\/#breadcrumb\",\"itemListElement\":[{\"@type\":\"ListItem\",\"position\":1,\"name\":\"Portada\",\"item\":\"https:\\\/\\\/esi.uclm.es\\\/\"},{\"@type\":\"ListItem\",\"position\":2,\"name\":\"Solicitud de cambio de grupo de clase\"}]},{\"@type\":\"WebSite\",\"@id\":\"https:\\\/\\\/esi.uclm.es\\\/#website\",\"url\":\"https:\\\/\\\/esi.uclm.es\\\/\",\"name\":\"Escuela Superior de Inform\u00e1tica de UCLM en Ciudad Real, Castilla-La Mancha\",\"description\":\"La Escuela Superior de Inform\u00e1tica de Ciudad Real (Castilla-La Mancha), Universidad de Castilla-La Mancha es un centro universitario que imparte el ciclo completo de Ingenier\u00eda en Inform\u00e1tica: grado, m\u00e1ster y doctorado.\",\"publisher\":{\"@id\":\"https:\\\/\\\/esi.uclm.es\\\/#organization\"},\"potentialAction\":[{\"@type\":\"SearchAction\",\"target\":{\"@type\":\"EntryPoint\",\"urlTemplate\":\"https:\\\/\\\/esi.uclm.es\\\/?s={search_term_string}\"},\"query-input\":{\"@type\":\"PropertyValueSpecification\",\"valueRequired\":true,\"valueName\":\"search_term_string\"}}],\"inLanguage\":\"es\"},{\"@type\":\"Organization\",\"@id\":\"https:\\\/\\\/esi.uclm.es\\\/#organization\",\"name\":\"Escuela Superior de Inform\u00e1tica de UCLM\",\"url\":\"https:\\\/\\\/esi.uclm.es\\\/\",\"logo\":{\"@type\":\"ImageObject\",\"inLanguage\":\"es\",\"@id\":\"https:\\\/\\\/esi.uclm.es\\\/#\\\/schema\\\/logo\\\/image\\\/\",\"url\":\"https:\\\/\\\/esi.uclm.es\\\/assets\\\/uploads\\\/2022\\\/03\\\/LogoESI_cabecera-1.png\",\"contentUrl\":\"https:\\\/\\\/esi.uclm.es\\\/assets\\\/uploads\\\/2022\\\/03\\\/LogoESI_cabecera-1.png\",\"width\":460,\"height\":184,\"caption\":\"Escuela Superior de Inform\u00e1tica de UCLM\"},\"image\":{\"@id\":\"https:\\\/\\\/esi.uclm.es\\\/#\\\/schema\\\/logo\\\/image\\\/\"},\"sameAs\":[\"https:\\\/\\\/www.facebook.com\\\/Escuela-Superior-de-Informtica-543261809027158\",\"https:\\\/\\\/x.com\\\/esiuclm\",\"https:\\\/\\\/www.instagram.com\\\/esiuclm\\\/\",\"https:\\\/\\\/www.youtube.com\\\/user\\\/esiuclm\",\"https:\\\/\\\/www.twitch.tv\\\/esiuclm\",\"https:\\\/\\\/www.linkedin.com\\\/company\\\/12656631\\\/admin\\\/\"]},{\"@type\":\"Person\",\"@id\":\"https:\\\/\\\/esi.uclm.es\\\/#\\\/schema\\\/person\\\/d9a390095e8beeca5aced92acb17a530\",\"name\":\"esiuclm\",\"image\":{\"@type\":\"ImageObject\",\"inLanguage\":\"es\",\"@id\":\"https:\\\/\\\/secure.gravatar.com\\\/avatar\\\/ff32e6f445454691c713484fe154c7002761ecabfa4cfa2fea57c231744892da?s=96&d=mm&r=g\",\"url\":\"https:\\\/\\\/secure.gravatar.com\\\/avatar\\\/ff32e6f445454691c713484fe154c7002761ecabfa4cfa2fea57c231744892da?s=96&d=mm&r=g\",\"contentUrl\":\"https:\\\/\\\/secure.gravatar.com\\\/avatar\\\/ff32e6f445454691c713484fe154c7002761ecabfa4cfa2fea57c231744892da?s=96&d=mm&r=g\",\"caption\":\"esiuclm\"},\"sameAs\":[\"https:\\\/\\\/esi.uclm.es\"],\"url\":\"https:\\\/\\\/esi.uclm.es\\\/index.php\\\/author\\\/esiadmin\\\/\"}]}<\/script>\n<!-- \/ Yoast SEO plugin. -->","yoast_head_json":{"title":"Solicitud de cambio de grupo de clase - Escuela Superior de Inform\u00e1tica de UCLM","robots":{"index":"index","follow":"follow","max-snippet":"max-snippet:-1","max-image-preview":"max-image-preview:large","max-video-preview":"max-video-preview:-1"},"canonical":"https:\/\/esi.uclm.es\/index.php\/2025\/09\/12\/solicitud-de-cambio-de-grupo-de-clase\/","og_locale":"es_ES","og_type":"article","og_title":"Solicitud de cambio de grupo de clase - Escuela Superior de Inform\u00e1tica de UCLM","og_description":"Aquellos alumnos que, mediante justificaci\u00f3n motivada (contrato de trabajo, horarios medio de transporte\u2026), necesiten estar en otro grupo distinto al asignado en la matr\u00edcula. Cualquier otra circunstancia deber\u00e1 ser analizada previamente antes de conceder el cambio de grupo. Al comienzo de las clases,&nbsp;a trav\u00e9s de [&hellip;]","og_url":"https:\/\/esi.uclm.es\/index.php\/2025\/09\/12\/solicitud-de-cambio-de-grupo-de-clase\/","og_site_name":"Escuela Superior de Inform\u00e1tica de UCLM","article_publisher":"https:\/\/www.facebook.com\/Escuela-Superior-de-Informtica-543261809027158","article_published_time":"2025-09-12T11:54:23+00:00","article_modified_time":"2026-09-01T09:26:51+00:00","og_image":[{"width":1600,"height":902,"url":"http:\/\/esi.uclm.es\/assets\/uploads\/2022\/09\/alumnos_aula.jpeg","type":"image\/jpeg"}],"author":"esiuclm","twitter_card":"summary_large_image","twitter_creator":"@esiuclm","twitter_site":"@esiuclm","twitter_misc":{"Escrito por":"esiuclm","Tiempo de lectura":"1 minuto"},"schema":{"@context":"https:\/\/schema.org","@graph":[{"@type":"Article","@id":"https:\/\/esi.uclm.es\/index.php\/2025\/09\/12\/solicitud-de-cambio-de-grupo-de-clase\/#article","isPartOf":{"@id":"https:\/\/esi.uclm.es\/index.php\/2025\/09\/12\/solicitud-de-cambio-de-grupo-de-clase\/"},"author":{"name":"esiuclm","@id":"https:\/\/esi.uclm.es\/#\/schema\/person\/d9a390095e8beeca5aced92acb17a530"},"headline":"Solicitud de cambio de grupo de clase","datePublished":"2025-09-12T11:54:23+00:00","dateModified":"2026-09-01T09:26:51+00:00","mainEntityOfPage":{"@id":"https:\/\/esi.uclm.es\/index.php\/2025\/09\/12\/solicitud-de-cambio-de-grupo-de-clase\/"},"wordCount":84,"commentCount":0,"publisher":{"@id":"https:\/\/esi.uclm.es\/#organization"},"image":{"@id":"https:\/\/esi.uclm.es\/index.php\/2025\/09\/12\/solicitud-de-cambio-de-grupo-de-clase\/#primaryimage"},"thumbnailUrl":"https:\/\/esi.uclm.es\/assets\/uploads\/2022\/09\/alumnos_aula.jpeg","articleSection":["Docencia","General"],"inLanguage":"es","potentialAction":[{"@type":"CommentAction","name":"Comment","target":["https:\/\/esi.uclm.es\/index.php\/2025\/09\/12\/solicitud-de-cambio-de-grupo-de-clase\/#respond"]}]},{"@type":"WebPage","@id":"https:\/\/esi.uclm.es\/index.php\/2025\/09\/12\/solicitud-de-cambio-de-grupo-de-clase\/","url":"https:\/\/esi.uclm.es\/index.php\/2025\/09\/12\/solicitud-de-cambio-de-grupo-de-clase\/","name":"Solicitud de cambio de grupo de clase - Escuela Superior de Inform\u00e1tica de UCLM","isPartOf":{"@id":"https:\/\/esi.uclm.es\/#website"},"primaryImageOfPage":{"@id":"https:\/\/esi.uclm.es\/index.php\/2025\/09\/12\/solicitud-de-cambio-de-grupo-de-clase\/#primaryimage"},"image":{"@id":"https:\/\/esi.uclm.es\/index.php\/2025\/09\/12\/solicitud-de-cambio-de-grupo-de-clase\/#primaryimage"},"thumbnailUrl":"https:\/\/esi.uclm.es\/assets\/uploads\/2022\/09\/alumnos_aula.jpeg","datePublished":"2025-09-12T11:54:23+00:00","dateModified":"2026-09-01T09:26:51+00:00","breadcrumb":{"@id":"https:\/\/esi.uclm.es\/index.php\/2025\/09\/12\/solicitud-de-cambio-de-grupo-de-clase\/#breadcrumb"},"inLanguage":"es","potentialAction":[{"@type":"ReadAction","target":["https:\/\/esi.uclm.es\/index.php\/2025\/09\/12\/solicitud-de-cambio-de-grupo-de-clase\/"]}]},{"@type":"ImageObject","inLanguage":"es","@id":"https:\/\/esi.uclm.es\/index.php\/2025\/09\/12\/solicitud-de-cambio-de-grupo-de-clase\/#primaryimage","url":"https:\/\/esi.uclm.es\/assets\/uploads\/2022\/09\/alumnos_aula.jpeg","contentUrl":"https:\/\/esi.uclm.es\/assets\/uploads\/2022\/09\/alumnos_aula.jpeg","width":1600,"height":902,"caption":"Estudiantes en el aula de la esi uclm"},{"@type":"BreadcrumbList","@id":"https:\/\/esi.uclm.es\/index.php\/2025\/09\/12\/solicitud-de-cambio-de-grupo-de-clase\/#breadcrumb","itemListElement":[{"@type":"ListItem","position":1,"name":"Portada","item":"https:\/\/esi.uclm.es\/"},{"@type":"ListItem","position":2,"name":"Solicitud de cambio de grupo de clase"}]},{"@type":"WebSite","@id":"https:\/\/esi.uclm.es\/#website","url":"https:\/\/esi.uclm.es\/","name":"Escuela Superior de Inform\u00e1tica de UCLM en Ciudad Real, Castilla-La Mancha","description":"La Escuela Superior de Inform\u00e1tica de Ciudad Real (Castilla-La Mancha), Universidad de Castilla-La Mancha es un centro universitario que imparte el ciclo completo de Ingenier\u00eda en Inform\u00e1tica: grado, m\u00e1ster y doctorado.","publisher":{"@id":"https:\/\/esi.uclm.es\/#organization"},"potentialAction":[{"@type":"SearchAction","target":{"@type":"EntryPoint","urlTemplate":"https:\/\/esi.uclm.es\/?s={search_term_string}"},"query-input":{"@type":"PropertyValueSpecification","valueRequired":true,"valueName":"search_term_string"}}],"inLanguage":"es"},{"@type":"Organization","@id":"https:\/\/esi.uclm.es\/#organization","name":"Escuela Superior de Inform\u00e1tica de UCLM","url":"https:\/\/esi.uclm.es\/","logo":{"@type":"ImageObject","inLanguage":"es","@id":"https:\/\/esi.uclm.es\/#\/schema\/logo\/image\/","url":"https:\/\/esi.uclm.es\/assets\/uploads\/2022\/03\/LogoESI_cabecera-1.png","contentUrl":"https:\/\/esi.uclm.es\/assets\/uploads\/2022\/03\/LogoESI_cabecera-1.png","width":460,"height":184,"caption":"Escuela Superior de Inform\u00e1tica de UCLM"},"image":{"@id":"https:\/\/esi.uclm.es\/#\/schema\/logo\/image\/"},"sameAs":["https:\/\/www.facebook.com\/Escuela-Superior-de-Informtica-543261809027158","https:\/\/x.com\/esiuclm","https:\/\/www.instagram.com\/esiuclm\/","https:\/\/www.youtube.com\/user\/esiuclm","https:\/\/www.twitch.tv\/esiuclm","https:\/\/www.linkedin.com\/company\/12656631\/admin\/"]},{"@type":"Person","@id":"https:\/\/esi.uclm.es\/#\/schema\/person\/d9a390095e8beeca5aced92acb17a530","name":"esiuclm","image":{"@type":"ImageObject","inLanguage":"es","@id":"https:\/\/secure.gravatar.com\/avatar\/ff32e6f445454691c713484fe154c7002761ecabfa4cfa2fea57c231744892da?s=96&d=mm&r=g","url":"https:\/\/secure.gravatar.com\/avatar\/ff32e6f445454691c713484fe154c7002761ecabfa4cfa2fea57c231744892da?s=96&d=mm&r=g","contentUrl":"https:\/\/secure.gravatar.com\/avatar\/ff32e6f445454691c713484fe154c7002761ecabfa4cfa2fea57c231744892da?s=96&d=mm&r=g","caption":"esiuclm"},"sameAs":["https:\/\/esi.uclm.es"],"url":"https:\/\/esi.uclm.es\/index.php\/author\/esiadmin\/"}]}},"_links":{"self":[{"href":"https:\/\/esi.uclm.es\/index.php\/wp-json\/wp\/v2\/posts\/12088","targetHints":{"allow":["GET"]}}],"collection":[{"href":"https:\/\/esi.uclm.es\/index.php\/wp-json\/wp\/v2\/posts"}],"about":[{"href":"https:\/\/esi.uclm.es\/index.php\/wp-json\/wp\/v2\/types\/post"}],"author":[{"embeddable":true,"href":"https:\/\/esi.uclm.es\/index.php\/wp-json\/wp\/v2\/users\/1"}],"replies":[{"embeddable":true,"href":"https:\/\/esi.uclm.es\/index.php\/wp-json\/wp\/v2\/comments?post=12088"}],"version-history":[{"count":7,"href":"https:\/\/esi.uclm.es\/index.php\/wp-json\/wp\/v2\/posts\/12088\/revisions"}],"predecessor-version":[{"id":23628,"href":"https:\/\/esi.uclm.es\/index.php\/wp-json\/wp\/v2\/posts\/12088\/revisions\/23628"}],"wp:featuredmedia":[{"embeddable":true,"href":"https:\/\/esi.uclm.es\/index.php\/wp-json\/wp\/v2\/media\/12089"}],"wp:attachment":[{"href":"https:\/\/esi.uclm.es\/index.php\/wp-json\/wp\/v2\/media?parent=12088"}],"wp:term":[{"taxonomy":"category","embeddable":true,"href":"https:\/\/esi.uclm.es\/index.php\/wp-json\/wp\/v2\/categories?post=12088"},{"taxonomy":"post_tag","embeddable":true,"href":"https:\/\/esi.uclm.es\/index.php\/wp-json\/wp\/v2\/tags?post=12088"}],"curies":[{"name":"wp","href":"https:\/\/api.w.org\/{rel}","templated":true}]}}